
{"id":99900,"date":"2024-02-17T15:16:05","date_gmt":"2024-02-17T14:16:05","guid":{"rendered":"\/updated\/?p=99900"},"modified":"2024-02-20T17:16:03","modified_gmt":"2024-02-20T16:16:03","slug":"iphone-so-schont-optimiertes-laden-den-akku","status":"publish","type":"post","link":"https:\/\/www.otto.de\/updated\/iphone-so-schont-optimiertes-laden-den-akku-99900\/","title":{"rendered":"iPho\u00adne: So schont opti\u00admier\u00adtes Laden den&nbsp;Akku"},"content":{"rendered":"<div class=\"wpb-content-wrapper\"><div class=\"vc_row wpb_row vc_row-fluid\"><div class=\"wpb_column vc_column_container vc_col-sm-12\"><div class=\"vc_column-inner\"><div class=\"wpb_wrapper\">\n\t<div class=\"wpb_text_column wpb_content_element\">\n\t\t<div class=\"wpb_wrapper\">\n\t\t\t<p>Bereits mit iOS 13 f\u00fchr\u00adte Apple 2019 opti\u00admier\u00adtes Laden auf iPho\u00adnes ein. Vier Jah\u00adre sp\u00e4\u00adter folg\u00adte mit iOS 17 eine zus\u00e4tz\u00adli\u00adche Funk\u00adti\u00adon, die den Akku noch scho\u00adnen\u00adder auf\u00adla\u00adden und somit sei\u00adne Lebens\u00addau\u00ader ver\u00adl\u00e4n\u00adgern soll. Ein\u00adzi\u00adger Haken an dem neu\u00aden 80-Pro\u00adzent-Limit: Es ist der\u00adzeit nur auf der iPho\u00adne-15-Gene\u00adra\u00adti\u00adon eine Opti\u00adon. Was genau sich hin\u00adter opti\u00admier\u00adtem Laden und dem 80-Pro\u00adzent-Limit ver\u00adbirgt und wie du die Funk\u00adtio\u00adnen auf dei\u00adnem iPho\u00adne nutzt, erf\u00e4hrst du&nbsp;hier.<\/p>\n\n\t\t<\/div>\n\t<\/div>\n<\/div><\/div><\/div><\/div><div class=\"vc_row wpb_row vc_row-fluid\"><div class=\"wpb_column vc_column_container vc_col-sm-12\"><div class=\"vc_column-inner\"><div class=\"wpb_wrapper\"><nav class=\"toc\"><h2 class=\"toc--headline\">Das erfahrt ihr gleich<\/h2><ul class=\"toc--links\"><li><a href=\"#iphone-akku-ladezyklen-entscheiden-ueber-lebensdauer\">iPho\u00adne-Akku: Lade\u00adzy\u00adklen ent\u00adschei\u00adden \u00fcber Lebensdauer<\/a><\/li><li><a href=\"#optimiertes-laden-fuer-langanhaltende-batteriegesundheit\">Opti\u00admier\u00adtes Laden f\u00fcr lang\u00adan\u00adhal\u00adten\u00adde Batteriegesundheit<\/a><\/li><li><a href=\"#exklusiv-ab-dem-iphone-15-80-prozent-limit\">Exklu\u00adsiv ab dem iPho\u00adne 15: 80-Prozent-Limit<\/a><\/li><\/ul><\/nav><\/div><\/div><\/div><\/div><div class=\"vc_row wpb_row vc_row-fluid\"><div class=\"wpb_column vc_column_container vc_col-sm-12\"><div class=\"vc_column-inner\"><div class=\"wpb_wrapper\"><div class=\"headline toc--item\"><a name=\"iphone-akku-ladezyklen-entscheiden-ueber-lebensdauer\"><\/a><h2>iPho\u00adne-Akku: Lade\u00adzy\u00adklen ent\u00adschei\u00adden \u00fcber Lebensdauer<\/h2><\/div>\n\t<div class=\"wpb_text_column wpb_content_element\">\n\t\t<div class=\"wpb_wrapper\">\n\t\t\t<p>iPho\u00adnes sind erstaun\u00adlich wider\u00adstands\u00adf\u00e4\u00adhig. Wenn du vor\u00adsich\u00adtig damit umgehst, beglei\u00adtet dich das Apple-Smart\u00adphone \u2013 auch dank lan\u00adger OS-Updates \u2013 \u00fcber meh\u00adre\u00adre Jah\u00adre pro\u00adblem\u00adlos. Aber selbst bei umsich\u00adtigs\u00adtem Umgang setzt bei jedem iPho\u00adne irgend\u00adwann die Alters\u00adschw\u00e4\u00adche ein. Hielt das Ger\u00e4t anfangs ein bis zwei Tage bei nor\u00adma\u00adler Nut\u00adzung, ohne auch nur in die N\u00e4he des Strom\u00adspar\u00admo\u00addus zu kom\u00admen, lie\u00adgen nach ein paar Jah\u00adren viel\u00adleicht nur noch weni\u00adge Stun\u00adden zwi\u00adschen den Stopps an der Steck\u00addo\u00adse. Wie genau es um den Zustand der Bat\u00adte\u00adrie in dei\u00adnem iPho\u00adne bestellt ist, kannst du zum Gl\u00fcck selbst \u00fcberpr\u00fcfen.<\/p>\n<p>\u00d6ff\u00adne daf\u00fcr die \u201e<span style=\"color: #00ccff\"><em>Ein\u00adstel\u00adlun\u00adgen<\/em><\/span>\u201c-App, tip\u00adpe dann auf \u201e<span style=\"color: #00ccff\"><em>Bat\u00adte\u00adrie<\/em><\/span>\u201c und zuletzt auf \u201e<span style=\"color: #00ccff\"><em>Bat\u00adte\u00adrie\u00adzu\u00adstand &amp; Lade\u00advor\u00adgang<\/em><\/span>\u201c. Dort fin\u00addest du hin\u00adter \u201eMaxi\u00adma\u00adle Kapa\u00adzi\u00adt\u00e4t\u201c einen Pro\u00adzent\u00adwert zur noch vor\u00adhan\u00adde\u00adnen Bat\u00adte\u00adrie\u00adleis\u00adtung im Ver\u00adgleich zum Neu\u00adzu\u00adstand. Eine gerin\u00adge\u00adre Kapa\u00adzi\u00adt\u00e4t als 100 Pro\u00adzent bedeu\u00adtet k\u00fcr\u00adze Abst\u00e4n\u00adde zwi\u00adschen den Lade\u00adzy\u00adklen. Dar\u00adaus folgt: Umso wei\u00adter die maxi\u00adma\u00adle Kapa\u00adzi\u00adt\u00e4t der iPho\u00adne-Bat\u00adte\u00adrie f\u00e4llt, des\u00adto h\u00e4u\u00adfi\u00adger muss sie auf\u00adge\u00adla\u00adden wer\u00adden. Zur gro\u00adben Ori\u00aden\u00adtie\u00adrung: Nach 400 bis 500 voll\u00adst\u00e4n\u00addi\u00adgen Lade\u00adzy\u00adklen soll\u00adte die maxi\u00adma\u00adle Kapa\u00adzi\u00adt\u00e4t bei etwa 80 Pro\u00adzent lie\u00adgen. Sp\u00e4\u00adtes\u00adtens ab die\u00adsem Wert d\u00fcrf\u00adtest du die Alters\u00adschw\u00e4\u00adche der Bat\u00adte\u00adrie im All\u00adtag wahr\u00adneh\u00admen. Stei\u00adgern l\u00e4sst sich die gesun\u00adke\u00adne Kapa\u00adzi\u00adt\u00e4t bei Lithi\u00adum-Ionen-Akkus, wie sie in Smart\u00adphones ver\u00adbaut wer\u00adden, nicht mehr. Sofern du die schwa\u00adche Bat\u00adte\u00adrie als Ein\u00adschr\u00e4n\u00adkung emp\u00adfin\u00addest, w\u00e4re nun ein guter Zeit\u00adpunkt \u00fcber einen Akku\u00adtausch oder ein Neu\u00adge\u00adr\u00e4t nach\u00adzu\u00adden\u00adken \u2013 sp\u00e4\u00adtes\u00adtens aber nach 1.000 Ladezyklen.<\/p>\n<p>Ein Lade\u00adzy\u00adklus beschreibt eine Ladung von 0 auf 100 Pro\u00adzent. L\u00e4dst du dein iPho\u00adne zum Bei\u00adspiel zwei\u00admal am Tag auf 50 Pro\u00adzent auf, w\u00e4re das ein Lade\u00adzy\u00adklus. Als ein Lade\u00adzy\u00adklus gilt auch, wenn du dein iPho\u00adne an Tag 1 um 60 Pro\u00adzent l\u00e4dst, nutzt, und an Tag 2 um 40 Pro\u00adzent l\u00e4dst \u2013 unab\u00adh\u00e4n\u00adgig von der aktu\u00adel\u00adlen Bat\u00adte\u00adrie\u00adla\u00addung. Unter \u201e<span style=\"color: #00ccff\"><em>Ein\u00adstel\u00adlun\u00adgen<\/em><\/span>\u201c &gt; \u201e<span style=\"color: #00ccff\"><em>Bat\u00adte\u00adrie<\/em><\/span>\u201c zeigt dir dein iPho\u00adne \u00fcbri\u00adgens an, wann du es zuletzt gela\u00adden hast und auf wie viel Pro\u00adzent. Die Lis\u00adte dar\u00adun\u00adter ent\u00adh\u00e4lt detail\u00adlier\u00adte Infor\u00adma\u00adtio\u00adnen unter ande\u00adrem zum Bat\u00adte\u00adrie\u00adsta\u00adtus \u2013 wahl\u00adwei\u00adse der ver\u00adgan\u00adge\u00adnen 24 Stun\u00adden oder zehn Tage \u2013 und zum Ener\u00adgie\u00adver\u00adbrauch ein\u00adzel\u00adner&nbsp;Apps.<\/p>\n\n\t\t<\/div>\n\t<\/div>\n<\/div><\/div><\/div><\/div><div class=\"vc_row wpb_row vc_row-fluid\"><div class=\"wpb_column vc_column_container vc_col-sm-12\"><div class=\"vc_column-inner\"><div class=\"wpb_wrapper\">  <div class=\"slick-gallery-wrapper gallery-no-padding\" data-number-of-slides=\"1\">\n    <div class=\"slick-gallery should-lightbox \" id=\"slick_gallery_pIIVEfh1xGaOflIWvOC3\">\n              <figure>\n  <div class=\"img-small-container\">\n    <div class=\"img-small-hover-background\"><\/div>\n    <picture>\n                                <source srcset=\"https:\/\/www.otto.de\/updated\/app\/uploads-webp\/uploads\/2024\/01\/Ladeoptimierung_IPhone_15_003_cms-1080x615.jpg.webp\" media=\"(max-width: 360px) and (-webkit-min-device-pixel-ratio: 2.5)\" type=\"image\/webp\">\n                  <source srcset=\"https:\/\/www.otto.de\/updated\/app\/uploads\/2024\/01\/Ladeoptimierung_IPhone_15_003_cms-1080x615.jpg\" media=\"(max-width: 360px) and (-webkit-min-device-pixel-ratio: 2.5)\">\n                  <source srcset=\"https:\/\/www.otto.de\/updated\/app\/uploads-webp\/uploads\/2024\/01\/Ladeoptimierung_IPhone_15_003_cms-720x410.jpg.webp\" media=\"(max-width: 360px) and (-webkit-min-device-pixel-ratio: 1.5)\" type=\"image\/webp\">\n                  <source srcset=\"https:\/\/www.otto.de\/updated\/app\/uploads\/2024\/01\/Ladeoptimierung_IPhone_15_003_cms-720x410.jpg\" media=\"(max-width: 360px) and (-webkit-min-device-pixel-ratio: 1.5)\">\n                  <source srcset=\"https:\/\/www.otto.de\/updated\/app\/uploads-webp\/uploads\/2024\/01\/Ladeoptimierung_IPhone_15_003_cms-360x205.jpg.webp\" media=\"(max-width: 360px)\" type=\"image\/webp\">\n                  <source srcset=\"https:\/\/www.otto.de\/updated\/app\/uploads\/2024\/01\/Ladeoptimierung_IPhone_15_003_cms-360x205.jpg\" media=\"(max-width: 360px)\">\n                    <source srcset=\"https:\/\/www.otto.de\/updated\/app\/uploads-webp\/uploads\/2024\/01\/Ladeoptimierung_IPhone_15_003_cms-1680x945.jpg.webp\" media=\"(max-width: 560px) and (-webkit-min-device-pixel-ratio: 2.5)\" type=\"image\/webp\">\n                  <source srcset=\"https:\/\/www.otto.de\/updated\/app\/uploads\/2024\/01\/Ladeoptimierung_IPhone_15_003_cms-1680x945.jpg\" media=\"(max-width: 560px) and (-webkit-min-device-pixel-ratio: 2.5)\">\n                  <source srcset=\"https:\/\/www.otto.de\/updated\/app\/uploads-webp\/uploads\/2024\/01\/Ladeoptimierung_IPhone_15_003_cms-1120x630.jpg.webp\" media=\"(max-width: 560px) and (-webkit-min-device-pixel-ratio: 1.5)\" type=\"image\/webp\">\n                  <source srcset=\"https:\/\/www.otto.de\/updated\/app\/uploads\/2024\/01\/Ladeoptimierung_IPhone_15_003_cms-1120x630.jpg\" media=\"(max-width: 560px) and (-webkit-min-device-pixel-ratio: 1.5)\">\n                  <source srcset=\"https:\/\/www.otto.de\/updated\/app\/uploads-webp\/uploads\/2024\/01\/Ladeoptimierung_IPhone_15_003_cms-560x315.jpg.webp\" media=\"(max-width: 560px)\" type=\"image\/webp\">\n                  <source srcset=\"https:\/\/www.otto.de\/updated\/app\/uploads\/2024\/01\/Ladeoptimierung_IPhone_15_003_cms-560x315.jpg\" media=\"(max-width: 560px)\">\n                    <source srcset=\"https:\/\/www.otto.de\/updated\/app\/uploads-webp\/uploads\/2024\/01\/Ladeoptimierung_IPhone_15_003_cms-2304x1296.jpg.webp\" media=\"(max-width: 767px) and (-webkit-min-device-pixel-ratio: 2.5)\" type=\"image\/webp\">\n                  <source srcset=\"https:\/\/www.otto.de\/updated\/app\/uploads\/2024\/01\/Ladeoptimierung_IPhone_15_003_cms-2304x1296.jpg\" media=\"(max-width: 767px) and (-webkit-min-device-pixel-ratio: 2.5)\">\n                  <source srcset=\"https:\/\/www.otto.de\/updated\/app\/uploads-webp\/uploads\/2024\/01\/Ladeoptimierung_IPhone_15_003_cms-1536x864.jpg.webp\" media=\"(max-width: 767px) and (-webkit-min-device-pixel-ratio: 1.5)\" type=\"image\/webp\">\n                  <source srcset=\"https:\/\/www.otto.de\/updated\/app\/uploads\/2024\/01\/Ladeoptimierung_IPhone_15_003_cms-1536x864.jpg\" media=\"(max-width: 767px) and (-webkit-min-device-pixel-ratio: 1.5)\">\n                  <source srcset=\"https:\/\/www.otto.de\/updated\/app\/uploads-webp\/uploads\/2024\/01\/Ladeoptimierung_IPhone_15_003_cms-768x432.jpg.webp\" media=\"(max-width: 767px)\" type=\"image\/webp\">\n                  <source srcset=\"https:\/\/www.otto.de\/updated\/app\/uploads\/2024\/01\/Ladeoptimierung_IPhone_15_003_cms-768x432.jpg\" media=\"(max-width: 767px)\">\n                    <source srcset=\"https:\/\/www.otto.de\/updated\/app\/uploads-webp\/uploads\/2024\/01\/Ladeoptimierung_IPhone_15_003_cms-1680x945.jpg.webp\" media=\"(max-width: 991px) and (-webkit-min-device-pixel-ratio: 2.5)\" type=\"image\/webp\">\n                  <source srcset=\"https:\/\/www.otto.de\/updated\/app\/uploads\/2024\/01\/Ladeoptimierung_IPhone_15_003_cms-1680x945.jpg\" media=\"(max-width: 991px) and (-webkit-min-device-pixel-ratio: 2.5)\">\n                  <source srcset=\"https:\/\/www.otto.de\/updated\/app\/uploads-webp\/uploads\/2024\/01\/Ladeoptimierung_IPhone_15_003_cms-1120x630.jpg.webp\" media=\"(max-width: 991px) and (-webkit-min-device-pixel-ratio: 1.5)\" type=\"image\/webp\">\n                  <source srcset=\"https:\/\/www.otto.de\/updated\/app\/uploads\/2024\/01\/Ladeoptimierung_IPhone_15_003_cms-1120x630.jpg\" media=\"(max-width: 991px) and (-webkit-min-device-pixel-ratio: 1.5)\">\n                  <source srcset=\"https:\/\/www.otto.de\/updated\/app\/uploads-webp\/uploads\/2024\/01\/Ladeoptimierung_IPhone_15_003_cms-560x315.jpg.webp\" media=\"(max-width: 991px)\" type=\"image\/webp\">\n                  <source srcset=\"https:\/\/www.otto.de\/updated\/app\/uploads\/2024\/01\/Ladeoptimierung_IPhone_15_003_cms-560x315.jpg\" media=\"(max-width: 991px)\">\n        <source srcset=\"https:\/\/www.otto.de\/updated\/app\/uploads-webp\/uploads\/2024\/01\/Ladeoptimierung_IPhone_15_003_cms-2304x1296.jpg.webp\" media=\"(-webkit-min-device-pixel-ratio: 2.5)\" type=\"image\/webp\">\n  <source srcset=\"https:\/\/www.otto.de\/updated\/app\/uploads\/2024\/01\/Ladeoptimierung_IPhone_15_003_cms-2304x1296.jpg\" media=\"(-webkit-min-device-pixel-ratio: 2.5)\">\n  <source srcset=\"https:\/\/www.otto.de\/updated\/app\/uploads-webp\/uploads\/2024\/01\/Ladeoptimierung_IPhone_15_003_cms-1536x864.jpg.webp\" media=\"(-webkit-min-device-pixel-ratio: 1.5)\" type=\"image\/webp\">\n  <source srcset=\"https:\/\/www.otto.de\/updated\/app\/uploads\/2024\/01\/Ladeoptimierung_IPhone_15_003_cms-1536x864.jpg\" media=\"(-webkit-min-device-pixel-ratio: 1.5)\">\n  <source srcset=\"https:\/\/www.otto.de\/updated\/app\/uploads-webp\/uploads\/2024\/01\/Ladeoptimierung_IPhone_15_003_cms-768x432.jpg.webp\" type=\"image\/webp\">\n  <img loading=\"lazy\" decoding=\"async\" src=\"https:\/\/www.otto.de\/updated\/app\/uploads\/2024\/01\/Ladeoptimierung_IPhone_15_003_cms-768x432.jpg\" width=\"768\" height=\"432\" title alt=\"Blick auf die Anzeige des Batteriezustandes bei einem iPhone.\" class=\"img-responsive img-small\" data-copyright=\"\u00a9 2024 UPDATED\" data-post-excerpt=\"Den Batteriezustand von deinem iPhone kannst du jederzeit in den Einstellungen \u00fcberpr\u00fcfen.\" data-light-value=\"light\" data-zoom-width=\"2560\" data-zoom-height=\"1707\" data-zoom-src=\"https:\/\/www.otto.de\/updated\/app\/uploads\/2024\/01\/Ladeoptimierung_IPhone_15_003_cms.jpg\">\n                    <div class=\"caption light\">\n          <small>\n            \u00a9 2024 UPDATED&nbsp;<\/small>\n        <\/div>\n          <\/picture>\n  <\/div>\n      <figcaption class=\"post-excerpt\">\n      Den Bat\u00adte\u00adrie\u00adzu\u00adstand von dei\u00adnem iPho\u00adne kannst du jeder\u00adzeit in den Ein\u00adstel\u00adlun\u00adgen \u00fcberpr\u00fcfen.&nbsp;<\/figcaption>\n  <\/figure>\n          <\/div>\n    <div class=\"progress-bars\"><\/div>\n    <div class=\"zoom-icon-wrapper\">\n      <div class=\"zoom-icon\"><\/div>\n    <\/div>\n  <\/div>\n<\/div><\/div><\/div><\/div><div class=\"vc_row wpb_row vc_row-fluid\"><div class=\"wpb_column vc_column_container vc_col-sm-12\"><div class=\"vc_column-inner\"><div class=\"wpb_wrapper\"><div class=\"headline\"><a name=\"ladezyklus-am-iphone-auslesen\"><\/a><h3>Lade\u00adzy\u00adklus am iPho\u00adne auslesen<\/h3><\/div>\n\t<div class=\"wpb_text_column wpb_content_element\">\n\t\t<div class=\"wpb_wrapper\">\n\t\t\t<p>Hin\u00adweis: Fol\u00adgen\u00adde Hil\u00adfe\u00adstel\u00adlung zum Erfas\u00adsen der Lade\u00adzy\u00adklen ist nur bis ein\u00adschlie\u00df\u00adlich iPho\u00adne 14 rele\u00advant. Seit dem iPho\u00adne 15 zeigt iOS die Anzahl der Lade\u00adzy\u00adklen direkt in den Ein\u00adstel\u00adlun\u00adgen an \u2013 sie\u00adhe unten bei \u201eSo erf\u00e4hrst du die Anzahl der Lade\u00adzy\u00adklen beim iPho\u00adne&nbsp;15\u201c.<\/p>\n<p>Wie vie\u00adle Lade\u00adzy\u00adklen dein iPho\u00adne-Akku bereits durch\u00adlau\u00adfen hat, kannst du eben\u00adfalls aus\u00adle\u00adsen. Aller\u00addings ist der Weg zu die\u00adsen Daten kom\u00adpli\u00adzier\u00adter. Zun\u00e4chst ist daf\u00fcr erfor\u00adder\u00adlich, dass das Tei\u00adlen der iPho\u00adne-Ana\u00adly\u00adse akti\u00adviert ist. \u00dcber\u00adpr\u00fc\u00adfen und ein\u00adschal\u00adten kannst du die\u00adse in den \u201e<span style=\"color: #00ccff\"><em>Ein\u00adstel\u00adlun\u00adgen<\/em><\/span>\u201c &gt; \u201e<span style=\"color: #00ccff\"><em>Daten\u00adschutz &amp; Sicher\u00adheit<\/em><\/span>\u201c &gt; \u201e<span style=\"color: #00ccff\"><em>Ana\u00adly\u00adse &amp; Ver\u00adbes\u00adse\u00adrun\u00adgen<\/em><\/span>\u201c. Leuch\u00adtet dort der Schal\u00adter bei \u201e<span style=\"color: #00ccff\"><em>iPho\u00adne-Ana\u00adly\u00adse tei\u00adlen<\/em><\/span>\u201c bereits gr\u00fcn, kannst du direkt mit nach\u00adfol\u00adgen\u00adder Anlei\u00adtung den aktu\u00adel\u00adlen Stand der Lade\u00adzy\u00adklen \u00fcber\u00adpr\u00fc\u00adfen. Hast du \u201eiPho\u00adne-Ana\u00adly\u00adse tei\u00adlen\u201c soeben erst ein\u00adge\u00adschal\u00adtet, dau\u00adert es 24 Stun\u00adden, bis du die Ana\u00adly\u00adse\u00adda\u00adten und damit die Lade\u00adzy\u00adklen abru\u00adfen kannst.<\/p>\n<p><strong>So erf\u00e4hrst du die Anzahl der Ladezyklen<\/strong><\/p>\n<ol>\n<li>\u00d6ff\u00adne die \u201e<span style=\"color: #00ccff\"><em>Ein\u00adstel\u00adlun\u00adgen<\/em><\/span>\u201c auf dei\u00adnem iPhone.<\/li>\n<li>Wech\u00adsel zu \u201e<span style=\"color: #00ccff\"><em>Daten\u00adschutz &amp; Sicher\u00adheit<\/em><\/span>\u201c &gt; \u201e<span style=\"color: #00ccff\"><em>Ana\u00adly\u00adse &amp; Ver\u00adbes\u00adse\u00adrun\u00adgen<\/em><\/span>\u201c.<\/li>\n<li>Tip\u00adpe dort auf \u201e<span style=\"color: #00ccff\"><em>Ana\u00adly\u00adse\u00adda\u00adten<\/em><\/span>\u201c.<\/li>\n<li>Suche in der alpha\u00adbe\u00adti\u00adschen Lis\u00adte nach dem Ein\u00adtrag \u201e<span style=\"color: #00ccff\"><em>Ana\u00adly\u00adtics-XXXX-XX-XX<\/em><\/span>\u201c. Die acht \u201eX\u201c ste\u00adhen f\u00fcr ein Datum. In der Lis\u00adte d\u00fcrf\u00adtest du meh\u00adre\u00adre \u201eAnalytics\u201c-Eintr\u00e4ge fin\u00adden. Hal\u00adte nach dem mit dem tages\u00adak\u00adtu\u00adel\u00adlen Datum Aus\u00adschau. Tip\u00adpe die\u00adses&nbsp;an.<\/li>\n<li>Die lan\u00adge Lis\u00adte an Daten\u00adaus\u00adwer\u00adtung schickst du dir per Mail \u00fcber das Sen\u00adden-Sym\u00adbol oben rechts an einen PC oder Mac. Die Datei kann rund 20 Mega\u00adbyte gro\u00df&nbsp;sein.<\/li>\n<li>Sobald du ver\u00adsuchst, die Ana\u00adly\u00adtics-Datei auf dei\u00adnem Rech\u00adner zu \u00f6ff\u00adnen, wird die\u00adser ver\u00admut\u00adlich nichts damit anfan\u00adgen k\u00f6n\u00adnen. Nut\u00adze, um sie den\u00adnoch zu \u00f6ff\u00adnen, ein Text\u00adbe\u00adar\u00adbei\u00adtungs\u00adpro\u00adgramm wie zum Bei\u00adspiel Word. Das Pro\u00adgramm wird eine Wei\u00adle brau\u00adchen, die Ana\u00adly\u00adse zu \u00f6ff\u00adnen, da sie bis zu 5.000 Sei\u00adten lang sein&nbsp;kann.<\/li>\n<li>Nut\u00adze die Such\u00adfunk\u00adti\u00adon des Text\u00adbe\u00adar\u00adbei\u00adtungs\u00adpro\u00adgramms, um nach \u201e<span style=\"color: #00ccff\"><em>last_value_CycleCount<\/em><\/span>\u201c zu suchen.<\/li>\n<li>Von den zwei gefun\u00adde\u00adnen Ein\u00adtr\u00e4\u00adgen zeigt dir der ers\u00adte die Anzahl zur\u00fcck\u00adlie\u00adgen\u00adder Lade\u00adzy\u00adklen dei\u00adnes iPho\u00adnes&nbsp;an.<\/li>\n<\/ol>\n\n\t\t<\/div>\n\t<\/div>\n<\/div><\/div><\/div><\/div><div class=\"vc_row wpb_row vc_row-fluid\"><div class=\"wpb_column vc_column_container vc_col-sm-12\"><div class=\"vc_column-inner\"><div class=\"wpb_wrapper\">  <div class=\"slick-gallery-wrapper gallery-no-padding\" data-number-of-slides=\"1\">\n    <div class=\"slick-gallery should-lightbox \" id=\"slick_gallery_ZE4dX2Y7CROuDwEGc7od\">\n              <figure>\n  <div class=\"img-small-container\">\n    <div class=\"img-small-hover-background\"><\/div>\n    <picture>\n                                <source srcset=\"https:\/\/www.otto.de\/updated\/app\/uploads-webp\/uploads\/2024\/01\/Ladeoptimierung_IPhone_15_004_cms-1080x615.jpg.webp\" media=\"(max-width: 360px) and (-webkit-min-device-pixel-ratio: 2.5)\" type=\"image\/webp\">\n                  <source srcset=\"https:\/\/www.otto.de\/updated\/app\/uploads\/2024\/01\/Ladeoptimierung_IPhone_15_004_cms-1080x615.jpg\" media=\"(max-width: 360px) and (-webkit-min-device-pixel-ratio: 2.5)\">\n                  <source srcset=\"https:\/\/www.otto.de\/updated\/app\/uploads-webp\/uploads\/2024\/01\/Ladeoptimierung_IPhone_15_004_cms-720x410.jpg.webp\" media=\"(max-width: 360px) and (-webkit-min-device-pixel-ratio: 1.5)\" type=\"image\/webp\">\n                  <source srcset=\"https:\/\/www.otto.de\/updated\/app\/uploads\/2024\/01\/Ladeoptimierung_IPhone_15_004_cms-720x410.jpg\" media=\"(max-width: 360px) and (-webkit-min-device-pixel-ratio: 1.5)\">\n                  <source srcset=\"https:\/\/www.otto.de\/updated\/app\/uploads-webp\/uploads\/2024\/01\/Ladeoptimierung_IPhone_15_004_cms-360x205.jpg.webp\" media=\"(max-width: 360px)\" type=\"image\/webp\">\n                  <source srcset=\"https:\/\/www.otto.de\/updated\/app\/uploads\/2024\/01\/Ladeoptimierung_IPhone_15_004_cms-360x205.jpg\" media=\"(max-width: 360px)\">\n                    <source srcset=\"https:\/\/www.otto.de\/updated\/app\/uploads-webp\/uploads\/2024\/01\/Ladeoptimierung_IPhone_15_004_cms-1680x945.jpg.webp\" media=\"(max-width: 560px) and (-webkit-min-device-pixel-ratio: 2.5)\" type=\"image\/webp\">\n                  <source srcset=\"https:\/\/www.otto.de\/updated\/app\/uploads\/2024\/01\/Ladeoptimierung_IPhone_15_004_cms-1680x945.jpg\" media=\"(max-width: 560px) and (-webkit-min-device-pixel-ratio: 2.5)\">\n                  <source srcset=\"https:\/\/www.otto.de\/updated\/app\/uploads-webp\/uploads\/2024\/01\/Ladeoptimierung_IPhone_15_004_cms-1120x630.jpg.webp\" media=\"(max-width: 560px) and (-webkit-min-device-pixel-ratio: 1.5)\" type=\"image\/webp\">\n                  <source srcset=\"https:\/\/www.otto.de\/updated\/app\/uploads\/2024\/01\/Ladeoptimierung_IPhone_15_004_cms-1120x630.jpg\" media=\"(max-width: 560px) and (-webkit-min-device-pixel-ratio: 1.5)\">\n                  <source srcset=\"https:\/\/www.otto.de\/updated\/app\/uploads-webp\/uploads\/2024\/01\/Ladeoptimierung_IPhone_15_004_cms-560x315.jpg.webp\" media=\"(max-width: 560px)\" type=\"image\/webp\">\n                  <source srcset=\"https:\/\/www.otto.de\/updated\/app\/uploads\/2024\/01\/Ladeoptimierung_IPhone_15_004_cms-560x315.jpg\" media=\"(max-width: 560px)\">\n                    <source srcset=\"https:\/\/www.otto.de\/updated\/app\/uploads-webp\/uploads\/2024\/01\/Ladeoptimierung_IPhone_15_004_cms-2304x1296.jpg.webp\" media=\"(max-width: 767px) and (-webkit-min-device-pixel-ratio: 2.5)\" type=\"image\/webp\">\n                  <source srcset=\"https:\/\/www.otto.de\/updated\/app\/uploads\/2024\/01\/Ladeoptimierung_IPhone_15_004_cms-2304x1296.jpg\" media=\"(max-width: 767px) and (-webkit-min-device-pixel-ratio: 2.5)\">\n                  <source srcset=\"https:\/\/www.otto.de\/updated\/app\/uploads-webp\/uploads\/2024\/01\/Ladeoptimierung_IPhone_15_004_cms-1536x864.jpg.webp\" media=\"(max-width: 767px) and (-webkit-min-device-pixel-ratio: 1.5)\" type=\"image\/webp\">\n                  <source srcset=\"https:\/\/www.otto.de\/updated\/app\/uploads\/2024\/01\/Ladeoptimierung_IPhone_15_004_cms-1536x864.jpg\" media=\"(max-width: 767px) and (-webkit-min-device-pixel-ratio: 1.5)\">\n                  <source srcset=\"https:\/\/www.otto.de\/updated\/app\/uploads-webp\/uploads\/2024\/01\/Ladeoptimierung_IPhone_15_004_cms-768x432.jpg.webp\" media=\"(max-width: 767px)\" type=\"image\/webp\">\n                  <source srcset=\"https:\/\/www.otto.de\/updated\/app\/uploads\/2024\/01\/Ladeoptimierung_IPhone_15_004_cms-768x432.jpg\" media=\"(max-width: 767px)\">\n                    <source srcset=\"https:\/\/www.otto.de\/updated\/app\/uploads-webp\/uploads\/2024\/01\/Ladeoptimierung_IPhone_15_004_cms-1680x945.jpg.webp\" media=\"(max-width: 991px) and (-webkit-min-device-pixel-ratio: 2.5)\" type=\"image\/webp\">\n                  <source srcset=\"https:\/\/www.otto.de\/updated\/app\/uploads\/2024\/01\/Ladeoptimierung_IPhone_15_004_cms-1680x945.jpg\" media=\"(max-width: 991px) and (-webkit-min-device-pixel-ratio: 2.5)\">\n                  <source srcset=\"https:\/\/www.otto.de\/updated\/app\/uploads-webp\/uploads\/2024\/01\/Ladeoptimierung_IPhone_15_004_cms-1120x630.jpg.webp\" media=\"(max-width: 991px) and (-webkit-min-device-pixel-ratio: 1.5)\" type=\"image\/webp\">\n                  <source srcset=\"https:\/\/www.otto.de\/updated\/app\/uploads\/2024\/01\/Ladeoptimierung_IPhone_15_004_cms-1120x630.jpg\" media=\"(max-width: 991px) and (-webkit-min-device-pixel-ratio: 1.5)\">\n                  <source srcset=\"https:\/\/www.otto.de\/updated\/app\/uploads-webp\/uploads\/2024\/01\/Ladeoptimierung_IPhone_15_004_cms-560x315.jpg.webp\" media=\"(max-width: 991px)\" type=\"image\/webp\">\n                  <source srcset=\"https:\/\/www.otto.de\/updated\/app\/uploads\/2024\/01\/Ladeoptimierung_IPhone_15_004_cms-560x315.jpg\" media=\"(max-width: 991px)\">\n        <source srcset=\"https:\/\/www.otto.de\/updated\/app\/uploads-webp\/uploads\/2024\/01\/Ladeoptimierung_IPhone_15_004_cms-2304x1296.jpg.webp\" media=\"(-webkit-min-device-pixel-ratio: 2.5)\" type=\"image\/webp\">\n  <source srcset=\"https:\/\/www.otto.de\/updated\/app\/uploads\/2024\/01\/Ladeoptimierung_IPhone_15_004_cms-2304x1296.jpg\" media=\"(-webkit-min-device-pixel-ratio: 2.5)\">\n  <source srcset=\"https:\/\/www.otto.de\/updated\/app\/uploads-webp\/uploads\/2024\/01\/Ladeoptimierung_IPhone_15_004_cms-1536x864.jpg.webp\" media=\"(-webkit-min-device-pixel-ratio: 1.5)\" type=\"image\/webp\">\n  <source srcset=\"https:\/\/www.otto.de\/updated\/app\/uploads\/2024\/01\/Ladeoptimierung_IPhone_15_004_cms-1536x864.jpg\" media=\"(-webkit-min-device-pixel-ratio: 1.5)\">\n  <source srcset=\"https:\/\/www.otto.de\/updated\/app\/uploads-webp\/uploads\/2024\/01\/Ladeoptimierung_IPhone_15_004_cms-768x432.jpg.webp\" type=\"image\/webp\">\n  <img loading=\"lazy\" decoding=\"async\" src=\"https:\/\/www.otto.de\/updated\/app\/uploads\/2024\/01\/Ladeoptimierung_IPhone_15_004_cms-768x432.jpg\" width=\"768\" height=\"432\" title alt=\"Ein nagelneues iPhone liegt auf einem Tisch. Auf dem Bildschirm sind null Ladezyklen zu sehen.\" class=\"img-responsive img-small\" data-copyright=\"\u00a9 2024 UPDATED\" data-post-excerpt=\"Ein wichtiger Punkt bei der Batterielebensdauer sind die Ladezyklen. In diesem Fall ist das Ger\u00e4t brandneu und hat noch keinen.\" data-light-value=\"light\" data-zoom-width=\"2560\" data-zoom-height=\"1707\" data-zoom-src=\"https:\/\/www.otto.de\/updated\/app\/uploads\/2024\/01\/Ladeoptimierung_IPhone_15_004_cms.jpg\">\n                    <div class=\"caption light\">\n          <small>\n            \u00a9 2024 UPDATED&nbsp;<\/small>\n        <\/div>\n          <\/picture>\n  <\/div>\n      <figcaption class=\"post-excerpt\">\n      Ein wich\u00adti\u00adger Punkt bei der Bat\u00adte\u00adrie\u00adle\u00adbens\u00addau\u00ader sind die Lade\u00adzy\u00adklen. In die\u00adsem Fall ist das Ger\u00e4t brand\u00adneu und hat noch keinen.&nbsp;<\/figcaption>\n  <\/figure>\n          <\/div>\n    <div class=\"progress-bars\"><\/div>\n    <div class=\"zoom-icon-wrapper\">\n      <div class=\"zoom-icon\"><\/div>\n    <\/div>\n  <\/div>\n<\/div><\/div><\/div><\/div><div class=\"vc_row wpb_row vc_row-fluid\"><div class=\"wpb_column vc_column_container vc_col-sm-12\"><div class=\"vc_column-inner\"><div class=\"wpb_wrapper\"><div class=\"headline\"><a name=\"so-erfaehrst-du-die-anzahl-der-ladezyklen-beim-iphone-15\"><\/a><h3>So erf\u00e4hrst du die Anzahl der Lade\u00adzy\u00adklen beim iPho\u00adne&nbsp;15<\/h3><\/div>\n\t<div class=\"wpb_text_column wpb_content_element\">\n\t\t<div class=\"wpb_wrapper\">\n\t\t\t<p>Apple hat das Abru\u00adfen zur\u00fcck\u00adlie\u00adgen\u00adder Lade\u00adzy\u00adklen mit dem iPho\u00adne 15 ver\u00adein\u00adfacht. Die Infor\u00adma\u00adti\u00adon fin\u00addest du zuk\u00fcnf\u00adtig direkt in den \u201e<span style=\"color: #00ccff\"><em>Ein\u00adstel\u00adlun\u00adgen<\/em><\/span>\u201c. Tip\u00adpe dort auf \u201e<span style=\"color: #00ccff\"><em>All\u00adge\u00admein<\/em><\/span>\u201c und anschlie\u00ad\u00dfend auf \u201e<span style=\"color: #00ccff\"><em>Info<\/em><\/span>\u201c. Unter \u201eBat\u00adte\u00adrie\u201c lis\u00adtet dir das Sys\u00adtem das Her\u00adstel\u00adlungs\u00adda\u00adtum des Akkus, des\u00adsen ers\u00adte Ver\u00adwen\u00addung und die Anzahl der Lade\u00adzy\u00adklen&nbsp;auf.<\/p>\n\n\t\t<\/div>\n\t<\/div>\n<div class=\"snippeteer-slider\" data-snippet=\"Updated_8111\">\n  <div class=\"slider\" id=\"slider_Updated_8111\" data-slick=\"{&quot;autoplay&quot;:false,&quot;arrows&quot;:true,&quot;dots&quot;:false,&quot;infinite&quot;:true,&quot;slidesToShow&quot;:3,&quot;slidesToScroll&quot;:1,&quot;centerMode&quot;:true,&quot;centerPadding&quot;:&quot;0px&quot;}\">\n    <div class=\"slider__slide\">\n      <div class=\"teaser-headline-block\">\n        <div class=\"teaser-headline\">\n          Pas\u00adsend&nbsp;dazu&nbsp;<\/div>\n      <\/div>\n      <a class=\"link\" target=\"_blank\">\n        <div class=\"product-image-container\">\n          <img class=\"product-image\">\n        <\/div>\n        <div class=\"brand\"><\/div>\n        <div class=\"title\"><\/div>\n        <div class=\"price-and-button-container\">\n          <div class=\"price\">\n            <div class=\"old-price thousand-seperators\"><\/div>\n            <div class=\"current-price thousand-seperators\"><\/div>\n          <\/div>\n          <div class=\"bottom\">\n            <div class=\"call-to-action\">\n              <div class=\"button\">\n                Jetzt kaufen&nbsp;<\/div>\n            <\/div>\n          <\/div>\n        <\/div>\n      <\/a>\n    <\/div>\n  <\/div>\n<\/div>\n<\/div><\/div><\/div><\/div><div class=\"vc_row wpb_row vc_row-fluid\"><div class=\"wpb_column vc_column_container vc_col-sm-12\"><div class=\"vc_column-inner\"><div class=\"wpb_wrapper\"><div class=\"headline toc--item\"><a name=\"optimiertes-laden-fuer-langanhaltende-batteriegesundheit\"><\/a><h2>Opti\u00admier\u00adtes Laden f\u00fcr lang\u00adan\u00adhal\u00adten\u00adde Batteriegesundheit<\/h2><\/div>\n\t<div class=\"wpb_text_column wpb_content_element\">\n\t\t<div class=\"wpb_wrapper\">\n\t\t\t<p>Den Leis\u00adtungs\u00adab\u00adfall der iPho\u00adne-Bat\u00adte\u00adrie durch Ver\u00adschlei\u00df kannst du nicht ver\u00adhin\u00addern, ihn aber zumin\u00addest ver\u00adlang\u00adsa\u00admen. Daf\u00fcr hat Apple mit iOS 13 das opti\u00admier\u00adte Laden als Opti\u00adon ein\u00adge\u00adf\u00fcgt. Die Funk\u00adti\u00adon fin\u00addest du eben\u00adfalls in den \u201e<span style=\"color: #00ccff\"><em>Ein\u00adstel\u00adlun\u00adgen<\/em><\/span>\u201c unter \u201e<span style=\"color: #00ccff\"><em>Bat\u00adte\u00adrie<\/em><\/span>\u201c &gt; \u201e<span style=\"color: #00ccff\"><em>Bat\u00adte\u00adrie\u00adzu\u00adstand &amp; Lade\u00advor\u00adgang<\/em><\/span>\u201c. Legst du den Schal\u00adter hin\u00adter \u201eOpti\u00admier\u00adtes Laden der Bat\u00adte\u00adrie\u201c auf gr\u00fcn, nutzt dein iPho\u00adne maschi\u00adnel\u00adles Ler\u00adnen, um sich dei\u00adne Lade\u00adge\u00adwohn\u00adhei\u00adten ein\u00adzu\u00adpr\u00e4\u00adgen. L\u00e4dst du dein Apple-Tele\u00adfon bei\u00adspiels\u00adwei\u00adse jeden Abend auf, damit es am n\u00e4chs\u00adten Tag voll\u00adge\u00adla\u00adden ist, sorgt opti\u00admier\u00adtes Laden daf\u00fcr, dass der Akku zun\u00e4chst nur bis 80 Pro\u00adzent gela\u00adden wird. Die \u00fcbri\u00adgen 20 Pro\u00adzent fol\u00adgen erst, kurz bevor du das iPho\u00adne mor\u00adgens vom Ste\u00adcker ziehst oder vom MagSafe-Lade\u00adge\u00adr\u00e4t nimmst. Durch die\u00adsen ver\u00adz\u00f6\u00adger\u00adten Lade\u00advor\u00adgang wird die Bat\u00adte\u00adrie\u00adle\u00adbens\u00addau\u00ader ver\u00adl\u00e4n\u00adgert, weil das iPho\u00adne nur \u00fcber einen kur\u00adzen Zeit\u00adraum voll auf\u00adge\u00adla\u00adden ist \u2013 was den Akku unn\u00f6\u00adtig bean\u00adsprucht, weil er andern\u00adfalls per\u00adma\u00adnent mit Ener\u00adgie ver\u00adsorgt wird. Damit opti\u00admier\u00adtes Laden die Strom\u00adzu\u00adfuhr selbst\u00adst\u00e4n\u00addig steu\u00adern kann, bedarf es einer gewis\u00adsen Lade\u00adrou\u00adti\u00adne dei\u00adner\u00adseits, also eini\u00adger\u00adma\u00ad\u00dfen gleich\u00adblei\u00adben\u00adde Uhr\u00adzei\u00adten, zu denen das iPho\u00adne an den Strom-Kathe\u00adter ange\u00adschlos\u00adsen wird. L\u00e4dst du dein iPho\u00adne tags\u00ad\u00fcber mal f\u00fcr ein paar Minu\u00adten auf, greift opti\u00admier\u00adtes Laden folg\u00adlich&nbsp;nicht.<\/p>\n<p>Hast du opti\u00admier\u00adtes Laden ein\u00adge\u00adschal\u00adtet und ist die Funk\u00adti\u00adon gera\u00adde aktiv, blen\u00addet dir dein iPho\u00adne dies auf dem Sperr\u00adbild\u00adschirm. Die Mit\u00adtei\u00adlung ver\u00adr\u00e4t dir auch, zu wel\u00adcher Uhr\u00adzeit das iPho\u00adne fer\u00adtig gela\u00adden sein wird. Ben\u00f6\u00adtigst du dein iPho\u00adne vor\u00adab, kannst du die Mit\u00adtei\u00adlung gedr\u00fcckt hal\u00adten und \u00fcber \u201e<span style=\"color: #00ccff\"><em>Jetzt auf\u00adla\u00adden<\/em><\/span>\u201c den Lade\u00advor\u00adgang beschleunigen.<\/p>\n<p>Der Algo\u00adrith\u00admus merkt sich dei\u00adne Lade\u00adge\u00adwohn\u00adhei\u00adten an bekann\u00adten Orten, wie etwa dei\u00adnem Zuhau\u00adse oder dei\u00adnem Arbeits\u00adplatz. Daf\u00fcr ben\u00f6\u00adtigt die Funk\u00adti\u00adon Zugriff auf dei\u00adnen Stand\u00adort \u00fcber die Ortungs\u00addiens\u00adte. Akti\u00advie\u00adre hier\u00adf\u00fcr die \u201eOrtungs\u00addiens\u00adte\u201c in den \u201e<span style=\"color: #00ccff\"><em>Ein\u00adstel\u00adlun\u00adgen<\/em><\/span>\u201c &gt; \u201e<span style=\"color: #00ccff\"><em>Daten\u00adschutz &amp; Sicher\u00adheit<\/em><\/span>\u201c &gt; \u201e<span style=\"color: #00ccff\"><em>Ortungs\u00addiens\u00adte<\/em><\/span>\u201c. Und zus\u00e4tz\u00adlich eben\u00adfalls unter \u201e<span style=\"color: #00ccff\"><em>Ortungs\u00addiens\u00adte<\/em><\/span>\u201c &gt; \u201e<span style=\"color: #00ccff\"><em>Sys\u00adtem\u00addiens\u00adte<\/em><\/span>\u201c die \u201e<span style=\"color: #00ccff\"><em>Sys\u00adtem\u00adan\u00adpas\u00adsung<\/em><\/span>\u201c und \u201e<span style=\"color: #00ccff\"><em>Wich\u00adti\u00adge Orte<\/em><\/span>\u201c.<\/p>\n\n\t\t<\/div>\n\t<\/div>\n<\/div><\/div><\/div><\/div><div class=\"vc_row wpb_row vc_row-fluid\"><div class=\"wpb_column vc_column_container vc_col-sm-12\"><div class=\"vc_column-inner\"><div class=\"wpb_wrapper\"><div class=\"headline\"><a name=\"optimiertes-laden-gut-zu-wissen\"><\/a><h3>Opti\u00admier\u00adtes Laden: Gut zu wissen<\/h3><\/div>\n\t<div class=\"wpb_text_column wpb_content_element\">\n\t\t<div class=\"wpb_wrapper\">\n\t\t\t<ul>\n<li>Die Funk\u00adti\u00adon ist stan\u00addard\u00adm\u00e4\u00ad\u00dfig aktiviert.<\/li>\n<li>Dein iPho\u00adne ben\u00f6\u00adtigt rund 14 Tage, um dei\u00adne Lade\u00adge\u00adwohn\u00adhei\u00adten zu speichern.<\/li>\n<li>Dein iPho\u00adne muss inner\u00adhalb die\u00adser Zeit min\u00addes\u00adtens neun\u00admal f\u00fcr jeweils min\u00addes\u00adtens f\u00fcnf Stun\u00adden am glei\u00adchen Stand\u00adort (z.B. Zuhau\u00adse oder Arbeits\u00adplatz) auf\u00adge\u00adla\u00adden werden.<\/li>\n<\/ul>\n\n\t\t<\/div>\n\t<\/div>\n<\/div><\/div><\/div><\/div><div class=\"vc_row wpb_row vc_row-fluid\"><div class=\"wpb_column vc_column_container vc_col-sm-12\"><div class=\"vc_column-inner\"><div class=\"wpb_wrapper\">  <div class=\"slick-gallery-wrapper gallery-no-padding\" data-number-of-slides=\"1\">\n    <div class=\"slick-gallery should-lightbox \" id=\"slick_gallery_UrZQkE2CgEcFCzAtSq4c\">\n              <figure>\n  <div class=\"img-small-container\">\n    <div class=\"img-small-hover-background\"><\/div>\n    <picture>\n                                <source srcset=\"https:\/\/www.otto.de\/updated\/app\/uploads-webp\/uploads\/2024\/01\/Ladeoptimierung_IPhone_15_002_cms-1080x615.jpg.webp\" media=\"(max-width: 360px) and (-webkit-min-device-pixel-ratio: 2.5)\" type=\"image\/webp\">\n                  <source srcset=\"https:\/\/www.otto.de\/updated\/app\/uploads\/2024\/01\/Ladeoptimierung_IPhone_15_002_cms-1080x615.jpg\" media=\"(max-width: 360px) and (-webkit-min-device-pixel-ratio: 2.5)\">\n                  <source srcset=\"https:\/\/www.otto.de\/updated\/app\/uploads-webp\/uploads\/2024\/01\/Ladeoptimierung_IPhone_15_002_cms-720x410.jpg.webp\" media=\"(max-width: 360px) and (-webkit-min-device-pixel-ratio: 1.5)\" type=\"image\/webp\">\n                  <source srcset=\"https:\/\/www.otto.de\/updated\/app\/uploads\/2024\/01\/Ladeoptimierung_IPhone_15_002_cms-720x410.jpg\" media=\"(max-width: 360px) and (-webkit-min-device-pixel-ratio: 1.5)\">\n                  <source srcset=\"https:\/\/www.otto.de\/updated\/app\/uploads-webp\/uploads\/2024\/01\/Ladeoptimierung_IPhone_15_002_cms-360x205.jpg.webp\" media=\"(max-width: 360px)\" type=\"image\/webp\">\n                  <source srcset=\"https:\/\/www.otto.de\/updated\/app\/uploads\/2024\/01\/Ladeoptimierung_IPhone_15_002_cms-360x205.jpg\" media=\"(max-width: 360px)\">\n                    <source srcset=\"https:\/\/www.otto.de\/updated\/app\/uploads-webp\/uploads\/2024\/01\/Ladeoptimierung_IPhone_15_002_cms-1680x945.jpg.webp\" media=\"(max-width: 560px) and (-webkit-min-device-pixel-ratio: 2.5)\" type=\"image\/webp\">\n                  <source srcset=\"https:\/\/www.otto.de\/updated\/app\/uploads\/2024\/01\/Ladeoptimierung_IPhone_15_002_cms-1680x945.jpg\" media=\"(max-width: 560px) and (-webkit-min-device-pixel-ratio: 2.5)\">\n                  <source srcset=\"https:\/\/www.otto.de\/updated\/app\/uploads-webp\/uploads\/2024\/01\/Ladeoptimierung_IPhone_15_002_cms-1120x630.jpg.webp\" media=\"(max-width: 560px) and (-webkit-min-device-pixel-ratio: 1.5)\" type=\"image\/webp\">\n                  <source srcset=\"https:\/\/www.otto.de\/updated\/app\/uploads\/2024\/01\/Ladeoptimierung_IPhone_15_002_cms-1120x630.jpg\" media=\"(max-width: 560px) and (-webkit-min-device-pixel-ratio: 1.5)\">\n                  <source srcset=\"https:\/\/www.otto.de\/updated\/app\/uploads-webp\/uploads\/2024\/01\/Ladeoptimierung_IPhone_15_002_cms-560x315.jpg.webp\" media=\"(max-width: 560px)\" type=\"image\/webp\">\n                  <source srcset=\"https:\/\/www.otto.de\/updated\/app\/uploads\/2024\/01\/Ladeoptimierung_IPhone_15_002_cms-560x315.jpg\" media=\"(max-width: 560px)\">\n                    <source srcset=\"https:\/\/www.otto.de\/updated\/app\/uploads-webp\/uploads\/2024\/01\/Ladeoptimierung_IPhone_15_002_cms-2304x1296.jpg.webp\" media=\"(max-width: 767px) and (-webkit-min-device-pixel-ratio: 2.5)\" type=\"image\/webp\">\n                  <source srcset=\"https:\/\/www.otto.de\/updated\/app\/uploads\/2024\/01\/Ladeoptimierung_IPhone_15_002_cms-2304x1296.jpg\" media=\"(max-width: 767px) and (-webkit-min-device-pixel-ratio: 2.5)\">\n                  <source srcset=\"https:\/\/www.otto.de\/updated\/app\/uploads-webp\/uploads\/2024\/01\/Ladeoptimierung_IPhone_15_002_cms-1536x864.jpg.webp\" media=\"(max-width: 767px) and (-webkit-min-device-pixel-ratio: 1.5)\" type=\"image\/webp\">\n                  <source srcset=\"https:\/\/www.otto.de\/updated\/app\/uploads\/2024\/01\/Ladeoptimierung_IPhone_15_002_cms-1536x864.jpg\" media=\"(max-width: 767px) and (-webkit-min-device-pixel-ratio: 1.5)\">\n                  <source srcset=\"https:\/\/www.otto.de\/updated\/app\/uploads-webp\/uploads\/2024\/01\/Ladeoptimierung_IPhone_15_002_cms-768x432.jpg.webp\" media=\"(max-width: 767px)\" type=\"image\/webp\">\n                  <source srcset=\"https:\/\/www.otto.de\/updated\/app\/uploads\/2024\/01\/Ladeoptimierung_IPhone_15_002_cms-768x432.jpg\" media=\"(max-width: 767px)\">\n                    <source srcset=\"https:\/\/www.otto.de\/updated\/app\/uploads-webp\/uploads\/2024\/01\/Ladeoptimierung_IPhone_15_002_cms-1680x945.jpg.webp\" media=\"(max-width: 991px) and (-webkit-min-device-pixel-ratio: 2.5)\" type=\"image\/webp\">\n                  <source srcset=\"https:\/\/www.otto.de\/updated\/app\/uploads\/2024\/01\/Ladeoptimierung_IPhone_15_002_cms-1680x945.jpg\" media=\"(max-width: 991px) and (-webkit-min-device-pixel-ratio: 2.5)\">\n                  <source srcset=\"https:\/\/www.otto.de\/updated\/app\/uploads-webp\/uploads\/2024\/01\/Ladeoptimierung_IPhone_15_002_cms-1120x630.jpg.webp\" media=\"(max-width: 991px) and (-webkit-min-device-pixel-ratio: 1.5)\" type=\"image\/webp\">\n                  <source srcset=\"https:\/\/www.otto.de\/updated\/app\/uploads\/2024\/01\/Ladeoptimierung_IPhone_15_002_cms-1120x630.jpg\" media=\"(max-width: 991px) and (-webkit-min-device-pixel-ratio: 1.5)\">\n                  <source srcset=\"https:\/\/www.otto.de\/updated\/app\/uploads-webp\/uploads\/2024\/01\/Ladeoptimierung_IPhone_15_002_cms-560x315.jpg.webp\" media=\"(max-width: 991px)\" type=\"image\/webp\">\n                  <source srcset=\"https:\/\/www.otto.de\/updated\/app\/uploads\/2024\/01\/Ladeoptimierung_IPhone_15_002_cms-560x315.jpg\" media=\"(max-width: 991px)\">\n        <source srcset=\"https:\/\/www.otto.de\/updated\/app\/uploads-webp\/uploads\/2024\/01\/Ladeoptimierung_IPhone_15_002_cms-2304x1296.jpg.webp\" media=\"(-webkit-min-device-pixel-ratio: 2.5)\" type=\"image\/webp\">\n  <source srcset=\"https:\/\/www.otto.de\/updated\/app\/uploads\/2024\/01\/Ladeoptimierung_IPhone_15_002_cms-2304x1296.jpg\" media=\"(-webkit-min-device-pixel-ratio: 2.5)\">\n  <source srcset=\"https:\/\/www.otto.de\/updated\/app\/uploads-webp\/uploads\/2024\/01\/Ladeoptimierung_IPhone_15_002_cms-1536x864.jpg.webp\" media=\"(-webkit-min-device-pixel-ratio: 1.5)\" type=\"image\/webp\">\n  <source srcset=\"https:\/\/www.otto.de\/updated\/app\/uploads\/2024\/01\/Ladeoptimierung_IPhone_15_002_cms-1536x864.jpg\" media=\"(-webkit-min-device-pixel-ratio: 1.5)\">\n  <source srcset=\"https:\/\/www.otto.de\/updated\/app\/uploads-webp\/uploads\/2024\/01\/Ladeoptimierung_IPhone_15_002_cms-768x432.jpg.webp\" type=\"image\/webp\">\n  <img loading=\"lazy\" decoding=\"async\" src=\"https:\/\/www.otto.de\/updated\/app\/uploads\/2024\/01\/Ladeoptimierung_IPhone_15_002_cms-768x432.jpg\" width=\"768\" height=\"432\" title alt=\"Blick auf die Ladeoptimierung bei einem iPhone.\" class=\"img-responsive img-small\" data-copyright=\"\u00a9 2024 UPDATED\" data-post-excerpt=\"Im Idealfall l\u00e4sst du das iPhone immer nur bis 80 Prozent laden. Das ist besonders effizient, da sich dar\u00fcber die Ladezeit verl\u00e4ngert.\" data-light-value=\"light\" data-zoom-width=\"2560\" data-zoom-height=\"1707\" data-zoom-src=\"https:\/\/www.otto.de\/updated\/app\/uploads\/2024\/01\/Ladeoptimierung_IPhone_15_002_cms.jpg\">\n                    <div class=\"caption light\">\n          <small>\n            \u00a9 2024 UPDATED&nbsp;<\/small>\n        <\/div>\n          <\/picture>\n  <\/div>\n      <figcaption class=\"post-excerpt\">\n      Im Ide\u00adal\u00adfall l\u00e4sst du das iPho\u00adne immer nur bis 80 Pro\u00adzent laden. Das ist beson\u00adders effi\u00adzi\u00adent, da sich dar\u00ad\u00fcber die Lade\u00adzeit verl\u00e4ngert.&nbsp;<\/figcaption>\n  <\/figure>\n          <\/div>\n    <div class=\"progress-bars\"><\/div>\n    <div class=\"zoom-icon-wrapper\">\n      <div class=\"zoom-icon\"><\/div>\n    <\/div>\n  <\/div>\n<\/div><\/div><\/div><\/div><div class=\"vc_row wpb_row vc_row-fluid\"><div class=\"wpb_column vc_column_container vc_col-sm-12\"><div class=\"vc_column-inner\"><div class=\"wpb_wrapper\"><div class=\"headline toc--item\"><a name=\"exklusiv-ab-dem-iphone-15-80-prozent-limit\"><\/a><h2>Exklu\u00adsiv ab dem iPho\u00adne 15: 80-Prozent-Limit<\/h2><\/div>\n\t<div class=\"wpb_text_column wpb_content_element\">\n\t\t<div class=\"wpb_wrapper\">\n\t\t\t<p>2023 hat Apple opti\u00admier\u00adtes Laden um eine wei\u00adte\u00adre Hilfs\u00adfunk\u00adti\u00adon erg\u00e4nzt, die dei\u00adnem iPho\u00adne-Akku eine m\u00f6g\u00adlichst lan\u00adge Halt\u00adbar\u00adkeit gew\u00e4h\u00adren soll. Seit dem iPho\u00adne 15 kannst du zus\u00e4tz\u00adlich eine Ober\u00adgren\u00adze f\u00fcr Lade\u00advor\u00adg\u00e4n\u00adge vor\u00adge\u00adben. Aller\u00addings stellt das 80-Pro\u00adzent-Limit eine Alter\u00adna\u00adti\u00adve zum opti\u00admier\u00adten Laden dar \u2013&nbsp;du kannst nicht bei\u00adde Funk\u00adtio\u00adnen par\u00adal\u00adlel akti\u00advie\u00adren. Du fin\u00addest die Opti\u00adon an glei\u00adcher Stel\u00adle wie das opti\u00admier\u00adte Laden: \u201e<span style=\"color: #00ccff\"><em>Ein\u00adstel\u00adlun\u00adgen<\/em><\/span>\u201c &gt; \u201e<span style=\"color: #00ccff\"><em>Bat\u00adte\u00adrie<\/em><\/span>\u201c &gt; \u201e<span style=\"color: #00ccff\"><em>Bat\u00adte\u00adrie\u00adzu\u00adstand &amp; Lade\u00advor\u00adgang<\/em><\/span>\u201c &gt; \u201e<span style=\"color: #00ccff\"><em>Lade\u00adop\u00adti\u00admie\u00adrung<\/em><\/span>\u201c. W\u00e4hlst du hier das \u201e<span style=\"color: #00ccff\"><em>80 % Limit<\/em><\/span>\u201c, l\u00e4dt dein iPho\u00adne den Akku zuk\u00fcnf\u00adtig nur noch bis 80 Pro\u00adzent auf. Nur in weni\u00adgen Aus\u00adnah\u00adme\u00adf\u00e4l\u00adlen wird die Bat\u00adte\u00adrie voll\u00adge\u00adla\u00adden, um wei\u00adter\u00adhin eine Sch\u00e4t\u00adzung zum Lade\u00adzu\u00adstand der Bat\u00adte\u00adrie zu erm\u00f6g\u00adli\u00adchen. Durch die Redu\u00adzie\u00adrung der maxi\u00adma\u00adlen Lade\u00admen\u00adge auf 80 Pro\u00adzent ver\u00adl\u00e4n\u00adgert sich die Lebens\u00addau\u00ader der Bat\u00adte\u00adrie, da die Zel\u00adlen inner\u00adhalb des Lithi\u00adum-Ionen-Akkus weder unger\u00adne voll\u00adst\u00e4n\u00addig auf- noch ent\u00adla\u00adden wer\u00adden. Die Ide\u00adal\u00adla\u00addung dei\u00adnes iPho\u00adne-Akkus liegt zwi\u00adschen 20 und 80 Pro\u00adzent \u2013 also laden ab 20 Pro\u00adzent bis maxi\u00admal 80 Pro\u00adzent. Letz\u00adte\u00adres nimmt dir iOS seit dem iPho\u00adne 15 mitt\u00adler\u00adwei\u00adle auto\u00adma\u00adtisch ab. Das 80-Pro\u00adzent-Limit schont zwar den Akku dei\u00adnes iPho\u00adnes, aber um den Preis der Lauf\u00adzeit. Immer\u00adhin ver\u00adzich\u00adtest du auf 20 der Akku\u00adka\u00adpa\u00adzi\u00adt\u00e4t, sodass die Pau\u00adsen zwi\u00adschen den Lade\u00advor\u00adg\u00e4n\u00adgen mit schrump\u00adfen. Das soll\u00adtest du beim Akti\u00advie\u00adren der Funk\u00adti\u00adon bedenken.<\/p>\n\n\t\t<\/div>\n\t<\/div>\n<\/div><\/div><\/div><\/div><div class=\"vc_row wpb_row vc_row-fluid\"><div class=\"wpb_column vc_column_container vc_col-sm-12\"><div class=\"vc_column-inner\"><div class=\"wpb_wrapper\"><div class=\"headline\"><a name=\"mit-den-richtigen-einstellungen-zu-laengerer-iphone-nutzung\"><\/a><h2>Mit den rich\u00adti\u00adgen Ein\u00adstel\u00adlun\u00adgen zu l\u00e4n\u00adge\u00adrer iPhone-Nutzung<\/h2><\/div>\n\t<div class=\"wpb_text_column wpb_content_element\">\n\t\t<div class=\"wpb_wrapper\">\n\t\t\t<p>Die Rech\u00adnung ist sim\u00adpel: Lang\u00adle\u00adbi\u00adger Akku = lang\u00adle\u00adbi\u00adges iPho\u00adne. Sofern das Smart\u00adphone kei\u00adne ande\u00adren Sch\u00e4\u00adden davon\u00adtr\u00e4gt, ist es am ehes\u00adten der Akku, der die Fra\u00adge nach einem Neu\u00adge\u00adr\u00e4t stel\u00adlen d\u00fcrf\u00adte. Um die Ant\u00adwort dar\u00adauf m\u00f6g\u00adlichst lan\u00adge hin\u00adaus\u00adzu\u00adz\u00f6\u00adgern, hel\u00adfen dir oben erkl\u00e4r\u00adte Ein\u00adstel\u00adlun\u00adgen. Damit sorgst du daf\u00fcr, dass das Betriebs\u00adsys\u00adtem die Ener\u00adgie\u00adzu\u00adfuhr selbst\u00adst\u00e4n\u00addig regu\u00adliert, um ein Wohl\u00adf\u00fchl-Habi\u00adtat f\u00fcr die Lithi\u00adum-Ionen zu schaf\u00adfen. Gl\u00fcck\u00adli\u00adcher Akku = gl\u00fcck\u00adli\u00adches iPhone.<\/p>\n<p>Abge\u00adse\u00adhen von die\u00adsen Sys\u00adtem\u00adein\u00adstel\u00adlun\u00adgen kannst du auch selbst aktiv wer\u00adden, um die Bat\u00adte\u00adrie\u00adlauf\u00adzeit zu ver\u00adl\u00e4n\u00adgern. Fol\u00adgen\u00adde Tipps hel\u00adfen dir&nbsp;dabei:<\/p>\n\n\t\t<\/div>\n\t<\/div>\n      <a href=\"https:\/\/www.otto.de\/updated\/ratgeber\/bessere-laufzeit-mit-diesen-10-tipps-haelt-ihr-iphone-akku-laenger-11425\/\" target=\"_self\" data-tracking-category=\"Content Interaction\" data-tracking-action=\"Teaserkachel\" data-tracking-label=\"iPhone: Tipps f\u00fcr eine l\u00e4ngere Akku-Laufzeit\">\n  <div class=\"readable-button-container work-connect\">\n    <div class=\"readable-button-outer\">\n      <div class=\"readable-button-inner\">\n        <div class=\"readable-button-text\">\n          <div class=\"readable-button-small-headline-container\">\n            <div class=\"readable-button-small-headline\">\n              <span>\n                Auch lesenswert&nbsp;<\/span>\n            <\/div>\n          <\/div>\n        <\/div>\n        <img loading=\"lazy\" decoding=\"async\" class=\"readable-button-icon work-connect\" src=\"https:\/\/www.otto.de\/updated\/app\/themes\/main\/assets\/images\/relaunch\/icons\/buttonIcons\/link-box-arrow-dark.svg\" width=\"31\" height=\"31\">\n      <\/div>\n      <div class=\"readable-button-headline work-connect\">\n        <span>\n          iPho\u00adne: Tipps f\u00fcr eine l\u00e4n\u00adge\u00adre Akku-Laufzeit&nbsp;<\/span>\n      <\/div>\n    <\/div>\n  <\/div>\n<\/a>\n<\/div><\/div><\/div><\/div>\n<\/div>","protected":false},"excerpt":{"rendered":"Bereits mit iOS 13 f\u00fchr\u00adte Apple 2019 opti\u00admier\u00adtes Laden auf iPho\u00adnes ein. Vier Jah\u00adre sp\u00e4\u00adter folg\u00adte mit iOS 17 eine zus\u00e4tz\u00adli\u00adche Funk\u00adti\u00adon, die den Akku noch scho\u00adnen\u00adder auf\u00adla\u00adden und somit sei\u00adne Lebens\u00addau\u00ader ver\u00adl\u00e4n\u00adgern soll. Ein\u00adzi\u00adger Haken an dem neu\u00aden 80-Pro\u00adzent-Limit: Es ist der\u00adzeit nur auf der iPho\u00adne-15-Gene\u00adra\u00adti\u00adon eine Opti\u00adon. Was genau sich hin\u00adter opti\u00admier\u00adtem&nbsp;Laden&nbsp;[\u2026]","protected":false},"author":103,"featured_media":99696,"comment_status":"closed","ping_status":"open","sticky":false,"template":"","format":"standard","meta":{"_acf_changed":false,"wp_typography_post_enhancements_disabled":false,"footnotes":""},"categories":[35463,35464,35462],"tags":[33,179],"class_list":["post-99900","post","type-post","status-publish","format-standard","has-post-thumbnail","hentry","category-mobile-geraete","category-smartphones","category-work-connect","tag-apple","tag-iphone"],"acf":[],"yoast_head":"<!-- This site is optimized with the Yoast SEO Premium plugin v25.1 (Yoast SEO v25.1) - https:\/\/yoast.com\/wordpress\/plugins\/seo\/ -->\n<title>iPhone: So schont optimiertes Laden den Akku | OTTO<\/title>\n<meta name=\"description\" content=\"iOS bietet einige Funktionen, die den iPhone-Akku schonen. So aktivierst du optimiertes Laden und das 80-Prozent-Limit.\" \/>\n<meta name=\"robots\" content=\"index, follow, max-snippet:-1, max-image-preview:large, max-video-preview:-1\" \/>\n<link rel=\"canonical\" href=\"https:\/\/www.otto.de\/updated\/iphone-so-schont-optimiertes-laden-den-akku-99900\/\" \/>\n<meta property=\"og:locale\" content=\"de_DE\" \/>\n<meta property=\"og:type\" content=\"article\" \/>\n<meta property=\"og:title\" content=\"iPhone: So schont optimiertes Laden den Akku\" \/>\n<meta property=\"og:description\" content=\"iOS bietet einige Funktionen, die den iPhone-Akku schonen. So aktivierst du optimiertes Laden und das 80-Prozent-Limit.\" \/>\n<meta property=\"og:url\" content=\"https:\/\/www.otto.de\/updated\/iphone-so-schont-optimiertes-laden-den-akku-99900\/\" \/>\n<meta property=\"og:site_name\" content=\"UPDATED\" \/>\n<meta property=\"article:publisher\" content=\"https:\/\/www.facebook.com\/updated.de\/\" \/>\n<meta property=\"article:published_time\" content=\"2024-02-17T14:16:05+00:00\" \/>\n<meta property=\"article:modified_time\" content=\"2024-02-20T16:16:03+00:00\" \/>\n<meta property=\"og:image\" content=\"https:\/\/www.otto.de\/updated\/app\/uploads\/2024\/01\/Ladeoptimierung_IPhone_15_001_cms.jpg\" \/>\n\t<meta property=\"og:image:width\" content=\"2560\" \/>\n\t<meta property=\"og:image:height\" content=\"1707\" \/>\n\t<meta property=\"og:image:type\" content=\"image\/jpeg\" \/>\n<meta name=\"author\" content=\"Alexander Kraft\" \/>\n<meta name=\"twitter:card\" content=\"summary_large_image\" \/>\n<meta name=\"twitter:creator\" content=\"@updated_de\" \/>\n<meta name=\"twitter:site\" content=\"@updated_de\" \/>\n<meta name=\"twitter:label1\" content=\"Written by\" \/>\n\t<meta name=\"twitter:data1\" content=\"Alexander Kraft\" \/>\n\t<meta name=\"twitter:label2\" content=\"Est. reading time\" \/>\n\t<meta name=\"twitter:data2\" content=\"9\u00a0Minuten\" \/>\n<script type=\"application\/ld+json\" class=\"yoast-schema-graph\">{\"@context\":\"https:\/\/schema.org\",\"@graph\":[{\"@type\":\"WebPage\",\"@id\":\"https:\/\/www.otto.de\/updated\/iphone-so-schont-optimiertes-laden-den-akku-99900\/\",\"url\":\"https:\/\/www.otto.de\/updated\/iphone-so-schont-optimiertes-laden-den-akku-99900\/\",\"name\":\"iPhone: So schont optimiertes Laden den Akku | OTTO\",\"isPartOf\":{\"@id\":\"https:\/\/www.otto.de\/updated\/#website\"},\"primaryImageOfPage\":{\"@id\":\"https:\/\/www.otto.de\/updated\/iphone-so-schont-optimiertes-laden-den-akku-99900\/#primaryimage\"},\"image\":{\"@id\":\"https:\/\/www.otto.de\/updated\/iphone-so-schont-optimiertes-laden-den-akku-99900\/#primaryimage\"},\"thumbnailUrl\":\"https:\/\/www.otto.de\/updated\/app\/uploads\/2024\/01\/Ladeoptimierung_IPhone_15_001_cms.jpg\",\"datePublished\":\"2024-02-17T14:16:05+00:00\",\"dateModified\":\"2024-02-20T16:16:03+00:00\",\"author\":{\"@id\":\"https:\/\/www.otto.de\/updated\/#\/schema\/person\/ceb97d816f13db389f60ed912af35ca4\"},\"description\":\"iOS bietet einige Funktionen, die den iPhone-Akku schonen. So aktivierst du optimiertes Laden und das 80-Prozent-Limit.\",\"breadcrumb\":{\"@id\":\"https:\/\/www.otto.de\/updated\/iphone-so-schont-optimiertes-laden-den-akku-99900\/#breadcrumb\"},\"inLanguage\":\"de\",\"potentialAction\":[{\"@type\":\"ReadAction\",\"target\":[\"https:\/\/www.otto.de\/updated\/iphone-so-schont-optimiertes-laden-den-akku-99900\/\"]}]},{\"@type\":\"ImageObject\",\"inLanguage\":\"de\",\"@id\":\"https:\/\/www.otto.de\/updated\/iphone-so-schont-optimiertes-laden-den-akku-99900\/#primaryimage\",\"url\":\"https:\/\/www.otto.de\/updated\/app\/uploads\/2024\/01\/Ladeoptimierung_IPhone_15_001_cms.jpg\",\"contentUrl\":\"https:\/\/www.otto.de\/updated\/app\/uploads\/2024\/01\/Ladeoptimierung_IPhone_15_001_cms.jpg\",\"width\":2560,\"height\":1707,\"caption\":\"Die Lebensdauer des Akkus l\u00e4sst sich mit optimiertem Laden etwas verl\u00e4ngern.\"},{\"@type\":\"BreadcrumbList\",\"@id\":\"https:\/\/www.otto.de\/updated\/iphone-so-schont-optimiertes-laden-den-akku-99900\/#breadcrumb\",\"itemListElement\":[{\"@type\":\"ListItem\",\"position\":1,\"name\":\"Startseite\",\"item\":\"\/updated\/\"},{\"@type\":\"ListItem\",\"position\":2,\"name\":\"Work &amp; Connect\",\"item\":\"https:\/\/www.otto.de\/updated\/work-connect\/\"},{\"@type\":\"ListItem\",\"position\":3,\"name\":\"Mobile Ger\u00e4te\",\"item\":\"https:\/\/www.otto.de\/updated\/mobile-geraete\/\"},{\"@type\":\"ListItem\",\"position\":4,\"name\":\"Smartphones\",\"item\":\"https:\/\/www.otto.de\/updated\/smartphones\/\"},{\"@type\":\"ListItem\",\"position\":5,\"name\":\"iPho\u00adne: So schont opti\u00admier\u00adtes Laden den&nbsp;Akku\"}]},{\"@type\":\"WebSite\",\"@id\":\"https:\/\/www.otto.de\/updated\/#website\",\"url\":\"https:\/\/www.otto.de\/updated\/\",\"name\":\"UPDATED\",\"description\":\"\",\"potentialAction\":[{\"@type\":\"SearchAction\",\"target\":{\"@type\":\"EntryPoint\",\"urlTemplate\":\"https:\/\/www.otto.de\/updated\/?s={search_term_string}\"},\"query-input\":{\"@type\":\"PropertyValueSpecification\",\"valueRequired\":true,\"valueName\":\"search_term_string\"}}],\"inLanguage\":\"de\"},{\"@type\":\"Person\",\"@id\":\"https:\/\/www.otto.de\/updated\/#\/schema\/person\/ceb97d816f13db389f60ed912af35ca4\",\"name\":\"Alexander Kraft\",\"description\":\"Aufgewachsen zwischen NES und C64 hat Alex so manchen Technik-Trend kommen und noch viel schneller wieder verschwinden sehen. Was ihn nach all den Jahren immer noch an neuer Technologie begeistert? Die Experimentierfreude, die Vielseitigkeit und der unbedingte Drang der Hersteller, die n\u00e4chste gro\u00dfe \u00dcberraschung zu landen. Bis es so weit ist, hilft Alex allen, die ihn fragen, Smartphones einzurichten oder den Router zu rebooten.\",\"url\":\"https:\/\/www.otto.de\/updated\/redaktion\/\",\"image\":null,\"colleague\":[\"https:\/\/www.otto.de\/updated\/redaktion\/alexander-kraft\/\",\"https:\/\/www.otto.de\/updated\/redaktion\/anne-beyer\/\",\"https:\/\/www.otto.de\/updated\/redaktion\/arne-schaetzle\/\",\"https:\/\/www.otto.de\/updated\/redaktion\/jana-janssen\/\",\"https:\/\/www.otto.de\/updated\/redaktion\/pascal-wuttke\/\",\"https:\/\/www.otto.de\/updated\/redaktion\/thomas-bott\/\"],\"worksFor\":[{\"@type\":\"Organization\",\"id\":\"https:\/\/www.otto.de\/updated\/#organization\",\"name\":\"UPDATED\"}]}]}<\/script>\n<!-- \/ Yoast SEO Premium plugin. -->","yoast_head_json":{"title":"iPhone: So schont optimiertes Laden den Akku | OTTO","description":"iOS bietet einige Funktionen, die den iPhone-Akku schonen. So aktivierst du optimiertes Laden und das 80-Prozent-Limit.","robots":{"index":"index","follow":"follow","max-snippet":"max-snippet:-1","max-image-preview":"max-image-preview:large","max-video-preview":"max-video-preview:-1"},"canonical":"https:\/\/www.otto.de\/updated\/iphone-so-schont-optimiertes-laden-den-akku-99900\/","og_locale":"de_DE","og_type":"article","og_title":"iPhone: So schont optimiertes Laden den Akku","og_description":"iOS bietet einige Funktionen, die den iPhone-Akku schonen. So aktivierst du optimiertes Laden und das 80-Prozent-Limit.","og_url":"https:\/\/www.otto.de\/updated\/iphone-so-schont-optimiertes-laden-den-akku-99900\/","og_site_name":"UPDATED","article_publisher":"https:\/\/www.facebook.com\/updated.de\/","article_published_time":"2024-02-17T14:16:05+00:00","article_modified_time":"2024-02-20T16:16:03+00:00","og_image":[{"width":2560,"height":1707,"url":"https:\/\/www.otto.de\/updated\/app\/uploads\/2024\/01\/Ladeoptimierung_IPhone_15_001_cms.jpg","type":"image\/jpeg"}],"author":"Alexander Kraft","twitter_card":"summary_large_image","twitter_creator":"@updated_de","twitter_site":"@updated_de","twitter_misc":{"Written by":"Alexander Kraft","Est. reading time":"9\u00a0Minuten"},"schema":{"@context":"https:\/\/schema.org","@graph":[{"@type":"WebPage","@id":"https:\/\/www.otto.de\/updated\/iphone-so-schont-optimiertes-laden-den-akku-99900\/","url":"https:\/\/www.otto.de\/updated\/iphone-so-schont-optimiertes-laden-den-akku-99900\/","name":"iPhone: So schont optimiertes Laden den Akku | OTTO","isPartOf":{"@id":"https:\/\/www.otto.de\/updated\/#website"},"primaryImageOfPage":{"@id":"https:\/\/www.otto.de\/updated\/iphone-so-schont-optimiertes-laden-den-akku-99900\/#primaryimage"},"image":{"@id":"https:\/\/www.otto.de\/updated\/iphone-so-schont-optimiertes-laden-den-akku-99900\/#primaryimage"},"thumbnailUrl":"https:\/\/www.otto.de\/updated\/app\/uploads\/2024\/01\/Ladeoptimierung_IPhone_15_001_cms.jpg","datePublished":"2024-02-17T14:16:05+00:00","dateModified":"2024-02-20T16:16:03+00:00","author":{"@id":"https:\/\/www.otto.de\/updated\/#\/schema\/person\/ceb97d816f13db389f60ed912af35ca4"},"description":"iOS bietet einige Funktionen, die den iPhone-Akku schonen. So aktivierst du optimiertes Laden und das 80-Prozent-Limit.","breadcrumb":{"@id":"https:\/\/www.otto.de\/updated\/iphone-so-schont-optimiertes-laden-den-akku-99900\/#breadcrumb"},"inLanguage":"de","potentialAction":[{"@type":"ReadAction","target":["https:\/\/www.otto.de\/updated\/iphone-so-schont-optimiertes-laden-den-akku-99900\/"]}]},{"@type":"ImageObject","inLanguage":"de","@id":"https:\/\/www.otto.de\/updated\/iphone-so-schont-optimiertes-laden-den-akku-99900\/#primaryimage","url":"https:\/\/www.otto.de\/updated\/app\/uploads\/2024\/01\/Ladeoptimierung_IPhone_15_001_cms.jpg","contentUrl":"https:\/\/www.otto.de\/updated\/app\/uploads\/2024\/01\/Ladeoptimierung_IPhone_15_001_cms.jpg","width":2560,"height":1707,"caption":"Die Lebensdauer des Akkus l\u00e4sst sich mit optimiertem Laden etwas verl\u00e4ngern."},{"@type":"BreadcrumbList","@id":"https:\/\/www.otto.de\/updated\/iphone-so-schont-optimiertes-laden-den-akku-99900\/#breadcrumb","itemListElement":[{"@type":"ListItem","position":1,"name":"Startseite","item":"\/updated\/"},{"@type":"ListItem","position":2,"name":"Work &amp; Connect","item":"https:\/\/www.otto.de\/updated\/work-connect\/"},{"@type":"ListItem","position":3,"name":"Mobile Ger\u00e4te","item":"https:\/\/www.otto.de\/updated\/mobile-geraete\/"},{"@type":"ListItem","position":4,"name":"Smartphones","item":"https:\/\/www.otto.de\/updated\/smartphones\/"},{"@type":"ListItem","position":5,"name":"iPho\u00adne: So schont opti\u00admier\u00adtes Laden den&nbsp;Akku"}]},{"@type":"WebSite","@id":"https:\/\/www.otto.de\/updated\/#website","url":"https:\/\/www.otto.de\/updated\/","name":"UPDATED","description":"","potentialAction":[{"@type":"SearchAction","target":{"@type":"EntryPoint","urlTemplate":"https:\/\/www.otto.de\/updated\/?s={search_term_string}"},"query-input":{"@type":"PropertyValueSpecification","valueRequired":true,"valueName":"search_term_string"}}],"inLanguage":"de"},{"@type":"Person","@id":"https:\/\/www.otto.de\/updated\/#\/schema\/person\/ceb97d816f13db389f60ed912af35ca4","name":"Alexander Kraft","description":"Aufgewachsen zwischen NES und C64 hat Alex so manchen Technik-Trend kommen und noch viel schneller wieder verschwinden sehen. Was ihn nach all den Jahren immer noch an neuer Technologie begeistert? Die Experimentierfreude, die Vielseitigkeit und der unbedingte Drang der Hersteller, die n\u00e4chste gro\u00dfe \u00dcberraschung zu landen. Bis es so weit ist, hilft Alex allen, die ihn fragen, Smartphones einzurichten oder den Router zu rebooten.","url":"https:\/\/www.otto.de\/updated\/redaktion\/","image":null,"colleague":["https:\/\/www.otto.de\/updated\/redaktion\/alexander-kraft\/","https:\/\/www.otto.de\/updated\/redaktion\/anne-beyer\/","https:\/\/www.otto.de\/updated\/redaktion\/arne-schaetzle\/","https:\/\/www.otto.de\/updated\/redaktion\/jana-janssen\/","https:\/\/www.otto.de\/updated\/redaktion\/pascal-wuttke\/","https:\/\/www.otto.de\/updated\/redaktion\/thomas-bott\/"],"worksFor":[{"@type":"Organization","id":"https:\/\/www.otto.de\/updated\/#organization","name":"UPDATED"}]}]}},"_links":{"self":[{"href":"https:\/\/www.otto.de\/updated\/wp-json\/wp\/v2\/posts\/99900","targetHints":{"allow":["GET"]}}],"collection":[{"href":"https:\/\/www.otto.de\/updated\/wp-json\/wp\/v2\/posts"}],"about":[{"href":"https:\/\/www.otto.de\/updated\/wp-json\/wp\/v2\/types\/post"}],"author":[{"embeddable":true,"href":"https:\/\/www.otto.de\/updated\/wp-json\/wp\/v2\/users\/103"}],"replies":[{"embeddable":true,"href":"https:\/\/www.otto.de\/updated\/wp-json\/wp\/v2\/comments?post=99900"}],"version-history":[{"count":3,"href":"https:\/\/www.otto.de\/updated\/wp-json\/wp\/v2\/posts\/99900\/revisions"}],"predecessor-version":[{"id":99950,"href":"https:\/\/www.otto.de\/updated\/wp-json\/wp\/v2\/posts\/99900\/revisions\/99950"}],"wp:featuredmedia":[{"embeddable":true,"href":"https:\/\/www.otto.de\/updated\/wp-json\/wp\/v2\/media\/99696"}],"wp:attachment":[{"href":"https:\/\/www.otto.de\/updated\/wp-json\/wp\/v2\/media?parent=99900"}],"wp:term":[{"taxonomy":"category","embeddable":true,"href":"https:\/\/www.otto.de\/updated\/wp-json\/wp\/v2\/categories?post=99900"},{"taxonomy":"post_tag","embeddable":true,"href":"https:\/\/www.otto.de\/updated\/wp-json\/wp\/v2\/tags?post=99900"}],"curies":[{"name":"wp","href":"https:\/\/api.w.org\/{rel}","templated":true}]}}