
{"id":99328,"date":"2023-12-06T18:00:28","date_gmt":"2023-12-06T17:00:28","guid":{"rendered":"\/updated\/?p=99328"},"modified":"2023-12-06T21:43:15","modified_gmt":"2023-12-06T20:43:15","slug":"laser-vs-ipl-haarentfernung-was-ist-besser","status":"publish","type":"post","link":"https:\/\/www.otto.de\/updated\/laser-vs-ipl-haarentfernung-was-ist-besser-99328\/","title":{"rendered":"Laser- vs. IPL-Haar\u00adent\u00adfer\u00adnung: Was ist besser?"},"content":{"rendered":"<div class=\"wpb-content-wrapper\"><div class=\"vc_row wpb_row vc_row-fluid\"><div class=\"wpb_column vc_column_container vc_col-sm-12\"><div class=\"vc_column-inner\"><div class=\"wpb_wrapper\">\n\t<div class=\"wpb_text_column wpb_content_element\">\n\t\t<div class=\"wpb_wrapper\">\n\t\t\t<p><strong><span class=\"TextRun MacChromeBold SCXW52726467 BCX0\" lang=\"DE-DE\" xml:lang=\"DE-DE\" data-contrast=\"auto\"><span class=\"NormalTextRun SCXW52726467 BCX0\">Rasie\u00adren ist nicht nur zeit\u00adauf\u00adwen\u00addig, son\u00addern auch ner\u00advig und durch die Wech\u00adsel\u00adklin\u00adgen teu\u00ader. Auf lan\u00adge Sicht lohnt sich da eine Alter\u00adna\u00adti\u00adve. Mit IPL- und Laser-Haar\u00adent\u00adfer\u00adnung ste\u00adhen zwei zur Wahl, die auch noch sau\u00adbe\u00adre\u00adre Ergeb\u00adnis\u00adse lie\u00adfern. Doch wie funk\u00adtio\u00adnie\u00adren sie, f\u00fcr wen sind sie geeig\u00adnet und was ist bes\u00adser? Hier fin\u00addest du die Ant\u00adwor\u00adten dar\u00adauf.<\/span><\/span><span class=\"EOP SCXW52726467 BCX0\" data-ccp-props=\"{}\">&nbsp;<\/span><\/strong><\/p>\n\n\t\t<\/div>\n\t<\/div>\n<\/div><\/div><\/div><\/div><div class=\"vc_row wpb_row vc_row-fluid\"><div class=\"wpb_column vc_column_container vc_col-sm-12\"><div class=\"vc_column-inner\"><div class=\"wpb_wrapper\"><nav class=\"toc\"><h2 class=\"toc--headline\">Das erfahrt ihr gleich<\/h2><ul class=\"toc--links\"><li><a href=\"#laser-und-ipl-haarentfernung-funktionsweisen-im-vergleich\">Laser- und IPL-Haar\u00adent\u00adfer\u00adnung: Funk\u00adti\u00adons\u00adwei\u00adsen im Vergleich<\/a><\/li><li><a href=\"#vor-und-nachteile-der-ipl-behandlung\">Vor- und Nach\u00adtei\u00adle der IPL-Behandlung<\/a><\/li><li><a href=\"#vor-und-nachteile-der-laser-behandlung\">Vor- und Nach\u00adtei\u00adle der Laser-Behandlung<\/a><\/li><li><a href=\"#ipl-oder-laser-was-ist-nun-besser\">IPL oder Laser: Was ist nun besser?<\/a><\/li><\/ul><\/nav><\/div><\/div><\/div><\/div><div class=\"vc_row wpb_row vc_row-fluid\"><div class=\"wpb_column vc_column_container vc_col-sm-12\"><div class=\"vc_column-inner\"><div class=\"wpb_wrapper\"><div class=\"headline toc--item\"><a name=\"laser-und-ipl-haarentfernung-funktionsweisen-im-vergleich\"><\/a><h2>Laser- und IPL-Haar\u00adent\u00adfer\u00adnung: Funk\u00adti\u00adons\u00adwei\u00adsen im Vergleich<\/h2><\/div><\/div><\/div><\/div><\/div><div class=\"vc_row wpb_row vc_row-fluid\"><div class=\"wpb_column vc_column_container vc_col-sm-12\"><div class=\"vc_column-inner\"><div class=\"wpb_wrapper\">\n\t<div class=\"wpb_text_column wpb_content_element\">\n\t\t<div class=\"wpb_wrapper\">\n\t\t\t<p><span data-contrast=\"auto\">Zun\u00e4chst eine Gemein\u00adsam\u00adkeit: Bei\u00adde Metho\u00adden set\u00adzen auf Licht. Aller\u00addings ist das ver\u00adwen\u00adde\u00adte Licht sehr unter\u00adschied\u00adlich. Bei der Laser-Haar\u00adent\u00adfer\u00adnung ist es der namens\u00adge\u00adben\u00adde Laser. Das ist eine \u201emono\u00adchro\u00adma\u00adti\u00adsche, koh\u00e4\u00adren\u00adte\u201c Licht\u00adquel\u00adle. Genau\u00ader bedeu\u00adtet das, dass der Laser mit einer ganz bestimm\u00adten, kon\u00adstan\u00adten Wel\u00adlen\u00adl\u00e4n\u00adge strahlt. Das sorgt daf\u00fcr, dass das Licht sehr \u201espitz\u201c auf den Unter\u00adgrund trifft, in die\u00adsem Fall die Haar\u00adwur\u00adzel. Der Laser wirkt somit direkt auf die\u00adse ein.<\/span><span data-ccp-props=\"{}\">&nbsp;<\/span><\/p>\n<p><span data-contrast=\"auto\">Bei IPL, also dem \u201eInten\u00adse Pul\u00adsed Light\u201c, arbei\u00adtet eine eher breit\u00adban\u00addi\u00adge Licht\u00adquel\u00adle. Sie trifft au\u00dfer\u00addem in Impul\u00adsen, also sehr kur\u00adzen Augen\u00adbli\u00adcken auf das Haar. Und hier liegt auch direkt ein essen\u00adzi\u00adel\u00adler Unter\u00adschied begra\u00adben. W\u00e4h\u00adrend der Laser n\u00e4m\u00adlich gezielt auf die Haar\u00adwur\u00adzel strahlt, geht das Licht bei IPL auf das Haar und die Umlie\u00adgen\u00adde&nbsp;Haut.<\/span><\/p>\n<p><span data-contrast=\"auto\">Damit erw\u00e4rmt IPL die Farb\u00adpig\u00admen\u00adte im Haar und sorgt so f\u00fcr ein Abster\u00adben der Haar\u00adwur\u00adzel. Der Laser nimmt die\u00adse direkt in Angriff und \u201ebrennt\u201c sie, eben\u00adfalls mit\u00adhil\u00adfe des Pig\u00adments Mela\u00adnin, aus.<\/span><span data-ccp-props=\"{}\">&nbsp;<\/span><\/p>\n\n\t\t<\/div>\n\t<\/div>\n<\/div><\/div><\/div><\/div><div class=\"vc_row wpb_row vc_row-fluid\"><div class=\"wpb_column vc_column_container vc_col-sm-12\"><div class=\"vc_column-inner\"><div class=\"wpb_wrapper\">  <div class=\"slick-gallery-wrapper gallery-no-padding\" data-number-of-slides=\"1\">\n    <div class=\"slick-gallery should-lightbox \" id=\"slick_gallery_pHW8sn4sXZXNiSWRVdlB\">\n              <figure>\n  <div class=\"img-small-container\">\n    <div class=\"img-small-hover-background\"><\/div>\n    <picture>\n                                <source srcset=\"https:\/\/www.otto.de\/updated\/app\/uploads-webp\/uploads\/2023\/11\/Laser-IPL-01-Getty-1080x615.jpg.webp\" media=\"(max-width: 360px) and (-webkit-min-device-pixel-ratio: 2.5)\" type=\"image\/webp\">\n                  <source srcset=\"https:\/\/www.otto.de\/updated\/app\/uploads\/2023\/11\/Laser-IPL-01-Getty-1080x615.jpg\" media=\"(max-width: 360px) and (-webkit-min-device-pixel-ratio: 2.5)\">\n                  <source srcset=\"https:\/\/www.otto.de\/updated\/app\/uploads-webp\/uploads\/2023\/11\/Laser-IPL-01-Getty-720x410.jpg.webp\" media=\"(max-width: 360px) and (-webkit-min-device-pixel-ratio: 1.5)\" type=\"image\/webp\">\n                  <source srcset=\"https:\/\/www.otto.de\/updated\/app\/uploads\/2023\/11\/Laser-IPL-01-Getty-720x410.jpg\" media=\"(max-width: 360px) and (-webkit-min-device-pixel-ratio: 1.5)\">\n                  <source srcset=\"https:\/\/www.otto.de\/updated\/app\/uploads-webp\/uploads\/2023\/11\/Laser-IPL-01-Getty-360x205.jpg.webp\" media=\"(max-width: 360px)\" type=\"image\/webp\">\n                  <source srcset=\"https:\/\/www.otto.de\/updated\/app\/uploads\/2023\/11\/Laser-IPL-01-Getty-360x205.jpg\" media=\"(max-width: 360px)\">\n                    <source srcset=\"https:\/\/www.otto.de\/updated\/app\/uploads-webp\/uploads\/2023\/11\/Laser-IPL-01-Getty-1680x945.jpg.webp\" media=\"(max-width: 560px) and (-webkit-min-device-pixel-ratio: 2.5)\" type=\"image\/webp\">\n                  <source srcset=\"https:\/\/www.otto.de\/updated\/app\/uploads\/2023\/11\/Laser-IPL-01-Getty-1680x945.jpg\" media=\"(max-width: 560px) and (-webkit-min-device-pixel-ratio: 2.5)\">\n                  <source srcset=\"https:\/\/www.otto.de\/updated\/app\/uploads-webp\/uploads\/2023\/11\/Laser-IPL-01-Getty-1120x630.jpg.webp\" media=\"(max-width: 560px) and (-webkit-min-device-pixel-ratio: 1.5)\" type=\"image\/webp\">\n                  <source srcset=\"https:\/\/www.otto.de\/updated\/app\/uploads\/2023\/11\/Laser-IPL-01-Getty-1120x630.jpg\" media=\"(max-width: 560px) and (-webkit-min-device-pixel-ratio: 1.5)\">\n                  <source srcset=\"https:\/\/www.otto.de\/updated\/app\/uploads-webp\/uploads\/2023\/11\/Laser-IPL-01-Getty-560x315.jpg.webp\" media=\"(max-width: 560px)\" type=\"image\/webp\">\n                  <source srcset=\"https:\/\/www.otto.de\/updated\/app\/uploads\/2023\/11\/Laser-IPL-01-Getty-560x315.jpg\" media=\"(max-width: 560px)\">\n                    <source srcset=\"https:\/\/www.otto.de\/updated\/app\/uploads-webp\/uploads\/2023\/11\/Laser-IPL-01-Getty-2304x1296.jpg.webp\" media=\"(max-width: 767px) and (-webkit-min-device-pixel-ratio: 2.5)\" type=\"image\/webp\">\n                  <source srcset=\"https:\/\/www.otto.de\/updated\/app\/uploads\/2023\/11\/Laser-IPL-01-Getty-2304x1296.jpg\" media=\"(max-width: 767px) and (-webkit-min-device-pixel-ratio: 2.5)\">\n                  <source srcset=\"https:\/\/www.otto.de\/updated\/app\/uploads-webp\/uploads\/2023\/11\/Laser-IPL-01-Getty-1536x864.jpg.webp\" media=\"(max-width: 767px) and (-webkit-min-device-pixel-ratio: 1.5)\" type=\"image\/webp\">\n                  <source srcset=\"https:\/\/www.otto.de\/updated\/app\/uploads\/2023\/11\/Laser-IPL-01-Getty-1536x864.jpg\" media=\"(max-width: 767px) and (-webkit-min-device-pixel-ratio: 1.5)\">\n                  <source srcset=\"https:\/\/www.otto.de\/updated\/app\/uploads-webp\/uploads\/2023\/11\/Laser-IPL-01-Getty-768x432.jpg.webp\" media=\"(max-width: 767px)\" type=\"image\/webp\">\n                  <source srcset=\"https:\/\/www.otto.de\/updated\/app\/uploads\/2023\/11\/Laser-IPL-01-Getty-768x432.jpg\" media=\"(max-width: 767px)\">\n                    <source srcset=\"https:\/\/www.otto.de\/updated\/app\/uploads-webp\/uploads\/2023\/11\/Laser-IPL-01-Getty-1680x945.jpg.webp\" media=\"(max-width: 991px) and (-webkit-min-device-pixel-ratio: 2.5)\" type=\"image\/webp\">\n                  <source srcset=\"https:\/\/www.otto.de\/updated\/app\/uploads\/2023\/11\/Laser-IPL-01-Getty-1680x945.jpg\" media=\"(max-width: 991px) and (-webkit-min-device-pixel-ratio: 2.5)\">\n                  <source srcset=\"https:\/\/www.otto.de\/updated\/app\/uploads-webp\/uploads\/2023\/11\/Laser-IPL-01-Getty-1120x630.jpg.webp\" media=\"(max-width: 991px) and (-webkit-min-device-pixel-ratio: 1.5)\" type=\"image\/webp\">\n                  <source srcset=\"https:\/\/www.otto.de\/updated\/app\/uploads\/2023\/11\/Laser-IPL-01-Getty-1120x630.jpg\" media=\"(max-width: 991px) and (-webkit-min-device-pixel-ratio: 1.5)\">\n                  <source srcset=\"https:\/\/www.otto.de\/updated\/app\/uploads-webp\/uploads\/2023\/11\/Laser-IPL-01-Getty-560x315.jpg.webp\" media=\"(max-width: 991px)\" type=\"image\/webp\">\n                  <source srcset=\"https:\/\/www.otto.de\/updated\/app\/uploads\/2023\/11\/Laser-IPL-01-Getty-560x315.jpg\" media=\"(max-width: 991px)\">\n        <source srcset=\"https:\/\/www.otto.de\/updated\/app\/uploads-webp\/uploads\/2023\/11\/Laser-IPL-01-Getty-2304x1296.jpg.webp\" media=\"(-webkit-min-device-pixel-ratio: 2.5)\" type=\"image\/webp\">\n  <source srcset=\"https:\/\/www.otto.de\/updated\/app\/uploads\/2023\/11\/Laser-IPL-01-Getty-2304x1296.jpg\" media=\"(-webkit-min-device-pixel-ratio: 2.5)\">\n  <source srcset=\"https:\/\/www.otto.de\/updated\/app\/uploads-webp\/uploads\/2023\/11\/Laser-IPL-01-Getty-1536x864.jpg.webp\" media=\"(-webkit-min-device-pixel-ratio: 1.5)\" type=\"image\/webp\">\n  <source srcset=\"https:\/\/www.otto.de\/updated\/app\/uploads\/2023\/11\/Laser-IPL-01-Getty-1536x864.jpg\" media=\"(-webkit-min-device-pixel-ratio: 1.5)\">\n  <source srcset=\"https:\/\/www.otto.de\/updated\/app\/uploads-webp\/uploads\/2023\/11\/Laser-IPL-01-Getty-768x432.jpg.webp\" type=\"image\/webp\">\n  <img loading=\"lazy\" decoding=\"async\" src=\"https:\/\/www.otto.de\/updated\/app\/uploads\/2023\/11\/Laser-IPL-01-Getty-768x432.jpg\" width=\"768\" height=\"432\" title=\"Schaubild mit dem Vergleich zwischen Laser- und IPL-Haarentfernung.\" alt=\"Schaubild mit dem Vergleich zwischen Laser- und IPL-Haarentfernung.\" class=\"img-responsive img-small\" data-copyright=\"\u00a9 2023 Getty Images\" data-post-excerpt=\"Der Laser arbeitet viel punktueller und genauer, w\u00e4hrend per IPL eine gr\u00f6\u00dfere Fl\u00e4che mit Licht bestrahlt wird. \" data-light-value=\"light\" data-zoom-width=\"2560\" data-zoom-height=\"1707\" data-zoom-src=\"https:\/\/www.otto.de\/updated\/app\/uploads\/2023\/11\/Laser-IPL-01-Getty.jpg\">\n                    <div class=\"caption light\">\n          <small>\n            \u00a9 2023 Get\u00adty Images&nbsp;<\/small>\n        <\/div>\n          <\/picture>\n  <\/div>\n      <figcaption class=\"post-excerpt\">\n      Der Laser arbei\u00adtet viel punk\u00adtu\u00adel\u00adler und genau\u00ader, w\u00e4h\u00adrend per IPL eine gr\u00f6\u00ad\u00dfe\u00adre Fl\u00e4\u00adche mit Licht bestrahlt wird.&nbsp;<\/figcaption>\n  <\/figure>\n          <\/div>\n    <div class=\"progress-bars\"><\/div>\n    <div class=\"zoom-icon-wrapper\">\n      <div class=\"zoom-icon\"><\/div>\n    <\/div>\n  <\/div>\n<\/div><\/div><\/div><\/div><div class=\"vc_row wpb_row vc_row-fluid\"><div class=\"wpb_column vc_column_container vc_col-sm-12\"><div class=\"vc_column-inner\"><div class=\"wpb_wrapper\"><div class=\"headline toc--item\"><a name=\"vor-und-nachteile-der-ipl-behandlung\"><\/a><h2>Vor- und Nach\u00adtei\u00adle der IPL-Behandlung<\/h2><\/div><\/div><\/div><\/div><\/div><div class=\"vc_row wpb_row vc_row-fluid\"><div class=\"wpb_column vc_column_container vc_col-sm-12\"><div class=\"vc_column-inner\"><div class=\"wpb_wrapper\">\n\t<div class=\"wpb_text_column wpb_content_element\">\n\t\t<div class=\"wpb_wrapper\">\n\t\t\t<p><span data-contrast=\"auto\">Einer der gr\u00f6\u00df\u00adten Vor\u00adtei\u00adle von IPL liegt in der Anwen\u00addung selbst. Die kannst du in die\u00adsem Fall n\u00e4m\u00adlich sogar selbst \u00fcber\u00adneh\u00admen. Es gibt auf dem Markt IPL-Ger\u00e4\u00adte, die du zu Hau\u00adse ver\u00adwen\u00adden kannst. Weil durch den eher gro\u00df\u00adfl\u00e4\u00adchi\u00adgen Ansatz kei\u00adne hohe Pr\u00e4\u00adzi\u00adsi\u00adon not\u00adwen\u00addig ist, braucht es eben nicht zwin\u00adgend eine zwei\u00adte Per\u00adson. Au\u00dfer\u00addem ist die Tech\u00adnik ver\u00adgleichs\u00adwei\u00adse bezahl\u00adbar. IPL-Ger\u00e4\u00adte gibt es f\u00fcr rund 250 bis 1.000&nbsp;Euro.<\/span><\/p>\n<p><span data-contrast=\"auto\">Ein wei\u00adte\u00adrer Vor\u00adteil ist, dass es etwas schnel\u00adler geht. Weil du mit dem IPL-Ger\u00e4t in Bewe\u00adgung auch einen gr\u00f6\u00ad\u00dfe\u00adren Teil der Haa\u00adre ent\u00adfer\u00adnen kannst, braucht der Laser durch den klei\u00adnen Bereich mehr Pr\u00e4\u00adzi\u00adsi\u00adon und Zeit. Was zwar nicht immer, aber eben in man\u00adchen F\u00e4l\u00adlen, durch\u00adaus m\u00f6g\u00adlich ist, ist eine Ver\u00adbes\u00adse\u00adrung des Haut\u00adbil\u00addes an den behan\u00addel\u00adten Stel\u00adlen. So kann IPL etwa Akne-Nar\u00adben oder \u00c4hn\u00adli\u00adches weni\u00adger stark sicht\u00adbar machen.<\/span><\/p>\n<p><span data-contrast=\"auto\">Nat\u00fcr\u00adlich gibt es auch Nach\u00adtei\u00adle der IPL-Metho\u00adde. Der wohl gr\u00f6\u00df\u00adte ist, dass die Tech\u00adnik nicht bei allen Kom\u00adbi\u00adna\u00adtio\u00adnen von Haut- und Haar\u00adfar\u00adbe funk\u00adtio\u00adniert. Idea\u00adle Ergeb\u00adnis\u00adse gibt es, wenn das Haar dun\u00adkel und die Haut im Kon\u00adtrast hell ist. Dunk\u00adle Haut\u00adty\u00adpen oder hel\u00adle Haut\u00adty\u00adpen mit hel\u00adlen Haa\u00adren, soll\u00adten von IPL nicht zu viel erwar\u00adten.<\/span><span data-ccp-props=\"{}\">&nbsp;<\/span><\/p>\n<p><span data-contrast=\"auto\">Dazu kommt, dass es bei IPL-Anwen\u00addun\u00adgen zu Haut\u00adir\u00adri\u00adta\u00adtio\u00adnen oder gar Haut\u00adver\u00ad\u00e4n\u00adde\u00adrun\u00adgen kom\u00admen kann. Um dem in gr\u00f6\u00ad\u00dfe\u00adrem Aus\u00adma\u00df vor\u00adzu\u00adbeu\u00adgen, soll\u00adtest du die IPL-Behand\u00adlung zun\u00e4chst nur an einer sehr klei\u00adnen Stel\u00adle aus\u00adpro\u00adbie\u00adren. Reagiert die Haut posi\u00adtiv, steht einer wei\u00adte\u00adren Ver\u00adwen\u00addung nichts im&nbsp;Weg.<\/span><\/p>\n<p><span data-contrast=\"auto\">Zu guter Letzt steht noch der Nach\u00adteil des Auf\u00adwands im Raum. Zwar hat IPL hier im Ver\u00adgleich zum Rasie\u00adren einen kla\u00adren Vor\u00adteil, gegen\u00ad\u00fcber dem Laser aber eben nicht. IPL-Anwen\u00addun\u00adgen erfol\u00adgen, gera\u00adde in den ers\u00adten Wochen und Mona\u00adten, etwas h\u00e4ufiger.<\/span><\/p>\n\n\t\t<\/div>\n\t<\/div>\n<div class=\"snippeteer-slider\" data-snippet=\"Updated_8206\">\n  <div class=\"slider\" id=\"slider_Updated_8206\" data-slick=\"{&quot;autoplay&quot;:false,&quot;arrows&quot;:true,&quot;dots&quot;:false,&quot;infinite&quot;:true,&quot;slidesToShow&quot;:3,&quot;slidesToScroll&quot;:1,&quot;centerMode&quot;:true,&quot;centerPadding&quot;:&quot;0px&quot;}\">\n    <div class=\"slider__slide\">\n      <div class=\"teaser-headline-block\">\n        <div class=\"teaser-headline\">\n          Pas\u00adsend&nbsp;dazu&nbsp;<\/div>\n      <\/div>\n      <a class=\"link\" target=\"_blank\">\n        <div class=\"product-image-container\">\n          <img class=\"product-image\">\n        <\/div>\n        <div class=\"brand\"><\/div>\n        <div class=\"title\"><\/div>\n        <div class=\"price-and-button-container\">\n          <div class=\"price\">\n            <div class=\"old-price thousand-seperators\"><\/div>\n            <div class=\"current-price thousand-seperators\"><\/div>\n          <\/div>\n          <div class=\"bottom\">\n            <div class=\"call-to-action\">\n              <div class=\"button\">\n                Jetzt kaufen&nbsp;<\/div>\n            <\/div>\n          <\/div>\n        <\/div>\n      <\/a>\n    <\/div>\n  <\/div>\n<\/div>\n<\/div><\/div><\/div><\/div><div class=\"vc_row wpb_row vc_row-fluid\"><div class=\"wpb_column vc_column_container vc_col-sm-12\"><div class=\"vc_column-inner\"><div class=\"wpb_wrapper\"><div class=\"headline toc--item\"><a name=\"vor-und-nachteile-der-laser-behandlung\"><\/a><h2>Vor- und Nach\u00adtei\u00adle der Laser-Behandlung<\/h2><\/div><\/div><\/div><\/div><\/div><div class=\"vc_row wpb_row vc_row-fluid\"><div class=\"wpb_column vc_column_container vc_col-sm-12\"><div class=\"vc_column-inner\"><div class=\"wpb_wrapper\">\n\t<div class=\"wpb_text_column wpb_content_element\">\n\t\t<div class=\"wpb_wrapper\">\n\t\t\t<p><span class=\"TextRun SCXW181403190 BCX0\" lang=\"DE-DE\" xml:lang=\"DE-DE\" data-contrast=\"auto\"><span class=\"NormalTextRun SCXW181403190 BCX0\">Geht es um die Behand\u00adlung mit dem Laser, dann ist der gr\u00f6\u00df\u00adte Vor\u00adteil wohl, dass die\u00adser sehr gezielt arbei\u00adtet und ent\u00adspre\u00adchend gr\u00fcnd\u00adlich. Au\u00dfer\u00addem ist er, auch wenn es zun\u00e4chst nicht so klingt, etwas weni\u00adger stra\u00adpa\u00adzie\u00adrend f\u00fcr die Haut. F\u00fcr vie\u00adle Men\u00adschen ein wei\u00adte\u00adrer Vor\u00adteil: Der Laser l\u00e4sst sich bei viel mehr Haut- und Haar\u00adty\u00adpen ver\u00adwen\u00adden. Weil IPL etwa f\u00fcr dunk\u00adle Haut\u00adty\u00adpen oder hel\u00adle Haar\u00adty\u00adpen nicht gut funk\u00adtio\u00adniert, ist die Laser-Behand\u00adlung ein\u00addeu\u00adtig die bes\u00adse\u00adre Alternative.<\/span><\/span><\/p>\n\n\t\t<\/div>\n\t<\/div>\n<\/div><\/div><\/div><\/div><div class=\"vc_row wpb_row vc_row-fluid\"><div class=\"wpb_column vc_column_container vc_col-sm-12\"><div class=\"vc_column-inner\"><div class=\"wpb_wrapper\">  <div class=\"slick-gallery-wrapper gallery-no-padding\" data-number-of-slides=\"1\">\n    <div class=\"slick-gallery should-lightbox \" id=\"slick_gallery_BW2cfw76LPRZmhIaosd6\">\n              <figure>\n  <div class=\"img-small-container\">\n    <div class=\"img-small-hover-background\"><\/div>\n    <picture>\n                                        <source srcset=\"https:\/\/www.otto.de\/updated\/app\/uploads\/2023\/11\/Laser-IPL-06-Getty-1080x615.jpg\" media=\"(max-width: 360px) and (-webkit-min-device-pixel-ratio: 2.5)\">\n                          <source srcset=\"https:\/\/www.otto.de\/updated\/app\/uploads\/2023\/11\/Laser-IPL-06-Getty-720x410.jpg\" media=\"(max-width: 360px) and (-webkit-min-device-pixel-ratio: 1.5)\">\n                          <source srcset=\"https:\/\/www.otto.de\/updated\/app\/uploads\/2023\/11\/Laser-IPL-06-Getty-360x205.jpg\" media=\"(max-width: 360px)\">\n                            <source srcset=\"https:\/\/www.otto.de\/updated\/app\/uploads\/2023\/11\/Laser-IPL-06-Getty-1680x945.jpg\" media=\"(max-width: 560px) and (-webkit-min-device-pixel-ratio: 2.5)\">\n                          <source srcset=\"https:\/\/www.otto.de\/updated\/app\/uploads\/2023\/11\/Laser-IPL-06-Getty-1120x630.jpg\" media=\"(max-width: 560px) and (-webkit-min-device-pixel-ratio: 1.5)\">\n                          <source srcset=\"https:\/\/www.otto.de\/updated\/app\/uploads\/2023\/11\/Laser-IPL-06-Getty-560x315.jpg\" media=\"(max-width: 560px)\">\n                            <source srcset=\"https:\/\/www.otto.de\/updated\/app\/uploads\/2023\/11\/Laser-IPL-06-Getty-2304x1296.jpg\" media=\"(max-width: 767px) and (-webkit-min-device-pixel-ratio: 2.5)\">\n                          <source srcset=\"https:\/\/www.otto.de\/updated\/app\/uploads\/2023\/11\/Laser-IPL-06-Getty-1536x864.jpg\" media=\"(max-width: 767px) and (-webkit-min-device-pixel-ratio: 1.5)\">\n                          <source srcset=\"https:\/\/www.otto.de\/updated\/app\/uploads\/2023\/11\/Laser-IPL-06-Getty-768x432.jpg\" media=\"(max-width: 767px)\">\n                            <source srcset=\"https:\/\/www.otto.de\/updated\/app\/uploads\/2023\/11\/Laser-IPL-06-Getty-1680x945.jpg\" media=\"(max-width: 991px) and (-webkit-min-device-pixel-ratio: 2.5)\">\n                          <source srcset=\"https:\/\/www.otto.de\/updated\/app\/uploads\/2023\/11\/Laser-IPL-06-Getty-1120x630.jpg\" media=\"(max-width: 991px) and (-webkit-min-device-pixel-ratio: 1.5)\">\n                          <source srcset=\"https:\/\/www.otto.de\/updated\/app\/uploads\/2023\/11\/Laser-IPL-06-Getty-560x315.jpg\" media=\"(max-width: 991px)\">\n        <source srcset=\"https:\/\/www.otto.de\/updated\/app\/uploads\/2023\/11\/Laser-IPL-06-Getty-2304x1296.jpg\" media=\"(-webkit-min-device-pixel-ratio: 2.5)\">\n  <source srcset=\"https:\/\/www.otto.de\/updated\/app\/uploads\/2023\/11\/Laser-IPL-06-Getty-1536x864.jpg\" media=\"(-webkit-min-device-pixel-ratio: 1.5)\">\n  <img loading=\"lazy\" decoding=\"async\" src=\"https:\/\/www.otto.de\/updated\/app\/uploads\/2023\/11\/Laser-IPL-06-Getty-768x432.jpg\" width=\"768\" height=\"432\" title=\"Eine Person mit Schutzbrille liegt auf einer Liege und wird am R\u00fccken per Laser-Haarentfernung behandelt.\" alt=\"Eine Person mit Schutzbrille liegt auf einer Liege und wird am R\u00fccken per Laser-Haarentfernung behandelt.\" class=\"img-responsive img-small\" data-copyright=\"\u00a9 2023 Getty Images\" data-post-excerpt=\"Laser-Behandlungen sind gr\u00fcndlich, k\u00f6nnen aber auch lange dauern. Beide Arten lassen sich an so ziemlich allen K\u00f6rperteilen anwenden.\" data-light-value=\"light\" data-zoom-width=\"2560\" data-zoom-height=\"1707\" data-zoom-src=\"https:\/\/www.otto.de\/updated\/app\/uploads\/2023\/11\/Laser-IPL-06-Getty.jpg\">\n                    <div class=\"caption light\">\n          <small>\n            \u00a9 2023 Get\u00adty Images&nbsp;<\/small>\n        <\/div>\n          <\/picture>\n  <\/div>\n      <figcaption class=\"post-excerpt\">\n      Laser-Behand\u00adlun\u00adgen sind gr\u00fcnd\u00adlich, k\u00f6n\u00adnen aber auch lan\u00adge dau\u00adern. Bei\u00adde Arten las\u00adsen sich an so ziem\u00adlich allen K\u00f6r\u00adper\u00adtei\u00adlen anwenden.&nbsp;<\/figcaption>\n  <\/figure>\n          <\/div>\n    <div class=\"progress-bars\"><\/div>\n    <div class=\"zoom-icon-wrapper\">\n      <div class=\"zoom-icon\"><\/div>\n    <\/div>\n  <\/div>\n<\/div><\/div><\/div><\/div><div class=\"vc_row wpb_row vc_row-fluid\"><div class=\"wpb_column vc_column_container vc_col-sm-12\"><div class=\"vc_column-inner\"><div class=\"wpb_wrapper\">\n\t<div class=\"wpb_text_column wpb_content_element\">\n\t\t<div class=\"wpb_wrapper\">\n\t\t\t<p><span data-contrast=\"auto\">L\u00e4sst du dir mit einem Laser die Haa\u00adre ent\u00adfer\u00adnen, dann musst du gera\u00adde in der ers\u00adten Zeit nicht so oft die Behand\u00adlung wie\u00adder\u00adho\u00adlen. Lang\u00adan\u00adhal\u00adten\u00adde Ergeb\u00adnis\u00adse stel\u00adlen sich also schon fr\u00fc\u00adher ein. Wich\u00adtig ist aller\u00addings: Weder mit Laser- noch IPL-Behand\u00adlung bist du dau\u00ader\u00adhaft befreit vom Haar\u00adwuchs. Die Behand\u00adlun\u00adgen musst du so oder so irgend\u00adwann wiederholen.<\/span><\/p>\n<p><span data-contrast=\"auto\">Der wohl gr\u00f6\u00df\u00adte Nach\u00adteil bei der Laser-Metho\u00adde ist, dass du sie nicht selbst zu Hau\u00adse durch\u00adf\u00fch\u00adren kannst. Es bleibt also nur der Gang in einen Salon, der den Ser\u00advice anbie\u00adtet. Das kann auch zu h\u00f6he\u00adren Kos\u00adten f\u00fchren.<\/span><\/p>\n\n\t\t<\/div>\n\t<\/div>\n<\/div><\/div><\/div><\/div><div class=\"vc_row wpb_row vc_row-fluid\"><div class=\"wpb_column vc_column_container vc_col-sm-12\"><div class=\"vc_column-inner\"><div class=\"wpb_wrapper\"><div class=\"headline toc--item\"><a name=\"ipl-oder-laser-was-ist-nun-besser\"><\/a><h2>IPL oder Laser: Was ist nun besser?<\/h2><\/div><\/div><\/div><\/div><\/div><div class=\"vc_row wpb_row vc_row-fluid\"><div class=\"wpb_column vc_column_container vc_col-sm-12\"><div class=\"vc_column-inner\"><div class=\"wpb_wrapper\">\n\t<div class=\"wpb_text_column wpb_content_element\">\n\t\t<div class=\"wpb_wrapper\">\n\t\t\t<p><span data-contrast=\"auto\">Abschlie\u00ad\u00dfend l\u00e4sst sich die\u00adse Fra\u00adge gar nicht so ein\u00adfach beant\u00adwor\u00adten. G\u00fcns\u00adti\u00adger und in Eigen\u00adre\u00adgie durch\u00adf\u00fchr\u00adbar ist die IPL-Metho\u00adde. Daf\u00fcr arbei\u00adtet sie nicht ganz so sau\u00adber und braucht mehr Behand\u00adlun\u00adgen f\u00fcr ver\u00adn\u00fcnf\u00adti\u00adge Ergeb\u00adnis\u00adse. Der Laser ist genau\u00ader, scho\u00adnen\u00adder und braucht weni\u00adger Anwen\u00addun\u00adgen. Daf\u00fcr sind Besu\u00adche im Salon not\u00adwen\u00addig, die auf Dau\u00ader teu\u00ader sein k\u00f6nnen.<\/span><\/p>\n<p><span data-contrast=\"auto\">Defi\u00adni\u00adtiv bes\u00adser ist der Laser bei Haut- und Haar\u00adty\u00adpen, die f\u00fcr IPL nicht infra\u00adge kommen.<\/span><\/p>\n\n\t\t<\/div>\n\t<\/div>\n<\/div><\/div><\/div><\/div>\n<\/div>","protected":false},"excerpt":{"rendered":"Rasie\u00adren ist nicht nur zeit\u00adauf\u00adwen\u00addig, son\u00addern auch ner\u00advig und durch die Wech\u00adsel\u00adklin\u00adgen teu\u00ader. Auf lan\u00adge Sicht lohnt sich da eine Alter\u00adna\u00adti\u00adve. Mit IPL- und Laser-Haar\u00adent\u00adfer\u00adnung ste\u00adhen zwei zur Wahl, die auch noch sau\u00adbe\u00adre\u00adre Ergeb\u00adnis\u00adse lie\u00adfern. Doch wie funk\u00adtio\u00adnie\u00adren sie, f\u00fcr wen sind sie geeig\u00adnet und was ist bes\u00adser? Hier fin\u00addest du die Ant\u00adwor\u00adten dar\u00adauf.&nbsp;Das&nbsp;[\u2026]","protected":false},"author":102,"featured_media":99206,"comment_status":"closed","ping_status":"open","sticky":false,"template":"","format":"standard","meta":{"_acf_changed":false,"wp_typography_post_enhancements_disabled":false,"footnotes":""},"categories":[35461,35448,35460],"tags":[149],"class_list":["post-99328","post","type-post","status-publish","format-standard","has-post-thumbnail","hentry","category-koerperpflege","category-live-relax","category-wellness","tag-gesundheit"],"acf":[],"yoast_head":"<!-- This site is optimized with the Yoast SEO Premium plugin v25.1 (Yoast SEO v25.1) - https:\/\/yoast.com\/wordpress\/plugins\/seo\/ -->\n<title>Laser- vs. IPL-Haarentfernung: Was ist besser? | OTTO<\/title>\n<meta name=\"description\" content=\"Stressfreie Haarentfernung ohne Rasierer geht sowohl mit Laser- als auch IPL-Behandlung. Hier ein Vergleich der Methoden.\" \/>\n<meta name=\"robots\" content=\"index, follow, max-snippet:-1, max-image-preview:large, max-video-preview:-1\" \/>\n<link rel=\"canonical\" href=\"https:\/\/www.otto.de\/updated\/laser-vs-ipl-haarentfernung-was-ist-besser-99328\/\" \/>\n<meta property=\"og:locale\" content=\"de_DE\" \/>\n<meta property=\"og:type\" content=\"article\" \/>\n<meta property=\"og:title\" content=\"Laser- vs. IPL-Haarentfernung: Was ist besser?\" \/>\n<meta property=\"og:description\" content=\"Stressfreie Haarentfernung ohne Rasierer geht sowohl mit Laser- als auch IPL-Behandlung. Hier ein Vergleich der Methoden.\" \/>\n<meta property=\"og:url\" content=\"https:\/\/www.otto.de\/updated\/laser-vs-ipl-haarentfernung-was-ist-besser-99328\/\" \/>\n<meta property=\"og:site_name\" content=\"UPDATED\" \/>\n<meta property=\"article:publisher\" content=\"https:\/\/www.facebook.com\/updated.de\/\" \/>\n<meta property=\"article:published_time\" content=\"2023-12-06T17:00:28+00:00\" \/>\n<meta property=\"article:modified_time\" content=\"2023-12-06T20:43:15+00:00\" \/>\n<meta property=\"og:image\" content=\"https:\/\/www.otto.de\/updated\/app\/uploads\/2023\/11\/Laser-IPL-05-Getty.jpg\" \/>\n\t<meta property=\"og:image:width\" content=\"2560\" \/>\n\t<meta property=\"og:image:height\" content=\"1707\" \/>\n\t<meta property=\"og:image:type\" content=\"image\/jpeg\" \/>\n<meta name=\"author\" content=\"Thomas Bott\" \/>\n<meta name=\"twitter:card\" content=\"summary_large_image\" \/>\n<meta name=\"twitter:creator\" content=\"@updated_de\" \/>\n<meta name=\"twitter:site\" content=\"@updated_de\" \/>\n<meta name=\"twitter:label1\" content=\"Written by\" \/>\n\t<meta name=\"twitter:data1\" content=\"Thomas Bott\" \/>\n\t<meta name=\"twitter:label2\" content=\"Est. reading time\" \/>\n\t<meta name=\"twitter:data2\" content=\"5\u00a0Minuten\" \/>\n<script type=\"application\/ld+json\" class=\"yoast-schema-graph\">{\"@context\":\"https:\/\/schema.org\",\"@graph\":[{\"@type\":\"WebPage\",\"@id\":\"https:\/\/www.otto.de\/updated\/laser-vs-ipl-haarentfernung-was-ist-besser-99328\/\",\"url\":\"https:\/\/www.otto.de\/updated\/laser-vs-ipl-haarentfernung-was-ist-besser-99328\/\",\"name\":\"Laser- vs. IPL-Haarentfernung: Was ist besser? | OTTO\",\"isPartOf\":{\"@id\":\"https:\/\/www.otto.de\/updated\/#website\"},\"primaryImageOfPage\":{\"@id\":\"https:\/\/www.otto.de\/updated\/laser-vs-ipl-haarentfernung-was-ist-besser-99328\/#primaryimage\"},\"image\":{\"@id\":\"https:\/\/www.otto.de\/updated\/laser-vs-ipl-haarentfernung-was-ist-besser-99328\/#primaryimage\"},\"thumbnailUrl\":\"https:\/\/www.otto.de\/updated\/app\/uploads\/2023\/11\/Laser-IPL-05-Getty.jpg\",\"datePublished\":\"2023-12-06T17:00:28+00:00\",\"dateModified\":\"2023-12-06T20:43:15+00:00\",\"author\":{\"@id\":\"https:\/\/www.otto.de\/updated\/#\/schema\/person\/c789d338d6a16a702d57cb6fbbf44e9d\"},\"description\":\"Stressfreie Haarentfernung ohne Rasierer geht sowohl mit Laser- als auch IPL-Behandlung. Hier ein Vergleich der Methoden.\",\"breadcrumb\":{\"@id\":\"https:\/\/www.otto.de\/updated\/laser-vs-ipl-haarentfernung-was-ist-besser-99328\/#breadcrumb\"},\"inLanguage\":\"de\",\"potentialAction\":[{\"@type\":\"ReadAction\",\"target\":[\"https:\/\/www.otto.de\/updated\/laser-vs-ipl-haarentfernung-was-ist-besser-99328\/\"]}]},{\"@type\":\"ImageObject\",\"inLanguage\":\"de\",\"@id\":\"https:\/\/www.otto.de\/updated\/laser-vs-ipl-haarentfernung-was-ist-besser-99328\/#primaryimage\",\"url\":\"https:\/\/www.otto.de\/updated\/app\/uploads\/2023\/11\/Laser-IPL-05-Getty.jpg\",\"contentUrl\":\"https:\/\/www.otto.de\/updated\/app\/uploads\/2023\/11\/Laser-IPL-05-Getty.jpg\",\"width\":2560,\"height\":1707,\"caption\":\"IPL-Behandlung wie hier im Bild oder doch lieber der Laser? Was besser ist, kommt in erster Linie auf dich selbst an.\"},{\"@type\":\"BreadcrumbList\",\"@id\":\"https:\/\/www.otto.de\/updated\/laser-vs-ipl-haarentfernung-was-ist-besser-99328\/#breadcrumb\",\"itemListElement\":[{\"@type\":\"ListItem\",\"position\":1,\"name\":\"Startseite\",\"item\":\"\/updated\/\"},{\"@type\":\"ListItem\",\"position\":2,\"name\":\"Live &amp; Relax\",\"item\":\"https:\/\/www.otto.de\/updated\/live-relax\/\"},{\"@type\":\"ListItem\",\"position\":3,\"name\":\"Wellness\",\"item\":\"https:\/\/www.otto.de\/updated\/wellness\/\"},{\"@type\":\"ListItem\",\"position\":4,\"name\":\"K\u00f6rperpflege\",\"item\":\"https:\/\/www.otto.de\/updated\/koerperpflege\/\"},{\"@type\":\"ListItem\",\"position\":5,\"name\":\"Laser- vs. IPL-Haar\u00adent\u00adfer\u00adnung: Was ist besser?\"}]},{\"@type\":\"WebSite\",\"@id\":\"https:\/\/www.otto.de\/updated\/#website\",\"url\":\"https:\/\/www.otto.de\/updated\/\",\"name\":\"UPDATED\",\"description\":\"\",\"potentialAction\":[{\"@type\":\"SearchAction\",\"target\":{\"@type\":\"EntryPoint\",\"urlTemplate\":\"https:\/\/www.otto.de\/updated\/?s={search_term_string}\"},\"query-input\":{\"@type\":\"PropertyValueSpecification\",\"valueRequired\":true,\"valueName\":\"search_term_string\"}}],\"inLanguage\":\"de\"},{\"@type\":\"Person\",\"@id\":\"https:\/\/www.otto.de\/updated\/#\/schema\/person\/c789d338d6a16a702d57cb6fbbf44e9d\",\"name\":\"Thomas Bott\",\"description\":\"Tom ist gelernter Journalist und hat in seinem Beruf mittlerweile fast zwei Jahrzehnte auf dem Buckel. Neben kleinen Ausfl\u00fcgen in die Bereiche Sport und Automotive hat er sich bisher haupts\u00e4chlich mit Games und Technik auseinandergesetzt. Darunter etwa als ehemaliger Teil der Redaktion von COMPUTER BILD. Neue Konsolen, Spiele, Smartphones, Laptops und mehr: Tom ist immer auf dem Laufenden und somit stets erster Ansprechpartner dazu im Familien- und Freundeskreis. Bei UPDATED gibt er diese Expertise gerne an ein noch breiteres Publikum weiter.\",\"url\":\"https:\/\/www.otto.de\/updated\/redaktion\/\",\"image\":null,\"colleague\":[\"https:\/\/www.otto.de\/updated\/redaktion\/alexander-kraft\/\",\"https:\/\/www.otto.de\/updated\/redaktion\/anne-beyer\/\",\"https:\/\/www.otto.de\/updated\/redaktion\/arne-schaetzle\/\",\"https:\/\/www.otto.de\/updated\/redaktion\/jana-janssen\/\",\"https:\/\/www.otto.de\/updated\/redaktion\/pascal-wuttke\/\",\"https:\/\/www.otto.de\/updated\/redaktion\/thomas-bott\/\"],\"worksFor\":[{\"@type\":\"Organization\",\"id\":\"https:\/\/www.otto.de\/updated\/#organization\",\"name\":\"UPDATED\"}]}]}<\/script>\n<!-- \/ Yoast SEO Premium plugin. -->","yoast_head_json":{"title":"Laser- vs. IPL-Haarentfernung: Was ist besser? | OTTO","description":"Stressfreie Haarentfernung ohne Rasierer geht sowohl mit Laser- als auch IPL-Behandlung. Hier ein Vergleich der Methoden.","robots":{"index":"index","follow":"follow","max-snippet":"max-snippet:-1","max-image-preview":"max-image-preview:large","max-video-preview":"max-video-preview:-1"},"canonical":"https:\/\/www.otto.de\/updated\/laser-vs-ipl-haarentfernung-was-ist-besser-99328\/","og_locale":"de_DE","og_type":"article","og_title":"Laser- vs. IPL-Haarentfernung: Was ist besser?","og_description":"Stressfreie Haarentfernung ohne Rasierer geht sowohl mit Laser- als auch IPL-Behandlung. Hier ein Vergleich der Methoden.","og_url":"https:\/\/www.otto.de\/updated\/laser-vs-ipl-haarentfernung-was-ist-besser-99328\/","og_site_name":"UPDATED","article_publisher":"https:\/\/www.facebook.com\/updated.de\/","article_published_time":"2023-12-06T17:00:28+00:00","article_modified_time":"2023-12-06T20:43:15+00:00","og_image":[{"width":2560,"height":1707,"url":"https:\/\/www.otto.de\/updated\/app\/uploads\/2023\/11\/Laser-IPL-05-Getty.jpg","type":"image\/jpeg"}],"author":"Thomas Bott","twitter_card":"summary_large_image","twitter_creator":"@updated_de","twitter_site":"@updated_de","twitter_misc":{"Written by":"Thomas Bott","Est. reading time":"5\u00a0Minuten"},"schema":{"@context":"https:\/\/schema.org","@graph":[{"@type":"WebPage","@id":"https:\/\/www.otto.de\/updated\/laser-vs-ipl-haarentfernung-was-ist-besser-99328\/","url":"https:\/\/www.otto.de\/updated\/laser-vs-ipl-haarentfernung-was-ist-besser-99328\/","name":"Laser- vs. IPL-Haarentfernung: Was ist besser? | OTTO","isPartOf":{"@id":"https:\/\/www.otto.de\/updated\/#website"},"primaryImageOfPage":{"@id":"https:\/\/www.otto.de\/updated\/laser-vs-ipl-haarentfernung-was-ist-besser-99328\/#primaryimage"},"image":{"@id":"https:\/\/www.otto.de\/updated\/laser-vs-ipl-haarentfernung-was-ist-besser-99328\/#primaryimage"},"thumbnailUrl":"https:\/\/www.otto.de\/updated\/app\/uploads\/2023\/11\/Laser-IPL-05-Getty.jpg","datePublished":"2023-12-06T17:00:28+00:00","dateModified":"2023-12-06T20:43:15+00:00","author":{"@id":"https:\/\/www.otto.de\/updated\/#\/schema\/person\/c789d338d6a16a702d57cb6fbbf44e9d"},"description":"Stressfreie Haarentfernung ohne Rasierer geht sowohl mit Laser- als auch IPL-Behandlung. Hier ein Vergleich der Methoden.","breadcrumb":{"@id":"https:\/\/www.otto.de\/updated\/laser-vs-ipl-haarentfernung-was-ist-besser-99328\/#breadcrumb"},"inLanguage":"de","potentialAction":[{"@type":"ReadAction","target":["https:\/\/www.otto.de\/updated\/laser-vs-ipl-haarentfernung-was-ist-besser-99328\/"]}]},{"@type":"ImageObject","inLanguage":"de","@id":"https:\/\/www.otto.de\/updated\/laser-vs-ipl-haarentfernung-was-ist-besser-99328\/#primaryimage","url":"https:\/\/www.otto.de\/updated\/app\/uploads\/2023\/11\/Laser-IPL-05-Getty.jpg","contentUrl":"https:\/\/www.otto.de\/updated\/app\/uploads\/2023\/11\/Laser-IPL-05-Getty.jpg","width":2560,"height":1707,"caption":"IPL-Behandlung wie hier im Bild oder doch lieber der Laser? Was besser ist, kommt in erster Linie auf dich selbst an."},{"@type":"BreadcrumbList","@id":"https:\/\/www.otto.de\/updated\/laser-vs-ipl-haarentfernung-was-ist-besser-99328\/#breadcrumb","itemListElement":[{"@type":"ListItem","position":1,"name":"Startseite","item":"\/updated\/"},{"@type":"ListItem","position":2,"name":"Live &amp; Relax","item":"https:\/\/www.otto.de\/updated\/live-relax\/"},{"@type":"ListItem","position":3,"name":"Wellness","item":"https:\/\/www.otto.de\/updated\/wellness\/"},{"@type":"ListItem","position":4,"name":"K\u00f6rperpflege","item":"https:\/\/www.otto.de\/updated\/koerperpflege\/"},{"@type":"ListItem","position":5,"name":"Laser- vs. IPL-Haar\u00adent\u00adfer\u00adnung: Was ist besser?"}]},{"@type":"WebSite","@id":"https:\/\/www.otto.de\/updated\/#website","url":"https:\/\/www.otto.de\/updated\/","name":"UPDATED","description":"","potentialAction":[{"@type":"SearchAction","target":{"@type":"EntryPoint","urlTemplate":"https:\/\/www.otto.de\/updated\/?s={search_term_string}"},"query-input":{"@type":"PropertyValueSpecification","valueRequired":true,"valueName":"search_term_string"}}],"inLanguage":"de"},{"@type":"Person","@id":"https:\/\/www.otto.de\/updated\/#\/schema\/person\/c789d338d6a16a702d57cb6fbbf44e9d","name":"Thomas Bott","description":"Tom ist gelernter Journalist und hat in seinem Beruf mittlerweile fast zwei Jahrzehnte auf dem Buckel. Neben kleinen Ausfl\u00fcgen in die Bereiche Sport und Automotive hat er sich bisher haupts\u00e4chlich mit Games und Technik auseinandergesetzt. Darunter etwa als ehemaliger Teil der Redaktion von COMPUTER BILD. Neue Konsolen, Spiele, Smartphones, Laptops und mehr: Tom ist immer auf dem Laufenden und somit stets erster Ansprechpartner dazu im Familien- und Freundeskreis. Bei UPDATED gibt er diese Expertise gerne an ein noch breiteres Publikum weiter.","url":"https:\/\/www.otto.de\/updated\/redaktion\/","image":null,"colleague":["https:\/\/www.otto.de\/updated\/redaktion\/alexander-kraft\/","https:\/\/www.otto.de\/updated\/redaktion\/anne-beyer\/","https:\/\/www.otto.de\/updated\/redaktion\/arne-schaetzle\/","https:\/\/www.otto.de\/updated\/redaktion\/jana-janssen\/","https:\/\/www.otto.de\/updated\/redaktion\/pascal-wuttke\/","https:\/\/www.otto.de\/updated\/redaktion\/thomas-bott\/"],"worksFor":[{"@type":"Organization","id":"https:\/\/www.otto.de\/updated\/#organization","name":"UPDATED"}]}]}},"_links":{"self":[{"href":"https:\/\/www.otto.de\/updated\/wp-json\/wp\/v2\/posts\/99328","targetHints":{"allow":["GET"]}}],"collection":[{"href":"https:\/\/www.otto.de\/updated\/wp-json\/wp\/v2\/posts"}],"about":[{"href":"https:\/\/www.otto.de\/updated\/wp-json\/wp\/v2\/types\/post"}],"author":[{"embeddable":true,"href":"https:\/\/www.otto.de\/updated\/wp-json\/wp\/v2\/users\/102"}],"replies":[{"embeddable":true,"href":"https:\/\/www.otto.de\/updated\/wp-json\/wp\/v2\/comments?post=99328"}],"version-history":[{"count":3,"href":"https:\/\/www.otto.de\/updated\/wp-json\/wp\/v2\/posts\/99328\/revisions"}],"predecessor-version":[{"id":99331,"href":"https:\/\/www.otto.de\/updated\/wp-json\/wp\/v2\/posts\/99328\/revisions\/99331"}],"wp:featuredmedia":[{"embeddable":true,"href":"https:\/\/www.otto.de\/updated\/wp-json\/wp\/v2\/media\/99206"}],"wp:attachment":[{"href":"https:\/\/www.otto.de\/updated\/wp-json\/wp\/v2\/media?parent=99328"}],"wp:term":[{"taxonomy":"category","embeddable":true,"href":"https:\/\/www.otto.de\/updated\/wp-json\/wp\/v2\/categories?post=99328"},{"taxonomy":"post_tag","embeddable":true,"href":"https:\/\/www.otto.de\/updated\/wp-json\/wp\/v2\/tags?post=99328"}],"curies":[{"name":"wp","href":"https:\/\/api.w.org\/{rel}","templated":true}]}}