
{"id":98988,"date":"2023-10-10T07:30:05","date_gmt":"2023-10-10T05:30:05","guid":{"rendered":"\/updated\/?p=98988"},"modified":"2023-10-09T23:51:38","modified_gmt":"2023-10-09T21:51:38","slug":"vr-und-videobrille-meta-stellt-meta-quest-3-und-ray-ban-smart-glasses-vor","status":"publish","type":"post","link":"https:\/\/www.otto.de\/updated\/vr-und-videobrille-meta-stellt-meta-quest-3-und-ray-ban-smart-glasses-vor-98988\/","title":{"rendered":"VR und Video\u00adbril\u00adle: Meta stellt Meta Quest 3 und Ray-Ban Smart Glas\u00adses&nbsp;vor"},"content":{"rendered":"<div class=\"wpb-content-wrapper\"><div class=\"vc_row wpb_row vc_row-fluid\"><div class=\"wpb_column vc_column_container vc_col-sm-12\"><div class=\"vc_column-inner\"><div class=\"wpb_wrapper\">\n\t<div class=\"wpb_text_column wpb_content_element\">\n\t\t<div class=\"wpb_wrapper\">\n\t\t\t<p><strong><span class=\"TextRun MacChromeBold SCXW190631343 BCX0\" lang=\"DE-DE\" xml:lang=\"DE-DE\" data-contrast=\"auto\"><span class=\"NormalTextRun SCXW190631343 BCX0\">Ende Sep\u00adtem\u00adber pr\u00e4\u00adsen\u00adtier\u00adte Mark Zucker\u00adbergs Unter\u00adneh\u00admen <\/span><span class=\"NormalTextRun SCXW190631343 BCX0\">Meta<\/span><span class=\"NormalTextRun SCXW190631343 BCX0\"> nicht nur, wie KI ver\u00adst\u00e4rkt in Face\u00adbook, Whats\u00adApp und Insta\u00adgram Ein\u00adzug hal\u00adten wird. Die zwei\u00adt\u00e4\u00adti\u00adge <\/span><span class=\"NormalTextRun SCXW190631343 BCX0\">Meta<\/span><span class=\"NormalTextRun SCXW190631343 BCX0\"> Con\u00adnect war auch B\u00fch\u00adne f\u00fcr die Ank\u00fcn\u00addi\u00adgung neu\u00ader Hard\u00adware. Mit der <\/span><span class=\"NormalTextRun SCXW190631343 BCX0\">Meta<\/span><span class=\"NormalTextRun SCXW190631343 BCX0\"> Quest 3 und den <\/span><span class=\"NormalTextRun SCXW190631343 BCX0\">Ray-Ban |<\/span> <span class=\"NormalTextRun SCXW190631343 BCX0\">Meta<\/span><span class=\"NormalTextRun SCXW190631343 BCX0\"> Smart <\/span><span class=\"NormalTextRun SCXW190631343 BCX0\">Glas\u00adses<\/span><span class=\"NormalTextRun SCXW190631343 BCX0\"> erschei\u00adnen die\u00adsen Okto\u00adber gleich zwei neue Bril\u00adlen<\/span><span class=\"NormalTextRun SCXW190631343 BCX0\">, die unter\u00adschied\u00adli\u00adcher nicht sein k\u00f6nn\u00adten. Alle Infos zur <\/span><span class=\"NormalTextRun SCXW190631343 BCX0\">Meta<\/span><span class=\"NormalTextRun SCXW190631343 BCX0\"> Quest 3 und den <\/span><span class=\"NormalTextRun SCXW190631343 BCX0\">Ray-Ban | <\/span><span class=\"NormalTextRun SCXW190631343 BCX0\">Meta<\/span><span class=\"NormalTextRun SCXW190631343 BCX0\"> Smart <\/span><span class=\"NormalTextRun SCXW190631343 BCX0\">Glas\u00adses<\/span><span class=\"NormalTextRun SCXW190631343 BCX0\"> liest du hier.<\/span><\/span><span class=\"EOP SCXW190631343 BCX0\" data-ccp-props=\"{}\">&nbsp;<\/span><\/strong><\/p>\n\n\t\t<\/div>\n\t<\/div>\n<\/div><\/div><\/div><\/div><div class=\"vc_row wpb_row vc_row-fluid\"><div class=\"wpb_column vc_column_container vc_col-sm-12\"><div class=\"vc_column-inner\"><div class=\"wpb_wrapper\"><nav class=\"toc\"><h2 class=\"toc--headline\">Das erfahrt ihr gleich<\/h2><ul class=\"toc--links\"><li><a href=\"#meta-quest-3-vr-fuer-den-endverbraucher\">Meta Quest 3: VR f\u00fcr den Endverbraucher<\/a><\/li><li><a href=\"#mixed-reality-virtual-reality-oder-beides\">Mixed Rea\u00adli\u00adty, Vir\u00adtu\u00adal Rea\u00adli\u00adty \u2013 oder beides?<\/a><\/li><li><a href=\"#technisch-besser-als-die-meta-quest-pro\">Tech\u00adnisch bes\u00adser als die Meta Quest&nbsp;Pro<\/a><\/li><li><a href=\"#abwaertskompatibilitaet-und-gestensteuerung\">Abw\u00e4rts\u00adkom\u00adpa\u00adti\u00adbi\u00adli\u00adt\u00e4t und Gestensteuerung<\/a><\/li><li><a href=\"#ray-ban-meta-smart-glasses-videobrille-fuer-facebook-und-instagram\">Ray-Ban | Meta Smart Glas\u00adses: Video\u00adbril\u00adle f\u00fcr Face\u00adbook und Instagram<\/a><\/li><li><a href=\"#spracherkennung-und-verbesserte-audioqualitaet\">Sprach\u00ader\u00adken\u00adnung und ver\u00adbes\u00adser\u00adte Audioqualit\u00e4t<\/a><\/li><\/ul><\/nav><\/div><\/div><\/div><\/div><div class=\"vc_row wpb_row vc_row-fluid\"><div class=\"wpb_column vc_column_container vc_col-sm-12\"><div class=\"vc_column-inner\"><div class=\"wpb_wrapper\"><div class=\"headline toc--item\"><a name=\"meta-quest-3-vr-fuer-den-endverbraucher\"><\/a><h2>Meta Quest 3: VR f\u00fcr den Endverbraucher<\/h2><\/div><\/div><\/div><\/div><\/div><div class=\"vc_row wpb_row vc_row-fluid\"><div class=\"wpb_column vc_column_container vc_col-sm-12\"><div class=\"vc_column-inner\"><div class=\"wpb_wrapper\">\n\t<div class=\"wpb_text_column wpb_content_element\">\n\t\t<div class=\"wpb_wrapper\">\n\t\t\t<p><span class=\"TextRun SCXW157380309 BCX0\" lang=\"DE-DE\" xml:lang=\"DE-DE\" data-contrast=\"auto\"><span class=\"NormalTextRun SCXW157380309 BCX0\">Bereits im Juni 2023 hat\u00adte Mark Zucker\u00adberg via Insta\u00adgram die Arbeit an einer neu\u00aden VR-Bril\u00adle best\u00e4\u00adtigt. Die\u00adse w\u00fcr\u00adde den Namen \u201e<\/span><span class=\"NormalTextRun SCXW157380309 BCX0\">Meta<\/span><span class=\"NormalTextRun SCXW157380309 BCX0\"> Quest 3\u201c tra\u00adgen und somit der <\/span><span class=\"NormalTextRun SCXW157380309 BCX0\">Meta<\/span><span class=\"NormalTextRun SCXW157380309 BCX0\"> Quest 2 nach\u00adfol\u00adgen, die im Herbst 2020, damals noch als Ocu\u00adlus Quest 2, vor\u00adge\u00adstellt wor\u00adden war. Das Vor\u00adg\u00e4n\u00adger\u00admo\u00addell bleibt \u2013 zumin\u00addest vor\u00aderst \u2013 wei\u00adter im Ver\u00adkauf, <\/span><span class=\"NormalTextRun SCXW157380309 BCX0\">Meta<\/span><span class=\"NormalTextRun SCXW157380309 BCX0\"> hat den Preis der Quest 2 aber ent\u00adspre\u00adchend nach unten kor\u00adri\u00adgiert. Somit besteht das aktu\u00adel\u00adle Line-up der VR-Bri<\/span><span class=\"NormalTextRun SCXW157380309 BCX0\">l<\/span><span class=\"NormalTextRun SCXW157380309 BCX0\">len bei <\/span><span class=\"NormalTextRun SCXW157380309 BCX0\">Meta<\/span><span class=\"NormalTextRun SCXW157380309 BCX0\"> aus der <\/span><span class=\"NormalTextRun SCXW157380309 BCX0\">Meta<\/span><span class=\"NormalTextRun SCXW157380309 BCX0\"> Quest 2, der <\/span><span class=\"NormalTextRun SCXW157380309 BCX0\">Meta<\/span><span class=\"NormalTextRun SCXW157380309 BCX0\"> Quest Pro und der im Okto\u00adber 2023 erschie\u00adne\u00adnen <\/span><span class=\"NormalTextRun SCXW157380309 BCX0\">Meta<\/span><span class=\"NormalTextRun SCXW157380309 BCX0\"> Quest 3. <\/span><span class=\"NormalTextRun SCXW157380309 BCX0\">Final vor\u00adge\u00adstellt hat\u00adte <\/span><span class=\"NormalTextRun SCXW157380309 BCX0\">Meta<\/span><span class=\"NormalTextRun SCXW157380309 BCX0\"> sei\u00adne neue Hard\u00adware f\u00fcr die Vir\u00adtu\u00adal Rea\u00adli\u00adty auf der Ende Sep\u00adtem\u00adber 2023 abge\u00adhal\u00adte\u00adnen <\/span><span class=\"NormalTextRun SCXW157380309 BCX0\">Meta<\/span><span class=\"NormalTextRun SCXW157380309 BCX0\"> Con\u00adnect. Eine \u00fcber\u00adar\u00adbei\u00adte\u00adte Pro 2 wird aller Vor\u00adaus\u00adsicht nicht mehr erschei\u00adnen \u2013 offen\u00adbar hat\u00adte das Unter\u00adneh\u00admen bereits Anfang des Jah\u00adres die Pl\u00e4\u00adne f\u00fcr einen Nach\u00adfol\u00adger verworfen.<\/span><\/span><\/p>\n\n\t\t<\/div>\n\t<\/div>\n<\/div><\/div><\/div><\/div><div class=\"vc_row wpb_row vc_row-fluid\"><div class=\"wpb_column vc_column_container vc_col-sm-12\"><div class=\"vc_column-inner\"><div class=\"wpb_wrapper\">  <div class=\"slick-gallery-wrapper gallery-no-padding\" data-number-of-slides=\"1\">\n    <div class=\"slick-gallery should-lightbox \" id=\"slick_gallery_bpg9I6CA65qMWM8Jpn9Y\">\n              <figure>\n  <div class=\"img-small-container\">\n    <div class=\"img-small-hover-background\"><\/div>\n    <picture>\n                                <source srcset=\"https:\/\/www.otto.de\/updated\/app\/uploads-webp\/uploads\/2023\/10\/Meta-Quest-3-1080x615.jpg.webp\" media=\"(max-width: 360px) and (-webkit-min-device-pixel-ratio: 2.5)\" type=\"image\/webp\">\n                  <source srcset=\"https:\/\/www.otto.de\/updated\/app\/uploads\/2023\/10\/Meta-Quest-3-1080x615.jpg\" media=\"(max-width: 360px) and (-webkit-min-device-pixel-ratio: 2.5)\">\n                  <source srcset=\"https:\/\/www.otto.de\/updated\/app\/uploads-webp\/uploads\/2023\/10\/Meta-Quest-3-720x410.jpg.webp\" media=\"(max-width: 360px) and (-webkit-min-device-pixel-ratio: 1.5)\" type=\"image\/webp\">\n                  <source srcset=\"https:\/\/www.otto.de\/updated\/app\/uploads\/2023\/10\/Meta-Quest-3-720x410.jpg\" media=\"(max-width: 360px) and (-webkit-min-device-pixel-ratio: 1.5)\">\n                  <source srcset=\"https:\/\/www.otto.de\/updated\/app\/uploads-webp\/uploads\/2023\/10\/Meta-Quest-3-360x205.jpg.webp\" media=\"(max-width: 360px)\" type=\"image\/webp\">\n                  <source srcset=\"https:\/\/www.otto.de\/updated\/app\/uploads\/2023\/10\/Meta-Quest-3-360x205.jpg\" media=\"(max-width: 360px)\">\n                    <source srcset=\"https:\/\/www.otto.de\/updated\/app\/uploads-webp\/uploads\/2023\/10\/Meta-Quest-3-1680x945.jpg.webp\" media=\"(max-width: 560px) and (-webkit-min-device-pixel-ratio: 2.5)\" type=\"image\/webp\">\n                  <source srcset=\"https:\/\/www.otto.de\/updated\/app\/uploads\/2023\/10\/Meta-Quest-3-1680x945.jpg\" media=\"(max-width: 560px) and (-webkit-min-device-pixel-ratio: 2.5)\">\n                  <source srcset=\"https:\/\/www.otto.de\/updated\/app\/uploads-webp\/uploads\/2023\/10\/Meta-Quest-3-1120x630.jpg.webp\" media=\"(max-width: 560px) and (-webkit-min-device-pixel-ratio: 1.5)\" type=\"image\/webp\">\n                  <source srcset=\"https:\/\/www.otto.de\/updated\/app\/uploads\/2023\/10\/Meta-Quest-3-1120x630.jpg\" media=\"(max-width: 560px) and (-webkit-min-device-pixel-ratio: 1.5)\">\n                  <source srcset=\"https:\/\/www.otto.de\/updated\/app\/uploads-webp\/uploads\/2023\/10\/Meta-Quest-3-560x315.jpg.webp\" media=\"(max-width: 560px)\" type=\"image\/webp\">\n                  <source srcset=\"https:\/\/www.otto.de\/updated\/app\/uploads\/2023\/10\/Meta-Quest-3-560x315.jpg\" media=\"(max-width: 560px)\">\n                    <source srcset=\"https:\/\/www.otto.de\/updated\/app\/uploads-webp\/uploads\/2023\/10\/Meta-Quest-3-2304x1296.jpg.webp\" media=\"(max-width: 767px) and (-webkit-min-device-pixel-ratio: 2.5)\" type=\"image\/webp\">\n                  <source srcset=\"https:\/\/www.otto.de\/updated\/app\/uploads\/2023\/10\/Meta-Quest-3-2304x1296.jpg\" media=\"(max-width: 767px) and (-webkit-min-device-pixel-ratio: 2.5)\">\n                  <source srcset=\"https:\/\/www.otto.de\/updated\/app\/uploads-webp\/uploads\/2023\/10\/Meta-Quest-3-1536x864.jpg.webp\" media=\"(max-width: 767px) and (-webkit-min-device-pixel-ratio: 1.5)\" type=\"image\/webp\">\n                  <source srcset=\"https:\/\/www.otto.de\/updated\/app\/uploads\/2023\/10\/Meta-Quest-3-1536x864.jpg\" media=\"(max-width: 767px) and (-webkit-min-device-pixel-ratio: 1.5)\">\n                  <source srcset=\"https:\/\/www.otto.de\/updated\/app\/uploads-webp\/uploads\/2023\/10\/Meta-Quest-3-768x432.jpg.webp\" media=\"(max-width: 767px)\" type=\"image\/webp\">\n                  <source srcset=\"https:\/\/www.otto.de\/updated\/app\/uploads\/2023\/10\/Meta-Quest-3-768x432.jpg\" media=\"(max-width: 767px)\">\n                    <source srcset=\"https:\/\/www.otto.de\/updated\/app\/uploads-webp\/uploads\/2023\/10\/Meta-Quest-3-1680x945.jpg.webp\" media=\"(max-width: 991px) and (-webkit-min-device-pixel-ratio: 2.5)\" type=\"image\/webp\">\n                  <source srcset=\"https:\/\/www.otto.de\/updated\/app\/uploads\/2023\/10\/Meta-Quest-3-1680x945.jpg\" media=\"(max-width: 991px) and (-webkit-min-device-pixel-ratio: 2.5)\">\n                  <source srcset=\"https:\/\/www.otto.de\/updated\/app\/uploads-webp\/uploads\/2023\/10\/Meta-Quest-3-1120x630.jpg.webp\" media=\"(max-width: 991px) and (-webkit-min-device-pixel-ratio: 1.5)\" type=\"image\/webp\">\n                  <source srcset=\"https:\/\/www.otto.de\/updated\/app\/uploads\/2023\/10\/Meta-Quest-3-1120x630.jpg\" media=\"(max-width: 991px) and (-webkit-min-device-pixel-ratio: 1.5)\">\n                  <source srcset=\"https:\/\/www.otto.de\/updated\/app\/uploads-webp\/uploads\/2023\/10\/Meta-Quest-3-560x315.jpg.webp\" media=\"(max-width: 991px)\" type=\"image\/webp\">\n                  <source srcset=\"https:\/\/www.otto.de\/updated\/app\/uploads\/2023\/10\/Meta-Quest-3-560x315.jpg\" media=\"(max-width: 991px)\">\n        <source srcset=\"https:\/\/www.otto.de\/updated\/app\/uploads-webp\/uploads\/2023\/10\/Meta-Quest-3-2304x1296.jpg.webp\" media=\"(-webkit-min-device-pixel-ratio: 2.5)\" type=\"image\/webp\">\n  <source srcset=\"https:\/\/www.otto.de\/updated\/app\/uploads\/2023\/10\/Meta-Quest-3-2304x1296.jpg\" media=\"(-webkit-min-device-pixel-ratio: 2.5)\">\n  <source srcset=\"https:\/\/www.otto.de\/updated\/app\/uploads-webp\/uploads\/2023\/10\/Meta-Quest-3-1536x864.jpg.webp\" media=\"(-webkit-min-device-pixel-ratio: 1.5)\" type=\"image\/webp\">\n  <source srcset=\"https:\/\/www.otto.de\/updated\/app\/uploads\/2023\/10\/Meta-Quest-3-1536x864.jpg\" media=\"(-webkit-min-device-pixel-ratio: 1.5)\">\n  <source srcset=\"https:\/\/www.otto.de\/updated\/app\/uploads-webp\/uploads\/2023\/10\/Meta-Quest-3-768x432.jpg.webp\" type=\"image\/webp\">\n  <img loading=\"lazy\" decoding=\"async\" src=\"https:\/\/www.otto.de\/updated\/app\/uploads\/2023\/10\/Meta-Quest-3-768x432.jpg\" width=\"768\" height=\"432\" title=\"Eine Person sitzt an einem Tisch, auf dem ein Controller der Meta Quest 3 liegt. Die VR-Brille, die die Person tr\u00e4gt, bedient sie mit einer nach oben zeigenden Hand.\" alt=\"Eine Person sitzt an einem Tisch, auf dem ein Controller der Meta Quest 3 liegt. Die VR-Brille, die die Person tr\u00e4gt, bedient sie mit einer nach oben zeigenden Hand.\" class=\"img-responsive img-small\" data-copyright=\"\u00a9 2023 Meta\" data-post-excerpt=\"Ganz ohne Controller: Die Meta Quest 3 l\u00e4sst sich auch mit Gesten bedienen.\" data-light-value=\"dark\" data-zoom-width=\"2560\" data-zoom-height=\"1707\" data-zoom-src=\"https:\/\/www.otto.de\/updated\/app\/uploads\/2023\/10\/Meta-Quest-3.jpg\">\n                    <div class=\"caption dark\">\n          <small>\n            \u00a9 2023&nbsp;Meta&nbsp;<\/small>\n        <\/div>\n          <\/picture>\n  <\/div>\n      <figcaption class=\"post-excerpt\">\n      Ganz ohne Con\u00adtrol\u00adler: Die Meta Quest 3 l\u00e4sst sich auch mit Ges\u00adten bedienen.&nbsp;<\/figcaption>\n  <\/figure>\n          <\/div>\n    <div class=\"progress-bars\"><\/div>\n    <div class=\"zoom-icon-wrapper\">\n      <div class=\"zoom-icon\"><\/div>\n    <\/div>\n  <\/div>\n<\/div><\/div><\/div><\/div><div class=\"vc_row wpb_row vc_row-fluid\"><div class=\"wpb_column vc_column_container vc_col-sm-12\"><div class=\"vc_column-inner\"><div class=\"wpb_wrapper\">\n\t<div class=\"wpb_text_column wpb_content_element\">\n\t\t<div class=\"wpb_wrapper\">\n\t\t\t<p><span data-contrast=\"auto\">Statt\u00addes\u00adsen kon\u00adzen\u00adtriert sich der Tech-Rie\u00adse mit der Meta Quest 3 nun wie\u00adder aus\u00adschlie\u00df\u00adlich auf den Markt f\u00fcr End\u00adver\u00adbrau\u00adcher. Das l\u00e4sst sich bereits am Preis des neu\u00aden Vir\u00adtu\u00adal-Rea\u00adli\u00adty-Head\u00adsets able\u00adsen: Ab 549,99 Euro geht die Quest 3 in den Ver\u00adkauf, 699,99 Euro sind es f\u00fcr die gr\u00f6\u00ad\u00dfe\u00adre Spei\u00adcher\u00adva\u00adri\u00adan\u00adte. Zum Ver\u00adgleich: F\u00fcr die Meta Quest Pro w\u00e4ren ein Jahr zuvor fast 2.000 Euro f\u00e4l\u00adlig gewe\u00adsen. \u201eW\u00e4re\u201c des\u00adhalb, weil sowohl die Meta Quest 2 als auch die Pro \u00fcber\u00adhaupt erst seit Ende 2022 offi\u00adzi\u00adell in Deutsch\u00adland erh\u00e4lt\u00adlich&nbsp;sind.<\/span><\/p>\n<p><span data-contrast=\"auto\">Die Meta Quest 3 kommt am 11. Okto\u00adber 2023 regu\u00adl\u00e4r und zeit\u00adgleich mit dem inter\u00adna\u00adtio\u00adna\u00adlen Start auch in Deutsch\u00adland in den Han\u00addel. Ver\u00adf\u00fcg\u00adbar ist das Modell mit 128 Giga\u00adbyte Spei\u00adcher f\u00fcr 549,99 Euro oder mit 512 GB Spei\u00adcher f\u00fcr 699,99 Euro. Wie bei den g\u00fcns\u00adti\u00adge\u00adren Quest-Bril\u00adlen \u00fcblich sind die\u00adse aus\u00adschlie\u00df\u00adlich in Wei\u00df erh\u00e4lt\u00adlich, w\u00e4h\u00adrend es die Pro nur in Schwarz gibt. Deren Preis hat Meta \u00fcbri\u00adgens inzwi\u00adschen auf 1.199,99 Euro gesenkt, die Quest 2 star\u00adtet bei 349,99 Euro.<\/span><\/p>\n\n\t\t<\/div>\n\t<\/div>\n<\/div><\/div><\/div><\/div><div class=\"vc_row wpb_row vc_row-fluid\"><div class=\"wpb_column vc_column_container vc_col-sm-12\"><div class=\"vc_column-inner\"><div class=\"wpb_wrapper\"><div class=\"headline toc--item\"><a name=\"mixed-reality-virtual-reality-oder-beides\"><\/a><h2>Mixed Rea\u00adli\u00adty, Vir\u00adtu\u00adal Rea\u00adli\u00adty \u2013 oder beides?<\/h2><\/div><\/div><\/div><\/div><\/div><div class=\"vc_row wpb_row vc_row-fluid\"><div class=\"wpb_column vc_column_container vc_col-sm-12\"><div class=\"vc_column-inner\"><div class=\"wpb_wrapper\">\n\t<div class=\"wpb_text_column wpb_content_element\">\n\t\t<div class=\"wpb_wrapper\">\n\t\t\t<p><span data-contrast=\"auto\">Meta ver\u00admark\u00adtet die Quest 3 offen\u00adsiv als Mixed-Rea\u00adli\u00adty-Bril\u00adle. Von der rei\u00adnen Vir\u00adtu\u00adal Rea\u00adli\u00adty, wie sie etwa die PSVR 2 Anfang des Jah\u00adres noch auf der Play\u00adSta\u00adti\u00adon 5 zele\u00adbrier\u00adte, will sich Meta eman\u00adzi\u00adpie\u00adren. \u201eMixed Rea\u00adli\u00adty\u201c ist ver\u00adgleich\u00adbar mit der \u201eAug\u00admen\u00adted Rea\u00adli\u00adty\u201c, bei der meh\u00adre\u00adre vir\u00adtu\u00adel\u00adle Infor\u00adma\u00adti\u00adons\u00adebe\u00adnen \u00fcber\u00adein\u00adan\u00adder\u00adge\u00adlegt wer\u00adden. W\u00e4h\u00adrend Aug\u00admen\u00adted Rea\u00adli\u00adty vir\u00adtu\u00adel\u00adle Inhal\u00adte in die rea\u00adle Welt pro\u00adji\u00adziert, fin\u00addet die\u00adse Pro\u00adjek\u00adti\u00adon bei Mixed Rea\u00adli\u00adty in einem Abbild der ech\u00adten Welt statt. Apple hat die\u00adse Tech\u00adno\u00adlo\u00adgie f\u00fcr sei\u00adne Apple Visi\u00adon Pro \u201eSpa\u00adti\u00adal Com\u00adpu\u00adting\u201c getauft \u2013 ein Begriff, der bereits seit Anfang des Jahr\u00adtau\u00adsends exis\u00adtiert.<\/span><span data-ccp-props=\"{}\">&nbsp;<\/span><\/p>\n<p><span data-contrast=\"auto\">Auch bei Mixed Rea\u00adli\u00adty blickst du mit\u00adhil\u00adfe einer Bril\u00adle, in dem Fall der Meta Quest 3, in die rea\u00adle Welt. Aller\u00addings siehst du die\u00adse nicht wie durch Fens\u00adter- oder Bril\u00adlen\u00adglas. Statt\u00addes\u00adsen fil\u00admen zwei vor\u00adder\u00adsei\u00adtig ange\u00adbrach\u00adte RGB-Kame\u00adras (vier Mega\u00adpi\u00adxel pro Kame\u00adra) dei\u00adne Umge\u00adbung ab und rekon\u00adstru\u00adie\u00adren sie digi\u00adtal auf den Lin\u00adsen im Inne\u00adren. Meta beschreibt es so: \u201eSo erh\u00e4ltst du ori\u00adgi\u00adnal\u00adge\u00adtreue Ansich\u00adten dei\u00adner Umge\u00adbung in vol\u00adlem Farb\u00adum\u00adfang, w\u00e4h\u00adrend du vir\u00adtu\u00adel\u00adle Objek\u00adte in dei\u00adnem rea\u00adlen Raum siehst.\u201c Die\u00adse Art des Durch\u00adschau\u00adens durch die Bril\u00adle in die rea\u00adle Umge\u00adbung bzw. deren Abbild nennt sich Pass\u00adth\u00adrough. Gegen\u00ad\u00fcber der Quest 2 und sogar der Quest Pro soll Meta hier noch\u00admals deut\u00adlich nach\u00adge\u00adbes\u00adsert haben. Die Kolleg*innen von The Ver\u00adge, die die Quest 3 bereits aus\u00adpro\u00adbie\u00adren konn\u00adten, best\u00e4\u00adti\u00adgen, dass sich Metas Mixed Rea\u00adli\u00adty deut\u00adlich ver\u00adbes\u00adsert habe und weni\u00adger k\u00f6r\u00adnig erschei\u00adne als noch bei der Quest&nbsp;Pro.<\/span><\/p>\n\n\t\t<\/div>\n\t<\/div>\n<\/div><\/div><\/div><\/div><div class=\"vc_row wpb_row vc_row-fluid\"><div class=\"wpb_column vc_column_container vc_col-sm-12\"><div class=\"vc_column-inner\"><div class=\"wpb_wrapper\">  <div class=\"slick-gallery-wrapper gallery-no-padding\" data-number-of-slides=\"1\">\n    <div class=\"slick-gallery should-lightbox \" id=\"slick_gallery_ZOC0NXK1P3twJQjRGwI1\">\n              <figure>\n  <div class=\"img-small-container\">\n    <div class=\"img-small-hover-background\"><\/div>\n    <picture>\n                                <source srcset=\"https:\/\/www.otto.de\/updated\/app\/uploads-webp\/uploads\/2023\/10\/Meta-Quest-3-7-1080x615.jpg.webp\" media=\"(max-width: 360px) and (-webkit-min-device-pixel-ratio: 2.5)\" type=\"image\/webp\">\n                  <source srcset=\"https:\/\/www.otto.de\/updated\/app\/uploads\/2023\/10\/Meta-Quest-3-7-1080x615.jpg\" media=\"(max-width: 360px) and (-webkit-min-device-pixel-ratio: 2.5)\">\n                  <source srcset=\"https:\/\/www.otto.de\/updated\/app\/uploads-webp\/uploads\/2023\/10\/Meta-Quest-3-7-720x410.jpg.webp\" media=\"(max-width: 360px) and (-webkit-min-device-pixel-ratio: 1.5)\" type=\"image\/webp\">\n                  <source srcset=\"https:\/\/www.otto.de\/updated\/app\/uploads\/2023\/10\/Meta-Quest-3-7-720x410.jpg\" media=\"(max-width: 360px) and (-webkit-min-device-pixel-ratio: 1.5)\">\n                  <source srcset=\"https:\/\/www.otto.de\/updated\/app\/uploads-webp\/uploads\/2023\/10\/Meta-Quest-3-7-360x205.jpg.webp\" media=\"(max-width: 360px)\" type=\"image\/webp\">\n                  <source srcset=\"https:\/\/www.otto.de\/updated\/app\/uploads\/2023\/10\/Meta-Quest-3-7-360x205.jpg\" media=\"(max-width: 360px)\">\n                    <source srcset=\"https:\/\/www.otto.de\/updated\/app\/uploads-webp\/uploads\/2023\/10\/Meta-Quest-3-7-1680x945.jpg.webp\" media=\"(max-width: 560px) and (-webkit-min-device-pixel-ratio: 2.5)\" type=\"image\/webp\">\n                  <source srcset=\"https:\/\/www.otto.de\/updated\/app\/uploads\/2023\/10\/Meta-Quest-3-7-1680x945.jpg\" media=\"(max-width: 560px) and (-webkit-min-device-pixel-ratio: 2.5)\">\n                  <source srcset=\"https:\/\/www.otto.de\/updated\/app\/uploads-webp\/uploads\/2023\/10\/Meta-Quest-3-7-1120x630.jpg.webp\" media=\"(max-width: 560px) and (-webkit-min-device-pixel-ratio: 1.5)\" type=\"image\/webp\">\n                  <source srcset=\"https:\/\/www.otto.de\/updated\/app\/uploads\/2023\/10\/Meta-Quest-3-7-1120x630.jpg\" media=\"(max-width: 560px) and (-webkit-min-device-pixel-ratio: 1.5)\">\n                  <source srcset=\"https:\/\/www.otto.de\/updated\/app\/uploads-webp\/uploads\/2023\/10\/Meta-Quest-3-7-560x315.jpg.webp\" media=\"(max-width: 560px)\" type=\"image\/webp\">\n                  <source srcset=\"https:\/\/www.otto.de\/updated\/app\/uploads\/2023\/10\/Meta-Quest-3-7-560x315.jpg\" media=\"(max-width: 560px)\">\n                    <source srcset=\"https:\/\/www.otto.de\/updated\/app\/uploads-webp\/uploads\/2023\/10\/Meta-Quest-3-7-2304x1296.jpg.webp\" media=\"(max-width: 767px) and (-webkit-min-device-pixel-ratio: 2.5)\" type=\"image\/webp\">\n                  <source srcset=\"https:\/\/www.otto.de\/updated\/app\/uploads\/2023\/10\/Meta-Quest-3-7-2304x1296.jpg\" media=\"(max-width: 767px) and (-webkit-min-device-pixel-ratio: 2.5)\">\n                  <source srcset=\"https:\/\/www.otto.de\/updated\/app\/uploads-webp\/uploads\/2023\/10\/Meta-Quest-3-7-1536x864.jpg.webp\" media=\"(max-width: 767px) and (-webkit-min-device-pixel-ratio: 1.5)\" type=\"image\/webp\">\n                  <source srcset=\"https:\/\/www.otto.de\/updated\/app\/uploads\/2023\/10\/Meta-Quest-3-7-1536x864.jpg\" media=\"(max-width: 767px) and (-webkit-min-device-pixel-ratio: 1.5)\">\n                  <source srcset=\"https:\/\/www.otto.de\/updated\/app\/uploads-webp\/uploads\/2023\/10\/Meta-Quest-3-7-768x432.jpg.webp\" media=\"(max-width: 767px)\" type=\"image\/webp\">\n                  <source srcset=\"https:\/\/www.otto.de\/updated\/app\/uploads\/2023\/10\/Meta-Quest-3-7-768x432.jpg\" media=\"(max-width: 767px)\">\n                    <source srcset=\"https:\/\/www.otto.de\/updated\/app\/uploads-webp\/uploads\/2023\/10\/Meta-Quest-3-7-1680x945.jpg.webp\" media=\"(max-width: 991px) and (-webkit-min-device-pixel-ratio: 2.5)\" type=\"image\/webp\">\n                  <source srcset=\"https:\/\/www.otto.de\/updated\/app\/uploads\/2023\/10\/Meta-Quest-3-7-1680x945.jpg\" media=\"(max-width: 991px) and (-webkit-min-device-pixel-ratio: 2.5)\">\n                  <source srcset=\"https:\/\/www.otto.de\/updated\/app\/uploads-webp\/uploads\/2023\/10\/Meta-Quest-3-7-1120x630.jpg.webp\" media=\"(max-width: 991px) and (-webkit-min-device-pixel-ratio: 1.5)\" type=\"image\/webp\">\n                  <source srcset=\"https:\/\/www.otto.de\/updated\/app\/uploads\/2023\/10\/Meta-Quest-3-7-1120x630.jpg\" media=\"(max-width: 991px) and (-webkit-min-device-pixel-ratio: 1.5)\">\n                  <source srcset=\"https:\/\/www.otto.de\/updated\/app\/uploads-webp\/uploads\/2023\/10\/Meta-Quest-3-7-560x315.jpg.webp\" media=\"(max-width: 991px)\" type=\"image\/webp\">\n                  <source srcset=\"https:\/\/www.otto.de\/updated\/app\/uploads\/2023\/10\/Meta-Quest-3-7-560x315.jpg\" media=\"(max-width: 991px)\">\n        <source srcset=\"https:\/\/www.otto.de\/updated\/app\/uploads-webp\/uploads\/2023\/10\/Meta-Quest-3-7-2304x1296.jpg.webp\" media=\"(-webkit-min-device-pixel-ratio: 2.5)\" type=\"image\/webp\">\n  <source srcset=\"https:\/\/www.otto.de\/updated\/app\/uploads\/2023\/10\/Meta-Quest-3-7-2304x1296.jpg\" media=\"(-webkit-min-device-pixel-ratio: 2.5)\">\n  <source srcset=\"https:\/\/www.otto.de\/updated\/app\/uploads-webp\/uploads\/2023\/10\/Meta-Quest-3-7-1536x864.jpg.webp\" media=\"(-webkit-min-device-pixel-ratio: 1.5)\" type=\"image\/webp\">\n  <source srcset=\"https:\/\/www.otto.de\/updated\/app\/uploads\/2023\/10\/Meta-Quest-3-7-1536x864.jpg\" media=\"(-webkit-min-device-pixel-ratio: 1.5)\">\n  <source srcset=\"https:\/\/www.otto.de\/updated\/app\/uploads-webp\/uploads\/2023\/10\/Meta-Quest-3-7-768x432.jpg.webp\" type=\"image\/webp\">\n  <img loading=\"lazy\" decoding=\"async\" src=\"https:\/\/www.otto.de\/updated\/app\/uploads\/2023\/10\/Meta-Quest-3-7-768x432.jpg\" width=\"768\" height=\"432\" title=\"Eine Person sitzt im Schneidersitz auf einer Fitnessmatte. Vor den Augen tr\u00e4gt die Person eine Meta Quest 3.\" alt=\"Eine Person sitzt im Schneidersitz auf einer Fitnessmatte. Vor den Augen tr\u00e4gt die Person eine Meta Quest 3.\" class=\"img-responsive img-small\" data-copyright=\"\u00a9 2023 Meta\" data-post-excerpt=\"Fitness und Mediation sind in der Virtual Reality ebenfalls m\u00f6glich.\" data-light-value=\"dark\" data-zoom-width=\"2560\" data-zoom-height=\"1707\" data-zoom-src=\"https:\/\/www.otto.de\/updated\/app\/uploads\/2023\/10\/Meta-Quest-3-7.jpg\">\n                    <div class=\"caption dark\">\n          <small>\n            \u00a9 2023&nbsp;Meta&nbsp;<\/small>\n        <\/div>\n          <\/picture>\n  <\/div>\n      <figcaption class=\"post-excerpt\">\n      Fit\u00adness und Media\u00adti\u00adon sind in der Vir\u00adtu\u00adal Rea\u00adli\u00adty eben\u00adfalls m\u00f6glich.&nbsp;<\/figcaption>\n  <\/figure>\n          <\/div>\n    <div class=\"progress-bars\"><\/div>\n    <div class=\"zoom-icon-wrapper\">\n      <div class=\"zoom-icon\"><\/div>\n    <\/div>\n  <\/div>\n<\/div><\/div><\/div><\/div><div class=\"vc_row wpb_row vc_row-fluid\"><div class=\"wpb_column vc_column_container vc_col-sm-12\"><div class=\"vc_column-inner\"><div class=\"wpb_wrapper\"><div class=\"headline toc--item\"><a name=\"technisch-besser-als-die-meta-quest-pro\"><\/a><h2>Tech\u00adnisch bes\u00adser als die Meta Quest&nbsp;Pro<\/h2><\/div><\/div><\/div><\/div><\/div><div class=\"vc_row wpb_row vc_row-fluid\"><div class=\"wpb_column vc_column_container vc_col-sm-12\"><div class=\"vc_column-inner\"><div class=\"wpb_wrapper\">\n\t<div class=\"wpb_text_column wpb_content_element\">\n\t\t<div class=\"wpb_wrapper\">\n\t\t\t<p><span data-contrast=\"auto\">Damit sich Mixed Rea\u00adli\u00adty m\u00f6g\u00adlichst glaub\u00adhaft anf\u00fchlt, muss sie die Rea\u00adli\u00adt\u00e4t nahe\u00adzu iden\u00adtisch und unge\u00adfil\u00adtert \u00fcber\u00adtra\u00adgen. Bei der Meta Quest 3 soll ein Qual\u00adcomm Snapd\u00adra\u00adgon XR2 in der zwei\u00adten Gene\u00adra\u00adti\u00adon nebst acht Giga\u00adbyte Arbeits\u00adspei\u00adcher daf\u00fcr sor\u00adgen, dass Video\u00ad\u00fcber\u00adtra\u00adgung und vir\u00adtu\u00adell dar\u00adauf pro\u00adji\u00adzier\u00adte Inhal\u00adte fl\u00fcs\u00adsig und naht\u00adlos inein\u00adan\u00adder\u00adgrei\u00adfen \u2013 Meta spricht hier von einer dop\u00adpelt so hohen GPU-Rechen\u00adleis\u00adtung gegen\u00ad\u00fcber der Quest 2. Die Auf\u00adl\u00f6\u00adsung der Pan\u00adca\u00adke-Lin\u00adsen betr\u00e4gt pro Auge 2.064 x 2.208 Pixel (1.058 PPI, 25 PPD). Die Meta Quest erreicht ledig\u00adlich eine Auf\u00adl\u00f6\u00adsung von 1.800 x 1.920 Pixel pro Lin\u00adse. Auf die Aktua\u00adli\u00adsie\u00adrungs\u00adra\u00adte, mit der die dar\u00adge\u00adstell\u00adten Bil\u00adder pro Sekun\u00adde wie\u00adder\u00adholt wer\u00adden, liegt mit bis zu 120 Hertz \u00fcber den 90 Hz der Pro. In der Brei\u00adte bie\u00adtet die Quest 3 ein Sicht\u00adfeld von 110 Grad f\u00fcr die peri\u00adphe\u00adre Wahr\u00adneh\u00admung, in der H\u00f6he sind es 96&nbsp;Grad.<\/span><\/p>\n<p><span data-contrast=\"auto\">Damit dei\u00adne Umge\u00adbung akku\u00adrat erkannt wird und auch drei\u00addi\u00admen\u00adsio\u00adna\u00adle Objek\u00adte, wie St\u00fch\u00adle oder Tische, im Raum rich\u00adtig gese\u00adhen wer\u00adden, hat Meta dem neu\u00aden Mixed-Rea\u00adli\u00adty-Head\u00adset einen Tie\u00adfen\u00adsen\u00adsor spen\u00addiert. Die\u00adser ist in der Lage, Abst\u00e4n\u00adde genau\u00ader zu ermit\u00adteln, um die Gren\u00adzen der Mixed Rea\u00adli\u00adty oder Vir\u00adtu\u00adal Rea\u00adli\u00adty pr\u00e4\u00adzi\u00adser und von selbst abzu\u00adste\u00adcken \u2013 bei der Quest 2 und Quest Pro muss\u00adtest du die\u00adse Gren\u00adzen mit dem Con\u00adtrol\u00adler noch selbst ziehen.<\/span><\/p>\n<p><span data-contrast=\"auto\">In eini\u00adgen Aspek\u00adten liegt die halb so teu\u00adre Meta Quest 3 gleich\u00adwohl hin\u00adter der Quest Pro. Die\u00adse bie\u00adtet zum Bei\u00adspiel Eye-Track\u00ading, das mit\u00adhil\u00adfe nach Innen gerich\u00adte\u00adter Kame\u00adras die Augen\u00adbe\u00adwe\u00adgung und Blick\u00adrich\u00adtung erfas\u00adsen kann \u2013 auch die Play\u00adSta\u00adti\u00adon VR 2 ist dazu imstan\u00adde. Au\u00dfer\u00addem hat Meta in die Con\u00adtrol\u00adler der Quest Pro Kame\u00adras inte\u00adgriert, um ein pr\u00e4\u00adzi\u00adse\u00adres Hand-Track\u00ading zu erm\u00f6g\u00adli\u00adchen. Durch die zus\u00e4tz\u00adli\u00adchen \u201eAugen\u201c in den Hand\u00adst\u00fc\u00adcken kann sich die Meta Quest Pro und dei\u00adne H\u00e4n\u00adde genau\u00ader in Rela\u00adti\u00adon zuein\u00adan\u00adder im Raum ver\u00ador\u00adten. Auf bei\u00addes hat Meta zuguns\u00adten des Prei\u00adses bei der Quest 3 ver\u00adzich\u00adtet. Auch die wie\u00adder\u00adauf\u00adlad\u00adba\u00adren Akkus in den Con\u00adtrol\u00adlern blei\u00adben der Pro vor\u00adbe\u00adhal\u00adten. Die Quest 3 wird mit AA-Bat\u00adte\u00adrien aus\u00adge\u00adlie\u00adfert. Immer\u00adhin bie\u00adtet Meta optio\u00adnal eine Lade\u00adsta\u00adti\u00adon an, \u00fcber die sich Con\u00adtrol\u00adler und Head\u00adset auf\u00adla\u00adden las\u00adsen. Die daf\u00fcr not\u00adwen\u00addi\u00adgen Lithi\u00adum-Ionen-Akkus lie\u00adgen der Sta\u00adti\u00adon bei. Kos\u00adten\u00adpunkt: wei\u00adte\u00adre 149,99 Euro. Die Lauf\u00adzeit der Meta Quest 3 betr\u00e4gt dem Unter\u00adneh\u00admen nach zwi\u00adschen zwei und drei Stun\u00adden, je nach Anwen\u00addung. Damit hebt sich die neus\u00adte Mixed-Rea\u00adli\u00adty-Bril\u00adle zumin\u00addest in dem Punkt nicht von den ande\u00adren Model\u00adlen&nbsp;ab.<\/span><\/p>\n\n\t\t<\/div>\n\t<\/div>\n<\/div><\/div><\/div><\/div><div class=\"vc_row wpb_row vc_row-fluid\"><div class=\"wpb_column vc_column_container vc_col-sm-12\"><div class=\"vc_column-inner\"><div class=\"wpb_wrapper\"><div class=\"headline toc--item\"><a name=\"abwaertskompatibilitaet-und-gestensteuerung\"><\/a><h2>Abw\u00e4rts\u00adkom\u00adpa\u00adti\u00adbi\u00adli\u00adt\u00e4t und Gestensteuerung<\/h2><\/div><\/div><\/div><\/div><\/div><div class=\"vc_row wpb_row vc_row-fluid\"><div class=\"wpb_column vc_column_container vc_col-sm-12\"><div class=\"vc_column-inner\"><div class=\"wpb_wrapper\">\n\t<div class=\"wpb_text_column wpb_content_element\">\n\t\t<div class=\"wpb_wrapper\">\n\t\t\t<p><span data-contrast=\"auto\">Die Pan\u00adca\u00adke-Lin\u00adsen erm\u00f6g\u00adli\u00adchen zum einen ein schlan\u00adke\u00adres Pro\u00adfil der Bril\u00adle selbst, zum ande\u00adren l\u00e4sst sich der Pupil\u00adlen\u00adab\u00adstand nun erst\u00admals stu\u00adfen\u00adlos regu\u00adlie\u00adren. So kannst du die Lin\u00adsen pr\u00e4\u00adzi\u00adser und indi\u00advi\u00addu\u00adell auf dei\u00adne Augen hin jus\u00adtie\u00adren. Die Inter\u00adpu\u00adpil\u00adlar\u00addi\u00adstanz reicht von 58 bis 71 Millimeter.<\/span><\/p>\n<p><span data-contrast=\"auto\">Durch die Vir\u00adtu\u00adal und Mixed Rea\u00adli\u00adty navi\u00adgierst du dich wahl\u00adwei\u00adse mit\u00adtels Meta Quest Touch Plus-Con\u00adtrol\u00adler oder intui\u00adtiv nur mit dei\u00adnen H\u00e4n\u00adden. Neben den zwei RGB-Kame\u00adras erfas\u00adsen vier Infra\u00adrot-Kame\u00adras dei\u00adne Ges\u00adten und Fin\u00adger\u00adbe\u00adwe\u00adgun\u00adgen, um etwa zu tip\u00adpen oder zu scrol\u00adlen. Ob die Erken\u00adnung aus\u00adreicht, um auch Spie\u00adle damit zu steu\u00adern, l\u00e4sst sich erst im Test her\u00adaus\u00adfin\u00adden. Gut m\u00f6g\u00adlich, dass Ent\u00adwick\u00adler die Nut\u00adzung der Con\u00adtrol\u00adler, allein wegen der Viel\u00adzahl an Tas\u00adten, f\u00fcr ihre Titel vor\u00adaus\u00adset\u00adzen. Damit das Spiel\u00aderleb\u00adnis nicht nur visu\u00adell immersiv wirkt, son\u00addern auch phy\u00adsisch, beinhal\u00adten die Con\u00adtrol\u00adler Moto\u00adren f\u00fcr tak\u00adti\u00adles Feed\u00adback. Meta nennt die\u00adses sp\u00fcr\u00adba\u00adre Feed\u00adback TruT\u00adouch-Hap\u00adtik und will damit ganz\u00adheit\u00adli\u00adche Sin\u00adnes\u00adein\u00addr\u00fc\u00adcke in den Erleb\u00adnis\u00adsen errei\u00adchen \u2013 Sony hat bei der PSVR 2 eine ganz \u00e4hn\u00adli\u00adche Tech\u00adno\u00adlo\u00adgie verbaut.<\/span><\/p>\n\n\t\t<\/div>\n\t<\/div>\n<\/div><\/div><\/div><\/div><div class=\"vc_row wpb_row vc_row-fluid\"><div class=\"wpb_column vc_column_container vc_col-sm-12\"><div class=\"vc_column-inner\"><div class=\"wpb_wrapper\">  <div class=\"slick-gallery-wrapper \" data-number-of-slides=\"2\">\n    <div class=\"slick-gallery should-lightbox \" id=\"slick_gallery_X69ftMyhRO2JU4iXq67J\">\n              <figure>\n  <div class=\"img-small-container\">\n    <div class=\"img-small-hover-background\"><\/div>\n    <picture>\n                                <source srcset=\"https:\/\/www.otto.de\/updated\/app\/uploads-webp\/uploads\/2023\/10\/Meta-Quest-3-0-1080x615.jpg.webp\" media=\"(max-width: 360px) and (-webkit-min-device-pixel-ratio: 2.5)\" type=\"image\/webp\">\n                  <source srcset=\"https:\/\/www.otto.de\/updated\/app\/uploads\/2023\/10\/Meta-Quest-3-0-1080x615.jpg\" media=\"(max-width: 360px) and (-webkit-min-device-pixel-ratio: 2.5)\">\n                  <source srcset=\"https:\/\/www.otto.de\/updated\/app\/uploads-webp\/uploads\/2023\/10\/Meta-Quest-3-0-720x410.jpg.webp\" media=\"(max-width: 360px) and (-webkit-min-device-pixel-ratio: 1.5)\" type=\"image\/webp\">\n                  <source srcset=\"https:\/\/www.otto.de\/updated\/app\/uploads\/2023\/10\/Meta-Quest-3-0-720x410.jpg\" media=\"(max-width: 360px) and (-webkit-min-device-pixel-ratio: 1.5)\">\n                  <source srcset=\"https:\/\/www.otto.de\/updated\/app\/uploads-webp\/uploads\/2023\/10\/Meta-Quest-3-0-360x205.jpg.webp\" media=\"(max-width: 360px)\" type=\"image\/webp\">\n                  <source srcset=\"https:\/\/www.otto.de\/updated\/app\/uploads\/2023\/10\/Meta-Quest-3-0-360x205.jpg\" media=\"(max-width: 360px)\">\n                    <source srcset=\"https:\/\/www.otto.de\/updated\/app\/uploads-webp\/uploads\/2023\/10\/Meta-Quest-3-0-1680x945.jpg.webp\" media=\"(max-width: 560px) and (-webkit-min-device-pixel-ratio: 2.5)\" type=\"image\/webp\">\n                  <source srcset=\"https:\/\/www.otto.de\/updated\/app\/uploads\/2023\/10\/Meta-Quest-3-0-1680x945.jpg\" media=\"(max-width: 560px) and (-webkit-min-device-pixel-ratio: 2.5)\">\n                  <source srcset=\"https:\/\/www.otto.de\/updated\/app\/uploads-webp\/uploads\/2023\/10\/Meta-Quest-3-0-1120x630.jpg.webp\" media=\"(max-width: 560px) and (-webkit-min-device-pixel-ratio: 1.5)\" type=\"image\/webp\">\n                  <source srcset=\"https:\/\/www.otto.de\/updated\/app\/uploads\/2023\/10\/Meta-Quest-3-0-1120x630.jpg\" media=\"(max-width: 560px) and (-webkit-min-device-pixel-ratio: 1.5)\">\n                  <source srcset=\"https:\/\/www.otto.de\/updated\/app\/uploads-webp\/uploads\/2023\/10\/Meta-Quest-3-0-560x315.jpg.webp\" media=\"(max-width: 560px)\" type=\"image\/webp\">\n                  <source srcset=\"https:\/\/www.otto.de\/updated\/app\/uploads\/2023\/10\/Meta-Quest-3-0-560x315.jpg\" media=\"(max-width: 560px)\">\n                    <source srcset=\"https:\/\/www.otto.de\/updated\/app\/uploads-webp\/uploads\/2023\/10\/Meta-Quest-3-0-2304x1296.jpg.webp\" media=\"(max-width: 767px) and (-webkit-min-device-pixel-ratio: 2.5)\" type=\"image\/webp\">\n                  <source srcset=\"https:\/\/www.otto.de\/updated\/app\/uploads\/2023\/10\/Meta-Quest-3-0-2304x1296.jpg\" media=\"(max-width: 767px) and (-webkit-min-device-pixel-ratio: 2.5)\">\n                  <source srcset=\"https:\/\/www.otto.de\/updated\/app\/uploads-webp\/uploads\/2023\/10\/Meta-Quest-3-0-1536x864.jpg.webp\" media=\"(max-width: 767px) and (-webkit-min-device-pixel-ratio: 1.5)\" type=\"image\/webp\">\n                  <source srcset=\"https:\/\/www.otto.de\/updated\/app\/uploads\/2023\/10\/Meta-Quest-3-0-1536x864.jpg\" media=\"(max-width: 767px) and (-webkit-min-device-pixel-ratio: 1.5)\">\n                  <source srcset=\"https:\/\/www.otto.de\/updated\/app\/uploads-webp\/uploads\/2023\/10\/Meta-Quest-3-0-768x432.jpg.webp\" media=\"(max-width: 767px)\" type=\"image\/webp\">\n                  <source srcset=\"https:\/\/www.otto.de\/updated\/app\/uploads\/2023\/10\/Meta-Quest-3-0-768x432.jpg\" media=\"(max-width: 767px)\">\n                    <source srcset=\"https:\/\/www.otto.de\/updated\/app\/uploads-webp\/uploads\/2023\/10\/Meta-Quest-3-0-1680x945.jpg.webp\" media=\"(max-width: 991px) and (-webkit-min-device-pixel-ratio: 2.5)\" type=\"image\/webp\">\n                  <source srcset=\"https:\/\/www.otto.de\/updated\/app\/uploads\/2023\/10\/Meta-Quest-3-0-1680x945.jpg\" media=\"(max-width: 991px) and (-webkit-min-device-pixel-ratio: 2.5)\">\n                  <source srcset=\"https:\/\/www.otto.de\/updated\/app\/uploads-webp\/uploads\/2023\/10\/Meta-Quest-3-0-1120x630.jpg.webp\" media=\"(max-width: 991px) and (-webkit-min-device-pixel-ratio: 1.5)\" type=\"image\/webp\">\n                  <source srcset=\"https:\/\/www.otto.de\/updated\/app\/uploads\/2023\/10\/Meta-Quest-3-0-1120x630.jpg\" media=\"(max-width: 991px) and (-webkit-min-device-pixel-ratio: 1.5)\">\n                  <source srcset=\"https:\/\/www.otto.de\/updated\/app\/uploads-webp\/uploads\/2023\/10\/Meta-Quest-3-0-560x315.jpg.webp\" media=\"(max-width: 991px)\" type=\"image\/webp\">\n                  <source srcset=\"https:\/\/www.otto.de\/updated\/app\/uploads\/2023\/10\/Meta-Quest-3-0-560x315.jpg\" media=\"(max-width: 991px)\">\n        <source srcset=\"https:\/\/www.otto.de\/updated\/app\/uploads-webp\/uploads\/2023\/10\/Meta-Quest-3-0-2304x1296.jpg.webp\" media=\"(-webkit-min-device-pixel-ratio: 2.5)\" type=\"image\/webp\">\n  <source srcset=\"https:\/\/www.otto.de\/updated\/app\/uploads\/2023\/10\/Meta-Quest-3-0-2304x1296.jpg\" media=\"(-webkit-min-device-pixel-ratio: 2.5)\">\n  <source srcset=\"https:\/\/www.otto.de\/updated\/app\/uploads-webp\/uploads\/2023\/10\/Meta-Quest-3-0-1536x864.jpg.webp\" media=\"(-webkit-min-device-pixel-ratio: 1.5)\" type=\"image\/webp\">\n  <source srcset=\"https:\/\/www.otto.de\/updated\/app\/uploads\/2023\/10\/Meta-Quest-3-0-1536x864.jpg\" media=\"(-webkit-min-device-pixel-ratio: 1.5)\">\n  <source srcset=\"https:\/\/www.otto.de\/updated\/app\/uploads-webp\/uploads\/2023\/10\/Meta-Quest-3-0-768x432.jpg.webp\" type=\"image\/webp\">\n  <img loading=\"lazy\" decoding=\"async\" src=\"https:\/\/www.otto.de\/updated\/app\/uploads\/2023\/10\/Meta-Quest-3-0-768x432.jpg\" width=\"768\" height=\"432\" title=\"Eine Person steht in einer Art Keller und boxt, w\u00e4hrend sie eine Meta Quest 3 tr\u00e4gt.\" alt=\"Eine Person steht in einer Art Keller und boxt, w\u00e4hrend sie eine Meta Quest 3 tr\u00e4gt.\" class=\"img-responsive img-small\" data-copyright=\"\u00a9 2023 Meta\" data-post-excerpt=\"Die autarke Meta Quest 3 kommt ganz ohne Kabel aus und kann somit an jedem Ort genutzt werden.\" data-light-value=\"dark\" data-zoom-width=\"2560\" data-zoom-height=\"1707\" data-zoom-src=\"https:\/\/www.otto.de\/updated\/app\/uploads\/2023\/10\/Meta-Quest-3-0.jpg\">\n                    <div class=\"caption dark\">\n          <small>\n            \u00a9 2023&nbsp;Meta&nbsp;<\/small>\n        <\/div>\n          <\/picture>\n  <\/div>\n      <figcaption class=\"post-excerpt\">\n      Die aut\u00adar\u00adke Meta Quest 3 kommt ganz ohne Kabel aus und kann somit an jedem Ort genutzt werden.&nbsp;<\/figcaption>\n  <\/figure>\n              <figure>\n  <div class=\"img-small-container\">\n    <div class=\"img-small-hover-background\"><\/div>\n    <picture>\n                                <source srcset=\"https:\/\/www.otto.de\/updated\/app\/uploads-webp\/uploads\/2023\/10\/Meta-Quest-3-9-1080x615.jpg.webp\" media=\"(max-width: 360px) and (-webkit-min-device-pixel-ratio: 2.5)\" type=\"image\/webp\">\n                  <source srcset=\"https:\/\/www.otto.de\/updated\/app\/uploads\/2023\/10\/Meta-Quest-3-9-1080x615.jpg\" media=\"(max-width: 360px) and (-webkit-min-device-pixel-ratio: 2.5)\">\n                  <source srcset=\"https:\/\/www.otto.de\/updated\/app\/uploads-webp\/uploads\/2023\/10\/Meta-Quest-3-9-720x410.jpg.webp\" media=\"(max-width: 360px) and (-webkit-min-device-pixel-ratio: 1.5)\" type=\"image\/webp\">\n                  <source srcset=\"https:\/\/www.otto.de\/updated\/app\/uploads\/2023\/10\/Meta-Quest-3-9-720x410.jpg\" media=\"(max-width: 360px) and (-webkit-min-device-pixel-ratio: 1.5)\">\n                  <source srcset=\"https:\/\/www.otto.de\/updated\/app\/uploads-webp\/uploads\/2023\/10\/Meta-Quest-3-9-360x205.jpg.webp\" media=\"(max-width: 360px)\" type=\"image\/webp\">\n                  <source srcset=\"https:\/\/www.otto.de\/updated\/app\/uploads\/2023\/10\/Meta-Quest-3-9-360x205.jpg\" media=\"(max-width: 360px)\">\n                    <source srcset=\"https:\/\/www.otto.de\/updated\/app\/uploads-webp\/uploads\/2023\/10\/Meta-Quest-3-9-1680x945.jpg.webp\" media=\"(max-width: 560px) and (-webkit-min-device-pixel-ratio: 2.5)\" type=\"image\/webp\">\n                  <source srcset=\"https:\/\/www.otto.de\/updated\/app\/uploads\/2023\/10\/Meta-Quest-3-9-1680x945.jpg\" media=\"(max-width: 560px) and (-webkit-min-device-pixel-ratio: 2.5)\">\n                  <source srcset=\"https:\/\/www.otto.de\/updated\/app\/uploads-webp\/uploads\/2023\/10\/Meta-Quest-3-9-1120x630.jpg.webp\" media=\"(max-width: 560px) and (-webkit-min-device-pixel-ratio: 1.5)\" type=\"image\/webp\">\n                  <source srcset=\"https:\/\/www.otto.de\/updated\/app\/uploads\/2023\/10\/Meta-Quest-3-9-1120x630.jpg\" media=\"(max-width: 560px) and (-webkit-min-device-pixel-ratio: 1.5)\">\n                  <source srcset=\"https:\/\/www.otto.de\/updated\/app\/uploads-webp\/uploads\/2023\/10\/Meta-Quest-3-9-560x315.jpg.webp\" media=\"(max-width: 560px)\" type=\"image\/webp\">\n                  <source srcset=\"https:\/\/www.otto.de\/updated\/app\/uploads\/2023\/10\/Meta-Quest-3-9-560x315.jpg\" media=\"(max-width: 560px)\">\n                    <source srcset=\"https:\/\/www.otto.de\/updated\/app\/uploads-webp\/uploads\/2023\/10\/Meta-Quest-3-9-2304x1296.jpg.webp\" media=\"(max-width: 767px) and (-webkit-min-device-pixel-ratio: 2.5)\" type=\"image\/webp\">\n                  <source srcset=\"https:\/\/www.otto.de\/updated\/app\/uploads\/2023\/10\/Meta-Quest-3-9-2304x1296.jpg\" media=\"(max-width: 767px) and (-webkit-min-device-pixel-ratio: 2.5)\">\n                  <source srcset=\"https:\/\/www.otto.de\/updated\/app\/uploads-webp\/uploads\/2023\/10\/Meta-Quest-3-9-1536x864.jpg.webp\" media=\"(max-width: 767px) and (-webkit-min-device-pixel-ratio: 1.5)\" type=\"image\/webp\">\n                  <source srcset=\"https:\/\/www.otto.de\/updated\/app\/uploads\/2023\/10\/Meta-Quest-3-9-1536x864.jpg\" media=\"(max-width: 767px) and (-webkit-min-device-pixel-ratio: 1.5)\">\n                  <source srcset=\"https:\/\/www.otto.de\/updated\/app\/uploads-webp\/uploads\/2023\/10\/Meta-Quest-3-9-768x432.jpg.webp\" media=\"(max-width: 767px)\" type=\"image\/webp\">\n                  <source srcset=\"https:\/\/www.otto.de\/updated\/app\/uploads\/2023\/10\/Meta-Quest-3-9-768x432.jpg\" media=\"(max-width: 767px)\">\n                    <source srcset=\"https:\/\/www.otto.de\/updated\/app\/uploads-webp\/uploads\/2023\/10\/Meta-Quest-3-9-1680x945.jpg.webp\" media=\"(max-width: 991px) and (-webkit-min-device-pixel-ratio: 2.5)\" type=\"image\/webp\">\n                  <source srcset=\"https:\/\/www.otto.de\/updated\/app\/uploads\/2023\/10\/Meta-Quest-3-9-1680x945.jpg\" media=\"(max-width: 991px) and (-webkit-min-device-pixel-ratio: 2.5)\">\n                  <source srcset=\"https:\/\/www.otto.de\/updated\/app\/uploads-webp\/uploads\/2023\/10\/Meta-Quest-3-9-1120x630.jpg.webp\" media=\"(max-width: 991px) and (-webkit-min-device-pixel-ratio: 1.5)\" type=\"image\/webp\">\n                  <source srcset=\"https:\/\/www.otto.de\/updated\/app\/uploads\/2023\/10\/Meta-Quest-3-9-1120x630.jpg\" media=\"(max-width: 991px) and (-webkit-min-device-pixel-ratio: 1.5)\">\n                  <source srcset=\"https:\/\/www.otto.de\/updated\/app\/uploads-webp\/uploads\/2023\/10\/Meta-Quest-3-9-560x315.jpg.webp\" media=\"(max-width: 991px)\" type=\"image\/webp\">\n                  <source srcset=\"https:\/\/www.otto.de\/updated\/app\/uploads\/2023\/10\/Meta-Quest-3-9-560x315.jpg\" media=\"(max-width: 991px)\">\n        <source srcset=\"https:\/\/www.otto.de\/updated\/app\/uploads-webp\/uploads\/2023\/10\/Meta-Quest-3-9-2304x1296.jpg.webp\" media=\"(-webkit-min-device-pixel-ratio: 2.5)\" type=\"image\/webp\">\n  <source srcset=\"https:\/\/www.otto.de\/updated\/app\/uploads\/2023\/10\/Meta-Quest-3-9-2304x1296.jpg\" media=\"(-webkit-min-device-pixel-ratio: 2.5)\">\n  <source srcset=\"https:\/\/www.otto.de\/updated\/app\/uploads-webp\/uploads\/2023\/10\/Meta-Quest-3-9-1536x864.jpg.webp\" media=\"(-webkit-min-device-pixel-ratio: 1.5)\" type=\"image\/webp\">\n  <source srcset=\"https:\/\/www.otto.de\/updated\/app\/uploads\/2023\/10\/Meta-Quest-3-9-1536x864.jpg\" media=\"(-webkit-min-device-pixel-ratio: 1.5)\">\n  <source srcset=\"https:\/\/www.otto.de\/updated\/app\/uploads-webp\/uploads\/2023\/10\/Meta-Quest-3-9-768x432.jpg.webp\" type=\"image\/webp\">\n  <img loading=\"lazy\" decoding=\"async\" src=\"https:\/\/www.otto.de\/updated\/app\/uploads\/2023\/10\/Meta-Quest-3-9-768x432.jpg\" width=\"768\" height=\"432\" title=\"Auf der optional erh\u00e4ltlichen Ladestation laden eine Meta Quest 3 und deren Controller.\" alt=\"Auf der optional erh\u00e4ltlichen Ladestation laden eine Meta Quest 3 und deren Controller.\" class=\"img-responsive img-small\" data-copyright=\"\u00a9 2023 Meta\" data-post-excerpt=\"Die optionale Ladestation l\u00e4dt die beiden Controller und die Brille zeitgleich.\" data-light-value=\"dark\" data-zoom-width=\"2560\" data-zoom-height=\"1707\" data-zoom-src=\"https:\/\/www.otto.de\/updated\/app\/uploads\/2023\/10\/Meta-Quest-3-9.jpg\">\n                    <div class=\"caption dark\">\n          <small>\n            \u00a9 2023&nbsp;Meta&nbsp;<\/small>\n        <\/div>\n          <\/picture>\n  <\/div>\n      <figcaption class=\"post-excerpt\">\n      Die optio\u00adna\u00adle Lade\u00adsta\u00adti\u00adon l\u00e4dt die bei\u00adden Con\u00adtrol\u00adler und die Bril\u00adle zeitgleich.&nbsp;<\/figcaption>\n  <\/figure>\n          <\/div>\n    <div class=\"progress-bars\"><\/div>\n    <div class=\"zoom-icon-wrapper\">\n      <div class=\"zoom-icon\"><\/div>\n    <\/div>\n  <\/div>\n<\/div><\/div><\/div><\/div><div class=\"vc_row wpb_row vc_row-fluid\"><div class=\"wpb_column vc_column_container vc_col-sm-12\"><div class=\"vc_column-inner\"><div class=\"wpb_wrapper\">\n\t<div class=\"wpb_text_column wpb_content_element\">\n\t\t<div class=\"wpb_wrapper\">\n\t\t\t<p><span class=\"TextRun SCXW220878745 BCX0\" lang=\"DE-DE\" xml:lang=\"DE-DE\" data-contrast=\"auto\"><span class=\"NormalTextRun SCXW220878745 BCX0\">Dass <\/span><span class=\"NormalTextRun SCXW220878745 BCX0\">Meta<\/span><span class=\"NormalTextRun SCXW220878745 BCX0\"> die Quest 3 vor allem als Spie\u00adle- und Mul\u00adti\u00adme\u00addia-Platt\u00adform kon\u00adzi\u00adpiert hat, macht auch die Abw\u00e4rts\u00adkom\u00adpa\u00adti\u00adbi\u00adli\u00adt\u00e4t deut\u00adlich: S\u00e4mt\u00adli\u00adche Spie\u00adle und Soft\u00adware der Quest 2 las\u00adsen sich, <\/span><span class=\"NormalTextRun SCXW220878745 BCX0\">unter ande\u00adrem <\/span><span class=\"NormalTextRun SCXW220878745 BCX0\">in h\u00f6he\u00adrer Auf\u00adl\u00f6\u00adsung, auch auf der Quest 3 instal\u00adlie\u00adren. Somit hast du direkt zum Start Zugriff auf \u00fcber 500 Titel. Gut m\u00f6g\u00adlich, dass zuk\u00fcnf\u00adtig auch ers\u00adte Exklu\u00adsiv\u00adspie\u00adle f\u00fcr die Quest 3 erschei\u00adnen wer\u00adden, die die poten\u00adte\u00adre Hard\u00adware voll\u00adends aus\u00adrei\u00adzen. Was bei der Soft\u00adware pro\u00adblem\u00adlos funk\u00adtio\u00adniert, ist beim Zube\u00adh\u00f6r nicht ohne <\/span><span class=\"NormalTextRun SCXW220878745 BCX0\">Wei\u00adte\u00adres<\/span><span class=\"NormalTextRun SCXW220878745 BCX0\"> m\u00f6g\u00adlich<\/span><span class=\"NormalTextRun SCXW220878745 BCX0\">: Kopf\u00adb\u00e4n\u00adder und ande\u00adre Erwei\u00adte\u00adrun\u00adgen der Quest 2 sind zum Nach\u00adfol\u00adger inkompatibel.<\/span><\/span><\/p>\n\n\t\t<\/div>\n\t<\/div>\n<\/div><\/div><\/div><\/div><div class=\"vc_row wpb_row vc_row-fluid\"><div class=\"wpb_column vc_column_container vc_col-sm-12\"><div class=\"vc_column-inner\"><div class=\"wpb_wrapper\"><div class=\"headline toc--item\"><a name=\"ray-ban-meta-smart-glasses-videobrille-fuer-facebook-und-instagram\"><\/a><h2>Ray-Ban | Meta Smart Glas\u00adses: Video\u00adbril\u00adle f\u00fcr Face\u00adbook und Instagram<\/h2><\/div><\/div><\/div><\/div><\/div><div class=\"vc_row wpb_row vc_row-fluid\"><div class=\"wpb_column vc_column_container vc_col-sm-12\"><div class=\"vc_column-inner\"><div class=\"wpb_wrapper\">\n\t<div class=\"wpb_text_column wpb_content_element\">\n\t\t<div class=\"wpb_wrapper\">\n\t\t\t<p><span class=\"TextRun SCXW195018599 BCX0\" lang=\"DE-DE\" xml:lang=\"DE-DE\" data-contrast=\"auto\"><span class=\"NormalTextRun SCXW195018599 BCX0\">Mixed Rea\u00adli\u00adty bzw. Vir\u00adtu\u00adal Rea\u00adli\u00adty war nur ein The\u00adma auf der <\/span><span class=\"NormalTextRun SCXW195018599 BCX0\">Meta<\/span><span class=\"NormalTextRun SCXW195018599 BCX0\"> Con\u00adnect, <\/span><span class=\"NormalTextRun SCXW195018599 BCX0\">f\u00fcr das<\/span><span class=\"NormalTextRun SCXW195018599 BCX0\"> das Unter\u00adneh\u00admen neue Hard\u00adware <\/span><span class=\"NormalTextRun SCXW195018599 BCX0\">ent\u00adwi\u00adckelt hat. Ein wei\u00adte\u00adres fu\u00dft auf den Grund\u00adpfei\u00adlern <\/span><span class=\"NormalTextRun SCXW195018599 BCX0\">Metas<\/span><span class=\"NormalTextRun SCXW195018599 BCX0\">: <\/span><span class=\"NormalTextRun SCXW195018599 BCX0\">Social<\/span><span class=\"NormalTextRun SCXW195018599 BCX0\"> Media. F\u00fcr sei\u00adne Netz\u00adwer\u00adke Face\u00adbook und Insta\u00adgram bie\u00adtet <\/span><span class=\"NormalTextRun SCXW195018599 BCX0\">Meta<\/span><span class=\"NormalTextRun SCXW195018599 BCX0\"> seit Okto\u00adber 2023 eine Video\u00adbril\u00adle an, mit der du direkt in dei\u00adnen Feed live\u00adstrea\u00admen kannst. Die etwas holp\u00adrig benann\u00adten <\/span><span class=\"NormalTextRun SCXW195018599 BCX0\">Ray-Ban | <\/span><span class=\"NormalTextRun SCXW195018599 BCX0\">Meta<\/span><span class=\"NormalTextRun SCXW195018599 BCX0\"> Smart <\/span><span class=\"NormalTextRun SCXW195018599 BCX0\">Glas\u00adses<\/span><span class=\"NormalTextRun SCXW195018599 BCX0\"> sind Nach\u00adfol\u00adger der Ray-Ban Sto\u00adries, die 2021 in den Han\u00addel kamen, in Deutsch\u00adland aber nie offi\u00adzi\u00adell ver\u00adtrie\u00adben wor\u00adden sind. Das neue Modell ist auch hier\u00adzu\u00adlan\u00adde erh\u00e4lt\u00adlich, preis\u00adlich star\u00adtet die Video\u00adbril\u00adle ab 329 Euro. Daf\u00fcr bekommst du eine Ray-Ban-Son\u00adnen\u00adbril\u00adle im typi\u00adschen Look, aus\u00adge\u00adstat\u00adtet mit einer 12-Mega\u00adpi\u00adxel-Kame\u00adra neben der rech\u00adten Glas\u00adein\u00adfas\u00adsung, f\u00fcnf Mikro\u00adfo\u00adne und zwei Laut\u00adspre\u00adcher in den B\u00fcgeln. Audio-Son\u00adnen\u00adbril\u00adlen gibt es schon seit l\u00e4n\u00adge\u00adrem: Bose Frames, Ama\u00adzon Echo Frames und <\/span><span class=\"NormalTextRun SCXW195018599 BCX0\">Razer<\/span> <span class=\"NormalTextRun SCXW195018599 BCX0\">Anzu<\/span><span class=\"NormalTextRun SCXW195018599 BCX0\">, um nur ein paar der bekann\u00adte\u00adren zu nen\u00adnen. Und auch eine inte\u00adgrier\u00adte Kame\u00adra ist bei Bril\u00adlen kei\u00adne Neu\u00aderfin\u00addung. Snap bie\u00adtet seit 2017 mit den <\/span><span class=\"NormalTextRun SCXW195018599 BCX0\">Spec\u00adta\u00adcles<\/span><span class=\"NormalTextRun SCXW195018599 BCX0\"> ein \u00e4hn\u00adli\u00adches Pro\u00addukt in ver\u00adschie\u00adde\u00adnen Ite\u00adra\u00adtio\u00adnen an. Die neue \u201esmar\u00adte\u201c Bril\u00adle von <\/span><span class=\"NormalTextRun SCXW195018599 BCX0\">Meta<\/span><span class=\"NormalTextRun SCXW195018599 BCX0\"> will sich inso\u00adfern vom Wett\u00adbe\u00adwerb abhe\u00adben, als sie zum einen erneut in Koope\u00adra\u00adti\u00adon mit Ray-Ban ent\u00adstan\u00adden ist. Zum ande\u00adren ist sie tech\u00adnisch aus\u00adge\u00adreif\u00adter als ver\u00adgleich\u00adba\u00adre Bril\u00adlen. Die 12 Mega\u00adpi\u00adxel der Kame\u00adra etwa erlau\u00adben Auf\u00adnah\u00admen in <\/span><span class=\"NormalTextRun SCXW195018599 BCX0\">Full<\/span><span class=\"NormalTextRun SCXW195018599 BCX0\">-HD. Bis zu 100 Vide\u00ados fin\u00adden auf dem inter\u00adnen 32-Giga\u00adbyte-Spei\u00adcher Platz. Die Maxi\u00admal\u00adl\u00e4n\u00adge eines Vide\u00ados betr\u00e4gt dabei 30 Sekun\u00adden, bevor du erneut die <\/span><span class=\"NormalTextRun SCXW195018599 BCX0\">Auf\u00adnah\u00adme-Tas\u00adte am rech\u00adten B\u00fcgel bet\u00e4\u00adti\u00adgen musst. \u00dcbri\u00adgens: <\/span><span class=\"NormalTextRun SCXW195018599 BCX0\">Laut den Kol\u00adleg<\/span><span class=\"NormalTextRun SCXW195018599 BCX0\">*innen von Mixed.de nimmt die Video\u00adbril\u00adle Vide\u00ados aus\u00adschlie\u00df\u00adlich im Insta\u00adgram-typi\u00adschen Hoch\u00adfor\u00admat&nbsp;auf.<\/span><\/span><\/p>\n\n\t\t<\/div>\n\t<\/div>\n<\/div><\/div><\/div><\/div><div class=\"vc_row wpb_row vc_row-fluid\"><div class=\"wpb_column vc_column_container vc_col-sm-12\"><div class=\"vc_column-inner\"><div class=\"wpb_wrapper\">  <div class=\"slick-gallery-wrapper gallery-no-padding\" data-number-of-slides=\"1\">\n    <div class=\"slick-gallery should-lightbox \" id=\"slick_gallery_kYMO5VAbTCxVFXZpZnR6\">\n              <figure>\n  <div class=\"img-small-container\">\n    <div class=\"img-small-hover-background\"><\/div>\n    <picture>\n                                <source srcset=\"https:\/\/www.otto.de\/updated\/app\/uploads-webp\/uploads\/2023\/10\/Ray-Ban-Meta-1-1080x615.jpg.webp\" media=\"(max-width: 360px) and (-webkit-min-device-pixel-ratio: 2.5)\" type=\"image\/webp\">\n                  <source srcset=\"https:\/\/www.otto.de\/updated\/app\/uploads\/2023\/10\/Ray-Ban-Meta-1-1080x615.jpg\" media=\"(max-width: 360px) and (-webkit-min-device-pixel-ratio: 2.5)\">\n                  <source srcset=\"https:\/\/www.otto.de\/updated\/app\/uploads-webp\/uploads\/2023\/10\/Ray-Ban-Meta-1-720x410.jpg.webp\" media=\"(max-width: 360px) and (-webkit-min-device-pixel-ratio: 1.5)\" type=\"image\/webp\">\n                  <source srcset=\"https:\/\/www.otto.de\/updated\/app\/uploads\/2023\/10\/Ray-Ban-Meta-1-720x410.jpg\" media=\"(max-width: 360px) and (-webkit-min-device-pixel-ratio: 1.5)\">\n                  <source srcset=\"https:\/\/www.otto.de\/updated\/app\/uploads-webp\/uploads\/2023\/10\/Ray-Ban-Meta-1-360x205.jpg.webp\" media=\"(max-width: 360px)\" type=\"image\/webp\">\n                  <source srcset=\"https:\/\/www.otto.de\/updated\/app\/uploads\/2023\/10\/Ray-Ban-Meta-1-360x205.jpg\" media=\"(max-width: 360px)\">\n                    <source srcset=\"https:\/\/www.otto.de\/updated\/app\/uploads-webp\/uploads\/2023\/10\/Ray-Ban-Meta-1-1680x945.jpg.webp\" media=\"(max-width: 560px) and (-webkit-min-device-pixel-ratio: 2.5)\" type=\"image\/webp\">\n                  <source srcset=\"https:\/\/www.otto.de\/updated\/app\/uploads\/2023\/10\/Ray-Ban-Meta-1-1680x945.jpg\" media=\"(max-width: 560px) and (-webkit-min-device-pixel-ratio: 2.5)\">\n                  <source srcset=\"https:\/\/www.otto.de\/updated\/app\/uploads-webp\/uploads\/2023\/10\/Ray-Ban-Meta-1-1120x630.jpg.webp\" media=\"(max-width: 560px) and (-webkit-min-device-pixel-ratio: 1.5)\" type=\"image\/webp\">\n                  <source srcset=\"https:\/\/www.otto.de\/updated\/app\/uploads\/2023\/10\/Ray-Ban-Meta-1-1120x630.jpg\" media=\"(max-width: 560px) and (-webkit-min-device-pixel-ratio: 1.5)\">\n                  <source srcset=\"https:\/\/www.otto.de\/updated\/app\/uploads-webp\/uploads\/2023\/10\/Ray-Ban-Meta-1-560x315.jpg.webp\" media=\"(max-width: 560px)\" type=\"image\/webp\">\n                  <source srcset=\"https:\/\/www.otto.de\/updated\/app\/uploads\/2023\/10\/Ray-Ban-Meta-1-560x315.jpg\" media=\"(max-width: 560px)\">\n                    <source srcset=\"https:\/\/www.otto.de\/updated\/app\/uploads-webp\/uploads\/2023\/10\/Ray-Ban-Meta-1-2304x1296.jpg.webp\" media=\"(max-width: 767px) and (-webkit-min-device-pixel-ratio: 2.5)\" type=\"image\/webp\">\n                  <source srcset=\"https:\/\/www.otto.de\/updated\/app\/uploads\/2023\/10\/Ray-Ban-Meta-1-2304x1296.jpg\" media=\"(max-width: 767px) and (-webkit-min-device-pixel-ratio: 2.5)\">\n                  <source srcset=\"https:\/\/www.otto.de\/updated\/app\/uploads-webp\/uploads\/2023\/10\/Ray-Ban-Meta-1-1536x864.jpg.webp\" media=\"(max-width: 767px) and (-webkit-min-device-pixel-ratio: 1.5)\" type=\"image\/webp\">\n                  <source srcset=\"https:\/\/www.otto.de\/updated\/app\/uploads\/2023\/10\/Ray-Ban-Meta-1-1536x864.jpg\" media=\"(max-width: 767px) and (-webkit-min-device-pixel-ratio: 1.5)\">\n                  <source srcset=\"https:\/\/www.otto.de\/updated\/app\/uploads-webp\/uploads\/2023\/10\/Ray-Ban-Meta-1-768x432.jpg.webp\" media=\"(max-width: 767px)\" type=\"image\/webp\">\n                  <source srcset=\"https:\/\/www.otto.de\/updated\/app\/uploads\/2023\/10\/Ray-Ban-Meta-1-768x432.jpg\" media=\"(max-width: 767px)\">\n                    <source srcset=\"https:\/\/www.otto.de\/updated\/app\/uploads-webp\/uploads\/2023\/10\/Ray-Ban-Meta-1-1680x945.jpg.webp\" media=\"(max-width: 991px) and (-webkit-min-device-pixel-ratio: 2.5)\" type=\"image\/webp\">\n                  <source srcset=\"https:\/\/www.otto.de\/updated\/app\/uploads\/2023\/10\/Ray-Ban-Meta-1-1680x945.jpg\" media=\"(max-width: 991px) and (-webkit-min-device-pixel-ratio: 2.5)\">\n                  <source srcset=\"https:\/\/www.otto.de\/updated\/app\/uploads-webp\/uploads\/2023\/10\/Ray-Ban-Meta-1-1120x630.jpg.webp\" media=\"(max-width: 991px) and (-webkit-min-device-pixel-ratio: 1.5)\" type=\"image\/webp\">\n                  <source srcset=\"https:\/\/www.otto.de\/updated\/app\/uploads\/2023\/10\/Ray-Ban-Meta-1-1120x630.jpg\" media=\"(max-width: 991px) and (-webkit-min-device-pixel-ratio: 1.5)\">\n                  <source srcset=\"https:\/\/www.otto.de\/updated\/app\/uploads-webp\/uploads\/2023\/10\/Ray-Ban-Meta-1-560x315.jpg.webp\" media=\"(max-width: 991px)\" type=\"image\/webp\">\n                  <source srcset=\"https:\/\/www.otto.de\/updated\/app\/uploads\/2023\/10\/Ray-Ban-Meta-1-560x315.jpg\" media=\"(max-width: 991px)\">\n        <source srcset=\"https:\/\/www.otto.de\/updated\/app\/uploads-webp\/uploads\/2023\/10\/Ray-Ban-Meta-1-2304x1296.jpg.webp\" media=\"(-webkit-min-device-pixel-ratio: 2.5)\" type=\"image\/webp\">\n  <source srcset=\"https:\/\/www.otto.de\/updated\/app\/uploads\/2023\/10\/Ray-Ban-Meta-1-2304x1296.jpg\" media=\"(-webkit-min-device-pixel-ratio: 2.5)\">\n  <source srcset=\"https:\/\/www.otto.de\/updated\/app\/uploads-webp\/uploads\/2023\/10\/Ray-Ban-Meta-1-1536x864.jpg.webp\" media=\"(-webkit-min-device-pixel-ratio: 1.5)\" type=\"image\/webp\">\n  <source srcset=\"https:\/\/www.otto.de\/updated\/app\/uploads\/2023\/10\/Ray-Ban-Meta-1-1536x864.jpg\" media=\"(-webkit-min-device-pixel-ratio: 1.5)\">\n  <source srcset=\"https:\/\/www.otto.de\/updated\/app\/uploads-webp\/uploads\/2023\/10\/Ray-Ban-Meta-1-768x432.jpg.webp\" type=\"image\/webp\">\n  <img loading=\"lazy\" decoding=\"async\" src=\"https:\/\/www.otto.de\/updated\/app\/uploads\/2023\/10\/Ray-Ban-Meta-1-768x432.jpg\" width=\"768\" height=\"432\" title=\"Eine Person bedient die Ray-Ban | Meta Smart Glasses \u00fcber die Touchfl\u00e4che am rechten B\u00fcgel.\" alt=\"Eine Person bedient die Ray-Ban | Meta Smart Glasses \u00fcber die Touchfl\u00e4che am rechten B\u00fcgel.\" class=\"img-responsive img-small\" data-copyright=\"\u00a9 2023 Meta\" data-post-excerpt=\"Die neuen Smart Glasses von Meta und Ray-Ban eignen sich zum Livestreamen und Aufnehmen von kurzen Videos.\" data-light-value=\"dark\" data-zoom-width=\"2560\" data-zoom-height=\"1707\" data-zoom-src=\"https:\/\/www.otto.de\/updated\/app\/uploads\/2023\/10\/Ray-Ban-Meta-1.jpg\">\n                    <div class=\"caption dark\">\n          <small>\n            \u00a9 2023&nbsp;Meta&nbsp;<\/small>\n        <\/div>\n          <\/picture>\n  <\/div>\n      <figcaption class=\"post-excerpt\">\n      Die neu\u00aden Smart Glas\u00adses von Meta und Ray-Ban eig\u00adnen sich zum Live\u00adstrea\u00admen und Auf\u00adneh\u00admen von kur\u00adzen Videos.&nbsp;<\/figcaption>\n  <\/figure>\n          <\/div>\n    <div class=\"progress-bars\"><\/div>\n    <div class=\"zoom-icon-wrapper\">\n      <div class=\"zoom-icon\"><\/div>\n    <\/div>\n  <\/div>\n<\/div><\/div><\/div><\/div><div class=\"vc_row wpb_row vc_row-fluid\"><div class=\"wpb_column vc_column_container vc_col-sm-12\"><div class=\"vc_column-inner\"><div class=\"wpb_wrapper\"><div class=\"headline toc--item\"><a name=\"spracherkennung-und-verbesserte-audioqualitaet\"><\/a><h2>Sprach\u00ader\u00adken\u00adnung und ver\u00adbes\u00adser\u00adte Audioqualit\u00e4t<\/h2><\/div><\/div><\/div><\/div><\/div><div class=\"vc_row wpb_row vc_row-fluid\"><div class=\"wpb_column vc_column_container vc_col-sm-12\"><div class=\"vc_column-inner\"><div class=\"wpb_wrapper\">\n\t<div class=\"wpb_text_column wpb_content_element\">\n\t\t<div class=\"wpb_wrapper\">\n\t\t\t<p><span data-contrast=\"auto\">In den USA erlau\u00adben die Ray-Ban | Meta Smart Glas\u00adses zudem eine frei\u00adh\u00e4n\u00addi\u00adge Bedie\u00adnung per Spra\u00adche. So las\u00adsen sich etwa Nach\u00adrich\u00adten bei Whats\u00adApp dik\u00adtie\u00adren, Anru\u00adfe per Zuruf anneh\u00admen oder eben Foto- und Video\u00adauf\u00adnah\u00admen star\u00adten. Ob die\u00adse KI-Funk\u00adtio\u00adnen, wie Meta sie nennt, zu einem sp\u00e4\u00adte\u00adren Zeit\u00adpunkt auch in Deutsch\u00adland nach\u00adge\u00adreicht wer\u00adden, ist noch nicht klar.<\/span><span data-ccp-props=\"{}\">&nbsp;<\/span><\/p>\n<p><span data-contrast=\"auto\">Bei Live\u00adstreams, die du mit\u00adhil\u00adfe der Bril\u00adle \u00fcber\u00adtr\u00e4gst, hast du au\u00dfer\u00addem die Opti\u00adon, w\u00e4h\u00adrend der Auf\u00adnah\u00adme zwi\u00adschen Smart\u00adphone-Kame\u00adra und Ich-Per\u00adspek\u00adti\u00adve der Ray-Ban | Meta Smart Glas\u00adses zu wech\u00adseln. Die 30-Sekun\u00adden-Beschr\u00e4n\u00adkung gilt f\u00fcr Live\u00adstreams nicht.<\/span><\/p>\n<p><span data-contrast=\"auto\">Meta ver\u00adspricht, dass auch die Audio\u00adqua\u00adli\u00adt\u00e4t gegen\u00ad\u00fcber dem Vor\u00adg\u00e4n\u00adger\u00admo\u00addell gestei\u00adgert wur\u00adde. Die Laut\u00adspre\u00adcher, die \u00fcber den Ohren lie\u00adgen, \u00fcber\u00adtra\u00adgen akus\u00adti\u00adsche Signa\u00adle direkt in die Ohr\u00admu\u00adschel, damit du sowohl Musik als auch Tele\u00adfon\u00adge\u00adspr\u00e4\u00adche laut und deut\u00adlich wahr\u00adneh\u00admen kannst. Dabei wird der direk\u00adtio\u00adna\u00adle Ton so gelenkt, dass umste\u00adhen\u00adde Per\u00adso\u00adnen nicht mit\u00adh\u00f6\u00adren k\u00f6n\u00adnen sol\u00adlen. Damit auch die Gegen\u00adsei\u00adte ver\u00adsteht, was du sagst, sor\u00adgen f\u00fcnf in die Bril\u00adle ein\u00adge\u00adlas\u00adse\u00adne Mikro\u00adfo\u00adne f\u00fcr eine m\u00f6g\u00adlichst ver\u00adlust\u00adar\u00adme \u00dcber\u00adtra\u00adgung des Gespro\u00adche\u00adnen. Ein Mikro\u00adfon hat Meta daf\u00fcr im Nasen\u00adsteg zwi\u00adschen den Gl\u00e4\u00adsern nahe\u00adzu unsicht\u00adbar eingebaut.<\/span><\/p>\n\n\t\t<\/div>\n\t<\/div>\n<\/div><\/div><\/div><\/div><div class=\"vc_row wpb_row vc_row-fluid\"><div class=\"wpb_column vc_column_container vc_col-sm-12\"><div class=\"vc_column-inner\"><div class=\"wpb_wrapper\">  <div class=\"slick-gallery-wrapper \" data-number-of-slides=\"2\">\n    <div class=\"slick-gallery should-lightbox \" id=\"slick_gallery_cKfSsmJijZXYd5uNTKeg\">\n              <figure>\n  <div class=\"img-small-container\">\n    <div class=\"img-small-hover-background\"><\/div>\n    <picture>\n                                <source srcset=\"https:\/\/www.otto.de\/updated\/app\/uploads-webp\/uploads\/2023\/10\/Ray-Ban-Meta-Smart-Glasses-1080x615.jpg.webp\" media=\"(max-width: 360px) and (-webkit-min-device-pixel-ratio: 2.5)\" type=\"image\/webp\">\n                  <source srcset=\"https:\/\/www.otto.de\/updated\/app\/uploads\/2023\/10\/Ray-Ban-Meta-Smart-Glasses-1080x615.jpg\" media=\"(max-width: 360px) and (-webkit-min-device-pixel-ratio: 2.5)\">\n                  <source srcset=\"https:\/\/www.otto.de\/updated\/app\/uploads-webp\/uploads\/2023\/10\/Ray-Ban-Meta-Smart-Glasses-720x410.jpg.webp\" media=\"(max-width: 360px) and (-webkit-min-device-pixel-ratio: 1.5)\" type=\"image\/webp\">\n                  <source srcset=\"https:\/\/www.otto.de\/updated\/app\/uploads\/2023\/10\/Ray-Ban-Meta-Smart-Glasses-720x410.jpg\" media=\"(max-width: 360px) and (-webkit-min-device-pixel-ratio: 1.5)\">\n                  <source srcset=\"https:\/\/www.otto.de\/updated\/app\/uploads-webp\/uploads\/2023\/10\/Ray-Ban-Meta-Smart-Glasses-360x205.jpg.webp\" media=\"(max-width: 360px)\" type=\"image\/webp\">\n                  <source srcset=\"https:\/\/www.otto.de\/updated\/app\/uploads\/2023\/10\/Ray-Ban-Meta-Smart-Glasses-360x205.jpg\" media=\"(max-width: 360px)\">\n                    <source srcset=\"https:\/\/www.otto.de\/updated\/app\/uploads-webp\/uploads\/2023\/10\/Ray-Ban-Meta-Smart-Glasses-1680x945.jpg.webp\" media=\"(max-width: 560px) and (-webkit-min-device-pixel-ratio: 2.5)\" type=\"image\/webp\">\n                  <source srcset=\"https:\/\/www.otto.de\/updated\/app\/uploads\/2023\/10\/Ray-Ban-Meta-Smart-Glasses-1680x945.jpg\" media=\"(max-width: 560px) and (-webkit-min-device-pixel-ratio: 2.5)\">\n                  <source srcset=\"https:\/\/www.otto.de\/updated\/app\/uploads-webp\/uploads\/2023\/10\/Ray-Ban-Meta-Smart-Glasses-1120x630.jpg.webp\" media=\"(max-width: 560px) and (-webkit-min-device-pixel-ratio: 1.5)\" type=\"image\/webp\">\n                  <source srcset=\"https:\/\/www.otto.de\/updated\/app\/uploads\/2023\/10\/Ray-Ban-Meta-Smart-Glasses-1120x630.jpg\" media=\"(max-width: 560px) and (-webkit-min-device-pixel-ratio: 1.5)\">\n                  <source srcset=\"https:\/\/www.otto.de\/updated\/app\/uploads-webp\/uploads\/2023\/10\/Ray-Ban-Meta-Smart-Glasses-560x315.jpg.webp\" media=\"(max-width: 560px)\" type=\"image\/webp\">\n                  <source srcset=\"https:\/\/www.otto.de\/updated\/app\/uploads\/2023\/10\/Ray-Ban-Meta-Smart-Glasses-560x315.jpg\" media=\"(max-width: 560px)\">\n                    <source srcset=\"https:\/\/www.otto.de\/updated\/app\/uploads-webp\/uploads\/2023\/10\/Ray-Ban-Meta-Smart-Glasses-2304x1296.jpg.webp\" media=\"(max-width: 767px) and (-webkit-min-device-pixel-ratio: 2.5)\" type=\"image\/webp\">\n                  <source srcset=\"https:\/\/www.otto.de\/updated\/app\/uploads\/2023\/10\/Ray-Ban-Meta-Smart-Glasses-2304x1296.jpg\" media=\"(max-width: 767px) and (-webkit-min-device-pixel-ratio: 2.5)\">\n                  <source srcset=\"https:\/\/www.otto.de\/updated\/app\/uploads-webp\/uploads\/2023\/10\/Ray-Ban-Meta-Smart-Glasses-1536x864.jpg.webp\" media=\"(max-width: 767px) and (-webkit-min-device-pixel-ratio: 1.5)\" type=\"image\/webp\">\n                  <source srcset=\"https:\/\/www.otto.de\/updated\/app\/uploads\/2023\/10\/Ray-Ban-Meta-Smart-Glasses-1536x864.jpg\" media=\"(max-width: 767px) and (-webkit-min-device-pixel-ratio: 1.5)\">\n                  <source srcset=\"https:\/\/www.otto.de\/updated\/app\/uploads-webp\/uploads\/2023\/10\/Ray-Ban-Meta-Smart-Glasses-768x432.jpg.webp\" media=\"(max-width: 767px)\" type=\"image\/webp\">\n                  <source srcset=\"https:\/\/www.otto.de\/updated\/app\/uploads\/2023\/10\/Ray-Ban-Meta-Smart-Glasses-768x432.jpg\" media=\"(max-width: 767px)\">\n                    <source srcset=\"https:\/\/www.otto.de\/updated\/app\/uploads-webp\/uploads\/2023\/10\/Ray-Ban-Meta-Smart-Glasses-1680x945.jpg.webp\" media=\"(max-width: 991px) and (-webkit-min-device-pixel-ratio: 2.5)\" type=\"image\/webp\">\n                  <source srcset=\"https:\/\/www.otto.de\/updated\/app\/uploads\/2023\/10\/Ray-Ban-Meta-Smart-Glasses-1680x945.jpg\" media=\"(max-width: 991px) and (-webkit-min-device-pixel-ratio: 2.5)\">\n                  <source srcset=\"https:\/\/www.otto.de\/updated\/app\/uploads-webp\/uploads\/2023\/10\/Ray-Ban-Meta-Smart-Glasses-1120x630.jpg.webp\" media=\"(max-width: 991px) and (-webkit-min-device-pixel-ratio: 1.5)\" type=\"image\/webp\">\n                  <source srcset=\"https:\/\/www.otto.de\/updated\/app\/uploads\/2023\/10\/Ray-Ban-Meta-Smart-Glasses-1120x630.jpg\" media=\"(max-width: 991px) and (-webkit-min-device-pixel-ratio: 1.5)\">\n                  <source srcset=\"https:\/\/www.otto.de\/updated\/app\/uploads-webp\/uploads\/2023\/10\/Ray-Ban-Meta-Smart-Glasses-560x315.jpg.webp\" media=\"(max-width: 991px)\" type=\"image\/webp\">\n                  <source srcset=\"https:\/\/www.otto.de\/updated\/app\/uploads\/2023\/10\/Ray-Ban-Meta-Smart-Glasses-560x315.jpg\" media=\"(max-width: 991px)\">\n        <source srcset=\"https:\/\/www.otto.de\/updated\/app\/uploads-webp\/uploads\/2023\/10\/Ray-Ban-Meta-Smart-Glasses-2304x1296.jpg.webp\" media=\"(-webkit-min-device-pixel-ratio: 2.5)\" type=\"image\/webp\">\n  <source srcset=\"https:\/\/www.otto.de\/updated\/app\/uploads\/2023\/10\/Ray-Ban-Meta-Smart-Glasses-2304x1296.jpg\" media=\"(-webkit-min-device-pixel-ratio: 2.5)\">\n  <source srcset=\"https:\/\/www.otto.de\/updated\/app\/uploads-webp\/uploads\/2023\/10\/Ray-Ban-Meta-Smart-Glasses-1536x864.jpg.webp\" media=\"(-webkit-min-device-pixel-ratio: 1.5)\" type=\"image\/webp\">\n  <source srcset=\"https:\/\/www.otto.de\/updated\/app\/uploads\/2023\/10\/Ray-Ban-Meta-Smart-Glasses-1536x864.jpg\" media=\"(-webkit-min-device-pixel-ratio: 1.5)\">\n  <source srcset=\"https:\/\/www.otto.de\/updated\/app\/uploads-webp\/uploads\/2023\/10\/Ray-Ban-Meta-Smart-Glasses-768x432.jpg.webp\" type=\"image\/webp\">\n  <img loading=\"lazy\" decoding=\"async\" src=\"https:\/\/www.otto.de\/updated\/app\/uploads\/2023\/10\/Ray-Ban-Meta-Smart-Glasses-768x432.jpg\" width=\"768\" height=\"432\" title=\"Produktfoto der neuen Ray-Ban | Meta Smart Glasses.\" alt=\"Produktfoto der neuen Ray-Ban | Meta Smart Glasses.\" class=\"img-responsive img-small\" data-copyright=\"\u00a9 2023 Meta\" data-post-excerpt=\"Meta bietet die Ray-Ban Smart Glasses in zwei Modellen und zahlreichen Farben an \u2013 auch in Deutschland.\" data-light-value=\"light\" data-zoom-width=\"2560\" data-zoom-height=\"1707\" data-zoom-src=\"https:\/\/www.otto.de\/updated\/app\/uploads\/2023\/10\/Ray-Ban-Meta-Smart-Glasses.jpg\">\n                    <div class=\"caption light\">\n          <small>\n            \u00a9 2023&nbsp;Meta&nbsp;<\/small>\n        <\/div>\n          <\/picture>\n  <\/div>\n      <figcaption class=\"post-excerpt\">\n      Meta bie\u00adtet die Ray-Ban Smart Glas\u00adses in zwei Model\u00adlen und zahl\u00adrei\u00adchen Far\u00adben an \u2013 auch in Deutschland.&nbsp;<\/figcaption>\n  <\/figure>\n              <figure>\n  <div class=\"img-small-container\">\n    <div class=\"img-small-hover-background\"><\/div>\n    <picture>\n                                <source srcset=\"https:\/\/www.otto.de\/updated\/app\/uploads-webp\/uploads\/2023\/10\/Ray-Ban-Meta-2-1080x615.jpg.webp\" media=\"(max-width: 360px) and (-webkit-min-device-pixel-ratio: 2.5)\" type=\"image\/webp\">\n                  <source srcset=\"https:\/\/www.otto.de\/updated\/app\/uploads\/2023\/10\/Ray-Ban-Meta-2-1080x615.jpg\" media=\"(max-width: 360px) and (-webkit-min-device-pixel-ratio: 2.5)\">\n                  <source srcset=\"https:\/\/www.otto.de\/updated\/app\/uploads-webp\/uploads\/2023\/10\/Ray-Ban-Meta-2-720x410.jpg.webp\" media=\"(max-width: 360px) and (-webkit-min-device-pixel-ratio: 1.5)\" type=\"image\/webp\">\n                  <source srcset=\"https:\/\/www.otto.de\/updated\/app\/uploads\/2023\/10\/Ray-Ban-Meta-2-720x410.jpg\" media=\"(max-width: 360px) and (-webkit-min-device-pixel-ratio: 1.5)\">\n                  <source srcset=\"https:\/\/www.otto.de\/updated\/app\/uploads-webp\/uploads\/2023\/10\/Ray-Ban-Meta-2-360x205.jpg.webp\" media=\"(max-width: 360px)\" type=\"image\/webp\">\n                  <source srcset=\"https:\/\/www.otto.de\/updated\/app\/uploads\/2023\/10\/Ray-Ban-Meta-2-360x205.jpg\" media=\"(max-width: 360px)\">\n                    <source srcset=\"https:\/\/www.otto.de\/updated\/app\/uploads-webp\/uploads\/2023\/10\/Ray-Ban-Meta-2-1680x945.jpg.webp\" media=\"(max-width: 560px) and (-webkit-min-device-pixel-ratio: 2.5)\" type=\"image\/webp\">\n                  <source srcset=\"https:\/\/www.otto.de\/updated\/app\/uploads\/2023\/10\/Ray-Ban-Meta-2-1680x945.jpg\" media=\"(max-width: 560px) and (-webkit-min-device-pixel-ratio: 2.5)\">\n                  <source srcset=\"https:\/\/www.otto.de\/updated\/app\/uploads-webp\/uploads\/2023\/10\/Ray-Ban-Meta-2-1120x630.jpg.webp\" media=\"(max-width: 560px) and (-webkit-min-device-pixel-ratio: 1.5)\" type=\"image\/webp\">\n                  <source srcset=\"https:\/\/www.otto.de\/updated\/app\/uploads\/2023\/10\/Ray-Ban-Meta-2-1120x630.jpg\" media=\"(max-width: 560px) and (-webkit-min-device-pixel-ratio: 1.5)\">\n                  <source srcset=\"https:\/\/www.otto.de\/updated\/app\/uploads-webp\/uploads\/2023\/10\/Ray-Ban-Meta-2-560x315.jpg.webp\" media=\"(max-width: 560px)\" type=\"image\/webp\">\n                  <source srcset=\"https:\/\/www.otto.de\/updated\/app\/uploads\/2023\/10\/Ray-Ban-Meta-2-560x315.jpg\" media=\"(max-width: 560px)\">\n                    <source srcset=\"https:\/\/www.otto.de\/updated\/app\/uploads-webp\/uploads\/2023\/10\/Ray-Ban-Meta-2-2304x1296.jpg.webp\" media=\"(max-width: 767px) and (-webkit-min-device-pixel-ratio: 2.5)\" type=\"image\/webp\">\n                  <source srcset=\"https:\/\/www.otto.de\/updated\/app\/uploads\/2023\/10\/Ray-Ban-Meta-2-2304x1296.jpg\" media=\"(max-width: 767px) and (-webkit-min-device-pixel-ratio: 2.5)\">\n                  <source srcset=\"https:\/\/www.otto.de\/updated\/app\/uploads-webp\/uploads\/2023\/10\/Ray-Ban-Meta-2-1536x864.jpg.webp\" media=\"(max-width: 767px) and (-webkit-min-device-pixel-ratio: 1.5)\" type=\"image\/webp\">\n                  <source srcset=\"https:\/\/www.otto.de\/updated\/app\/uploads\/2023\/10\/Ray-Ban-Meta-2-1536x864.jpg\" media=\"(max-width: 767px) and (-webkit-min-device-pixel-ratio: 1.5)\">\n                  <source srcset=\"https:\/\/www.otto.de\/updated\/app\/uploads-webp\/uploads\/2023\/10\/Ray-Ban-Meta-2-768x432.jpg.webp\" media=\"(max-width: 767px)\" type=\"image\/webp\">\n                  <source srcset=\"https:\/\/www.otto.de\/updated\/app\/uploads\/2023\/10\/Ray-Ban-Meta-2-768x432.jpg\" media=\"(max-width: 767px)\">\n                    <source srcset=\"https:\/\/www.otto.de\/updated\/app\/uploads-webp\/uploads\/2023\/10\/Ray-Ban-Meta-2-1680x945.jpg.webp\" media=\"(max-width: 991px) and (-webkit-min-device-pixel-ratio: 2.5)\" type=\"image\/webp\">\n                  <source srcset=\"https:\/\/www.otto.de\/updated\/app\/uploads\/2023\/10\/Ray-Ban-Meta-2-1680x945.jpg\" media=\"(max-width: 991px) and (-webkit-min-device-pixel-ratio: 2.5)\">\n                  <source srcset=\"https:\/\/www.otto.de\/updated\/app\/uploads-webp\/uploads\/2023\/10\/Ray-Ban-Meta-2-1120x630.jpg.webp\" media=\"(max-width: 991px) and (-webkit-min-device-pixel-ratio: 1.5)\" type=\"image\/webp\">\n                  <source srcset=\"https:\/\/www.otto.de\/updated\/app\/uploads\/2023\/10\/Ray-Ban-Meta-2-1120x630.jpg\" media=\"(max-width: 991px) and (-webkit-min-device-pixel-ratio: 1.5)\">\n                  <source srcset=\"https:\/\/www.otto.de\/updated\/app\/uploads-webp\/uploads\/2023\/10\/Ray-Ban-Meta-2-560x315.jpg.webp\" media=\"(max-width: 991px)\" type=\"image\/webp\">\n                  <source srcset=\"https:\/\/www.otto.de\/updated\/app\/uploads\/2023\/10\/Ray-Ban-Meta-2-560x315.jpg\" media=\"(max-width: 991px)\">\n        <source srcset=\"https:\/\/www.otto.de\/updated\/app\/uploads-webp\/uploads\/2023\/10\/Ray-Ban-Meta-2-2304x1296.jpg.webp\" media=\"(-webkit-min-device-pixel-ratio: 2.5)\" type=\"image\/webp\">\n  <source srcset=\"https:\/\/www.otto.de\/updated\/app\/uploads\/2023\/10\/Ray-Ban-Meta-2-2304x1296.jpg\" media=\"(-webkit-min-device-pixel-ratio: 2.5)\">\n  <source srcset=\"https:\/\/www.otto.de\/updated\/app\/uploads-webp\/uploads\/2023\/10\/Ray-Ban-Meta-2-1536x864.jpg.webp\" media=\"(-webkit-min-device-pixel-ratio: 1.5)\" type=\"image\/webp\">\n  <source srcset=\"https:\/\/www.otto.de\/updated\/app\/uploads\/2023\/10\/Ray-Ban-Meta-2-1536x864.jpg\" media=\"(-webkit-min-device-pixel-ratio: 1.5)\">\n  <source srcset=\"https:\/\/www.otto.de\/updated\/app\/uploads-webp\/uploads\/2023\/10\/Ray-Ban-Meta-2-768x432.jpg.webp\" type=\"image\/webp\">\n  <img loading=\"lazy\" decoding=\"async\" src=\"https:\/\/www.otto.de\/updated\/app\/uploads\/2023\/10\/Ray-Ban-Meta-2-768x432.jpg\" width=\"768\" height=\"432\" title=\"Eine Person tr\u00e4gt die Ray-Ban | Meta Smart Glasses und bet\u00e4tigt das Touchfeld am rechten B\u00fcgel.\" alt=\"Eine Person tr\u00e4gt die Ray-Ban | Meta Smart Glasses und bet\u00e4tigt das Touchfeld am rechten B\u00fcgel.\" class=\"img-responsive img-small\" data-copyright=\"\u00a9 2023 Meta\" data-post-excerpt=\"F\u00fcnf Mikrofone, zwei Lautsprecher und eine Kamera \u2013 damit will dich die Ray-Ban | Meta Smart Glasses von sich \u00fcberzeugen.\" data-light-value=\"dark\" data-zoom-width=\"2560\" data-zoom-height=\"1707\" data-zoom-src=\"https:\/\/www.otto.de\/updated\/app\/uploads\/2023\/10\/Ray-Ban-Meta-2.jpg\">\n                    <div class=\"caption dark\">\n          <small>\n            \u00a9 2023&nbsp;Meta&nbsp;<\/small>\n        <\/div>\n          <\/picture>\n  <\/div>\n      <figcaption class=\"post-excerpt\">\n      F\u00fcnf Mikro\u00adfo\u00adne, zwei Laut\u00adspre\u00adcher und eine Kame\u00adra \u2013 damit will dich die Ray-Ban | Meta Smart Glas\u00adses von sich \u00fcberzeugen.&nbsp;<\/figcaption>\n  <\/figure>\n          <\/div>\n    <div class=\"progress-bars\"><\/div>\n    <div class=\"zoom-icon-wrapper\">\n      <div class=\"zoom-icon\"><\/div>\n    <\/div>\n  <\/div>\n<\/div><\/div><\/div><\/div><div class=\"vc_row wpb_row vc_row-fluid\"><div class=\"wpb_column vc_column_container vc_col-sm-12\"><div class=\"vc_column-inner\"><div class=\"wpb_wrapper\"><div class=\"headline\"><a name=\"weitere-infos-zu-den-ray-ban-meta-smart-glasses\"><\/a><h3>Wei\u00adte\u00adre Infos zu den Ray-Ban | Meta Smart Glasses<\/h3><\/div><\/div><\/div><\/div><\/div><div class=\"vc_row wpb_row vc_row-fluid\"><div class=\"wpb_column vc_column_container vc_col-sm-12\"><div class=\"vc_column-inner\"><div class=\"wpb_wrapper\">\n\t<div class=\"wpb_text_column wpb_content_element\">\n\t\t<div class=\"wpb_wrapper\">\n\t\t\t<ul>\n<li data-leveltext=\"-\" data-font=\"Calibri\" data-listid=\"1\" data-list-defn-props=\"{&quot;335551671&quot;:0,&quot;335552541&quot;:1,&quot;335559684&quot;:-2,&quot;335559685&quot;:720,&quot;335559991&quot;:360,&quot;469769226&quot;:&quot;Calibri&quot;,&quot;469769242&quot;:[8226],&quot;469777803&quot;:&quot;left&quot;,&quot;469777804&quot;:&quot;-&quot;,&quot;469777815&quot;:&quot;hybridMultilevel&quot;}\" data-aria-posinset=\"0\" data-aria-level=\"1\"><span data-contrast=\"auto\">Die Ray-Ban-Smart\u00adglas\u00adses von Meta sind was\u00adser\u00addicht gem\u00e4\u00df IPX4, \u00fcber\u00adste\u00adhen also leich\u00adte Regen\u00adschau\u00ader.<\/span><span data-ccp-props=\"{}\">&nbsp;<\/span><\/li>\n<li data-leveltext=\"-\" data-font=\"Calibri\" data-listid=\"1\" data-list-defn-props=\"{&quot;335551671&quot;:0,&quot;335552541&quot;:1,&quot;335559684&quot;:-2,&quot;335559685&quot;:720,&quot;335559991&quot;:360,&quot;469769226&quot;:&quot;Calibri&quot;,&quot;469769242&quot;:[8226],&quot;469777803&quot;:&quot;left&quot;,&quot;469777804&quot;:&quot;-&quot;,&quot;469777815&quot;:&quot;hybridMultilevel&quot;}\" data-aria-posinset=\"0\" data-aria-level=\"1\"><span data-contrast=\"auto\">F\u00fcr die Live\u00adstream ben\u00f6\u00adtigt die Video\u00adbril\u00adle eine \u00fcber das gekop\u00adpel\u00adte Smart\u00adphone bereit\u00adge\u00adstell\u00adte Inter\u00adnet\u00adver\u00adbin\u00addung.<\/span><span data-ccp-props=\"{}\">&nbsp;<\/span><\/li>\n<li data-leveltext=\"-\" data-font=\"Calibri\" data-listid=\"1\" data-list-defn-props=\"{&quot;335551671&quot;:0,&quot;335552541&quot;:1,&quot;335559684&quot;:-2,&quot;335559685&quot;:720,&quot;335559991&quot;:360,&quot;469769226&quot;:&quot;Calibri&quot;,&quot;469769242&quot;:[8226],&quot;469777803&quot;:&quot;left&quot;,&quot;469777804&quot;:&quot;-&quot;,&quot;469777815&quot;:&quot;hybridMultilevel&quot;}\" data-aria-posinset=\"0\" data-aria-level=\"1\"><span data-contrast=\"auto\">Die Akku\u00adlauf\u00adzeit der Bril\u00adle betr\u00e4gt bis zu vier Stun\u00adden. \u00dcber das bei\u00adlie\u00adgen\u00adde Lade\u00adetui kommt die Bril\u00adle auf bis zu 36 Stun\u00adden.<\/span><span data-ccp-props=\"{}\">&nbsp;<\/span><\/li>\n<li data-leveltext=\"-\" data-font=\"Calibri\" data-listid=\"1\" data-list-defn-props=\"{&quot;335551671&quot;:0,&quot;335552541&quot;:1,&quot;335559684&quot;:-2,&quot;335559685&quot;:720,&quot;335559991&quot;:360,&quot;469769226&quot;:&quot;Calibri&quot;,&quot;469769242&quot;:[8226],&quot;469777803&quot;:&quot;left&quot;,&quot;469777804&quot;:&quot;-&quot;,&quot;469777815&quot;:&quot;hybridMultilevel&quot;}\" data-aria-posinset=\"0\" data-aria-level=\"1\"><span data-contrast=\"auto\">Gekop\u00adpelt und ver\u00adwal\u00adtet wer\u00adden die Ray-Ban | Meta Smart Glas\u00adses \u00fcber die kos\u00adten\u00adlo\u00adse App \u201eMeta View\u201c.<\/span><span data-ccp-props=\"{}\">&nbsp;<\/span><\/li>\n<li data-leveltext=\"-\" data-font=\"Calibri\" data-listid=\"1\" data-list-defn-props=\"{&quot;335551671&quot;:0,&quot;335552541&quot;:1,&quot;335559684&quot;:-2,&quot;335559685&quot;:720,&quot;335559991&quot;:360,&quot;469769226&quot;:&quot;Calibri&quot;,&quot;469769242&quot;:[8226],&quot;469777803&quot;:&quot;left&quot;,&quot;469777804&quot;:&quot;-&quot;,&quot;469777815&quot;:&quot;hybridMultilevel&quot;}\" data-aria-posinset=\"0\" data-aria-level=\"1\"><span data-contrast=\"auto\">Eine LED weist Umste\u00adhen\u00adde auf eine der\u00adzeit lau\u00adfen\u00adde Auf\u00adnah\u00adme bzw. einen gera\u00adde statt\u00adfin\u00adden\u00adden Live\u00adstream hin.&nbsp;<\/span><span data-ccp-props=\"{}\">&nbsp;<\/span><\/li>\n<li data-leveltext=\"-\" data-font=\"Calibri\" data-listid=\"1\" data-list-defn-props=\"{&quot;335551671&quot;:0,&quot;335552541&quot;:1,&quot;335559684&quot;:-2,&quot;335559685&quot;:720,&quot;335559991&quot;:360,&quot;469769226&quot;:&quot;Calibri&quot;,&quot;469769242&quot;:[8226],&quot;469777803&quot;:&quot;left&quot;,&quot;469777804&quot;:&quot;-&quot;,&quot;469777815&quot;:&quot;hybridMultilevel&quot;}\" data-aria-posinset=\"0\" data-aria-level=\"1\"><span data-contrast=\"auto\">Die Bril\u00adle l\u00e4sst sich auch mit Kor\u00adrek\u00adtur\u00adgl\u00e4\u00adsern tra\u00adgen.<\/span><span data-ccp-props=\"{}\">&nbsp;<\/span><\/li>\n<li data-leveltext=\"-\" data-font=\"Calibri\" data-listid=\"1\" data-list-defn-props=\"{&quot;335551671&quot;:0,&quot;335552541&quot;:1,&quot;335559684&quot;:-2,&quot;335559685&quot;:720,&quot;335559991&quot;:360,&quot;469769226&quot;:&quot;Calibri&quot;,&quot;469769242&quot;:[8226],&quot;469777803&quot;:&quot;left&quot;,&quot;469777804&quot;:&quot;-&quot;,&quot;469777815&quot;:&quot;hybridMultilevel&quot;}\" data-aria-posinset=\"0\" data-aria-level=\"1\"><span data-contrast=\"auto\">Meta bie\u00adtet die Bril\u00adle in zwei Gr\u00f6\u00ad\u00dfen, Stan\u00addard und Gro\u00df, und zwei Ray-Ban-Model\u00adlen an: Way\u00adfa\u00adrer und Headliner.<\/span><\/li>\n<\/ul>\n\n\t\t<\/div>\n\t<\/div>\n<\/div><\/div><\/div><\/div><div class=\"vc_row wpb_row vc_row-fluid\"><div class=\"wpb_column vc_column_container vc_col-sm-12\"><div class=\"vc_column-inner\"><div class=\"wpb_wrapper\"><div class=\"article-author-opinion\">\n  <div class=\"article-author-opinion-header\">\n    <div class=\"author-image-background\">\n      <picture>\n          <source srcset=\"https:\/\/www.otto.de\/updated\/app\/uploads-webp\/uploads\/2021\/04\/Alexander-Kraft-450x450.jpg.webp\" media=\"(-webkit-min-device-pixel-ratio: 2.5)\" type=\"image\/webp\">\n  <source srcset=\"https:\/\/www.otto.de\/updated\/app\/uploads\/2021\/04\/Alexander-Kraft-450x450.jpg\" media=\"(-webkit-min-device-pixel-ratio: 2.5)\">\n  <source srcset=\"https:\/\/www.otto.de\/updated\/app\/uploads-webp\/uploads\/2021\/04\/Alexander-Kraft-300x300.jpg.webp\" media=\"(-webkit-min-device-pixel-ratio: 1.5)\" type=\"image\/webp\">\n  <source srcset=\"https:\/\/www.otto.de\/updated\/app\/uploads\/2021\/04\/Alexander-Kraft-300x300.jpg\" media=\"(-webkit-min-device-pixel-ratio: 1.5)\">\n  <source srcset=\"https:\/\/www.otto.de\/updated\/app\/uploads-webp\/uploads\/2021\/04\/Alexander-Kraft-150x150.jpg.webp\" type=\"image\/webp\">\n  <img loading=\"lazy\" decoding=\"async\" src=\"https:\/\/www.otto.de\/updated\/app\/uploads\/2021\/04\/Alexander-Kraft-150x150.jpg\" width=\"150\" height=\"150\" title=\"Alexander Kraft\" alt=\"Portrait des Autoren Alexander Kraft\" class=\"author-image\">\n      <\/picture>\n    <\/div>\n    <div class=\"article-author-opinion-header-text\">\n      <div class=\"author-name\">\n        Alex\u00adan\u00adder&nbsp;Kraft&nbsp;<\/div>\n      <div class=\"opinion-headline\">\n        <h2>\n          Unse\u00adre<br><br>Expert*innen-Meinung        <\/h2>\n      <\/div>\n    <\/div>\n  <\/div>\n  <div class=\"article-author-opinion-separator\"><\/div>\n  <div class=\"article-author-opinion-content\">\n    \n\t<div class=\"wpb_text_column wpb_content_element\">\n\t\t<div class=\"wpb_wrapper\">\n\t\t\t<p><span data-contrast=\"auto\">Wenn\u00adgleich im Vor\u00adfeld der Meta Con\u00adnect bereits bekannt war, dass das Unter\u00adneh\u00admen Nach\u00adfol\u00adger sei\u00adner Bril\u00adlen pr\u00e4\u00adsen\u00adtie\u00adren w\u00fcr\u00adde, hat mich die Ank\u00fcn\u00addi\u00adgung der Meta Quest 3 den\u00adnoch gefreut. Ange\u00adsichts des ver\u00adgleichs\u00adwei\u00adse gerin\u00adgen Prei\u00adses gegen\u00ad\u00fcber der Quest Pro erwar\u00adtet dich hier den\u00adnoch eine leis\u00adtungs\u00adf\u00e4\u00adhi\u00adge \u2013 und in vie\u00adlen Punk\u00adte sogar moder\u00adne\u00adre \u2013 VR-Bril\u00adle. Ich wei\u00df, Meta benutzt mitt\u00adler\u00adwei\u00adle lie\u00adber den Begriff \u201eMixed Rea\u00adli\u00adty\u201c. Solan\u00adge daf\u00fcr aber kein kla\u00adres Anwen\u00addungs\u00adbei\u00adspiel gefun\u00adden wird, blei\u00adbe ich bei der guten, alten vir\u00adtu\u00adel\u00adlen Rea\u00adli\u00adt\u00e4t. Immer\u00adhin punk\u00adtet die Bril\u00adle auch da dank gro\u00ad\u00dfer Spie\u00adle\u00adbi\u00adblio\u00adthek und ver\u00adbes\u00adser\u00adter Raum\u00ader\u00adken\u00adnung. Unan\u00adge\u00adneh\u00adme Zusam\u00admen\u00adst\u00f6\u00ad\u00dfe mit dem Inte\u00adri\u00adeur wer\u00adden damit hof\u00adfent\u00adlich auf ein Mini\u00admum reduziert.<\/span><\/p>\n<p><span data-contrast=\"auto\">Inwie\u00adweit die Ray-Ban | Meta Smart Glas\u00adses eine Chan\u00adce haben, sich auf dem Markt zu eta\u00adblie\u00adren, bleibt abzu\u00adwar\u00adten. Gera\u00adde in Deutsch\u00adland, wo Daten\u00adschutz eine gro\u00ad\u00dfe Rol\u00adle spielt, wirkt eine Video\u00adbril\u00adle min\u00addes\u00adtens mal ver\u00add\u00e4ch\u00adtig. Aller\u00addings gibt es mitt\u00adler\u00adwei\u00adle eini\u00adge Action\u00adka\u00adme\u00adras, die klein genug f\u00fcr die Hemd\u00adta\u00adsche sind, sie\u00adhe die auf Dau\u00admen\u00adgr\u00f6\u00ad\u00dfe geschrumpf\u00adte Insta360 Go 3. Wie sinn\u00advoll oder all\u00adtags\u00adtaug\u00adlich eine Video\u00adbril\u00adle am Ende tat\u00ads\u00e4ch\u00adlich ist, dar\u00ad\u00fcber l\u00e4sst sich strei\u00adten. Immer\u00adhin hat Meta es geschafft, in Zusam\u00admen\u00adar\u00adbeit mit Ray-Ban eine Bril\u00adle zu ent\u00adwi\u00adckeln, die rein optisch nicht von einer nor\u00adma\u00adlen Son\u00adnen\u00adbril\u00adle zu unter\u00adschei\u00adden ist. Ob sie damit wirk\u00adlich die \u201en\u00e4chs\u00adte Gene\u00adra\u00adti\u00adon von Smart\u00adglas\u00adses\u201c ein\u00adl\u00e4u\u00adtet, w\u00fcr\u00adde ich ange\u00adsichts der f\u00fcr 2024 erwar\u00adte\u00adten Apple Visi\u00adon Pro so aber nicht unterschreiben.<\/span><\/p>\n\n\t\t<\/div>\n\t<\/div>\n  <\/div>\n  <div class=\"article-author-opinion-separator\"><\/div>\n<\/div>\n<\/div><\/div><\/div><\/div>\n<\/div>","protected":false},"excerpt":{"rendered":"Ende Sep\u00adtem\u00adber pr\u00e4\u00adsen\u00adtier\u00adte Mark Zucker\u00adbergs Unter\u00adneh\u00admen Meta nicht nur, wie KI ver\u00adst\u00e4rkt in Face\u00adbook, Whats\u00adApp und Insta\u00adgram Ein\u00adzug hal\u00adten wird. Die zwei\u00adt\u00e4\u00adti\u00adge Meta Con\u00adnect war auch B\u00fch\u00adne f\u00fcr die Ank\u00fcn\u00addi\u00adgung neu\u00ader Hard\u00adware. Mit der Meta Quest 3 und den Ray-Ban | Meta Smart Glas\u00adses erschei\u00adnen die\u00adsen Okto\u00adber gleich zwei neue Bril\u00adlen, die unter\u00adschied\u00adli\u00adcher nicht&nbsp;sein&nbsp;[\u2026]","protected":false},"author":103,"featured_media":98979,"comment_status":"closed","ping_status":"open","sticky":false,"template":"","format":"standard","meta":{"_acf_changed":false,"wp_typography_post_enhancements_disabled":false,"footnotes":""},"categories":[35469,35463,35462],"tags":[123,300],"class_list":["post-98988","post","type-post","status-publish","format-standard","has-post-thumbnail","hentry","category-gadgets","category-mobile-geraete","category-work-connect","tag-facebook","tag-virtual-reality"],"acf":[],"yoast_head":"<!-- This site is optimized with the Yoast SEO Premium plugin v28.2 (Yoast SEO v28.2) - https:\/\/yoast.com\/product\/yoast-seo-premium-wordpress\/ -->\n<title>Meta Quest 3 und Ray-Ban Smart Glasses vorgestellt | OTTO<\/title>\n<meta name=\"description\" content=\"Mixed Reality und Livestreaming: Meta hat die Meta Quest 3 und neue Ray-Ban Smart Glasses vorgestellt.\" \/>\n<meta name=\"robots\" content=\"index, follow, max-snippet:-1, max-image-preview:large, max-video-preview:-1\" \/>\n<link rel=\"canonical\" href=\"https:\/\/www.otto.de\/updated\/vr-und-videobrille-meta-stellt-meta-quest-3-und-ray-ban-smart-glasses-vor-98988\/\" \/>\n<meta property=\"og:locale\" content=\"de_DE\" \/>\n<meta property=\"og:type\" content=\"article\" \/>\n<meta property=\"og:title\" content=\"VR und Videobrille: Meta stellt Meta Quest 3 und Ray-Ban Smart Glasses vor\" \/>\n<meta property=\"og:description\" content=\"Mixed Reality und Livestreaming: Meta hat die Meta Quest 3 und neue Ray-Ban Smart Glasses vorgestellt.\" \/>\n<meta property=\"og:url\" content=\"https:\/\/www.otto.de\/updated\/vr-und-videobrille-meta-stellt-meta-quest-3-und-ray-ban-smart-glasses-vor-98988\/\" \/>\n<meta property=\"og:site_name\" content=\"UPDATED\" \/>\n<meta property=\"article:publisher\" content=\"https:\/\/www.facebook.com\/updated.de\/\" \/>\n<meta property=\"article:published_time\" content=\"2023-10-10T05:30:05+00:00\" \/>\n<meta property=\"og:image\" content=\"https:\/\/www.otto.de\/updated\/app\/uploads\/2023\/10\/Meta-Quest-3-6.jpg\" \/>\n\t<meta property=\"og:image:width\" content=\"2560\" \/>\n\t<meta property=\"og:image:height\" content=\"1707\" \/>\n\t<meta property=\"og:image:type\" content=\"image\/jpeg\" \/>\n<meta name=\"author\" content=\"Alexander Kraft\" \/>\n<meta name=\"twitter:card\" content=\"summary_large_image\" \/>\n<meta name=\"twitter:creator\" content=\"@updated_de\" \/>\n<meta name=\"twitter:site\" content=\"@updated_de\" \/>\n<meta name=\"twitter:label1\" content=\"Written by\" \/>\n\t<meta name=\"twitter:data1\" content=\"Alexander Kraft\" \/>\n\t<meta name=\"twitter:label2\" content=\"Est. reading time\" \/>\n\t<meta name=\"twitter:data2\" content=\"12\u00a0Minuten\" \/>\n<script type=\"application\/ld+json\" class=\"yoast-schema-graph\">{\"@context\":\"https:\\\/\\\/schema.org\",\"@graph\":[{\"@type\":\"WebPage\",\"@id\":\"https:\\\/\\\/www.otto.de\\\/updated\\\/vr-und-videobrille-meta-stellt-meta-quest-3-und-ray-ban-smart-glasses-vor-98988\\\/\",\"url\":\"https:\\\/\\\/www.otto.de\\\/updated\\\/vr-und-videobrille-meta-stellt-meta-quest-3-und-ray-ban-smart-glasses-vor-98988\\\/\",\"name\":\"Meta Quest 3 und Ray-Ban Smart Glasses vorgestellt | OTTO\",\"isPartOf\":{\"@id\":\"https:\\\/\\\/www.otto.de\\\/updated\\\/#website\"},\"primaryImageOfPage\":{\"@id\":\"https:\\\/\\\/www.otto.de\\\/updated\\\/vr-und-videobrille-meta-stellt-meta-quest-3-und-ray-ban-smart-glasses-vor-98988\\\/#primaryimage\"},\"image\":{\"@id\":\"https:\\\/\\\/www.otto.de\\\/updated\\\/vr-und-videobrille-meta-stellt-meta-quest-3-und-ray-ban-smart-glasses-vor-98988\\\/#primaryimage\"},\"thumbnailUrl\":\"https:\\\/\\\/www.otto.de\\\/updated\\\/app\\\/uploads\\\/2023\\\/10\\\/Meta-Quest-3-6.jpg\",\"datePublished\":\"2023-10-10T05:30:05+00:00\",\"author\":{\"@id\":\"https:\\\/\\\/www.otto.de\\\/updated\\\/#\\\/schema\\\/person\\\/ceb97d816f13db389f60ed912af35ca4\"},\"description\":\"Mixed Reality und Livestreaming: Meta hat die Meta Quest 3 und neue Ray-Ban Smart Glasses vorgestellt.\",\"breadcrumb\":{\"@id\":\"https:\\\/\\\/www.otto.de\\\/updated\\\/vr-und-videobrille-meta-stellt-meta-quest-3-und-ray-ban-smart-glasses-vor-98988\\\/#breadcrumb\"},\"inLanguage\":\"de\",\"potentialAction\":[{\"@type\":\"ReadAction\",\"target\":[\"https:\\\/\\\/www.otto.de\\\/updated\\\/vr-und-videobrille-meta-stellt-meta-quest-3-und-ray-ban-smart-glasses-vor-98988\\\/\"]}]},{\"@type\":\"ImageObject\",\"inLanguage\":\"de\",\"@id\":\"https:\\\/\\\/www.otto.de\\\/updated\\\/vr-und-videobrille-meta-stellt-meta-quest-3-und-ray-ban-smart-glasses-vor-98988\\\/#primaryimage\",\"url\":\"https:\\\/\\\/www.otto.de\\\/updated\\\/app\\\/uploads\\\/2023\\\/10\\\/Meta-Quest-3-6.jpg\",\"contentUrl\":\"https:\\\/\\\/www.otto.de\\\/updated\\\/app\\\/uploads\\\/2023\\\/10\\\/Meta-Quest-3-6.jpg\",\"width\":2560,\"height\":1707,\"caption\":\"Meta vermarktet das neuste Modell der Meta Quest gezielt als Mixed-Reality-Headset.\"},{\"@type\":\"BreadcrumbList\",\"@id\":\"https:\\\/\\\/www.otto.de\\\/updated\\\/vr-und-videobrille-meta-stellt-meta-quest-3-und-ray-ban-smart-glasses-vor-98988\\\/#breadcrumb\",\"itemListElement\":[{\"@type\":\"ListItem\",\"position\":1,\"name\":\"Startseite\",\"item\":\"\\\/updated\\\/\"},{\"@type\":\"ListItem\",\"position\":2,\"name\":\"Work &amp; Connect\",\"item\":\"https:\\\/\\\/www.otto.de\\\/updated\\\/work-connect\\\/\"},{\"@type\":\"ListItem\",\"position\":3,\"name\":\"Mobile Ger\u00e4te\",\"item\":\"https:\\\/\\\/www.otto.de\\\/updated\\\/mobile-geraete\\\/\"},{\"@type\":\"ListItem\",\"position\":4,\"name\":\"Gadgets\",\"item\":\"https:\\\/\\\/www.otto.de\\\/updated\\\/gadgets\\\/\"},{\"@type\":\"ListItem\",\"position\":5,\"name\":\"VR und Video\u00adbril\u00adle: Meta stellt Meta Quest 3 und Ray-Ban Smart Glas\u00adses&nbsp;vor\"}]},{\"@type\":\"WebSite\",\"@id\":\"https:\\\/\\\/www.otto.de\\\/updated\\\/#website\",\"url\":\"https:\\\/\\\/www.otto.de\\\/updated\\\/\",\"name\":\"UPDATED\",\"description\":\"\",\"potentialAction\":[{\"@type\":\"SearchAction\",\"target\":{\"@type\":\"EntryPoint\",\"urlTemplate\":\"https:\\\/\\\/www.otto.de\\\/updated\\\/?s={search_term_string}\"},\"query-input\":{\"@type\":\"PropertyValueSpecification\",\"valueRequired\":true,\"valueName\":\"search_term_string\"}}],\"inLanguage\":\"de\"},{\"@type\":\"Person\",\"@id\":\"https:\\\/\\\/www.otto.de\\\/updated\\\/#\\\/schema\\\/person\\\/ceb97d816f13db389f60ed912af35ca4\",\"name\":\"Alexander Kraft\",\"description\":\"Aufgewachsen zwischen NES und C64 hat Alex so manchen Technik-Trend kommen und noch viel schneller wieder verschwinden sehen. Was ihn nach all den Jahren immer noch an neuer Technologie begeistert? Die Experimentierfreude, die Vielseitigkeit und der unbedingte Drang der Hersteller, die n\u00e4chste gro\u00dfe \u00dcberraschung zu landen. Bis es so weit ist, hilft Alex allen, die ihn fragen, Smartphones einzurichten oder den Router zu rebooten.\",\"url\":\"https:\\\/\\\/www.otto.de\\\/updated\\\/redaktion\\\/\",\"image\":null,\"colleague\":[\"https:\\\/\\\/www.otto.de\\\/updated\\\/redaktion\\\/alexander-kraft\\\/\",\"https:\\\/\\\/www.otto.de\\\/updated\\\/redaktion\\\/anne-beyer\\\/\",\"https:\\\/\\\/www.otto.de\\\/updated\\\/redaktion\\\/arne-schaetzle\\\/\",\"https:\\\/\\\/www.otto.de\\\/updated\\\/redaktion\\\/jana-janssen\\\/\",\"https:\\\/\\\/www.otto.de\\\/updated\\\/redaktion\\\/pascal-wuttke\\\/\",\"https:\\\/\\\/www.otto.de\\\/updated\\\/redaktion\\\/thomas-bott\\\/\"],\"worksFor\":[{\"@type\":\"Organization\",\"id\":\"https:\\\/\\\/www.otto.de\\\/updated\\\/#organization\",\"name\":\"UPDATED\"}]}]}<\/script>\n<!-- \/ Yoast SEO Premium plugin. -->","yoast_head_json":{"title":"Meta Quest 3 und Ray-Ban Smart Glasses vorgestellt | OTTO","description":"Mixed Reality und Livestreaming: Meta hat die Meta Quest 3 und neue Ray-Ban Smart Glasses vorgestellt.","robots":{"index":"index","follow":"follow","max-snippet":"max-snippet:-1","max-image-preview":"max-image-preview:large","max-video-preview":"max-video-preview:-1"},"canonical":"https:\/\/www.otto.de\/updated\/vr-und-videobrille-meta-stellt-meta-quest-3-und-ray-ban-smart-glasses-vor-98988\/","og_locale":"de_DE","og_type":"article","og_title":"VR und Videobrille: Meta stellt Meta Quest 3 und Ray-Ban Smart Glasses vor","og_description":"Mixed Reality und Livestreaming: Meta hat die Meta Quest 3 und neue Ray-Ban Smart Glasses vorgestellt.","og_url":"https:\/\/www.otto.de\/updated\/vr-und-videobrille-meta-stellt-meta-quest-3-und-ray-ban-smart-glasses-vor-98988\/","og_site_name":"UPDATED","article_publisher":"https:\/\/www.facebook.com\/updated.de\/","article_published_time":"2023-10-10T05:30:05+00:00","og_image":[{"width":2560,"height":1707,"url":"https:\/\/www.otto.de\/updated\/app\/uploads\/2023\/10\/Meta-Quest-3-6.jpg","type":"image\/jpeg"}],"author":"Alexander Kraft","twitter_card":"summary_large_image","twitter_creator":"@updated_de","twitter_site":"@updated_de","twitter_misc":{"Written by":"Alexander Kraft","Est. reading time":"12\u00a0Minuten"},"schema":{"@context":"https:\/\/schema.org","@graph":[{"@type":"WebPage","@id":"https:\/\/www.otto.de\/updated\/vr-und-videobrille-meta-stellt-meta-quest-3-und-ray-ban-smart-glasses-vor-98988\/","url":"https:\/\/www.otto.de\/updated\/vr-und-videobrille-meta-stellt-meta-quest-3-und-ray-ban-smart-glasses-vor-98988\/","name":"Meta Quest 3 und Ray-Ban Smart Glasses vorgestellt | OTTO","isPartOf":{"@id":"https:\/\/www.otto.de\/updated\/#website"},"primaryImageOfPage":{"@id":"https:\/\/www.otto.de\/updated\/vr-und-videobrille-meta-stellt-meta-quest-3-und-ray-ban-smart-glasses-vor-98988\/#primaryimage"},"image":{"@id":"https:\/\/www.otto.de\/updated\/vr-und-videobrille-meta-stellt-meta-quest-3-und-ray-ban-smart-glasses-vor-98988\/#primaryimage"},"thumbnailUrl":"https:\/\/www.otto.de\/updated\/app\/uploads\/2023\/10\/Meta-Quest-3-6.jpg","datePublished":"2023-10-10T05:30:05+00:00","author":{"@id":"https:\/\/www.otto.de\/updated\/#\/schema\/person\/ceb97d816f13db389f60ed912af35ca4"},"description":"Mixed Reality und Livestreaming: Meta hat die Meta Quest 3 und neue Ray-Ban Smart Glasses vorgestellt.","breadcrumb":{"@id":"https:\/\/www.otto.de\/updated\/vr-und-videobrille-meta-stellt-meta-quest-3-und-ray-ban-smart-glasses-vor-98988\/#breadcrumb"},"inLanguage":"de","potentialAction":[{"@type":"ReadAction","target":["https:\/\/www.otto.de\/updated\/vr-und-videobrille-meta-stellt-meta-quest-3-und-ray-ban-smart-glasses-vor-98988\/"]}]},{"@type":"ImageObject","inLanguage":"de","@id":"https:\/\/www.otto.de\/updated\/vr-und-videobrille-meta-stellt-meta-quest-3-und-ray-ban-smart-glasses-vor-98988\/#primaryimage","url":"https:\/\/www.otto.de\/updated\/app\/uploads\/2023\/10\/Meta-Quest-3-6.jpg","contentUrl":"https:\/\/www.otto.de\/updated\/app\/uploads\/2023\/10\/Meta-Quest-3-6.jpg","width":2560,"height":1707,"caption":"Meta vermarktet das neuste Modell der Meta Quest gezielt als Mixed-Reality-Headset."},{"@type":"BreadcrumbList","@id":"https:\/\/www.otto.de\/updated\/vr-und-videobrille-meta-stellt-meta-quest-3-und-ray-ban-smart-glasses-vor-98988\/#breadcrumb","itemListElement":[{"@type":"ListItem","position":1,"name":"Startseite","item":"\/updated\/"},{"@type":"ListItem","position":2,"name":"Work &amp; Connect","item":"https:\/\/www.otto.de\/updated\/work-connect\/"},{"@type":"ListItem","position":3,"name":"Mobile Ger\u00e4te","item":"https:\/\/www.otto.de\/updated\/mobile-geraete\/"},{"@type":"ListItem","position":4,"name":"Gadgets","item":"https:\/\/www.otto.de\/updated\/gadgets\/"},{"@type":"ListItem","position":5,"name":"VR und Video\u00adbril\u00adle: Meta stellt Meta Quest 3 und Ray-Ban Smart Glas\u00adses&nbsp;vor"}]},{"@type":"WebSite","@id":"https:\/\/www.otto.de\/updated\/#website","url":"https:\/\/www.otto.de\/updated\/","name":"UPDATED","description":"","potentialAction":[{"@type":"SearchAction","target":{"@type":"EntryPoint","urlTemplate":"https:\/\/www.otto.de\/updated\/?s={search_term_string}"},"query-input":{"@type":"PropertyValueSpecification","valueRequired":true,"valueName":"search_term_string"}}],"inLanguage":"de"},{"@type":"Person","@id":"https:\/\/www.otto.de\/updated\/#\/schema\/person\/ceb97d816f13db389f60ed912af35ca4","name":"Alexander Kraft","description":"Aufgewachsen zwischen NES und C64 hat Alex so manchen Technik-Trend kommen und noch viel schneller wieder verschwinden sehen. Was ihn nach all den Jahren immer noch an neuer Technologie begeistert? Die Experimentierfreude, die Vielseitigkeit und der unbedingte Drang der Hersteller, die n\u00e4chste gro\u00dfe \u00dcberraschung zu landen. Bis es so weit ist, hilft Alex allen, die ihn fragen, Smartphones einzurichten oder den Router zu rebooten.","url":"https:\/\/www.otto.de\/updated\/redaktion\/","image":null,"colleague":["https:\/\/www.otto.de\/updated\/redaktion\/alexander-kraft\/","https:\/\/www.otto.de\/updated\/redaktion\/anne-beyer\/","https:\/\/www.otto.de\/updated\/redaktion\/arne-schaetzle\/","https:\/\/www.otto.de\/updated\/redaktion\/jana-janssen\/","https:\/\/www.otto.de\/updated\/redaktion\/pascal-wuttke\/","https:\/\/www.otto.de\/updated\/redaktion\/thomas-bott\/"],"worksFor":[{"@type":"Organization","id":"https:\/\/www.otto.de\/updated\/#organization","name":"UPDATED"}]}]}},"_links":{"self":[{"href":"https:\/\/www.otto.de\/updated\/wp-json\/wp\/v2\/posts\/98988","targetHints":{"allow":["GET"]}}],"collection":[{"href":"https:\/\/www.otto.de\/updated\/wp-json\/wp\/v2\/posts"}],"about":[{"href":"https:\/\/www.otto.de\/updated\/wp-json\/wp\/v2\/types\/post"}],"author":[{"embeddable":true,"href":"https:\/\/www.otto.de\/updated\/wp-json\/wp\/v2\/users\/103"}],"replies":[{"embeddable":true,"href":"https:\/\/www.otto.de\/updated\/wp-json\/wp\/v2\/comments?post=98988"}],"version-history":[{"count":2,"href":"https:\/\/www.otto.de\/updated\/wp-json\/wp\/v2\/posts\/98988\/revisions"}],"predecessor-version":[{"id":98990,"href":"https:\/\/www.otto.de\/updated\/wp-json\/wp\/v2\/posts\/98988\/revisions\/98990"}],"wp:featuredmedia":[{"embeddable":true,"href":"https:\/\/www.otto.de\/updated\/wp-json\/wp\/v2\/media\/98979"}],"wp:attachment":[{"href":"https:\/\/www.otto.de\/updated\/wp-json\/wp\/v2\/media?parent=98988"}],"wp:term":[{"taxonomy":"category","embeddable":true,"href":"https:\/\/www.otto.de\/updated\/wp-json\/wp\/v2\/categories?post=98988"},{"taxonomy":"post_tag","embeddable":true,"href":"https:\/\/www.otto.de\/updated\/wp-json\/wp\/v2\/tags?post=98988"}],"curies":[{"name":"wp","href":"https:\/\/api.w.org\/{rel}","templated":true}]}}