
{"id":98961,"date":"2023-10-07T08:53:55","date_gmt":"2023-10-07T06:53:55","guid":{"rendered":"\/updated\/?p=98961"},"modified":"2026-07-08T13:29:22","modified_gmt":"2026-07-08T11:29:22","slug":"walkie-talkies-fuer-kinder-das-gilt-es-zu-beachten","status":"publish","type":"post","link":"https:\/\/www.otto.de\/updated\/walkie-talkies-fuer-kinder-das-gilt-es-zu-beachten-98961\/","title":{"rendered":"Wal\u00adkie-Tal\u00adkies f\u00fcr Kin\u00adder: Das gilt es zu beachten"},"content":{"rendered":"<div class=\"wpb-content-wrapper\"><div class=\"vc_row wpb_row vc_row-fluid\"><div class=\"wpb_column vc_column_container vc_col-sm-12\"><div class=\"vc_column-inner\"><div class=\"wpb_wrapper\">\n\t<div class=\"wpb_text_column wpb_content_element\">\n\t\t<div class=\"wpb_wrapper\">\n\t\t\t<p><strong>Das Dosen\u00adte\u00adle\u00adfon gilt als spie\u00adle\u00adri\u00adsche Art, Kin\u00addern das Kon\u00adzept von Ton\u00ad\u00fcber\u00adtra\u00adgun\u00adgen von einem Ende zum ande\u00adren bei\u00adzu\u00adbrin\u00adgen. Wal\u00adkie-Tal\u00adkies gehen noch einen Schritt wei\u00adter und ver\u00adle\u00adgen das Prin\u00adzip ins Kabel\u00adlo\u00adse. Kin\u00adder fin\u00adden dar\u00adan gro\u00ad\u00dfen Gefal\u00adlen, denn so haben sie selbst gewis\u00adser\u00adma\u00ad\u00dfen ein \u201eHan\u00addy\u201c, um zu kom\u00admu\u00adni\u00adzie\u00adren. Bei Spie\u00adlen im Gar\u00adten und der Nach\u00adbar\u00adschaft sind die Ger\u00e4\u00adte dann immer mit dabei. Doch es gibt ein paar Din\u00adge zu beach\u00adten, damit Kids und Wal\u00adkie-Tal\u00adkies auch sicher sind. UPDATED lie\u00adfert die Infos&nbsp;dazu.<\/strong><\/p>\n\n\t\t<\/div>\n\t<\/div>\n<\/div><\/div><\/div><\/div><div class=\"vc_row wpb_row vc_row-fluid\"><div class=\"wpb_column vc_column_container vc_col-sm-12\"><div class=\"vc_column-inner\"><div class=\"wpb_wrapper\"><nav class=\"toc\"><h2 class=\"toc--headline\">Das erfahrt ihr gleich<\/h2><ul class=\"toc--links\"><li><a href=\"#walkie-talkies-fuer-kinder-einfach-zu-bedienen-sollten-sie-sein\">Wal\u00adkie-Tal\u00adkies f\u00fcr Kin\u00adder: Ein\u00adfach zu bedie\u00adnen soll\u00adten sie&nbsp;sein<\/a><\/li><li><a href=\"#vox-technologie-vereinfachung-und-doppelnutzung\">VOX-Tech\u00adno\u00adlo\u00adgie: Ver\u00adein\u00adfa\u00adchung und Doppelnutzung<\/a><\/li><li><a href=\"#reichweite-es-muss-nicht-viel-sein\">Reich\u00adwei\u00adte: Es muss nicht viel&nbsp;sein<\/a><\/li><li><a href=\"#lautstaerke-zum-schutz-der-ohren-nicht-zu-hoch\">Laut\u00adst\u00e4r\u00adke: Zum Schutz der Ohren nicht zu&nbsp;hoch<\/a><\/li><li><a href=\"#haltbarkeit-gebaut-fuer-gelegentliche-unfaelle\">Halt\u00adbar\u00adkeit: Gebaut f\u00fcr gele\u00adgent\u00adli\u00adche \u201eUnf\u00e4l\u00adle\u201c<\/a><\/li><li><a href=\"#akku-oder-batterie-immer-genug-saft-zum-funken\">Akku oder Bat\u00adte\u00adrie: Immer genug Saft zum Funken<\/a><\/li><\/ul><\/nav><\/div><\/div><\/div><\/div><div class=\"vc_row wpb_row vc_row-fluid\"><div class=\"wpb_column vc_column_container vc_col-sm-12\"><div class=\"vc_column-inner\"><div class=\"wpb_wrapper\"><div class=\"headline toc--item\"><a name=\"walkie-talkies-fuer-kinder-einfach-zu-bedienen-sollten-sie-sein\"><\/a><h2>Wal\u00adkie-Tal\u00adkies f\u00fcr Kin\u00adder: Ein\u00adfach zu bedie\u00adnen soll\u00adten sie&nbsp;sein<\/h2><\/div>\n\t<div class=\"wpb_text_column wpb_content_element\">\n\t\t<div class=\"wpb_wrapper\">\n\t\t\t<p>Damit Kin\u00adder schnell Spa\u00df mit den Ger\u00e4\u00adten haben und kein Frust auf\u00adkommt, soll\u00adte das Wal\u00adkie-Tal\u00adkie ein\u00adfach zu bedie\u00adnen sein. Zahl\u00adrei\u00adche Tas\u00adten mit unter\u00adschied\u00adlichs\u00adten Funk\u00adtio\u00adnen, Dop\u00adpel\u00adbe\u00adle\u00adgun\u00adgen und kom\u00adpli\u00adzier\u00adte Anzei\u00adgen auf Dis\u00adplays sind also weni\u00adger geeig\u00adnet. Viel\u00admehr soll\u00adte es eine kla\u00adre Steue\u00adrung&nbsp;geben:<\/p>\n<ul>\n<li><strong>Sprach-Knopf:<\/strong> ein klar gekenn\u00adzeich\u00adne\u00adter Knopf (\u201eTALK\u201c) f\u00fcr das Star\u00adten der Sprach\u00ad\u00fcber\u00adtra\u00adgung, meist auf der Sei\u00adte des Ger\u00e4\u00adtes. Er soll\u00adte leicht f\u00fcr Kin\u00adder\u00adh\u00e4n\u00adde zu fin\u00adden und zu dr\u00fc\u00adcken&nbsp;sein.<\/li>\n<li><strong>Kanal-Wahl:<\/strong> Zwei Kn\u00f6p\u00adfe die\u00adnen zur Ein\u00adstel\u00adlung des Funkkanals.<\/li>\n<li><strong>Dis\u00adplay:<\/strong> Auf dem Dis\u00adplay soll\u00adte der Kanal zu sehen sein und im Ide\u00adal\u00adfall die Ver\u00adbin\u00addungs\u00adqua\u00adli\u00adt\u00e4t. Au\u00dfer\u00addem ist eine Bat\u00adte\u00adrie\u00adan\u00adzei\u00adge hilfreich.<\/li>\n<li><strong>Ein-Aus-Knopf:<\/strong> Auch einen Knopf f\u00fcr das Ein- und Aus\u00adschal\u00adten des Ger\u00e4ts soll\u00adte es geben, der klar gekenn\u00adzeich\u00adnet&nbsp;ist.<\/li>\n<\/ul>\n<p>Mehr braucht ein Wal\u00adkie-Tal\u00adkie f\u00fcr Kin\u00adder auch nicht. Damit ver\u00adste\u00adhen die Klei\u00adnen ganz ein\u00adfach, wie das Ger\u00e4t funktioniert.<\/p>\n\n\t\t<\/div>\n\t<\/div>\n<\/div><\/div><\/div><\/div><div class=\"vc_row wpb_row vc_row-fluid\"><div class=\"wpb_column vc_column_container vc_col-sm-12\"><div class=\"vc_column-inner\"><div class=\"wpb_wrapper\">  <div class=\"slick-gallery-wrapper gallery-no-padding\" data-number-of-slides=\"1\">\n    <div class=\"slick-gallery should-lightbox \" id=\"slick_gallery_nH4H3CvO6jdVFq88zJT3\">\n              <figure>\n  <div class=\"img-small-container\">\n    <div class=\"img-small-hover-background\"><\/div>\n    <picture>\n                                <source srcset=\"https:\/\/www.otto.de\/updated\/app\/uploads-webp\/uploads\/2023\/09\/walkie-talkie-kinder-1-1080x615.jpg.webp\" media=\"(max-width: 360px) and (-webkit-min-device-pixel-ratio: 2.5)\" type=\"image\/webp\">\n                  <source srcset=\"https:\/\/www.otto.de\/updated\/app\/uploads\/2023\/09\/walkie-talkie-kinder-1-1080x615.jpg\" media=\"(max-width: 360px) and (-webkit-min-device-pixel-ratio: 2.5)\">\n                  <source srcset=\"https:\/\/www.otto.de\/updated\/app\/uploads-webp\/uploads\/2023\/09\/walkie-talkie-kinder-1-720x410.jpg.webp\" media=\"(max-width: 360px) and (-webkit-min-device-pixel-ratio: 1.5)\" type=\"image\/webp\">\n                  <source srcset=\"https:\/\/www.otto.de\/updated\/app\/uploads\/2023\/09\/walkie-talkie-kinder-1-720x410.jpg\" media=\"(max-width: 360px) and (-webkit-min-device-pixel-ratio: 1.5)\">\n                  <source srcset=\"https:\/\/www.otto.de\/updated\/app\/uploads-webp\/uploads\/2023\/09\/walkie-talkie-kinder-1-360x205.jpg.webp\" media=\"(max-width: 360px)\" type=\"image\/webp\">\n                  <source srcset=\"https:\/\/www.otto.de\/updated\/app\/uploads\/2023\/09\/walkie-talkie-kinder-1-360x205.jpg\" media=\"(max-width: 360px)\">\n                    <source srcset=\"https:\/\/www.otto.de\/updated\/app\/uploads-webp\/uploads\/2023\/09\/walkie-talkie-kinder-1-1680x945.jpg.webp\" media=\"(max-width: 560px) and (-webkit-min-device-pixel-ratio: 2.5)\" type=\"image\/webp\">\n                  <source srcset=\"https:\/\/www.otto.de\/updated\/app\/uploads\/2023\/09\/walkie-talkie-kinder-1-1680x945.jpg\" media=\"(max-width: 560px) and (-webkit-min-device-pixel-ratio: 2.5)\">\n                  <source srcset=\"https:\/\/www.otto.de\/updated\/app\/uploads-webp\/uploads\/2023\/09\/walkie-talkie-kinder-1-1120x630.jpg.webp\" media=\"(max-width: 560px) and (-webkit-min-device-pixel-ratio: 1.5)\" type=\"image\/webp\">\n                  <source srcset=\"https:\/\/www.otto.de\/updated\/app\/uploads\/2023\/09\/walkie-talkie-kinder-1-1120x630.jpg\" media=\"(max-width: 560px) and (-webkit-min-device-pixel-ratio: 1.5)\">\n                  <source srcset=\"https:\/\/www.otto.de\/updated\/app\/uploads-webp\/uploads\/2023\/09\/walkie-talkie-kinder-1-560x315.jpg.webp\" media=\"(max-width: 560px)\" type=\"image\/webp\">\n                  <source srcset=\"https:\/\/www.otto.de\/updated\/app\/uploads\/2023\/09\/walkie-talkie-kinder-1-560x315.jpg\" media=\"(max-width: 560px)\">\n                    <source srcset=\"https:\/\/www.otto.de\/updated\/app\/uploads-webp\/uploads\/2023\/09\/walkie-talkie-kinder-1-2304x1296.jpg.webp\" media=\"(max-width: 767px) and (-webkit-min-device-pixel-ratio: 2.5)\" type=\"image\/webp\">\n                  <source srcset=\"https:\/\/www.otto.de\/updated\/app\/uploads\/2023\/09\/walkie-talkie-kinder-1-2304x1296.jpg\" media=\"(max-width: 767px) and (-webkit-min-device-pixel-ratio: 2.5)\">\n                  <source srcset=\"https:\/\/www.otto.de\/updated\/app\/uploads-webp\/uploads\/2023\/09\/walkie-talkie-kinder-1-1536x864.jpg.webp\" media=\"(max-width: 767px) and (-webkit-min-device-pixel-ratio: 1.5)\" type=\"image\/webp\">\n                  <source srcset=\"https:\/\/www.otto.de\/updated\/app\/uploads\/2023\/09\/walkie-talkie-kinder-1-1536x864.jpg\" media=\"(max-width: 767px) and (-webkit-min-device-pixel-ratio: 1.5)\">\n                  <source srcset=\"https:\/\/www.otto.de\/updated\/app\/uploads-webp\/uploads\/2023\/09\/walkie-talkie-kinder-1-768x432.jpg.webp\" media=\"(max-width: 767px)\" type=\"image\/webp\">\n                  <source srcset=\"https:\/\/www.otto.de\/updated\/app\/uploads\/2023\/09\/walkie-talkie-kinder-1-768x432.jpg\" media=\"(max-width: 767px)\">\n                    <source srcset=\"https:\/\/www.otto.de\/updated\/app\/uploads-webp\/uploads\/2023\/09\/walkie-talkie-kinder-1-1680x945.jpg.webp\" media=\"(max-width: 991px) and (-webkit-min-device-pixel-ratio: 2.5)\" type=\"image\/webp\">\n                  <source srcset=\"https:\/\/www.otto.de\/updated\/app\/uploads\/2023\/09\/walkie-talkie-kinder-1-1680x945.jpg\" media=\"(max-width: 991px) and (-webkit-min-device-pixel-ratio: 2.5)\">\n                  <source srcset=\"https:\/\/www.otto.de\/updated\/app\/uploads-webp\/uploads\/2023\/09\/walkie-talkie-kinder-1-1120x630.jpg.webp\" media=\"(max-width: 991px) and (-webkit-min-device-pixel-ratio: 1.5)\" type=\"image\/webp\">\n                  <source srcset=\"https:\/\/www.otto.de\/updated\/app\/uploads\/2023\/09\/walkie-talkie-kinder-1-1120x630.jpg\" media=\"(max-width: 991px) and (-webkit-min-device-pixel-ratio: 1.5)\">\n                  <source srcset=\"https:\/\/www.otto.de\/updated\/app\/uploads-webp\/uploads\/2023\/09\/walkie-talkie-kinder-1-560x315.jpg.webp\" media=\"(max-width: 991px)\" type=\"image\/webp\">\n                  <source srcset=\"https:\/\/www.otto.de\/updated\/app\/uploads\/2023\/09\/walkie-talkie-kinder-1-560x315.jpg\" media=\"(max-width: 991px)\">\n        <source srcset=\"https:\/\/www.otto.de\/updated\/app\/uploads-webp\/uploads\/2023\/09\/walkie-talkie-kinder-1-2304x1296.jpg.webp\" media=\"(-webkit-min-device-pixel-ratio: 2.5)\" type=\"image\/webp\">\n  <source srcset=\"https:\/\/www.otto.de\/updated\/app\/uploads\/2023\/09\/walkie-talkie-kinder-1-2304x1296.jpg\" media=\"(-webkit-min-device-pixel-ratio: 2.5)\">\n  <source srcset=\"https:\/\/www.otto.de\/updated\/app\/uploads-webp\/uploads\/2023\/09\/walkie-talkie-kinder-1-1536x864.jpg.webp\" media=\"(-webkit-min-device-pixel-ratio: 1.5)\" type=\"image\/webp\">\n  <source srcset=\"https:\/\/www.otto.de\/updated\/app\/uploads\/2023\/09\/walkie-talkie-kinder-1-1536x864.jpg\" media=\"(-webkit-min-device-pixel-ratio: 1.5)\">\n  <source srcset=\"https:\/\/www.otto.de\/updated\/app\/uploads-webp\/uploads\/2023\/09\/walkie-talkie-kinder-1-768x432.jpg.webp\" type=\"image\/webp\">\n  <img loading=\"lazy\" decoding=\"async\" src=\"https:\/\/www.otto.de\/updated\/app\/uploads\/2023\/09\/walkie-talkie-kinder-1-768x432.jpg\" width=\"768\" height=\"432\" title alt=\"Eine Gruppe von Kindern h\u00e4lt Walkie-Talkies in Gr\u00fcn, Blau und Orange in den H\u00e4nden.\" class=\"img-responsive img-small\" data-copyright=\"\u00a9 2023 Getty Images\" data-post-excerpt=\"Walkie-Talkies f\u00fcr Kinder m\u00fcssen nicht nur bunt sein, sondern auch andere Voraussetzungen erf\u00fcllen.\" data-light-value=\"dark\" data-zoom-width=\"2560\" data-zoom-height=\"1707\" data-zoom-src=\"https:\/\/www.otto.de\/updated\/app\/uploads\/2023\/09\/walkie-talkie-kinder-1.jpg\">\n                    <div class=\"caption dark\">\n          <small>\n            \u00a9 2023 Get\u00adty Images&nbsp;<\/small>\n        <\/div>\n          <\/picture>\n  <\/div>\n      <figcaption class=\"post-excerpt\">\n      Wal\u00adkie-Tal\u00adkies f\u00fcr Kin\u00adder m\u00fcs\u00adsen nicht nur bunt sein, son\u00addern auch ande\u00adre Vor\u00adaus\u00adset\u00adzun\u00adgen erf\u00fcllen.&nbsp;<\/figcaption>\n  <\/figure>\n          <\/div>\n    <div class=\"progress-bars\"><\/div>\n    <div class=\"zoom-icon-wrapper\">\n      <div class=\"zoom-icon\"><\/div>\n    <\/div>\n  <\/div>\n<\/div><\/div><\/div><\/div><div class=\"vc_row wpb_row vc_row-fluid\"><div class=\"wpb_column vc_column_container vc_col-sm-12\"><div class=\"vc_column-inner\"><div class=\"wpb_wrapper\"><div class=\"headline toc--item\"><a name=\"vox-technologie-vereinfachung-und-doppelnutzung\"><\/a><h2>VOX-Tech\u00adno\u00adlo\u00adgie: Ver\u00adein\u00adfa\u00adchung und Doppelnutzung<\/h2><\/div>\n\t<div class=\"wpb_text_column wpb_content_element\">\n\t\t<div class=\"wpb_wrapper\">\n\t\t\t<p>Ist das Wal\u00adkie-Tal\u00adkie mit \u201eVOX\u201c aus\u00adge\u00adstat\u00adtet, ist es noch ein\u00adfa\u00adcher zu hand\u00adha\u00adben. Die Abk\u00fcr\u00adzung steht n\u00e4m\u00adlich f\u00fcr \u201eVoice Ope\u00adra\u00adted Exch\u00adan\u00adge\u201c und erm\u00f6g\u00adlicht die Sen\u00adde-Akti\u00advie\u00adrung durch Spre\u00adchen. Die \u201eTALK\u201c-Taste ist somit \u00fcber\u00adfl\u00fcs\u00adsig. Dein Kind braucht nur ins Mikro\u00adfon zu spre\u00adchen und schon beginnt die \u00dcber\u00adtra\u00adgung. Das Prin\u00adzip gilt etwa auch f\u00fcr Head\u00adsets auf dem PC. VOX hat aber noch einen wei\u00adte\u00adren Vor\u00adteil, denn es erm\u00f6g\u00adlicht etwa auch den Ein\u00adsatz eines Wal\u00adkie-Tal\u00adkies als Baby\u00adpho\u00adne. Das Wal\u00adkie-Tal\u00adkie soll\u00adtest du aller\u00addings nur in der Not als sol\u00adches gebrau\u00adchen. Ein rich\u00adti\u00adges Baby\u00adpho\u00adne bie\u00adtet n\u00e4m\u00adlich eine deut\u00adlich emp\u00adfind\u00adli\u00adche\u00adre Sprach\u00adak\u00adti\u00advie\u00adrung und eini\u00adge prak\u00adti\u00adsche Zusatz\u00adfunk\u00adtio\u00adnen. Hast du es bei einem Aus\u00adflug aber ver\u00adges\u00adsen und das Wal\u00adkie-Tal\u00adkie dabei, ist VOX n\u00fctzlich.<\/p>\n\n\t\t<\/div>\n\t<\/div>\n<\/div><\/div><\/div><\/div><div class=\"vc_row wpb_row vc_row-fluid\"><div class=\"wpb_column vc_column_container vc_col-sm-12\"><div class=\"vc_column-inner\"><div class=\"wpb_wrapper\"><div class=\"headline toc--item\"><a name=\"reichweite-es-muss-nicht-viel-sein\"><\/a><h2>Reich\u00adwei\u00adte: Es muss nicht viel&nbsp;sein<\/h2><\/div>\n\t<div class=\"wpb_text_column wpb_content_element\">\n\t\t<div class=\"wpb_wrapper\">\n\t\t\t<p>Wal\u00adkie-Tal\u00adkies f\u00fcr Erwach\u00adse\u00adne bie\u00adten oft eine Reich\u00adwei\u00adte von zehn Kilo\u00adme\u00adtern und mehr. Das ist sehr viel und f\u00fcr Kin\u00adder abso\u00adlut unn\u00f6\u00adtig. Die Klei\u00adnen \u00fcber\u00adbr\u00fc\u00adcken h\u00e4u\u00adfig nur ein paar Meter, sel\u00adte\u00adner ein paar hun\u00addert Meter. Ein Ger\u00e4t mit gerin\u00adge\u00adrer Reich\u00adwei\u00adte hat durch\u00adaus auch Vor\u00adtei\u00adle. Weil Fre\u00adquen\u00adzen oft mehr\u00adfach genutzt sind, kom\u00admen sie sich bei gerin\u00adge\u00adrer Reich\u00adwei\u00adte nicht so ein\u00adfach in die Que\u00adre. Das sorgt auch daf\u00fcr, dass Frem\u00adde weni\u00adger ein\u00adfach Kon\u00adtakt mit den Kin\u00addern auf\u00adneh\u00admen k\u00f6n\u00adnen. Gera\u00adde \u00e4lte\u00adre Kin\u00adder k\u00f6n\u00adnen so auch weni\u00adger Scha\u00adber\u00adnack anstel\u00adlen und sich selbst in ande\u00adre Fre\u00adquen\u00adzen ein\u00adw\u00e4h\u00adlen. Wenn, dann klappt das eben nur inner\u00adhalb einer sehr begrenz\u00adten Reichweite.<\/p>\n\n\t\t<\/div>\n\t<\/div>\n<\/div><\/div><\/div><\/div><div class=\"vc_row wpb_row vc_row-fluid\"><div class=\"wpb_column vc_column_container vc_col-sm-12\"><div class=\"vc_column-inner\"><div class=\"wpb_wrapper\">    <div class=\"infobox floatr\">\n        <div class=\"infobox-info-icon-container\">\n            <div class=\"infobox-info-icon\"><\/div>\n        <\/div>\n        <div class=\"headline\"><a name=\"pmr446-was-ist-das\"><\/a><h3>PMR446: Was ist&nbsp;das?<\/h3><\/div>\n\t<div class=\"wpb_text_column wpb_content_element\">\n\t\t<div class=\"wpb_wrapper\">\n\t\t\t<p>Bei vie\u00adlen Wal\u00adkie-Tal\u00adkies fin\u00addest du in der Pro\u00addukt\u00adbe\u00adschrei\u00adbung die Bezeich\u00adnung \u201ePMR446\u201c. Das ist die Art der Funk\u00ad\u00fcber\u00adtra\u00adgung, denn PMR steht f\u00fcr \u201ePer\u00adso\u00adnal Mobi\u00adle Radio\u201c, also gewis\u00adser\u00adma\u00ad\u00dfen \u201emobi\u00adles, per\u00ads\u00f6n\u00adli\u00adches Funk\u00adge\u00adr\u00e4t\u201c. PMR446 bedeu\u00adtet, dass der per\u00ads\u00f6n\u00adli\u00adche Funk im Fre\u00adquenz\u00adbe\u00adreich von 446,000 bis 446,200 Mega\u00adhertz erfolgt. Heu\u00adte erstreckt er sich \u00fcber 16 Kan\u00e4le.<\/p>\n\n\t\t<\/div>\n\t<\/div>\n    <\/div>\n\n    <\/div><\/div><\/div><\/div><div class=\"vc_row wpb_row vc_row-fluid\"><div class=\"wpb_column vc_column_container vc_col-sm-12\"><div class=\"vc_column-inner\"><div class=\"wpb_wrapper\"><div class=\"headline toc--item\"><a name=\"lautstaerke-zum-schutz-der-ohren-nicht-zu-hoch\"><\/a><h2>Laut\u00adst\u00e4r\u00adke: Zum Schutz der Ohren nicht zu&nbsp;hoch<\/h2><\/div>\n\t<div class=\"wpb_text_column wpb_content_element\">\n\t\t<div class=\"wpb_wrapper\">\n\t\t\t<p>Die ein\u00adge\u00adbau\u00adten Laut\u00adspre\u00adcher von einem Wal\u00adkie-Tal\u00adkie las\u00adsen sich h\u00e4u\u00adfig in der Laut\u00adst\u00e4r\u00adke ver\u00adstel\u00adlen. Dazu ist bei vie\u00adlen Ger\u00e4\u00adten ein Dreh\u00adrad an der Sei\u00adte ange\u00adbracht. Aller\u00addings ist es wich\u00adtig, dass die maxi\u00adma\u00adle Laut\u00adst\u00e4r\u00adke nicht zu hoch ist. Kin\u00adde\u00adroh\u00adren sind sehr emp\u00adfind\u00adlich und soll\u00adten unbe\u00addingt gesch\u00fctzt wer\u00adden. Ach\u00adte also beim Kauf von Wal\u00adkie-Tal\u00adkies dar\u00adauf, dass die Laut\u00adst\u00e4r\u00adke nicht h\u00f6her als 75 Dezi\u00adbel zu regeln ist. Das ist die von der Welt\u00adge\u00adsund\u00adheits\u00ador\u00adga\u00adni\u00adsa\u00adti\u00adon emp\u00adfoh\u00adle\u00adne Maxi\u00admal\u00adlaut\u00adst\u00e4r\u00adke f\u00fcr Kinderohren.<\/p>\n\n\t\t<\/div>\n\t<\/div>\n<\/div><\/div><\/div><\/div><div class=\"vc_row wpb_row vc_row-fluid\"><div class=\"wpb_column vc_column_container vc_col-sm-12\"><div class=\"vc_column-inner\"><div class=\"wpb_wrapper\">  <div class=\"slick-gallery-wrapper gallery-no-padding\" data-number-of-slides=\"1\">\n    <div class=\"slick-gallery should-lightbox \" id=\"slick_gallery_gofb3DPQUUaLYS5TsnbJ\">\n              <figure>\n  <div class=\"img-small-container\">\n    <div class=\"img-small-hover-background\"><\/div>\n    <picture>\n                                <source srcset=\"https:\/\/www.otto.de\/updated\/app\/uploads-webp\/uploads\/2023\/09\/walkie-talkie-kinder-2-1080x615.jpg.webp\" media=\"(max-width: 360px) and (-webkit-min-device-pixel-ratio: 2.5)\" type=\"image\/webp\">\n                  <source srcset=\"https:\/\/www.otto.de\/updated\/app\/uploads\/2023\/09\/walkie-talkie-kinder-2-1080x615.jpg\" media=\"(max-width: 360px) and (-webkit-min-device-pixel-ratio: 2.5)\">\n                  <source srcset=\"https:\/\/www.otto.de\/updated\/app\/uploads-webp\/uploads\/2023\/09\/walkie-talkie-kinder-2-720x410.jpg.webp\" media=\"(max-width: 360px) and (-webkit-min-device-pixel-ratio: 1.5)\" type=\"image\/webp\">\n                  <source srcset=\"https:\/\/www.otto.de\/updated\/app\/uploads\/2023\/09\/walkie-talkie-kinder-2-720x410.jpg\" media=\"(max-width: 360px) and (-webkit-min-device-pixel-ratio: 1.5)\">\n                  <source srcset=\"https:\/\/www.otto.de\/updated\/app\/uploads-webp\/uploads\/2023\/09\/walkie-talkie-kinder-2-360x205.jpg.webp\" media=\"(max-width: 360px)\" type=\"image\/webp\">\n                  <source srcset=\"https:\/\/www.otto.de\/updated\/app\/uploads\/2023\/09\/walkie-talkie-kinder-2-360x205.jpg\" media=\"(max-width: 360px)\">\n                    <source srcset=\"https:\/\/www.otto.de\/updated\/app\/uploads-webp\/uploads\/2023\/09\/walkie-talkie-kinder-2-1680x945.jpg.webp\" media=\"(max-width: 560px) and (-webkit-min-device-pixel-ratio: 2.5)\" type=\"image\/webp\">\n                  <source srcset=\"https:\/\/www.otto.de\/updated\/app\/uploads\/2023\/09\/walkie-talkie-kinder-2-1680x945.jpg\" media=\"(max-width: 560px) and (-webkit-min-device-pixel-ratio: 2.5)\">\n                  <source srcset=\"https:\/\/www.otto.de\/updated\/app\/uploads-webp\/uploads\/2023\/09\/walkie-talkie-kinder-2-1120x630.jpg.webp\" media=\"(max-width: 560px) and (-webkit-min-device-pixel-ratio: 1.5)\" type=\"image\/webp\">\n                  <source srcset=\"https:\/\/www.otto.de\/updated\/app\/uploads\/2023\/09\/walkie-talkie-kinder-2-1120x630.jpg\" media=\"(max-width: 560px) and (-webkit-min-device-pixel-ratio: 1.5)\">\n                  <source srcset=\"https:\/\/www.otto.de\/updated\/app\/uploads-webp\/uploads\/2023\/09\/walkie-talkie-kinder-2-560x315.jpg.webp\" media=\"(max-width: 560px)\" type=\"image\/webp\">\n                  <source srcset=\"https:\/\/www.otto.de\/updated\/app\/uploads\/2023\/09\/walkie-talkie-kinder-2-560x315.jpg\" media=\"(max-width: 560px)\">\n                    <source srcset=\"https:\/\/www.otto.de\/updated\/app\/uploads-webp\/uploads\/2023\/09\/walkie-talkie-kinder-2-2304x1296.jpg.webp\" media=\"(max-width: 767px) and (-webkit-min-device-pixel-ratio: 2.5)\" type=\"image\/webp\">\n                  <source srcset=\"https:\/\/www.otto.de\/updated\/app\/uploads\/2023\/09\/walkie-talkie-kinder-2-2304x1296.jpg\" media=\"(max-width: 767px) and (-webkit-min-device-pixel-ratio: 2.5)\">\n                  <source srcset=\"https:\/\/www.otto.de\/updated\/app\/uploads-webp\/uploads\/2023\/09\/walkie-talkie-kinder-2-1536x864.jpg.webp\" media=\"(max-width: 767px) and (-webkit-min-device-pixel-ratio: 1.5)\" type=\"image\/webp\">\n                  <source srcset=\"https:\/\/www.otto.de\/updated\/app\/uploads\/2023\/09\/walkie-talkie-kinder-2-1536x864.jpg\" media=\"(max-width: 767px) and (-webkit-min-device-pixel-ratio: 1.5)\">\n                  <source srcset=\"https:\/\/www.otto.de\/updated\/app\/uploads-webp\/uploads\/2023\/09\/walkie-talkie-kinder-2-768x432.jpg.webp\" media=\"(max-width: 767px)\" type=\"image\/webp\">\n                  <source srcset=\"https:\/\/www.otto.de\/updated\/app\/uploads\/2023\/09\/walkie-talkie-kinder-2-768x432.jpg\" media=\"(max-width: 767px)\">\n                    <source srcset=\"https:\/\/www.otto.de\/updated\/app\/uploads-webp\/uploads\/2023\/09\/walkie-talkie-kinder-2-1680x945.jpg.webp\" media=\"(max-width: 991px) and (-webkit-min-device-pixel-ratio: 2.5)\" type=\"image\/webp\">\n                  <source srcset=\"https:\/\/www.otto.de\/updated\/app\/uploads\/2023\/09\/walkie-talkie-kinder-2-1680x945.jpg\" media=\"(max-width: 991px) and (-webkit-min-device-pixel-ratio: 2.5)\">\n                  <source srcset=\"https:\/\/www.otto.de\/updated\/app\/uploads-webp\/uploads\/2023\/09\/walkie-talkie-kinder-2-1120x630.jpg.webp\" media=\"(max-width: 991px) and (-webkit-min-device-pixel-ratio: 1.5)\" type=\"image\/webp\">\n                  <source srcset=\"https:\/\/www.otto.de\/updated\/app\/uploads\/2023\/09\/walkie-talkie-kinder-2-1120x630.jpg\" media=\"(max-width: 991px) and (-webkit-min-device-pixel-ratio: 1.5)\">\n                  <source srcset=\"https:\/\/www.otto.de\/updated\/app\/uploads-webp\/uploads\/2023\/09\/walkie-talkie-kinder-2-560x315.jpg.webp\" media=\"(max-width: 991px)\" type=\"image\/webp\">\n                  <source srcset=\"https:\/\/www.otto.de\/updated\/app\/uploads\/2023\/09\/walkie-talkie-kinder-2-560x315.jpg\" media=\"(max-width: 991px)\">\n        <source srcset=\"https:\/\/www.otto.de\/updated\/app\/uploads-webp\/uploads\/2023\/09\/walkie-talkie-kinder-2-2304x1296.jpg.webp\" media=\"(-webkit-min-device-pixel-ratio: 2.5)\" type=\"image\/webp\">\n  <source srcset=\"https:\/\/www.otto.de\/updated\/app\/uploads\/2023\/09\/walkie-talkie-kinder-2-2304x1296.jpg\" media=\"(-webkit-min-device-pixel-ratio: 2.5)\">\n  <source srcset=\"https:\/\/www.otto.de\/updated\/app\/uploads-webp\/uploads\/2023\/09\/walkie-talkie-kinder-2-1536x864.jpg.webp\" media=\"(-webkit-min-device-pixel-ratio: 1.5)\" type=\"image\/webp\">\n  <source srcset=\"https:\/\/www.otto.de\/updated\/app\/uploads\/2023\/09\/walkie-talkie-kinder-2-1536x864.jpg\" media=\"(-webkit-min-device-pixel-ratio: 1.5)\">\n  <source srcset=\"https:\/\/www.otto.de\/updated\/app\/uploads-webp\/uploads\/2023\/09\/walkie-talkie-kinder-2-768x432.jpg.webp\" type=\"image\/webp\">\n  <img loading=\"lazy\" decoding=\"async\" src=\"https:\/\/www.otto.de\/updated\/app\/uploads\/2023\/09\/walkie-talkie-kinder-2-768x432.jpg\" width=\"768\" height=\"432\" title alt=\"Ein Kind sitzt in hohem Gras und spricht in ein Walkie-Talkie.\" class=\"img-responsive img-small\" data-copyright=\"\u00a9 2023 Getty Images\" data-post-excerpt=\"Meist sind die Kids mit den Ger\u00e4ten drau\u00dfen unterwegs. Sie sollten also ein bisschen was aushalten k\u00f6nnen.\" data-light-value=\"dark\" data-zoom-width=\"2560\" data-zoom-height=\"1707\" data-zoom-src=\"https:\/\/www.otto.de\/updated\/app\/uploads\/2023\/09\/walkie-talkie-kinder-2.jpg\">\n                    <div class=\"caption dark\">\n          <small>\n            \u00a9 2023 Get\u00adty Images&nbsp;<\/small>\n        <\/div>\n          <\/picture>\n  <\/div>\n      <figcaption class=\"post-excerpt\">\n      Meist sind die Kids mit den Ger\u00e4\u00adten drau\u00ad\u00dfen unter\u00adwegs. Sie soll\u00adten also ein biss\u00adchen was aus\u00adhal\u00adten k\u00f6nnen.&nbsp;<\/figcaption>\n  <\/figure>\n          <\/div>\n    <div class=\"progress-bars\"><\/div>\n    <div class=\"zoom-icon-wrapper\">\n      <div class=\"zoom-icon\"><\/div>\n    <\/div>\n  <\/div>\n<\/div><\/div><\/div><\/div><div class=\"vc_row wpb_row vc_row-fluid\"><div class=\"wpb_column vc_column_container vc_col-sm-12\"><div class=\"vc_column-inner\"><div class=\"wpb_wrapper\"><div class=\"headline toc--item\"><a name=\"haltbarkeit-gebaut-fuer-gelegentliche-unfaelle\"><\/a><h2>Halt\u00adbar\u00adkeit: Gebaut f\u00fcr gele\u00adgent\u00adli\u00adche \u201eUnf\u00e4l\u00adle\u201c<\/h2><\/div>\n\t<div class=\"wpb_text_column wpb_content_element\">\n\t\t<div class=\"wpb_wrapper\">\n\t\t\t<p>Beim Spie\u00adlen kann es durch\u00adaus vor\u00adkom\u00admen, dass die Ger\u00e4\u00adte mal auf har\u00adtem Asphalt, im Schmutz oder in einer Pf\u00fct\u00adze lan\u00adden. Ein Wal\u00adkie-Tal\u00adkie f\u00fcr Kin\u00adder soll\u00adte mit all die\u00adsen Situa\u00adtio\u00adnen klar\u00adkom\u00admen, ohne gleich unbrauch\u00adbar zu wer\u00adden. Hal\u00adte beim Kauf also Aus\u00adschau nach Ger\u00e4\u00adten, die einen m\u00f6g\u00adlichst robus\u00adten Ein\u00addruck machen. Idea\u00adler\u00adwei\u00adse haben die Wal\u00adkie-Tal\u00adkies eine IP-Zer\u00adti\u00adfi\u00adzie\u00adrung, sind also auf bestimm\u00adte Umst\u00e4n\u00adde wie das Ein\u00addrin\u00adgen von Was\u00adser und Schmutz vor\u00adbe\u00adrei\u00adtet. Wie so oft gilt auch hier: Die teu\u00adre\u00adren Model\u00adle sind meist auch robus\u00adter gebaut.<\/p>\n\n\t\t<\/div>\n\t<\/div>\n<\/div><\/div><\/div><\/div><div class=\"vc_row wpb_row vc_row-fluid\"><div class=\"wpb_column vc_column_container vc_col-sm-12\"><div class=\"vc_column-inner\"><div class=\"wpb_wrapper\"><\/div><\/div><\/div><\/div><div class=\"vc_row wpb_row vc_row-fluid\"><div class=\"wpb_column vc_column_container vc_col-sm-12\"><div class=\"vc_column-inner\"><div class=\"wpb_wrapper\"><div class=\"headline toc--item\"><a name=\"akku-oder-batterie-immer-genug-saft-zum-funken\"><\/a><h2>Akku oder Bat\u00adte\u00adrie: Immer genug Saft zum Funken<\/h2><\/div>\n\t<div class=\"wpb_text_column wpb_content_element\">\n\t\t<div class=\"wpb_wrapper\">\n\t\t\t<p>Der Spa\u00df ist schnell vor\u00adbei, wenn das Wal\u00adkie-Tal\u00adkie kei\u00adnen Strom mehr f\u00fcr den Betrieb hat. Hier soll\u00adtest du dir Gedan\u00adken machen, ob du Wal\u00adkie-Tal\u00adkies mit Bat\u00adte\u00adrien oder Akkus kau\u00adfen willst. Eine wirk\u00adlich fal\u00adsche Wahl gibt es hier nicht. Mit Akkus hast du nicht die Not, immer wie\u00adder Bat\u00adte\u00adrien kau\u00adfen zu m\u00fcs\u00adsen, daf\u00fcr dau\u00adert das Auf\u00adla\u00adden eine Wei\u00adle. Ger\u00e4\u00adte mit Bat\u00adte\u00adrien erm\u00f6g\u00adli\u00adchen einen schnel\u00adlen Wech\u00adsel, damit das Spie\u00adlen schnell wei\u00adter\u00adgeht. Daf\u00fcr musst du eben immer wel\u00adche zur Hand haben. Au\u00dfer\u00addem fal\u00adlen so durch\u00adweg Kos\u00adten f\u00fcr den Nach\u00adschub&nbsp;an.<\/p>\n\n\t\t<\/div>\n\t<\/div>\n<\/div><\/div><\/div><\/div><div class=\"vc_row wpb_row vc_row-fluid\"><div class=\"wpb_column vc_column_container vc_col-sm-12\"><div class=\"vc_column-inner\"><div class=\"wpb_wrapper\"><div class=\"headline\"><a name=\"walkie-talkies-fuer-kinder-augen-auf-beim-funkgeraete-kauf\"><\/a><h2>Wal\u00adkie-Tal\u00adkies f\u00fcr Kin\u00adder: Augen auf beim Funkger\u00e4te-Kauf<\/h2><\/div>\n\t<div class=\"wpb_text_column wpb_content_element\">\n\t\t<div class=\"wpb_wrapper\">\n\t\t\t<p>Kin\u00adder fin\u00adden gro\u00ad\u00dfen Gefal\u00adlen an Wal\u00adkie-Tal\u00adkies. Aller\u00addings soll\u00adten die Ger\u00e4\u00adte nat\u00fcr\u00adlich auch kind\u00adge\u00adrecht sein. Hier gibt es vor allem bei Bedie\u00adnung, Halt\u00adbar\u00adkeit und Laut\u00adst\u00e4r\u00adke eini\u00adges zu beach\u00adten. Und noch ein Tipp: Weil Wal\u00adkie-Tal\u00adkies nicht nur zwi\u00adschen zwei Ger\u00e4\u00adten, son\u00addern auch meh\u00adre\u00adren funk\u00adtio\u00adnie\u00adren, kannst du auch meh\u00adre\u00adre kau\u00adfen. So blei\u00adben Grup\u00adpen von Kin\u00addern in Kon\u00adtakt oder du beh\u00e4ltst ein\u00adfach selbst eines, damit dei\u00adne Kids dich dar\u00ad\u00fcber errei\u00adchen k\u00f6nnen.<\/p>\n\n\t\t<\/div>\n\t<\/div>\n<\/div><\/div><\/div><\/div>\n<\/div>","protected":false},"excerpt":{"rendered":"Das Dosen\u00adte\u00adle\u00adfon gilt als spie\u00adle\u00adri\u00adsche Art, Kin\u00addern das Kon\u00adzept von Ton\u00ad\u00fcber\u00adtra\u00adgun\u00adgen von einem Ende zum ande\u00adren bei\u00adzu\u00adbrin\u00adgen. Wal\u00adkie-Tal\u00adkies gehen noch einen Schritt wei\u00adter und ver\u00adle\u00adgen das Prin\u00adzip ins Kabel\u00adlo\u00adse. Kin\u00adder fin\u00adden dar\u00adan gro\u00ad\u00dfen Gefal\u00adlen, denn so haben sie selbst gewis\u00adser\u00adma\u00ad\u00dfen ein \u201eHan\u00addy\u201c, um zu kom\u00admu\u00adni\u00adzie\u00adren. Bei Spie\u00adlen im Gar\u00adten und der Nach\u00adbar\u00adschaft sind die Ger\u00e4te&nbsp;[\u2026]","protected":false},"author":102,"featured_media":98890,"comment_status":"closed","ping_status":"open","sticky":false,"template":"","format":"standard","meta":{"_acf_changed":false,"wp_typography_post_enhancements_disabled":false,"footnotes":""},"categories":[35481,35486,35491],"tags":[],"class_list":["post-98961","post","type-post","status-publish","format-standard","has-post-thumbnail","hentry","category-move-play","category-spielen","category-spielwaren"],"acf":[],"yoast_head":"<!-- This site is optimized with the Yoast SEO Premium plugin v28.2 (Yoast SEO v28.2) - https:\/\/yoast.com\/product\/yoast-seo-premium-wordpress\/ -->\n<title>Walkie-Talkies f\u00fcr Kinder: Das gilt es zu beachten | OTTO<\/title>\n<meta name=\"description\" content=\"Walkie-Talkies sind f\u00fcr Kinder ein gro\u00dfer Spa\u00df. Du solltest beim Kauf aber einiges beachten. Hier findest du die Infos.\" \/>\n<meta name=\"robots\" content=\"index, follow, max-snippet:-1, max-image-preview:large, max-video-preview:-1\" \/>\n<link rel=\"canonical\" href=\"https:\/\/www.otto.de\/updated\/walkie-talkies-fuer-kinder-das-gilt-es-zu-beachten-98961\/\" \/>\n<meta property=\"og:locale\" content=\"de_DE\" \/>\n<meta property=\"og:type\" content=\"article\" \/>\n<meta property=\"og:title\" content=\"Walkie-Talkies f\u00fcr Kinder: Das gilt es zu beachten\" \/>\n<meta property=\"og:description\" content=\"Walkie-Talkies sind f\u00fcr Kinder ein gro\u00dfer Spa\u00df. Du solltest beim Kauf aber einiges beachten. Hier findest du die Infos.\" \/>\n<meta property=\"og:url\" content=\"https:\/\/www.otto.de\/updated\/walkie-talkies-fuer-kinder-das-gilt-es-zu-beachten-98961\/\" \/>\n<meta property=\"og:site_name\" content=\"UPDATED\" \/>\n<meta property=\"article:publisher\" content=\"https:\/\/www.facebook.com\/updated.de\/\" \/>\n<meta property=\"article:published_time\" content=\"2023-10-07T06:53:55+00:00\" \/>\n<meta property=\"article:modified_time\" content=\"2026-07-08T11:29:22+00:00\" \/>\n<meta property=\"og:image\" content=\"https:\/\/www.otto.de\/updated\/app\/uploads\/2023\/09\/walkie-talkie-kinder-3.jpg\" \/>\n\t<meta property=\"og:image:width\" content=\"2560\" \/>\n\t<meta property=\"og:image:height\" content=\"1707\" \/>\n\t<meta property=\"og:image:type\" content=\"image\/jpeg\" \/>\n<meta name=\"author\" content=\"Thomas Bott\" \/>\n<meta name=\"twitter:card\" content=\"summary_large_image\" \/>\n<meta name=\"twitter:creator\" content=\"@updated_de\" \/>\n<meta name=\"twitter:site\" content=\"@updated_de\" \/>\n<meta name=\"twitter:label1\" content=\"Written by\" \/>\n\t<meta name=\"twitter:data1\" content=\"Thomas Bott\" \/>\n\t<meta name=\"twitter:label2\" content=\"Est. reading time\" \/>\n\t<meta name=\"twitter:data2\" content=\"5\u00a0Minuten\" \/>\n<script type=\"application\/ld+json\" class=\"yoast-schema-graph\">{\"@context\":\"https:\\\/\\\/schema.org\",\"@graph\":[{\"@type\":\"WebPage\",\"@id\":\"https:\\\/\\\/www.otto.de\\\/updated\\\/walkie-talkies-fuer-kinder-das-gilt-es-zu-beachten-98961\\\/\",\"url\":\"https:\\\/\\\/www.otto.de\\\/updated\\\/walkie-talkies-fuer-kinder-das-gilt-es-zu-beachten-98961\\\/\",\"name\":\"Walkie-Talkies f\u00fcr Kinder: Das gilt es zu beachten | OTTO\",\"isPartOf\":{\"@id\":\"https:\\\/\\\/www.otto.de\\\/updated\\\/#website\"},\"primaryImageOfPage\":{\"@id\":\"https:\\\/\\\/www.otto.de\\\/updated\\\/walkie-talkies-fuer-kinder-das-gilt-es-zu-beachten-98961\\\/#primaryimage\"},\"image\":{\"@id\":\"https:\\\/\\\/www.otto.de\\\/updated\\\/walkie-talkies-fuer-kinder-das-gilt-es-zu-beachten-98961\\\/#primaryimage\"},\"thumbnailUrl\":\"https:\\\/\\\/www.otto.de\\\/updated\\\/app\\\/uploads\\\/2023\\\/09\\\/walkie-talkie-kinder-3.jpg\",\"datePublished\":\"2023-10-07T06:53:55+00:00\",\"dateModified\":\"2026-07-08T11:29:22+00:00\",\"author\":{\"@id\":\"https:\\\/\\\/www.otto.de\\\/updated\\\/#\\\/schema\\\/person\\\/c789d338d6a16a702d57cb6fbbf44e9d\"},\"description\":\"Walkie-Talkies sind f\u00fcr Kinder ein gro\u00dfer Spa\u00df. Du solltest beim Kauf aber einiges beachten. Hier findest du die Infos.\",\"breadcrumb\":{\"@id\":\"https:\\\/\\\/www.otto.de\\\/updated\\\/walkie-talkies-fuer-kinder-das-gilt-es-zu-beachten-98961\\\/#breadcrumb\"},\"inLanguage\":\"de\",\"potentialAction\":[{\"@type\":\"ReadAction\",\"target\":[\"https:\\\/\\\/www.otto.de\\\/updated\\\/walkie-talkies-fuer-kinder-das-gilt-es-zu-beachten-98961\\\/\"]}]},{\"@type\":\"ImageObject\",\"inLanguage\":\"de\",\"@id\":\"https:\\\/\\\/www.otto.de\\\/updated\\\/walkie-talkies-fuer-kinder-das-gilt-es-zu-beachten-98961\\\/#primaryimage\",\"url\":\"https:\\\/\\\/www.otto.de\\\/updated\\\/app\\\/uploads\\\/2023\\\/09\\\/walkie-talkie-kinder-3.jpg\",\"contentUrl\":\"https:\\\/\\\/www.otto.de\\\/updated\\\/app\\\/uploads\\\/2023\\\/09\\\/walkie-talkie-kinder-3.jpg\",\"width\":2560,\"height\":1707,\"caption\":\"Mit einem Walkie-Talkie bleiben Kinder untereinander auch ohne Handy vernetzt \u2013 wenn sie nicht zu weit voneinander entfernt sind.\"},{\"@type\":\"BreadcrumbList\",\"@id\":\"https:\\\/\\\/www.otto.de\\\/updated\\\/walkie-talkies-fuer-kinder-das-gilt-es-zu-beachten-98961\\\/#breadcrumb\",\"itemListElement\":[{\"@type\":\"ListItem\",\"position\":1,\"name\":\"Startseite\",\"item\":\"\\\/updated\\\/\"},{\"@type\":\"ListItem\",\"position\":2,\"name\":\"Move &amp; Play\",\"item\":\"https:\\\/\\\/www.otto.de\\\/updated\\\/move-play\\\/\"},{\"@type\":\"ListItem\",\"position\":3,\"name\":\"Spielen\",\"item\":\"https:\\\/\\\/www.otto.de\\\/updated\\\/spielen\\\/\"},{\"@type\":\"ListItem\",\"position\":4,\"name\":\"Spielwaren\",\"item\":\"https:\\\/\\\/www.otto.de\\\/updated\\\/spielwaren\\\/\"},{\"@type\":\"ListItem\",\"position\":5,\"name\":\"Walkie-Talkies f\u00fcr Kinder: Das gilt es zu beachten\"}]},{\"@type\":\"WebSite\",\"@id\":\"https:\\\/\\\/www.otto.de\\\/updated\\\/#website\",\"url\":\"https:\\\/\\\/www.otto.de\\\/updated\\\/\",\"name\":\"UPDATED\",\"description\":\"\",\"potentialAction\":[{\"@type\":\"SearchAction\",\"target\":{\"@type\":\"EntryPoint\",\"urlTemplate\":\"https:\\\/\\\/www.otto.de\\\/updated\\\/?s={search_term_string}\"},\"query-input\":{\"@type\":\"PropertyValueSpecification\",\"valueRequired\":true,\"valueName\":\"search_term_string\"}}],\"inLanguage\":\"de\"},{\"@type\":\"Person\",\"@id\":\"https:\\\/\\\/www.otto.de\\\/updated\\\/#\\\/schema\\\/person\\\/c789d338d6a16a702d57cb6fbbf44e9d\",\"name\":\"Thomas Bott\",\"description\":\"Tom ist gelernter Journalist und hat in seinem Beruf mittlerweile fast zwei Jahrzehnte auf dem Buckel. Neben kleinen Ausfl\u00fcgen in die Bereiche Sport und Automotive hat er sich bisher haupts\u00e4chlich mit Games und Technik auseinandergesetzt. Darunter etwa als ehemaliger Teil der Redaktion von COMPUTER BILD. Neue Konsolen, Spiele, Smartphones, Laptops und mehr: Tom ist immer auf dem Laufenden und somit stets erster Ansprechpartner dazu im Familien- und Freundeskreis. Bei UPDATED gibt er diese Expertise gerne an ein noch breiteres Publikum weiter.\",\"url\":\"https:\\\/\\\/www.otto.de\\\/updated\\\/redaktion\\\/\",\"image\":null,\"colleague\":[\"https:\\\/\\\/www.otto.de\\\/updated\\\/redaktion\\\/alexander-kraft\\\/\",\"https:\\\/\\\/www.otto.de\\\/updated\\\/redaktion\\\/anne-beyer\\\/\",\"https:\\\/\\\/www.otto.de\\\/updated\\\/redaktion\\\/arne-schaetzle\\\/\",\"https:\\\/\\\/www.otto.de\\\/updated\\\/redaktion\\\/jana-janssen\\\/\",\"https:\\\/\\\/www.otto.de\\\/updated\\\/redaktion\\\/pascal-wuttke\\\/\",\"https:\\\/\\\/www.otto.de\\\/updated\\\/redaktion\\\/thomas-bott\\\/\"],\"worksFor\":[{\"@type\":\"Organization\",\"id\":\"https:\\\/\\\/www.otto.de\\\/updated\\\/#organization\",\"name\":\"UPDATED\"}]}]}<\/script>\n<!-- \/ Yoast SEO Premium plugin. -->","yoast_head_json":{"title":"Walkie-Talkies f\u00fcr Kinder: Das gilt es zu beachten | OTTO","description":"Walkie-Talkies sind f\u00fcr Kinder ein gro\u00dfer Spa\u00df. Du solltest beim Kauf aber einiges beachten. Hier findest du die Infos.","robots":{"index":"index","follow":"follow","max-snippet":"max-snippet:-1","max-image-preview":"max-image-preview:large","max-video-preview":"max-video-preview:-1"},"canonical":"https:\/\/www.otto.de\/updated\/walkie-talkies-fuer-kinder-das-gilt-es-zu-beachten-98961\/","og_locale":"de_DE","og_type":"article","og_title":"Walkie-Talkies f\u00fcr Kinder: Das gilt es zu beachten","og_description":"Walkie-Talkies sind f\u00fcr Kinder ein gro\u00dfer Spa\u00df. Du solltest beim Kauf aber einiges beachten. Hier findest du die Infos.","og_url":"https:\/\/www.otto.de\/updated\/walkie-talkies-fuer-kinder-das-gilt-es-zu-beachten-98961\/","og_site_name":"UPDATED","article_publisher":"https:\/\/www.facebook.com\/updated.de\/","article_published_time":"2023-10-07T06:53:55+00:00","article_modified_time":"2026-07-08T11:29:22+00:00","og_image":[{"width":2560,"height":1707,"url":"https:\/\/www.otto.de\/updated\/app\/uploads\/2023\/09\/walkie-talkie-kinder-3.jpg","type":"image\/jpeg"}],"author":"Thomas Bott","twitter_card":"summary_large_image","twitter_creator":"@updated_de","twitter_site":"@updated_de","twitter_misc":{"Written by":"Thomas Bott","Est. reading time":"5\u00a0Minuten"},"schema":{"@context":"https:\/\/schema.org","@graph":[{"@type":"WebPage","@id":"https:\/\/www.otto.de\/updated\/walkie-talkies-fuer-kinder-das-gilt-es-zu-beachten-98961\/","url":"https:\/\/www.otto.de\/updated\/walkie-talkies-fuer-kinder-das-gilt-es-zu-beachten-98961\/","name":"Walkie-Talkies f\u00fcr Kinder: Das gilt es zu beachten | OTTO","isPartOf":{"@id":"https:\/\/www.otto.de\/updated\/#website"},"primaryImageOfPage":{"@id":"https:\/\/www.otto.de\/updated\/walkie-talkies-fuer-kinder-das-gilt-es-zu-beachten-98961\/#primaryimage"},"image":{"@id":"https:\/\/www.otto.de\/updated\/walkie-talkies-fuer-kinder-das-gilt-es-zu-beachten-98961\/#primaryimage"},"thumbnailUrl":"https:\/\/www.otto.de\/updated\/app\/uploads\/2023\/09\/walkie-talkie-kinder-3.jpg","datePublished":"2023-10-07T06:53:55+00:00","dateModified":"2026-07-08T11:29:22+00:00","author":{"@id":"https:\/\/www.otto.de\/updated\/#\/schema\/person\/c789d338d6a16a702d57cb6fbbf44e9d"},"description":"Walkie-Talkies sind f\u00fcr Kinder ein gro\u00dfer Spa\u00df. Du solltest beim Kauf aber einiges beachten. Hier findest du die Infos.","breadcrumb":{"@id":"https:\/\/www.otto.de\/updated\/walkie-talkies-fuer-kinder-das-gilt-es-zu-beachten-98961\/#breadcrumb"},"inLanguage":"de","potentialAction":[{"@type":"ReadAction","target":["https:\/\/www.otto.de\/updated\/walkie-talkies-fuer-kinder-das-gilt-es-zu-beachten-98961\/"]}]},{"@type":"ImageObject","inLanguage":"de","@id":"https:\/\/www.otto.de\/updated\/walkie-talkies-fuer-kinder-das-gilt-es-zu-beachten-98961\/#primaryimage","url":"https:\/\/www.otto.de\/updated\/app\/uploads\/2023\/09\/walkie-talkie-kinder-3.jpg","contentUrl":"https:\/\/www.otto.de\/updated\/app\/uploads\/2023\/09\/walkie-talkie-kinder-3.jpg","width":2560,"height":1707,"caption":"Mit einem Walkie-Talkie bleiben Kinder untereinander auch ohne Handy vernetzt \u2013 wenn sie nicht zu weit voneinander entfernt sind."},{"@type":"BreadcrumbList","@id":"https:\/\/www.otto.de\/updated\/walkie-talkies-fuer-kinder-das-gilt-es-zu-beachten-98961\/#breadcrumb","itemListElement":[{"@type":"ListItem","position":1,"name":"Startseite","item":"\/updated\/"},{"@type":"ListItem","position":2,"name":"Move &amp; Play","item":"https:\/\/www.otto.de\/updated\/move-play\/"},{"@type":"ListItem","position":3,"name":"Spielen","item":"https:\/\/www.otto.de\/updated\/spielen\/"},{"@type":"ListItem","position":4,"name":"Spielwaren","item":"https:\/\/www.otto.de\/updated\/spielwaren\/"},{"@type":"ListItem","position":5,"name":"Walkie-Talkies f\u00fcr Kinder: Das gilt es zu beachten"}]},{"@type":"WebSite","@id":"https:\/\/www.otto.de\/updated\/#website","url":"https:\/\/www.otto.de\/updated\/","name":"UPDATED","description":"","potentialAction":[{"@type":"SearchAction","target":{"@type":"EntryPoint","urlTemplate":"https:\/\/www.otto.de\/updated\/?s={search_term_string}"},"query-input":{"@type":"PropertyValueSpecification","valueRequired":true,"valueName":"search_term_string"}}],"inLanguage":"de"},{"@type":"Person","@id":"https:\/\/www.otto.de\/updated\/#\/schema\/person\/c789d338d6a16a702d57cb6fbbf44e9d","name":"Thomas Bott","description":"Tom ist gelernter Journalist und hat in seinem Beruf mittlerweile fast zwei Jahrzehnte auf dem Buckel. Neben kleinen Ausfl\u00fcgen in die Bereiche Sport und Automotive hat er sich bisher haupts\u00e4chlich mit Games und Technik auseinandergesetzt. Darunter etwa als ehemaliger Teil der Redaktion von COMPUTER BILD. Neue Konsolen, Spiele, Smartphones, Laptops und mehr: Tom ist immer auf dem Laufenden und somit stets erster Ansprechpartner dazu im Familien- und Freundeskreis. Bei UPDATED gibt er diese Expertise gerne an ein noch breiteres Publikum weiter.","url":"https:\/\/www.otto.de\/updated\/redaktion\/","image":null,"colleague":["https:\/\/www.otto.de\/updated\/redaktion\/alexander-kraft\/","https:\/\/www.otto.de\/updated\/redaktion\/anne-beyer\/","https:\/\/www.otto.de\/updated\/redaktion\/arne-schaetzle\/","https:\/\/www.otto.de\/updated\/redaktion\/jana-janssen\/","https:\/\/www.otto.de\/updated\/redaktion\/pascal-wuttke\/","https:\/\/www.otto.de\/updated\/redaktion\/thomas-bott\/"],"worksFor":[{"@type":"Organization","id":"https:\/\/www.otto.de\/updated\/#organization","name":"UPDATED"}]}]}},"_links":{"self":[{"href":"https:\/\/www.otto.de\/updated\/wp-json\/wp\/v2\/posts\/98961","targetHints":{"allow":["GET"]}}],"collection":[{"href":"https:\/\/www.otto.de\/updated\/wp-json\/wp\/v2\/posts"}],"about":[{"href":"https:\/\/www.otto.de\/updated\/wp-json\/wp\/v2\/types\/post"}],"author":[{"embeddable":true,"href":"https:\/\/www.otto.de\/updated\/wp-json\/wp\/v2\/users\/102"}],"replies":[{"embeddable":true,"href":"https:\/\/www.otto.de\/updated\/wp-json\/wp\/v2\/comments?post=98961"}],"version-history":[{"count":3,"href":"https:\/\/www.otto.de\/updated\/wp-json\/wp\/v2\/posts\/98961\/revisions"}],"predecessor-version":[{"id":109887,"href":"https:\/\/www.otto.de\/updated\/wp-json\/wp\/v2\/posts\/98961\/revisions\/109887"}],"wp:featuredmedia":[{"embeddable":true,"href":"https:\/\/www.otto.de\/updated\/wp-json\/wp\/v2\/media\/98890"}],"wp:attachment":[{"href":"https:\/\/www.otto.de\/updated\/wp-json\/wp\/v2\/media?parent=98961"}],"wp:term":[{"taxonomy":"category","embeddable":true,"href":"https:\/\/www.otto.de\/updated\/wp-json\/wp\/v2\/categories?post=98961"},{"taxonomy":"post_tag","embeddable":true,"href":"https:\/\/www.otto.de\/updated\/wp-json\/wp\/v2\/tags?post=98961"}],"curies":[{"name":"wp","href":"https:\/\/api.w.org\/{rel}","templated":true}]}}