
{"id":98875,"date":"2023-09-27T16:34:30","date_gmt":"2023-09-27T14:34:30","guid":{"rendered":"\/updated\/?p=98875"},"modified":"2023-09-25T10:42:54","modified_gmt":"2023-09-25T08:42:54","slug":"m-2-ssd-wird-nicht-erkannt-gruende-und-loesungen","status":"publish","type":"post","link":"https:\/\/www.otto.de\/updated\/m-2-ssd-wird-nicht-erkannt-gruende-und-loesungen-98875\/","title":{"rendered":"M.2\u2011SSD wird nicht erkannt: Gr\u00fcn\u00adde und L\u00f6sungen"},"content":{"rendered":"<div class=\"wpb-content-wrapper\"><div class=\"vc_row wpb_row vc_row-fluid\"><div class=\"wpb_column vc_column_container vc_col-sm-12\"><div class=\"vc_column-inner\"><div class=\"wpb_wrapper\">\n\t<div class=\"wpb_text_column wpb_content_element\">\n\t\t<div class=\"wpb_wrapper\">\n\t\t\t<p><strong><span class=\"TextRun MacChromeBold SCXW167886963 BCX0\" lang=\"DE-DE\" xml:lang=\"DE-DE\" data-contrast=\"auto\"><span class=\"NormalTextRun SCXW167886963 BCX0\">Brauchst du Spei\u00adcher f\u00fcr dei\u00adnen Rech\u00adner, lohnt heu\u00adte meist der Griff zu einer SSD mit M.2\u2011Standard. Das sind beson\u00adders kom\u00adpak\u00adte Erwei\u00adte\u00adrungs\u00adkar\u00adten, die nicht nur Lap\u00adtops, son\u00addern auch Desk\u00adtop-PCs mit ordent\u00adlich Platz f\u00fcr Datei\u00aden und mehr ver\u00adsor\u00adgen. Mon\u00adtiert wer\u00adden sie meist direkt am Main\u00adboard auf daf\u00fcr vor\u00adge\u00adse\u00adhe\u00adnen Steck\u00adpl\u00e4t\u00adzen. Doch was, wenn dein Sys\u00adtem die <\/span><span class=\"NormalTextRun SCXW167886963 BCX0\">M.2\u2011SSD<\/span><span class=\"NormalTextRun SCXW167886963 BCX0\"> nicht erkennt? Hier fin\u00addest du Gr\u00fcn\u00adde und L\u00f6sungsans\u00e4tze.<\/span><\/span><\/strong><\/p>\n\n\t\t<\/div>\n\t<\/div>\n<\/div><\/div><\/div><\/div><div class=\"vc_row wpb_row vc_row-fluid\"><div class=\"wpb_column vc_column_container vc_col-sm-12\"><div class=\"vc_column-inner\"><div class=\"wpb_wrapper\"><nav class=\"toc\"><h2 class=\"toc--headline\">Das erfahrt ihr gleich<\/h2><ul class=\"toc--links\"><li><a href=\"#windows-m-2-ssd-nicht-korrekt-angebunden\">Win\u00addows: M.2\u2011SSD nicht kor\u00adrekt angebunden<\/a><\/li><li><a href=\"#treiber-software-fuer-m-2-anbindung-fehlt-oder-ist-veraltet\">Trei\u00adber: Soft\u00adware f\u00fcr M.2\u2011Anbindung fehlt oder ist veraltet<\/a><\/li><li><a href=\"#bios-ssd-beim-mainboard-nicht-aktiviert\">BIOS: SSD beim Main\u00adboard nicht aktiviert<\/a><\/li><li><a href=\"#m-2-ssd-fehlerhafte-installation\">M.2\u2011SSD: Feh\u00adler\u00adhaf\u00adte Installation<\/a><\/li><\/ul><\/nav><\/div><\/div><\/div><\/div><div class=\"vc_row wpb_row vc_row-fluid\"><div class=\"wpb_column vc_column_container vc_col-sm-12\"><div class=\"vc_column-inner\"><div class=\"wpb_wrapper\"><div class=\"headline toc--item\"><a name=\"windows-m-2-ssd-nicht-korrekt-angebunden\"><\/a><h2>Win\u00addows: M.2\u2011SSD nicht kor\u00adrekt angebunden<\/h2><\/div>\n\t<div class=\"wpb_text_column wpb_content_element\">\n\t\t<div class=\"wpb_wrapper\">\n\t\t\t<p>Die ein\u00adfachs\u00adte L\u00f6sung f\u00fcr eine nicht erkann\u00adte M.2\u2011SSD ist, sie kor\u00adrekt in Win\u00addows ein\u00adzu\u00adbin\u00adden. Daf\u00fcr ben\u00f6\u00adtigst du nur die Daten\u00adtr\u00e4\u00adger\u00adver\u00adwal\u00adtung des Betriebs\u00adsys\u00adtems. Um sie zu errei\u00adchen, dr\u00fcckst du die bei\u00adden Tas\u00adten [<span style=\"color: #00ccff\"><em>Win<\/em><\/span>] + [<span style=\"color: #00ccff\"><em>R<\/em><\/span>] gleich\u00adzei\u00adtig und rufst so die Ein\u00adga\u00adbe\u00adauf\u00adfor\u00adde\u00adrung auf. Gib hier dann \u201e<span style=\"color: #00ccff\"><em>diskmgmt.msc<\/em><\/span>\u201c ein und best\u00e4\u00adti\u00adge mit \u201e<span style=\"color: #00ccff\"><em>OK<\/em><\/span>\u201c. Alter\u00adna\u00adtiv kannst du die Suche (<span style=\"color: #00ccff\"><em>Lupen-Sym\u00adbol<\/em><\/span>) nut\u00adzen und dort \u201e<span style=\"color: #00ccff\"><em>Daten\u00adtr\u00e4\u00adger\u00adver\u00adwal\u00adtung<\/em><\/span>\u201c ein\u00adge\u00adben. W\u00e4h\u00adle den ers\u00adten Punkt&nbsp;aus.<\/p>\n<p>Hier soll\u00adte Win\u00addows direkt ein Fens\u00adter f\u00fcr die \u201eDaten\u00adtr\u00e4\u00adger\u00adinitia\u00adli\u00adsie\u00adrung\u201c \u00f6ff\u00adnen. Stel\u00adle sicher, dass der Daten\u00adtr\u00e4\u00adger aus\u00adge\u00adw\u00e4hlt ist und suche dir einen Par\u00adti\u00adti\u00adons\u00adstil aus. \u201eGPT\u201c soll\u00adte als Stan\u00addard vor\u00adausge\u00adw\u00e4hlt sein. Kli\u00adcke nun auf \u201e<span style=\"color: #00ccff\"><em>OK<\/em><\/span>\u201c und schon erscheint der Daten\u00adtr\u00e4\u00adger mit\u00adsamt Volu\u00admen\u00adbe\u00adzeich\u00adnung in der Ver\u00adwal\u00adtung. Aller\u00addings ist der Spei\u00adcher noch nicht zuge\u00adord\u00adnet. Kli\u00adcke nun mit der <span style=\"color: #00ccff\"><em>rech\u00adten Maus\u00adtas\u00adte<\/em><\/span> auf die neu ange\u00adbun\u00adde\u00adne M.2\u2011SSD. W\u00e4h\u00adle \u201e<span style=\"color: #00ccff\"><em>Neu\u00ades ein\u00adfa\u00adches Volu\u00adme\u2026<\/em><\/span>\u201c. Star\u00adte den Assis\u00adten\u00adten mit \u201e<span style=\"color: #00ccff\"><em>Wei\u00adter<\/em><\/span>\u201c. Nun siehst du die Gr\u00f6\u00ad\u00dfe des Spei\u00adchers. Lass die Wer\u00adte so ste\u00adhen und kli\u00adcke auf \u201e<span style=\"color: #00ccff\"><em>Wei\u00adter<\/em><\/span>\u201c. Suche dir nun einen Buch\u00adsta\u00adben f\u00fcr dein Lauf\u00adwerk aus, ehe du auf \u201e<span style=\"color: #00ccff\"><em>Wei\u00adter<\/em><\/span>\u201c gehst. Nun geht es ans For\u00adma\u00adtie\u00adren. Emp\u00adfoh\u00adlen sei dir hier f\u00fcr Win\u00addows das Datei\u00adsys\u00adtem \u201eNTFS\u201c. Kli\u00adcke auf \u201e<span style=\"color: #00ccff\"><em>Wei\u00adter<\/em><\/span>\u201c und dann auf \u201e<span style=\"color: #00ccff\"><em>Fer\u00adtig\u00adstel\u00adlen<\/em><\/span>\u201c.<\/p>\n<p>Dei\u00adne M.2 soll\u00adte nun im Datei\u00adex\u00adplo\u00adrer auf\u00adtau\u00adchen und f\u00fcr das Spei\u00adchern von Daten bereitstehen.<\/p>\n<p>\u00dcbri\u00adgens: Manch\u00admal wird die M.2 auch bereits erkannt, aber der Spei\u00adcher ist ein\u00adfach nicht zuge\u00adord\u00adnet. Gehe dann ein\u00adfach wie oben nach der Initia\u00adli\u00adsie\u00adrung beschrie\u00adben&nbsp;vor.<\/p>\n\n\t\t<\/div>\n\t<\/div>\n<\/div><\/div><\/div><\/div><div class=\"vc_row wpb_row vc_row-fluid\"><div class=\"wpb_column vc_column_container vc_col-sm-12\"><div class=\"vc_column-inner\"><div class=\"wpb_wrapper\">  <div class=\"slick-gallery-wrapper gallery-no-padding\" data-number-of-slides=\"1\">\n    <div class=\"slick-gallery should-lightbox \" id=\"slick_gallery_ImV2NY4i5AKySZ6onFa5\">\n              <figure>\n  <div class=\"img-small-container\">\n    <div class=\"img-small-hover-background\"><\/div>\n    <picture>\n                                <source srcset=\"https:\/\/www.otto.de\/updated\/app\/uploads-webp\/uploads\/2023\/08\/m2-ssd-2-1080x615.jpg.webp\" media=\"(max-width: 360px) and (-webkit-min-device-pixel-ratio: 2.5)\" type=\"image\/webp\">\n                  <source srcset=\"https:\/\/www.otto.de\/updated\/app\/uploads\/2023\/08\/m2-ssd-2-1080x615.jpg\" media=\"(max-width: 360px) and (-webkit-min-device-pixel-ratio: 2.5)\">\n                  <source srcset=\"https:\/\/www.otto.de\/updated\/app\/uploads-webp\/uploads\/2023\/08\/m2-ssd-2-720x410.jpg.webp\" media=\"(max-width: 360px) and (-webkit-min-device-pixel-ratio: 1.5)\" type=\"image\/webp\">\n                  <source srcset=\"https:\/\/www.otto.de\/updated\/app\/uploads\/2023\/08\/m2-ssd-2-720x410.jpg\" media=\"(max-width: 360px) and (-webkit-min-device-pixel-ratio: 1.5)\">\n                  <source srcset=\"https:\/\/www.otto.de\/updated\/app\/uploads-webp\/uploads\/2023\/08\/m2-ssd-2-360x205.jpg.webp\" media=\"(max-width: 360px)\" type=\"image\/webp\">\n                  <source srcset=\"https:\/\/www.otto.de\/updated\/app\/uploads\/2023\/08\/m2-ssd-2-360x205.jpg\" media=\"(max-width: 360px)\">\n                    <source srcset=\"https:\/\/www.otto.de\/updated\/app\/uploads-webp\/uploads\/2023\/08\/m2-ssd-2-1680x945.jpg.webp\" media=\"(max-width: 560px) and (-webkit-min-device-pixel-ratio: 2.5)\" type=\"image\/webp\">\n                  <source srcset=\"https:\/\/www.otto.de\/updated\/app\/uploads\/2023\/08\/m2-ssd-2-1680x945.jpg\" media=\"(max-width: 560px) and (-webkit-min-device-pixel-ratio: 2.5)\">\n                  <source srcset=\"https:\/\/www.otto.de\/updated\/app\/uploads-webp\/uploads\/2023\/08\/m2-ssd-2-1120x630.jpg.webp\" media=\"(max-width: 560px) and (-webkit-min-device-pixel-ratio: 1.5)\" type=\"image\/webp\">\n                  <source srcset=\"https:\/\/www.otto.de\/updated\/app\/uploads\/2023\/08\/m2-ssd-2-1120x630.jpg\" media=\"(max-width: 560px) and (-webkit-min-device-pixel-ratio: 1.5)\">\n                  <source srcset=\"https:\/\/www.otto.de\/updated\/app\/uploads-webp\/uploads\/2023\/08\/m2-ssd-2-560x315.jpg.webp\" media=\"(max-width: 560px)\" type=\"image\/webp\">\n                  <source srcset=\"https:\/\/www.otto.de\/updated\/app\/uploads\/2023\/08\/m2-ssd-2-560x315.jpg\" media=\"(max-width: 560px)\">\n                    <source srcset=\"https:\/\/www.otto.de\/updated\/app\/uploads-webp\/uploads\/2023\/08\/m2-ssd-2-2304x1296.jpg.webp\" media=\"(max-width: 767px) and (-webkit-min-device-pixel-ratio: 2.5)\" type=\"image\/webp\">\n                  <source srcset=\"https:\/\/www.otto.de\/updated\/app\/uploads\/2023\/08\/m2-ssd-2-2304x1296.jpg\" media=\"(max-width: 767px) and (-webkit-min-device-pixel-ratio: 2.5)\">\n                  <source srcset=\"https:\/\/www.otto.de\/updated\/app\/uploads-webp\/uploads\/2023\/08\/m2-ssd-2-1536x864.jpg.webp\" media=\"(max-width: 767px) and (-webkit-min-device-pixel-ratio: 1.5)\" type=\"image\/webp\">\n                  <source srcset=\"https:\/\/www.otto.de\/updated\/app\/uploads\/2023\/08\/m2-ssd-2-1536x864.jpg\" media=\"(max-width: 767px) and (-webkit-min-device-pixel-ratio: 1.5)\">\n                  <source srcset=\"https:\/\/www.otto.de\/updated\/app\/uploads-webp\/uploads\/2023\/08\/m2-ssd-2-768x432.jpg.webp\" media=\"(max-width: 767px)\" type=\"image\/webp\">\n                  <source srcset=\"https:\/\/www.otto.de\/updated\/app\/uploads\/2023\/08\/m2-ssd-2-768x432.jpg\" media=\"(max-width: 767px)\">\n                    <source srcset=\"https:\/\/www.otto.de\/updated\/app\/uploads-webp\/uploads\/2023\/08\/m2-ssd-2-1680x945.jpg.webp\" media=\"(max-width: 991px) and (-webkit-min-device-pixel-ratio: 2.5)\" type=\"image\/webp\">\n                  <source srcset=\"https:\/\/www.otto.de\/updated\/app\/uploads\/2023\/08\/m2-ssd-2-1680x945.jpg\" media=\"(max-width: 991px) and (-webkit-min-device-pixel-ratio: 2.5)\">\n                  <source srcset=\"https:\/\/www.otto.de\/updated\/app\/uploads-webp\/uploads\/2023\/08\/m2-ssd-2-1120x630.jpg.webp\" media=\"(max-width: 991px) and (-webkit-min-device-pixel-ratio: 1.5)\" type=\"image\/webp\">\n                  <source srcset=\"https:\/\/www.otto.de\/updated\/app\/uploads\/2023\/08\/m2-ssd-2-1120x630.jpg\" media=\"(max-width: 991px) and (-webkit-min-device-pixel-ratio: 1.5)\">\n                  <source srcset=\"https:\/\/www.otto.de\/updated\/app\/uploads-webp\/uploads\/2023\/08\/m2-ssd-2-560x315.jpg.webp\" media=\"(max-width: 991px)\" type=\"image\/webp\">\n                  <source srcset=\"https:\/\/www.otto.de\/updated\/app\/uploads\/2023\/08\/m2-ssd-2-560x315.jpg\" media=\"(max-width: 991px)\">\n        <source srcset=\"https:\/\/www.otto.de\/updated\/app\/uploads-webp\/uploads\/2023\/08\/m2-ssd-2-2304x1296.jpg.webp\" media=\"(-webkit-min-device-pixel-ratio: 2.5)\" type=\"image\/webp\">\n  <source srcset=\"https:\/\/www.otto.de\/updated\/app\/uploads\/2023\/08\/m2-ssd-2-2304x1296.jpg\" media=\"(-webkit-min-device-pixel-ratio: 2.5)\">\n  <source srcset=\"https:\/\/www.otto.de\/updated\/app\/uploads-webp\/uploads\/2023\/08\/m2-ssd-2-1536x864.jpg.webp\" media=\"(-webkit-min-device-pixel-ratio: 1.5)\" type=\"image\/webp\">\n  <source srcset=\"https:\/\/www.otto.de\/updated\/app\/uploads\/2023\/08\/m2-ssd-2-1536x864.jpg\" media=\"(-webkit-min-device-pixel-ratio: 1.5)\">\n  <source srcset=\"https:\/\/www.otto.de\/updated\/app\/uploads-webp\/uploads\/2023\/08\/m2-ssd-2-768x432.jpg.webp\" type=\"image\/webp\">\n  <img loading=\"lazy\" decoding=\"async\" src=\"https:\/\/www.otto.de\/updated\/app\/uploads\/2023\/08\/m2-ssd-2-768x432.jpg\" width=\"768\" height=\"432\" title alt=\"Eine M.2-SSD liegt in ihrer Verpackung auf dem Prozessork\u00fchler eines PCs.\" class=\"img-responsive img-small\" data-copyright=\"\u00a9 2023 Getty Images\" data-post-excerpt=\"Wird die M.2-SSD nicht erkannt, liegt das manchmal an Windows oder an fehlenden Treibern.\" data-light-value=\"dark\" data-zoom-width=\"2560\" data-zoom-height=\"1707\" data-zoom-src=\"https:\/\/www.otto.de\/updated\/app\/uploads\/2023\/08\/m2-ssd-2.jpg\">\n                    <div class=\"caption dark\">\n          <small>\n            \u00a9 2023 Get\u00adty Images&nbsp;<\/small>\n        <\/div>\n          <\/picture>\n  <\/div>\n      <figcaption class=\"post-excerpt\">\n      Wird die M.2\u2011SSD nicht erkannt, liegt das manch\u00admal an Win\u00addows oder an feh\u00adlen\u00adden Treibern.&nbsp;<\/figcaption>\n  <\/figure>\n          <\/div>\n    <div class=\"progress-bars\"><\/div>\n    <div class=\"zoom-icon-wrapper\">\n      <div class=\"zoom-icon\"><\/div>\n    <\/div>\n  <\/div>\n<\/div><\/div><\/div><\/div><div class=\"vc_row wpb_row vc_row-fluid\"><div class=\"wpb_column vc_column_container vc_col-sm-12\"><div class=\"vc_column-inner\"><div class=\"wpb_wrapper\"><div class=\"headline toc--item\"><a name=\"treiber-software-fuer-m-2-anbindung-fehlt-oder-ist-veraltet\"><\/a><h2>Trei\u00adber: Soft\u00adware f\u00fcr M.2\u2011Anbindung fehlt oder ist veraltet<\/h2><\/div>\n\t<div class=\"wpb_text_column wpb_content_element\">\n\t\t<div class=\"wpb_wrapper\">\n\t\t\t<p>Damit dein Betriebs\u00adsys\u00adtem auch alle Tei\u00adle des Com\u00adpu\u00adters erkennt, braucht es Trei\u00adber-Soft\u00adware. Die erm\u00f6g\u00adlicht im Hin\u00adter\u00adgrund die Anbin\u00addung \u2013 auch einer M.2\u2011SSD. Es kann sein, dass die Trei\u00adber feh\u00adler\u00adhaft oder ver\u00adal\u00adtet sind. Zwar ver\u00adsucht Win\u00addows stets, auto\u00adma\u00adtisch die neu\u00ades\u00adte Soft\u00adware zu bezie\u00adhen, das klappt aber nicht immer. Um die Trei\u00adber h\u00e4n\u00addisch auf\u00adzu\u00adspie\u00adlen, gehst du so&nbsp;vor:<\/p>\n<ol>\n<li>Kli\u00adcke mit der rech\u00adten Maus\u00adtas\u00adte auf das <span style=\"color: #00ccff\"><em>Win\u00addows-Logo<\/em><\/span>.<\/li>\n<li>W\u00e4h\u00adle nun den Punkt \u201e<span style=\"color: #00ccff\"><em>Ger\u00e4\u00adte-Mana\u00adger<\/em><\/span>\u201c aus.<\/li>\n<li>Kli\u00adcke auf \u201e<span style=\"color: #00ccff\"><em>Lauf\u00adwer\u00adke<\/em><\/span>\u201c, um die \u00dcber\u00adsicht zu \u00f6ffnen.<\/li>\n<li>W\u00e4h\u00adle mit einem <span style=\"color: #00ccff\"><em>Rechts\u00adklick<\/em><\/span> die SSD aus, kli\u00adcke auf \u201e<span style=\"color: #00ccff\"><em>Trei\u00adber aktua\u00adli\u00adsie\u00adren<\/em><\/span>\u201c.<\/li>\n<li>Wei\u00adter geht es mit \u201e<span style=\"color: #00ccff\"><em>Auto\u00adma\u00adtisch nach Trei\u00adbern suchen<\/em><\/span>\u201c.<\/li>\n<li>Lass Win\u00addows die aktu\u00adel\u00adle Ver\u00adsi\u00adon des Trei\u00adbers her\u00adun\u00adter\u00adla\u00adden und installieren.<\/li>\n<li>Been\u00adde den Vor\u00adgang dann \u00fcber \u201e<span style=\"color: #00ccff\"><em>Schlie\u00ad\u00dfen<\/em><\/span>\u201c.<\/li>\n<\/ol>\n<p>Nun soll\u00adte Win\u00addows dei\u00adne M.2\u2011SSD erken\u00adnen. Es kann sein, dass du sie anschlie\u00ad\u00dfend noch, wie im Absatz oben beschrie\u00adben, kor\u00adrekt initia\u00adli\u00adsie\u00adren und zuord\u00adnen&nbsp;musst.<\/p>\n\n\t\t<\/div>\n\t<\/div>\n<\/div><\/div><\/div><\/div><div class=\"vc_row wpb_row vc_row-fluid\"><div class=\"wpb_column vc_column_container vc_col-sm-12\"><div class=\"vc_column-inner\"><div class=\"wpb_wrapper\"><div class=\"headline toc--item\"><a name=\"bios-ssd-beim-mainboard-nicht-aktiviert\"><\/a><h2>BIOS: SSD beim Main\u00adboard nicht aktiviert<\/h2><\/div>\n\t<div class=\"wpb_text_column wpb_content_element\">\n\t\t<div class=\"wpb_wrapper\">\n\t\t\t<p>Erkennt Win\u00addows die SSD wei\u00adter\u00adhin nicht, kann das Pro\u00adblem schon im BIOS lie\u00adgen. Hier ist die M.2 dann viel\u00adleicht ein\u00adfach nicht rich\u00adtig akti\u00adviert. Um das nach\u00adzu\u00adho\u00adlen, musst du zun\u00e4chst die Ein\u00adstel\u00adlun\u00adgen dei\u00adnes BIOS auf\u00adru\u00adfen. Das machst du, indem du beim Hoch\u00adfah\u00adren, also noch bevor der Anmel\u00adde\u00adbild\u00adschirm von Win\u00addows erscheint, eine bestimm\u00adte Tas\u00adten\u00adkom\u00adbi\u00adna\u00adti\u00adon oder Tas\u00adte dr\u00fcckst. Wel\u00adche das ist, kommt auf den Ent\u00adwick\u00adler des BIOS an. Schaue daf\u00fcr in der Anlei\u00adtung dei\u00adnes Main\u00adboards nach oder star\u00adte den PC und ach\u00adte auf die Einblendungen.<\/p>\n<p>Bist du im BIOS ange\u00adkom\u00admen, kannst du an irgend\u00adei\u00adner Stel\u00adle den inter\u00adnen Spei\u00adcher kon\u00adfi\u00adgu\u00adrie\u00adren. Meist hei\u00dft der Punkt schlicht \u201e<span style=\"color: #00ccff\"><em>Sto\u00adrage Con\u00adfi\u00adgu\u00adra\u00adti\u00adon<\/em><\/span>\u201c oder \u00e4hn\u00adlich. Stel\u00adle hier sicher, dass die erkann\u00adte M.2\u2011SSD im ent\u00adspre\u00adchen\u00adden \u201e<span style=\"color: #00ccff\"><em>M.2 Mode<\/em><\/span>\u201c ist. Spei\u00adche\u00adre die Ein\u00adstel\u00adlun\u00adgen und been\u00adde das BIOS. Nach dem Neu\u00adstart soll\u00adte die SSD erkannt werden.<\/p>\n<p>Tipp: Manch\u00admal macht auch ein ver\u00adal\u00adte\u00adtes BIOS Pro\u00adble\u00adme. Aktua\u00adli\u00adsie\u00adre daf\u00fcr die Soft\u00adware. Wie das genau funk\u00adtio\u00adniert, erf\u00e4hrst du in der Anlei\u00adtung des Main\u00adboards oder auf Sup\u00adport-Sei\u00adten des jewei\u00adli\u00adgen Herstellers.<\/p>\n\n\t\t<\/div>\n\t<\/div>\n<\/div><\/div><\/div><\/div><div class=\"vc_row wpb_row vc_row-fluid\"><div class=\"wpb_column vc_column_container vc_col-sm-12\"><div class=\"vc_column-inner\"><div class=\"wpb_wrapper\">  <div class=\"slick-gallery-wrapper gallery-no-padding\" data-number-of-slides=\"1\">\n    <div class=\"slick-gallery should-lightbox \" id=\"slick_gallery_CExkbdpblzScGHWpHs3e\">\n              <figure>\n  <div class=\"img-small-container\">\n    <div class=\"img-small-hover-background\"><\/div>\n    <picture>\n                                <source srcset=\"https:\/\/www.otto.de\/updated\/app\/uploads-webp\/uploads\/2023\/08\/m2-ssd-3-1080x615.jpg.webp\" media=\"(max-width: 360px) and (-webkit-min-device-pixel-ratio: 2.5)\" type=\"image\/webp\">\n                  <source srcset=\"https:\/\/www.otto.de\/updated\/app\/uploads\/2023\/08\/m2-ssd-3-1080x615.jpg\" media=\"(max-width: 360px) and (-webkit-min-device-pixel-ratio: 2.5)\">\n                  <source srcset=\"https:\/\/www.otto.de\/updated\/app\/uploads-webp\/uploads\/2023\/08\/m2-ssd-3-720x410.jpg.webp\" media=\"(max-width: 360px) and (-webkit-min-device-pixel-ratio: 1.5)\" type=\"image\/webp\">\n                  <source srcset=\"https:\/\/www.otto.de\/updated\/app\/uploads\/2023\/08\/m2-ssd-3-720x410.jpg\" media=\"(max-width: 360px) and (-webkit-min-device-pixel-ratio: 1.5)\">\n                  <source srcset=\"https:\/\/www.otto.de\/updated\/app\/uploads-webp\/uploads\/2023\/08\/m2-ssd-3-360x205.jpg.webp\" media=\"(max-width: 360px)\" type=\"image\/webp\">\n                  <source srcset=\"https:\/\/www.otto.de\/updated\/app\/uploads\/2023\/08\/m2-ssd-3-360x205.jpg\" media=\"(max-width: 360px)\">\n                    <source srcset=\"https:\/\/www.otto.de\/updated\/app\/uploads-webp\/uploads\/2023\/08\/m2-ssd-3-1680x945.jpg.webp\" media=\"(max-width: 560px) and (-webkit-min-device-pixel-ratio: 2.5)\" type=\"image\/webp\">\n                  <source srcset=\"https:\/\/www.otto.de\/updated\/app\/uploads\/2023\/08\/m2-ssd-3-1680x945.jpg\" media=\"(max-width: 560px) and (-webkit-min-device-pixel-ratio: 2.5)\">\n                  <source srcset=\"https:\/\/www.otto.de\/updated\/app\/uploads-webp\/uploads\/2023\/08\/m2-ssd-3-1120x630.jpg.webp\" media=\"(max-width: 560px) and (-webkit-min-device-pixel-ratio: 1.5)\" type=\"image\/webp\">\n                  <source srcset=\"https:\/\/www.otto.de\/updated\/app\/uploads\/2023\/08\/m2-ssd-3-1120x630.jpg\" media=\"(max-width: 560px) and (-webkit-min-device-pixel-ratio: 1.5)\">\n                  <source srcset=\"https:\/\/www.otto.de\/updated\/app\/uploads-webp\/uploads\/2023\/08\/m2-ssd-3-560x315.jpg.webp\" media=\"(max-width: 560px)\" type=\"image\/webp\">\n                  <source srcset=\"https:\/\/www.otto.de\/updated\/app\/uploads\/2023\/08\/m2-ssd-3-560x315.jpg\" media=\"(max-width: 560px)\">\n                    <source srcset=\"https:\/\/www.otto.de\/updated\/app\/uploads-webp\/uploads\/2023\/08\/m2-ssd-3-2304x1296.jpg.webp\" media=\"(max-width: 767px) and (-webkit-min-device-pixel-ratio: 2.5)\" type=\"image\/webp\">\n                  <source srcset=\"https:\/\/www.otto.de\/updated\/app\/uploads\/2023\/08\/m2-ssd-3-2304x1296.jpg\" media=\"(max-width: 767px) and (-webkit-min-device-pixel-ratio: 2.5)\">\n                  <source srcset=\"https:\/\/www.otto.de\/updated\/app\/uploads-webp\/uploads\/2023\/08\/m2-ssd-3-1536x864.jpg.webp\" media=\"(max-width: 767px) and (-webkit-min-device-pixel-ratio: 1.5)\" type=\"image\/webp\">\n                  <source srcset=\"https:\/\/www.otto.de\/updated\/app\/uploads\/2023\/08\/m2-ssd-3-1536x864.jpg\" media=\"(max-width: 767px) and (-webkit-min-device-pixel-ratio: 1.5)\">\n                  <source srcset=\"https:\/\/www.otto.de\/updated\/app\/uploads-webp\/uploads\/2023\/08\/m2-ssd-3-768x432.jpg.webp\" media=\"(max-width: 767px)\" type=\"image\/webp\">\n                  <source srcset=\"https:\/\/www.otto.de\/updated\/app\/uploads\/2023\/08\/m2-ssd-3-768x432.jpg\" media=\"(max-width: 767px)\">\n                    <source srcset=\"https:\/\/www.otto.de\/updated\/app\/uploads-webp\/uploads\/2023\/08\/m2-ssd-3-1680x945.jpg.webp\" media=\"(max-width: 991px) and (-webkit-min-device-pixel-ratio: 2.5)\" type=\"image\/webp\">\n                  <source srcset=\"https:\/\/www.otto.de\/updated\/app\/uploads\/2023\/08\/m2-ssd-3-1680x945.jpg\" media=\"(max-width: 991px) and (-webkit-min-device-pixel-ratio: 2.5)\">\n                  <source srcset=\"https:\/\/www.otto.de\/updated\/app\/uploads-webp\/uploads\/2023\/08\/m2-ssd-3-1120x630.jpg.webp\" media=\"(max-width: 991px) and (-webkit-min-device-pixel-ratio: 1.5)\" type=\"image\/webp\">\n                  <source srcset=\"https:\/\/www.otto.de\/updated\/app\/uploads\/2023\/08\/m2-ssd-3-1120x630.jpg\" media=\"(max-width: 991px) and (-webkit-min-device-pixel-ratio: 1.5)\">\n                  <source srcset=\"https:\/\/www.otto.de\/updated\/app\/uploads-webp\/uploads\/2023\/08\/m2-ssd-3-560x315.jpg.webp\" media=\"(max-width: 991px)\" type=\"image\/webp\">\n                  <source srcset=\"https:\/\/www.otto.de\/updated\/app\/uploads\/2023\/08\/m2-ssd-3-560x315.jpg\" media=\"(max-width: 991px)\">\n        <source srcset=\"https:\/\/www.otto.de\/updated\/app\/uploads-webp\/uploads\/2023\/08\/m2-ssd-3-2304x1296.jpg.webp\" media=\"(-webkit-min-device-pixel-ratio: 2.5)\" type=\"image\/webp\">\n  <source srcset=\"https:\/\/www.otto.de\/updated\/app\/uploads\/2023\/08\/m2-ssd-3-2304x1296.jpg\" media=\"(-webkit-min-device-pixel-ratio: 2.5)\">\n  <source srcset=\"https:\/\/www.otto.de\/updated\/app\/uploads-webp\/uploads\/2023\/08\/m2-ssd-3-1536x864.jpg.webp\" media=\"(-webkit-min-device-pixel-ratio: 1.5)\" type=\"image\/webp\">\n  <source srcset=\"https:\/\/www.otto.de\/updated\/app\/uploads\/2023\/08\/m2-ssd-3-1536x864.jpg\" media=\"(-webkit-min-device-pixel-ratio: 1.5)\">\n  <source srcset=\"https:\/\/www.otto.de\/updated\/app\/uploads-webp\/uploads\/2023\/08\/m2-ssd-3-768x432.jpg.webp\" type=\"image\/webp\">\n  <img loading=\"lazy\" decoding=\"async\" src=\"https:\/\/www.otto.de\/updated\/app\/uploads\/2023\/08\/m2-ssd-3-768x432.jpg\" width=\"768\" height=\"432\" title alt=\"Eine Person sitzt vor einem Schreibtisch, auf dem ein Laptop und ein Monitor zu sehen sind.\" class=\"img-responsive img-small\" data-copyright=\"\u00a9 2023 Getty Images\" data-post-excerpt=\"Hilft alles nichts, dann solltest du den Rechner \u00f6ffnen und den korrekten Sitz der M.2-SSD \u00fcberpr\u00fcfen.\" data-light-value=\"dark\" data-zoom-width=\"2560\" data-zoom-height=\"1707\" data-zoom-src=\"https:\/\/www.otto.de\/updated\/app\/uploads\/2023\/08\/m2-ssd-3.jpg\">\n                    <div class=\"caption dark\">\n          <small>\n            \u00a9 2023 Get\u00adty Images&nbsp;<\/small>\n        <\/div>\n          <\/picture>\n  <\/div>\n      <figcaption class=\"post-excerpt\">\n      Hilft alles nichts, dann soll\u00adtest du den Rech\u00adner \u00f6ff\u00adnen und den kor\u00adrek\u00adten Sitz der M.2\u2011SSD \u00fcberpr\u00fcfen.&nbsp;<\/figcaption>\n  <\/figure>\n          <\/div>\n    <div class=\"progress-bars\"><\/div>\n    <div class=\"zoom-icon-wrapper\">\n      <div class=\"zoom-icon\"><\/div>\n    <\/div>\n  <\/div>\n<\/div><\/div><\/div><\/div><div class=\"vc_row wpb_row vc_row-fluid\"><div class=\"wpb_column vc_column_container vc_col-sm-12\"><div class=\"vc_column-inner\"><div class=\"wpb_wrapper\"><div class=\"headline toc--item\"><a name=\"m-2-ssd-fehlerhafte-installation\"><\/a><h2>M.2\u2011SSD: Feh\u00adler\u00adhaf\u00adte Installation<\/h2><\/div>\n\t<div class=\"wpb_text_column wpb_content_element\">\n\t\t<div class=\"wpb_wrapper\">\n\t\t\t<p>Will der Rech\u00adner die M.2\u2011SSD nicht erken\u00adnen, ist sie viel\u00adleicht nicht rich\u00adtig ein\u00adge\u00adbaut. Nicht sel\u00adten kommt es bei der Instal\u00adla\u00adti\u00adon zu dem Feh\u00adler, dass die Kon\u00adtak\u00adte nicht rich\u00adtig im Steck\u00adplatz sit\u00adzen. Hast du das im Ver\u00addacht, dann bleibt nur das erneu\u00adte \u00d6ff\u00adnen des Geh\u00e4u\u00adses. Ver\u00adschaf\u00adfe dir Zugang zur Spei\u00adcher\u00adkar\u00adte und \u00fcber\u00adpr\u00fc\u00adfe ihren Sitz. Baue sie ein\u00adfach wie\u00adder aus und set\u00adze sie erneut am Steck\u00adplatz an. Ach\u00adte dabei dar\u00adauf, sie in im 45-Grad-Win\u00adkel in die Kon\u00adtak\u00adte zu ste\u00adcken. Dr\u00fc\u00adcke sie dann sanft nach unten, bis sie Par\u00adal\u00adlel zur Pla\u00adti\u00adne liegt. Schrau\u00adbe sie zum Schluss mit der pas\u00adsen\u00adden Schrau\u00adbe (liegt meist der SSD oder dem Main\u00adboard bei, hand\u00adfest. Sie soll\u00adte nun kor\u00adrekt sit\u00adzen und vom Main\u00adboard erkannt werden.<\/p>\n\n\t\t<\/div>\n\t<\/div>\n<\/div><\/div><\/div><\/div><div class=\"vc_row wpb_row vc_row-fluid\"><div class=\"wpb_column vc_column_container vc_col-sm-12\"><div class=\"vc_column-inner\"><div class=\"wpb_wrapper\"><div class=\"headline\"><a name=\"m-2-nicht-erkannt-verschiedene-loesungsansaetze\"><\/a><h2>M.2 nicht erkannt: Ver\u00adschie\u00adde\u00adne L\u00f6sungsans\u00e4tze<\/h2><\/div>\n\t<div class=\"wpb_text_column wpb_content_element\">\n\t\t<div class=\"wpb_wrapper\">\n\t\t\t<p>Wor\u00adan es genau liegt, dass die M.2\u2011SSD nicht erkannt wird, l\u00e4sst sich pau\u00adschal schlecht sagen. Meist ist eines der oben genann\u00adten Pro\u00adble\u00adme daf\u00fcr ver\u00adant\u00adwort\u00adlich. Pro\u00adbie\u00adre die L\u00f6sungs\u00advor\u00adschl\u00e4\u00adge also durch. Soll\u00adte nichts davon funk\u00adtio\u00adnie\u00adren, ist der Spei\u00adcher viel\u00adleicht auch ein\u00adfach defekt. Wen\u00adde dich in die\u00adsem Fall an den Sup\u00adport des Her\u00adstel\u00adlers oder rei\u00adche eine Rekla\u00adma\u00adti\u00adon beim Shop ein, in dem du die M.2\u2011SSD gekauft hast.<\/p>\n\n\t\t<\/div>\n\t<\/div>\n<\/div><\/div><\/div><\/div>\n<\/div>","protected":false},"excerpt":{"rendered":"Brauchst du Spei\u00adcher f\u00fcr dei\u00adnen Rech\u00adner, lohnt heu\u00adte meist der Griff zu einer SSD mit M.2\u2011Standard. Das sind beson\u00adders kom\u00adpak\u00adte Erwei\u00adte\u00adrungs\u00adkar\u00adten, die nicht nur Lap\u00adtops, son\u00addern auch Desk\u00adtop-PCs mit ordent\u00adlich Platz f\u00fcr Datei\u00aden und mehr ver\u00adsor\u00adgen. Mon\u00adtiert wer\u00adden sie meist direkt am Main\u00adboard auf daf\u00fcr vor\u00adge\u00adse\u00adhe\u00adnen Steck\u00adpl\u00e4t\u00adzen. Doch was, wenn dein Sys\u00adtem die M.2\u2011SSD nicht&nbsp;[\u2026]","protected":false},"author":102,"featured_media":98453,"comment_status":"closed","ping_status":"open","sticky":false,"template":"","format":"standard","meta":{"_acf_changed":false,"wp_typography_post_enhancements_disabled":false,"footnotes":""},"categories":[35470,35471,35462],"tags":[245,285],"class_list":["post-98875","post","type-post","status-publish","format-standard","has-post-thumbnail","hentry","category-office","category-pcs","category-work-connect","tag-pc","tag-speichermedien"],"acf":[],"yoast_head":"<!-- This site is optimized with the Yoast SEO Premium plugin v25.1 (Yoast SEO v25.1) - https:\/\/yoast.com\/wordpress\/plugins\/seo\/ -->\n<title>M.2-SSD wird nicht erkannt: Gr\u00fcnde und L\u00f6sungen | OTTO<\/title>\n<meta name=\"description\" content=\"Erkennt dein Rechner deine neue M.2-SSD nicht, kann das unterschiedliche Gr\u00fcnde haben. Hier findest du die L\u00f6sungen.\" \/>\n<meta name=\"robots\" content=\"index, follow, max-snippet:-1, max-image-preview:large, max-video-preview:-1\" \/>\n<link rel=\"canonical\" href=\"https:\/\/www.otto.de\/updated\/m-2-ssd-wird-nicht-erkannt-gruende-und-loesungen-98875\/\" \/>\n<meta property=\"og:locale\" content=\"de_DE\" \/>\n<meta property=\"og:type\" content=\"article\" \/>\n<meta property=\"og:title\" content=\"M.2-SSD wird nicht erkannt: Gr\u00fcnde und L\u00f6sungen\" \/>\n<meta property=\"og:description\" content=\"Erkennt dein Rechner deine neue M.2-SSD nicht, kann das unterschiedliche Gr\u00fcnde haben. Hier findest du die L\u00f6sungen.\" \/>\n<meta property=\"og:url\" content=\"https:\/\/www.otto.de\/updated\/m-2-ssd-wird-nicht-erkannt-gruende-und-loesungen-98875\/\" \/>\n<meta property=\"og:site_name\" content=\"UPDATED\" \/>\n<meta property=\"article:publisher\" content=\"https:\/\/www.facebook.com\/updated.de\/\" \/>\n<meta property=\"article:published_time\" content=\"2023-09-27T14:34:30+00:00\" \/>\n<meta property=\"og:image\" content=\"https:\/\/www.otto.de\/updated\/app\/uploads\/2023\/08\/m2-ssd-1.jpg\" \/>\n\t<meta property=\"og:image:width\" content=\"2560\" \/>\n\t<meta property=\"og:image:height\" content=\"1708\" \/>\n\t<meta property=\"og:image:type\" content=\"image\/jpeg\" \/>\n<meta name=\"author\" content=\"Thomas Bott\" \/>\n<meta name=\"twitter:card\" content=\"summary_large_image\" \/>\n<meta name=\"twitter:creator\" content=\"@updated_de\" \/>\n<meta name=\"twitter:site\" content=\"@updated_de\" \/>\n<meta name=\"twitter:label1\" content=\"Written by\" \/>\n\t<meta name=\"twitter:data1\" content=\"Thomas Bott\" \/>\n\t<meta name=\"twitter:label2\" content=\"Est. reading time\" \/>\n\t<meta name=\"twitter:data2\" content=\"5\u00a0Minuten\" \/>\n<script type=\"application\/ld+json\" class=\"yoast-schema-graph\">{\"@context\":\"https:\/\/schema.org\",\"@graph\":[{\"@type\":\"WebPage\",\"@id\":\"https:\/\/www.otto.de\/updated\/m-2-ssd-wird-nicht-erkannt-gruende-und-loesungen-98875\/\",\"url\":\"https:\/\/www.otto.de\/updated\/m-2-ssd-wird-nicht-erkannt-gruende-und-loesungen-98875\/\",\"name\":\"M.2-SSD wird nicht erkannt: Gr\u00fcnde und L\u00f6sungen | OTTO\",\"isPartOf\":{\"@id\":\"https:\/\/www.otto.de\/updated\/#website\"},\"primaryImageOfPage\":{\"@id\":\"https:\/\/www.otto.de\/updated\/m-2-ssd-wird-nicht-erkannt-gruende-und-loesungen-98875\/#primaryimage\"},\"image\":{\"@id\":\"https:\/\/www.otto.de\/updated\/m-2-ssd-wird-nicht-erkannt-gruende-und-loesungen-98875\/#primaryimage\"},\"thumbnailUrl\":\"https:\/\/www.otto.de\/updated\/app\/uploads\/2023\/08\/m2-ssd-1.jpg\",\"datePublished\":\"2023-09-27T14:34:30+00:00\",\"author\":{\"@id\":\"https:\/\/www.otto.de\/updated\/#\/schema\/person\/c789d338d6a16a702d57cb6fbbf44e9d\"},\"description\":\"Erkennt dein Rechner deine neue M.2-SSD nicht, kann das unterschiedliche Gr\u00fcnde haben. Hier findest du die L\u00f6sungen.\",\"breadcrumb\":{\"@id\":\"https:\/\/www.otto.de\/updated\/m-2-ssd-wird-nicht-erkannt-gruende-und-loesungen-98875\/#breadcrumb\"},\"inLanguage\":\"de\",\"potentialAction\":[{\"@type\":\"ReadAction\",\"target\":[\"https:\/\/www.otto.de\/updated\/m-2-ssd-wird-nicht-erkannt-gruende-und-loesungen-98875\/\"]}]},{\"@type\":\"ImageObject\",\"inLanguage\":\"de\",\"@id\":\"https:\/\/www.otto.de\/updated\/m-2-ssd-wird-nicht-erkannt-gruende-und-loesungen-98875\/#primaryimage\",\"url\":\"https:\/\/www.otto.de\/updated\/app\/uploads\/2023\/08\/m2-ssd-1.jpg\",\"contentUrl\":\"https:\/\/www.otto.de\/updated\/app\/uploads\/2023\/08\/m2-ssd-1.jpg\",\"width\":2560,\"height\":1708,\"caption\":\"Eine M.2-SSD ist ein besonders kompakter und dennoch schneller Speicher. Doch was, wenn sie nicht erkannt wird?\"},{\"@type\":\"BreadcrumbList\",\"@id\":\"https:\/\/www.otto.de\/updated\/m-2-ssd-wird-nicht-erkannt-gruende-und-loesungen-98875\/#breadcrumb\",\"itemListElement\":[{\"@type\":\"ListItem\",\"position\":1,\"name\":\"Startseite\",\"item\":\"\/updated\/\"},{\"@type\":\"ListItem\",\"position\":2,\"name\":\"Work &amp; Connect\",\"item\":\"https:\/\/www.otto.de\/updated\/work-connect\/\"},{\"@type\":\"ListItem\",\"position\":3,\"name\":\"Office\",\"item\":\"https:\/\/www.otto.de\/updated\/office\/\"},{\"@type\":\"ListItem\",\"position\":4,\"name\":\"PCs\",\"item\":\"https:\/\/www.otto.de\/updated\/pcs\/\"},{\"@type\":\"ListItem\",\"position\":5,\"name\":\"M.2\u2011SSD wird nicht erkannt: Gr\u00fcn\u00adde und L\u00f6sungen\"}]},{\"@type\":\"WebSite\",\"@id\":\"https:\/\/www.otto.de\/updated\/#website\",\"url\":\"https:\/\/www.otto.de\/updated\/\",\"name\":\"UPDATED\",\"description\":\"\",\"potentialAction\":[{\"@type\":\"SearchAction\",\"target\":{\"@type\":\"EntryPoint\",\"urlTemplate\":\"https:\/\/www.otto.de\/updated\/?s={search_term_string}\"},\"query-input\":{\"@type\":\"PropertyValueSpecification\",\"valueRequired\":true,\"valueName\":\"search_term_string\"}}],\"inLanguage\":\"de\"},{\"@type\":\"Person\",\"@id\":\"https:\/\/www.otto.de\/updated\/#\/schema\/person\/c789d338d6a16a702d57cb6fbbf44e9d\",\"name\":\"Thomas Bott\",\"description\":\"Tom ist gelernter Journalist und hat in seinem Beruf mittlerweile fast zwei Jahrzehnte auf dem Buckel. Neben kleinen Ausfl\u00fcgen in die Bereiche Sport und Automotive hat er sich bisher haupts\u00e4chlich mit Games und Technik auseinandergesetzt. Darunter etwa als ehemaliger Teil der Redaktion von COMPUTER BILD. Neue Konsolen, Spiele, Smartphones, Laptops und mehr: Tom ist immer auf dem Laufenden und somit stets erster Ansprechpartner dazu im Familien- und Freundeskreis. Bei UPDATED gibt er diese Expertise gerne an ein noch breiteres Publikum weiter.\",\"url\":\"https:\/\/www.otto.de\/updated\/redaktion\/\",\"image\":null,\"colleague\":[\"https:\/\/www.otto.de\/updated\/redaktion\/alexander-kraft\/\",\"https:\/\/www.otto.de\/updated\/redaktion\/anne-beyer\/\",\"https:\/\/www.otto.de\/updated\/redaktion\/arne-schaetzle\/\",\"https:\/\/www.otto.de\/updated\/redaktion\/jana-janssen\/\",\"https:\/\/www.otto.de\/updated\/redaktion\/pascal-wuttke\/\",\"https:\/\/www.otto.de\/updated\/redaktion\/thomas-bott\/\"],\"worksFor\":[{\"@type\":\"Organization\",\"id\":\"https:\/\/www.otto.de\/updated\/#organization\",\"name\":\"UPDATED\"}]}]}<\/script>\n<!-- \/ Yoast SEO Premium plugin. -->","yoast_head_json":{"title":"M.2-SSD wird nicht erkannt: Gr\u00fcnde und L\u00f6sungen | OTTO","description":"Erkennt dein Rechner deine neue M.2-SSD nicht, kann das unterschiedliche Gr\u00fcnde haben. Hier findest du die L\u00f6sungen.","robots":{"index":"index","follow":"follow","max-snippet":"max-snippet:-1","max-image-preview":"max-image-preview:large","max-video-preview":"max-video-preview:-1"},"canonical":"https:\/\/www.otto.de\/updated\/m-2-ssd-wird-nicht-erkannt-gruende-und-loesungen-98875\/","og_locale":"de_DE","og_type":"article","og_title":"M.2-SSD wird nicht erkannt: Gr\u00fcnde und L\u00f6sungen","og_description":"Erkennt dein Rechner deine neue M.2-SSD nicht, kann das unterschiedliche Gr\u00fcnde haben. Hier findest du die L\u00f6sungen.","og_url":"https:\/\/www.otto.de\/updated\/m-2-ssd-wird-nicht-erkannt-gruende-und-loesungen-98875\/","og_site_name":"UPDATED","article_publisher":"https:\/\/www.facebook.com\/updated.de\/","article_published_time":"2023-09-27T14:34:30+00:00","og_image":[{"width":2560,"height":1708,"url":"https:\/\/www.otto.de\/updated\/app\/uploads\/2023\/08\/m2-ssd-1.jpg","type":"image\/jpeg"}],"author":"Thomas Bott","twitter_card":"summary_large_image","twitter_creator":"@updated_de","twitter_site":"@updated_de","twitter_misc":{"Written by":"Thomas Bott","Est. reading time":"5\u00a0Minuten"},"schema":{"@context":"https:\/\/schema.org","@graph":[{"@type":"WebPage","@id":"https:\/\/www.otto.de\/updated\/m-2-ssd-wird-nicht-erkannt-gruende-und-loesungen-98875\/","url":"https:\/\/www.otto.de\/updated\/m-2-ssd-wird-nicht-erkannt-gruende-und-loesungen-98875\/","name":"M.2-SSD wird nicht erkannt: Gr\u00fcnde und L\u00f6sungen | OTTO","isPartOf":{"@id":"https:\/\/www.otto.de\/updated\/#website"},"primaryImageOfPage":{"@id":"https:\/\/www.otto.de\/updated\/m-2-ssd-wird-nicht-erkannt-gruende-und-loesungen-98875\/#primaryimage"},"image":{"@id":"https:\/\/www.otto.de\/updated\/m-2-ssd-wird-nicht-erkannt-gruende-und-loesungen-98875\/#primaryimage"},"thumbnailUrl":"https:\/\/www.otto.de\/updated\/app\/uploads\/2023\/08\/m2-ssd-1.jpg","datePublished":"2023-09-27T14:34:30+00:00","author":{"@id":"https:\/\/www.otto.de\/updated\/#\/schema\/person\/c789d338d6a16a702d57cb6fbbf44e9d"},"description":"Erkennt dein Rechner deine neue M.2-SSD nicht, kann das unterschiedliche Gr\u00fcnde haben. Hier findest du die L\u00f6sungen.","breadcrumb":{"@id":"https:\/\/www.otto.de\/updated\/m-2-ssd-wird-nicht-erkannt-gruende-und-loesungen-98875\/#breadcrumb"},"inLanguage":"de","potentialAction":[{"@type":"ReadAction","target":["https:\/\/www.otto.de\/updated\/m-2-ssd-wird-nicht-erkannt-gruende-und-loesungen-98875\/"]}]},{"@type":"ImageObject","inLanguage":"de","@id":"https:\/\/www.otto.de\/updated\/m-2-ssd-wird-nicht-erkannt-gruende-und-loesungen-98875\/#primaryimage","url":"https:\/\/www.otto.de\/updated\/app\/uploads\/2023\/08\/m2-ssd-1.jpg","contentUrl":"https:\/\/www.otto.de\/updated\/app\/uploads\/2023\/08\/m2-ssd-1.jpg","width":2560,"height":1708,"caption":"Eine M.2-SSD ist ein besonders kompakter und dennoch schneller Speicher. Doch was, wenn sie nicht erkannt wird?"},{"@type":"BreadcrumbList","@id":"https:\/\/www.otto.de\/updated\/m-2-ssd-wird-nicht-erkannt-gruende-und-loesungen-98875\/#breadcrumb","itemListElement":[{"@type":"ListItem","position":1,"name":"Startseite","item":"\/updated\/"},{"@type":"ListItem","position":2,"name":"Work &amp; Connect","item":"https:\/\/www.otto.de\/updated\/work-connect\/"},{"@type":"ListItem","position":3,"name":"Office","item":"https:\/\/www.otto.de\/updated\/office\/"},{"@type":"ListItem","position":4,"name":"PCs","item":"https:\/\/www.otto.de\/updated\/pcs\/"},{"@type":"ListItem","position":5,"name":"M.2\u2011SSD wird nicht erkannt: Gr\u00fcn\u00adde und L\u00f6sungen"}]},{"@type":"WebSite","@id":"https:\/\/www.otto.de\/updated\/#website","url":"https:\/\/www.otto.de\/updated\/","name":"UPDATED","description":"","potentialAction":[{"@type":"SearchAction","target":{"@type":"EntryPoint","urlTemplate":"https:\/\/www.otto.de\/updated\/?s={search_term_string}"},"query-input":{"@type":"PropertyValueSpecification","valueRequired":true,"valueName":"search_term_string"}}],"inLanguage":"de"},{"@type":"Person","@id":"https:\/\/www.otto.de\/updated\/#\/schema\/person\/c789d338d6a16a702d57cb6fbbf44e9d","name":"Thomas Bott","description":"Tom ist gelernter Journalist und hat in seinem Beruf mittlerweile fast zwei Jahrzehnte auf dem Buckel. Neben kleinen Ausfl\u00fcgen in die Bereiche Sport und Automotive hat er sich bisher haupts\u00e4chlich mit Games und Technik auseinandergesetzt. Darunter etwa als ehemaliger Teil der Redaktion von COMPUTER BILD. Neue Konsolen, Spiele, Smartphones, Laptops und mehr: Tom ist immer auf dem Laufenden und somit stets erster Ansprechpartner dazu im Familien- und Freundeskreis. Bei UPDATED gibt er diese Expertise gerne an ein noch breiteres Publikum weiter.","url":"https:\/\/www.otto.de\/updated\/redaktion\/","image":null,"colleague":["https:\/\/www.otto.de\/updated\/redaktion\/alexander-kraft\/","https:\/\/www.otto.de\/updated\/redaktion\/anne-beyer\/","https:\/\/www.otto.de\/updated\/redaktion\/arne-schaetzle\/","https:\/\/www.otto.de\/updated\/redaktion\/jana-janssen\/","https:\/\/www.otto.de\/updated\/redaktion\/pascal-wuttke\/","https:\/\/www.otto.de\/updated\/redaktion\/thomas-bott\/"],"worksFor":[{"@type":"Organization","id":"https:\/\/www.otto.de\/updated\/#organization","name":"UPDATED"}]}]}},"_links":{"self":[{"href":"https:\/\/www.otto.de\/updated\/wp-json\/wp\/v2\/posts\/98875","targetHints":{"allow":["GET"]}}],"collection":[{"href":"https:\/\/www.otto.de\/updated\/wp-json\/wp\/v2\/posts"}],"about":[{"href":"https:\/\/www.otto.de\/updated\/wp-json\/wp\/v2\/types\/post"}],"author":[{"embeddable":true,"href":"https:\/\/www.otto.de\/updated\/wp-json\/wp\/v2\/users\/102"}],"replies":[{"embeddable":true,"href":"https:\/\/www.otto.de\/updated\/wp-json\/wp\/v2\/comments?post=98875"}],"version-history":[{"count":2,"href":"https:\/\/www.otto.de\/updated\/wp-json\/wp\/v2\/posts\/98875\/revisions"}],"predecessor-version":[{"id":98877,"href":"https:\/\/www.otto.de\/updated\/wp-json\/wp\/v2\/posts\/98875\/revisions\/98877"}],"wp:featuredmedia":[{"embeddable":true,"href":"https:\/\/www.otto.de\/updated\/wp-json\/wp\/v2\/media\/98453"}],"wp:attachment":[{"href":"https:\/\/www.otto.de\/updated\/wp-json\/wp\/v2\/media?parent=98875"}],"wp:term":[{"taxonomy":"category","embeddable":true,"href":"https:\/\/www.otto.de\/updated\/wp-json\/wp\/v2\/categories?post=98875"},{"taxonomy":"post_tag","embeddable":true,"href":"https:\/\/www.otto.de\/updated\/wp-json\/wp\/v2\/tags?post=98875"}],"curies":[{"name":"wp","href":"https:\/\/api.w.org\/{rel}","templated":true}]}}