
{"id":98650,"date":"2024-11-08T10:15:49","date_gmt":"2024-11-08T09:15:49","guid":{"rendered":"\/updated\/?p=98650"},"modified":"2024-11-08T10:29:32","modified_gmt":"2024-11-08T09:29:32","slug":"ps5-pro-arbeitet-sony-an-einem-verbesserten-mid-gen-update","status":"publish","type":"post","link":"https:\/\/www.otto.de\/updated\/ps5-pro-arbeitet-sony-an-einem-verbesserten-mid-gen-update-98650\/","title":{"rendered":"PS5 Pro: Tech\u00adnik, Spie\u00adle und&nbsp;Preis"},"content":{"rendered":"<div class=\"wpb-content-wrapper\"><div class=\"vc_row wpb_row vc_row-fluid\"><div class=\"wpb_column vc_column_container vc_col-sm-12\"><div class=\"vc_column-inner\"><div class=\"wpb_wrapper\">\n\t<div class=\"wpb_text_column wpb_content_element\">\n\t\t<div class=\"wpb_wrapper\">\n\t\t\t<p><strong><span class=\"TextRun MacChromeBold SCXW135989273 BCX0\" lang=\"DE-DE\" xml:lang=\"DE-DE\" data-contrast=\"auto\"><span class=\"NormalTextRun SCXW135989273 BCX0\">Seit Mona\u00adten <\/span><\/span><span class=\"TextRun Highlight MacChromeBold SCXW135989273 BCX0\" lang=\"DE-DE\" xml:lang=\"DE-DE\" data-contrast=\"auto\"><span class=\"NormalTextRun SCXW135989273 BCX0\">h<\/span><span class=\"NormalTextRun SCXW135989273 BCX0\">iel\u00adten<\/span><\/span><span class=\"TextRun MacChromeBold SCXW135989273 BCX0\" lang=\"DE-DE\" xml:lang=\"DE-DE\" data-contrast=\"auto\"> <span class=\"NormalTextRun SCXW135989273 BCX0\">sich hart\u00adn\u00e4\u00adckig Ger\u00fcch\u00adte, laut denen Sony an einer Play\u00adSta\u00adti\u00adon 5 Pro arbei\u00adten soll\u00adte. Sp\u00e4\u00adtes\u00adtens nach\u00addem das Unter\u00adneh\u00admen ver\u00adlau\u00adten lie\u00df, dass die PS5 in ihrer zwei\u00adten Lebens\u00adh\u00e4lf\u00adte steckt, wur\u00adden Stim\u00admen nach einer Pro-Ver\u00adsi\u00adon immer lau\u00adter. Womit aber kei\u00adner gerech\u00adnet hat\u00adte: Sony k\u00fcn\u00addig\u00adte die Vor\u00adstel\u00adlung nicht gro\u00df an, son\u00addern kam damit sehr \u00fcber\u00adra\u00adschend am 10. Sep\u00adtem\u00adber um die Ecke. Die neue Vari\u00adan\u00adte bie\u00adtet dabei wohl, wie soll es anders sein, ein Plus an Leis\u00adtung. Aller\u00addings m\u00fcs\u00adsen poten\u00adzi\u00adel\u00adle K\u00e4ufer*innen eine bit\u00adte\u00adre Pil\u00adle schlucken.<\/span><\/span><\/strong><\/p>\n\n\t\t<\/div>\n\t<\/div>\n<\/div><\/div><\/div><\/div><div class=\"vc_row wpb_row vc_row-fluid\"><div class=\"wpb_column vc_column_container vc_col-sm-12\"><div class=\"vc_column-inner\"><div class=\"wpb_wrapper\"><nav class=\"toc\"><h2 class=\"toc--headline\">Das erfahrt ihr gleich<\/h2><ul class=\"toc--links\"><li><a href=\"#30-jahre-playstation-sonderedition-in-haenden-von-scalpern\">30 Jah\u00adre Play\u00adSta\u00adti\u00adon: Son\u00adder\u00adedi\u00adti\u00adon in H\u00e4n\u00adden von Scalpern<\/a><\/li><li><a href=\"#ps5-pro-groessere-gpu-fuer-fluessigeres-gameplay\">PS5 Pro: Gr\u00f6\u00ad\u00dfe\u00adre GPU f\u00fcr fl\u00fcs\u00adsi\u00adge\u00adres Gameplay<\/a><\/li><li><a href=\"#spiele-diese-titel-bekommen-die-pro-verbesserungen\">Spie\u00adle: Die\u00adse Titel bekom\u00admen die Pro-Verbesserungen<\/a><\/li><li><a href=\"#neuer-look-so-hebt-sich-die-pro-optisch-ab\">Neu\u00ader Look: So hebt sich die Pro optisch ab<\/a><\/li><li><a href=\"#preis-sony-zieht-ordentlich-an\">Preis: Sony zieht ordent\u00adlich&nbsp;an<\/a><\/li><\/ul><\/nav><\/div><\/div><\/div><\/div><div class=\"vc_row wpb_row vc_row-fluid\"><div class=\"wpb_column vc_column_container vc_col-sm-12\"><div class=\"vc_column-inner\"><div class=\"wpb_wrapper\"><div class=\"headline toc--item\"><a name=\"30-jahre-playstation-sonderedition-in-haenden-von-scalpern\"><\/a><h2>30 Jah\u00adre Play\u00adSta\u00adti\u00adon: Son\u00adder\u00adedi\u00adti\u00adon in H\u00e4n\u00adden von Scalpern<\/h2><\/div>\n\t<div class=\"wpb_text_column wpb_content_element\">\n\t\t<div class=\"wpb_wrapper\">\n\t\t\t<p><span class=\"TextRun Highlight SCXW14779174 BCX0\" lang=\"DE-DE\" xml:lang=\"DE-DE\" data-contrast=\"none\"><span class=\"NormalTextRun SCXW14779174 BCX0\">Zur PS5 Pro gibt es nicht nur die nor\u00adma\u00adle Vari\u00adan\u00adte in Wei\u00df, son\u00addern zum Geburts\u00adtag der Kon\u00adso\u00adle auch eine Son\u00adder\u00adedi\u00adti\u00adon. Die kommt i<\/span><span class=\"NormalTextRun SCXW14779174 BCX0\">m<\/span><span class=\"NormalTextRun SCXW14779174 BCX0\"> klas\u00adsi\u00adsche<\/span><span class=\"NormalTextRun SCXW14779174 BCX0\">n<\/span><span class=\"NormalTextRun SCXW14779174 BCX0\"> Grau, wie es damals die ers\u00adte Play\u00adSta\u00adti\u00adon stolz trug, und mit dem bun\u00adten PS-Logo. Limi\u00adtiert auf 12.300 Exem\u00adpla\u00adre, ist die Kon\u00adso\u00adle nat\u00fcr\u00adlich sehr beliebt. Das Pro\u00adblem: Wie schon damals beim Release der PS5, haben sich <\/span><span class=\"NormalTextRun SpellingErrorV2Themed SCXW14779174 BCX0\">Scal\u00adper<\/span><span class=\"NormalTextRun SCXW14779174 BCX0\"> die Kon\u00adso\u00adlen wohl in gro\u00ad\u00dfen St\u00fcck\u00adzah\u00adlen gesi\u00adchert. Statt dem, ohne\u00adhin schon hohem, Preis von 1.099 Euro, musst du aktu\u00adell deut\u00adlich mehr bezahlen.<\/span><\/span><\/p>\n\n\t\t<\/div>\n\t<\/div>\n<\/div><\/div><\/div><\/div><div class=\"vc_row wpb_row vc_row-fluid\"><div class=\"wpb_column vc_column_container vc_col-sm-12\"><div class=\"vc_column-inner\"><div class=\"wpb_wrapper\"><div class=\"headline toc--item\"><a name=\"ps5-pro-groessere-gpu-fuer-fluessigeres-gameplay\"><\/a><h2>PS5 Pro: Gr\u00f6\u00ad\u00dfe\u00adre GPU f\u00fcr fl\u00fcs\u00adsi\u00adge\u00adres Gameplay<\/h2><\/div>\n\t<div class=\"wpb_text_column wpb_content_element\">\n\t\t<div class=\"wpb_wrapper\">\n\t\t\t<p>Mehr Rechen\u00adleis\u00adtung war schon bei der PS4 Pro das Ziel. Dadurch konn\u00adte die Kon\u00adso\u00adle damals Spie\u00adle in 4K dar\u00adstel\u00adlen und eine bes\u00adse\u00adre VR-Per\u00adfor\u00admance errei\u00adchen. Bei\u00addes hat die PS5 nat\u00fcr\u00adlich schon auf dem Kas\u00adten, wes\u00adhalb die Unter\u00adschie\u00adde dies\u00admal eher in der Per\u00adfor\u00admance lie\u00adgen. Genau\u00ader geht es um fl\u00fcs\u00adsi\u00adges Game\u00adplay bei m\u00f6g\u00adlichst hohen Details. Gang und G\u00e4be bei PS5-Spie\u00adlen ist n\u00e4m\u00adlich ein Slider in den Ein\u00adstel\u00adlun\u00adgen, der dich zwi\u00adschen einem \u201eGra\u00adfik-\u201c und \u201ePerformance-\u201cModus wech\u00adseln l\u00e4sst. Du kannst also ent\u00adwe\u00adder die best\u00adm\u00f6g\u00adli\u00adche Dar\u00adstel\u00adlung von Details haben oder durch\u00adschnitt\u00adlich 60 fps spielen.<\/p>\n<p>Ziel von Sony mit der PS5 Pro ist es, die\u00adsen Slider kom\u00adplett aus den Spie\u00adlen zu strei\u00adchen. Bedeu\u00adtet f\u00fcr dich: Die Kon\u00adso\u00adle hat genug Leis\u00adtung, um fl\u00fcs\u00adsi\u00adges Game\u00adplay mit rund 60 fps bei h\u00f6chs\u00adten Gra\u00adfik\u00adein\u00adstel\u00adlun\u00adgen zu bie\u00adten. Damit nicht genug, soll auch noch das Ray\u00adtra\u00adcing ver\u00adbes\u00adsert wer\u00adden, um etwa in Gran Turis\u00admo 7 auch abseits der Replays Echt\u00adzeit-Spie\u00adge\u00adlun\u00adgen auf dem Fahr\u00adzeug\u00adlack dar\u00adzu\u00adstel\u00adlen oder in dicht bewach\u00adse\u00adnen Gebie\u00adten noch rea\u00adlis\u00adti\u00adsche\u00adre Schat\u00adten zu wer\u00adfen \u2013 alles in 4K\/60fps. Sony nennt das \u201eAdvan\u00adced Ray Tracing\u201c.<\/p>\n<p>Das Plus an Per\u00adfor\u00admance erreicht das Unter\u00adneh\u00admen in ers\u00adter Linie durch eine gr\u00f6\u00ad\u00dfe\u00adre GPU, auf der 67 Pro\u00adzent mehr Rechen\u00adein\u00adhei\u00adten Platz fin\u00adden als auf dem Chip in der PS5. Au\u00dfer\u00addem wird der Gra\u00adfik\u00adspei\u00adcher 28 Pro\u00adzent schnel\u00adler. Sony spricht im Zuge des\u00adsen von 45 Pro\u00adzent schnel\u00adle\u00adrem Ren\u00adde\u00adring in Games. Aber es gibt auch noch einen&nbsp;Trick.<\/p>\n<p><span class=\"TextRun Highlight SCXW258330068 BCX0\" lang=\"DE-DE\" xml:lang=\"DE-DE\" data-contrast=\"auto\"><span class=\"NormalTextRun SCXW258330068 BCX0\">Genau\u00ader kommt in der PS5 Pro ein Ryzen Zen 2 von AMD mit acht Ker\u00adnen zum Ein\u00adsatz. Dem zur Sei\u00adte steht eine ver\u00adbes\u00adser\u00adte Gra\u00adfik\u00adein\u00adheit mit nun 16<\/span><span class=\"NormalTextRun SCXW258330068 BCX0\">,7 <\/span><span class=\"NormalTextRun SpellingErrorV2Themed SCXW258330068 BCX0\">Tera\u00adflops<\/span><span class=\"NormalTextRun SCXW258330068 BCX0\">, statt der bis\u00adher 10,2 <\/span><span class=\"NormalTextRun SpellingErrorV2Themed SCXW258330068 BCX0\">Tera\u00adflops<\/span><span class=\"NormalTextRun SCXW258330068 BCX0\"> in der nor\u00adma\u00adlen PS5. Dazu kom\u00admen 16 GB Gra\u00adfik\u00adspei\u00adcher des Typs GDDR6<\/span><span class=\"NormalTextRun SCXW258330068 BCX0\">. Zus\u00e4tz\u00adlich sind aber noch 2 GB DDR5-Spei\u00adcher inte\u00adgriert, die f\u00fcr Auf\u00adga\u00adben au\u00dfer\u00adhalb des <\/span><span class=\"NormalTextRun SpellingErrorV2Themed SCXW258330068 BCX0\">Gamings<\/span><span class=\"NormalTextRun SCXW258330068 BCX0\"> reser\u00adviert sind. Die PS5 Pro zieht m<\/span><span class=\"NormalTextRun SCXW258330068 BCX0\">it ihrer neu\u00aden Tech\u00adnik auch mehr Strom: n\u00e4m\u00adlich 390 Watt in der Spit\u00adze, im Ver\u00adgleich zu den 340 Watt der&nbsp;PS5.<\/span><\/span><\/p>\n\n\t\t<\/div>\n\t<\/div>\n<\/div><\/div><\/div><\/div><div class=\"vc_row wpb_row vc_row-fluid\"><div class=\"wpb_column vc_column_container vc_col-sm-12\"><div class=\"vc_column-inner\"><div class=\"wpb_wrapper\">\n\t<div class=\"wpb_video_widget wpb_content_element vc_clearfix   vc_video-aspect-ratio- vc_video-el-width- vc_video-align-\">\n\t\t<div class=\"wpb_wrapper\">\n\t\t\t\n\t\t\t<div class=\"wpb_video_wrapper\">\t\t<div class=\"embed-privacy-container is-disabled embed-youtube\" data-embed-id=\"oembed_79606976ebd91d5b0c88ee898151fcc4\" data-embed-provider=\"youtube\" style=\"aspect-ratio: 500\/31055900621118;\">\t\t\t\t\t\t<button type=\"button\" class=\"embed-privacy-enable screen-reader-text\">Display \"PS5 Pro Technical Presentation hosted by Mark Cerny\" from YouTube<\/button>\t\t\t\t\t\t<div class=\"embed-privacy-overlay\">\t\t\t\t<div class=\"embed-privacy-inner\">\t\t\t\t\t<div class=\"embed-privacy-logo\" style=\"background-image: url(https:\/\/www.otto.de\/updated\/app\/plugins\/embed-privacy\/assets\/images\/embed-youtube.png?ver=1.12.3);\"><\/div>\t\t<div style=\"text-align: center\">Hier kli\u00adcken, um den Inhalt von You\u00adTube anzuzeigen.<\/div>\n<div style=\"text-align: center\">Erfah\u00adre mehr in der <a href=\"https:\/\/policies.google.com\/privacy?hl=de\" target=\"_blank\" rel=\"noopener nofollow\">Daten\u00adschutz\u00ader\u00adkl\u00e4\u00adrung<\/a> von YouTube<\/div>\t\t<p class=\"embed-privacy-input-wrapper\">\t\t\t<input id=\"embed-privacy-store-youtube-79606976ebd91d5b0c88ee898151fcc4\" type=\"checkbox\" value=\"1\" class=\"embed-privacy-input\" data-embed-provider=\"youtube\">\t\t\t<label for=\"embed-privacy-store-youtube-79606976ebd91d5b0c88ee898151fcc4\" class=\"embed-privacy-label\" data-embed-provider=\"youtube\">\t\t\t\tInhalt von You\u00adtube immer anzeigen&nbsp;<\/label>\t\t<\/p>\t\t\t\t\t\t<\/div>\t\t\t\t\t\t\t\t<div class=\"embed-privacy-footer\"><\/div>\t\t\t<\/div>\t\t\t\t\t\t<div class=\"embed-privacy-content\">\t\t\t\t<script>var _oembed_79606976ebd91d5b0c88ee898151fcc4 = '{\\\"embed\\\":\\\"&lt;iframe title=&quot;PS5 Pro Technical Presentation hosted by Mark Cerny&quot; width=&quot;500&quot; height=&quot;281&quot; src=&quot;https:\\\\\/\\\\\/www.youtube-nocookie.com\\\\\/embed\\\\\/X24BzyzQQ-8?feature=oembed&quot; frameborder=&quot;0&quot; allow=&quot;accelerometer; autoplay; clipboard-write; encrypted-media; gyroscope; picture-in-picture; web-share&quot; referrerpolicy=&quot;strict-origin-when-cross-origin&quot; allowfullscreen&gt;&lt;\\\\\/iframe&gt;\\\"}';<\/script>\t\t\t<\/div>\t\t<\/div>\t\t<\/div>\n\t\t<\/div>\n\t<\/div>\n<\/div><\/div><\/div><\/div><div class=\"vc_row wpb_row vc_row-fluid\"><div class=\"wpb_column vc_column_container vc_col-sm-12\"><div class=\"vc_column-inner\"><div class=\"wpb_wrapper\"><div class=\"headline\"><a name=\"pssr-sonys-kleiner-ki-cheatcode\"><\/a><h3>PSSR: Sonys klei\u00adner KI-Cheatcode<\/h3><\/div>\n\t<div class=\"wpb_text_column wpb_content_element\">\n\t\t<div class=\"wpb_wrapper\">\n\t\t\t<p><span data-contrast=\"auto\">Ganz ohne klei\u00adne\u00adre Umwe\u00adge geht das Plus an Leis\u00adtung dann aber doch nicht. Ein ent\u00adschei\u00adden\u00adder Fak\u00adtor daf\u00fcr ist n\u00e4m\u00adlich die neue \u201ePlay\u00adSta\u00adti\u00adon Spec\u00adtral Super Resolution\u201c-Technik, kurz PSSR. Die\u00adses KI-gest\u00fctz\u00adte Sys\u00adtem ana\u00adly\u00adsiert dar\u00adge\u00adstell\u00adte Bil\u00adder in Echt\u00adzeit und wen\u00addet Ups\u00adca\u00adling an. Das spart im Hin\u00adter\u00adgrund Res\u00adsour\u00adcen, um mehr Frames zu gene\u00adrie\u00adren, w\u00e4h\u00adrend du wei\u00adter\u00adhin ein knack\u00adschar\u00adfes 4K-Bild siehst.<\/span><span data-ccp-props=\"{}\">&nbsp;<\/span><\/p>\n<p><span data-contrast=\"auto\">Damit Spie\u00adle davon, und nat\u00fcr\u00adlich auch von den ande\u00adren Fea\u00adtures der Kon\u00adso\u00adle, voll\u00adum\u00adf\u00e4ng\u00adlich pro\u00adfi\u00adtie\u00adren, m\u00fcs\u00adsen die Entwickler*innen aber ent\u00adspre\u00adchen\u00adde Updates bereitstellen.<\/span><\/p>\n\n\t\t<\/div>\n\t<\/div>\n<\/div><\/div><\/div><\/div><div class=\"vc_row wpb_row vc_row-fluid\"><div class=\"wpb_column vc_column_container vc_col-sm-12\"><div class=\"vc_column-inner\"><div class=\"wpb_wrapper\"><div class=\"headline\"><a name=\"game-boost-bessere-performance-fuer-alle-titel\"><\/a><h3>Game-Boost: Bes\u00adse\u00adre Per\u00adfor\u00admance f\u00fcr alle&nbsp;Titel<\/h3><\/div>\n\t<div class=\"wpb_text_column wpb_content_element\">\n\t\t<div class=\"wpb_wrapper\">\n\t\t\t<p><span class=\"TextRun Highlight SCXW9186232 BCX0\" lang=\"DE-DE\" xml:lang=\"DE-DE\" data-contrast=\"none\"><span class=\"NormalTextRun SCXW9186232 BCX0\">Offen\u00adbar pro\u00adfi\u00adtie\u00adren von der Mehr\u00adleis\u00adtung der Kon\u00adso\u00adle nicht nur Games, die die\u00adse expli\u00adzit unter\u00adst\u00fct\u00adzen. Sony hat best\u00e4\u00adtigt, dass bei allen Titeln auto\u00adma\u00adtisch ein \u201eGame-Boost\u201c zum Ein\u00adsatz kommt. Die\u00adser soll PS4- und PS5-Titel mit h\u00f6he\u00adrer Takt\u00adra\u00adte wie\u00adder\u00adge\u00adben, was zu einer h\u00f6he\u00adren Auf\u00adl\u00f6\u00adsung oder fl\u00fcs\u00adsi\u00adge\u00adrer Dar\u00adstel\u00adlung f\u00fch\u00adren soll. Ob und wie gut das in der Pra\u00adxis funk\u00adtio\u00adniert, bleibt aber abzuwarten.<\/span><\/span><\/p>\n\n\t\t<\/div>\n\t<\/div>\n<\/div><\/div><\/div><\/div><div class=\"vc_row wpb_row vc_row-fluid\"><div class=\"wpb_column vc_column_container vc_col-sm-12\"><div class=\"vc_column-inner\"><div class=\"wpb_wrapper\">    <div class=\"infobox floatr\">\n        <div class=\"infobox-info-icon-container\">\n            <div class=\"infobox-info-icon\"><\/div>\n        <\/div>\n        <div class=\"headline\"><a name=\"ps6-die-ps5-pro-als-testlauf\"><\/a><h3>PS6: Die PS5 Pro als Testlauf<\/h3><\/div>\n\t<div class=\"wpb_text_column wpb_content_element\">\n\t\t<div class=\"wpb_wrapper\">\n\t\t\t<p><span class=\"TextRun Highlight SCXW7172040 BCX0\" lang=\"DE-DE\" xml:lang=\"DE-DE\" data-contrast=\"none\"><span class=\"NormalTextRun SCXW7172040 BCX0\">\u201eGame Boost\u201c und \u201ePSSR\u201c sind zwei Tech\u00adno\u00adlo\u00adgien, die bei der PS5 Pro f\u00fcr eine bes\u00adse\u00adre Per\u00adfor\u00admance sor\u00adgen. Wie <\/span><span class=\"NormalTextRun ContextualSpellingAndGrammarErrorV2Themed SCXW7172040 BCX0\">die Ana\u00adlyst<\/span><span class=\"NormalTextRun SCXW7172040 BCX0\">*innen bei \u201eDigi\u00adtal Foundry\u201c ver\u00admu\u00adten, k\u00f6nn\u00adte Sony die Kon\u00adso\u00adle als Test\u00adlauf f\u00fcr ihren Nach\u00adfol\u00adger anse\u00adhen. Die Tech\u00adno\u00adlo\u00adgien wer\u00adden jetzt in der Pra\u00adxis erprobt, um dann in der PS6 in ver\u00adbes\u00adser\u00adter bezie\u00adhungs\u00adwei\u00adse erwei\u00adter\u00adter Form ein\u00adge\u00adsetzt zu wer\u00adden. Die\u00adser Test\u00adlauf gibt Ent\u00adwick\u00adler\u00adstu\u00addi\u00ados au\u00dfer\u00addem die Gele\u00adgen\u00adheit, sich schon jetzt auf die\u00adse zuk\u00fcnf\u00adtig zen\u00adtra\u00adlen Tech\u00adni\u00adken vorzubereiten.<\/span><\/span><\/p>\n\n\t\t<\/div>\n\t<\/div>\n    <\/div>\n\n    <\/div><\/div><\/div><\/div><div class=\"vc_row wpb_row vc_row-fluid\"><div class=\"wpb_column vc_column_container vc_col-sm-12\"><div class=\"vc_column-inner\"><div class=\"wpb_wrapper\"><div class=\"headline\"><a name=\"psvr2-weniger-motion-sickness\"><\/a><h3>PSVR2: Weni\u00adger Moti\u00adon Sickness?<\/h3><\/div>\n\t<div class=\"wpb_text_column wpb_content_element\">\n\t\t<div class=\"wpb_wrapper\">\n\t\t\t<p><span class=\"TextRun Highlight SCXW208884490 BCX0\" lang=\"DE-DE\" xml:lang=\"DE-DE\" data-contrast=\"none\"><span class=\"NormalTextRun SCXW208884490 BCX0\">Ein wei\u00adte\u00adrer Vor\u00adteil der Pro-Ver\u00adsi\u00adon soll im Zusam\u00admen\u00adspiel mit PSVR2 lie\u00adgen. Die zus\u00e4tz\u00adli\u00adche Leis\u00adtung erm\u00f6g\u00adlicht zwar kei\u00adne gro\u00ad\u00dfen Spr\u00fcn\u00adge, aber einen wich\u00adti\u00adgen im Detail. So sol\u00adlen sich die ver\u00adlo\u00adre\u00adnen Frames bei der Berech\u00adnung ver\u00adrin\u00adgern. Weil die f\u00fcr ein Sto\u00adcken sor\u00adgen, k\u00f6nn\u00adte sich die Gefahr von Moti\u00adon <\/span><span class=\"NormalTextRun SpellingErrorV2Themed SCXW208884490 BCX0\">Sick\u00adness<\/span><span class=\"NormalTextRun SCXW208884490 BCX0\"> redu\u00adzie\u00adren. Das Bild <\/span><span class=\"NormalTextRun SCXW208884490 BCX0\">wird dadurch <\/span><span class=\"NormalTextRun SCXW208884490 BCX0\">n\u00e4m\u00adlich schlicht\u00adweg fl\u00fcs\u00adsi\u00adger und kon\u00adsis\u00adten\u00adter dargestellt.<\/span><\/span><\/p>\n\n\t\t<\/div>\n\t<\/div>\n<\/div><\/div><\/div><\/div><div class=\"vc_row wpb_row vc_row-fluid\"><div class=\"wpb_column vc_column_container vc_col-sm-12\"><div class=\"vc_column-inner\"><div class=\"wpb_wrapper\"><div class=\"headline toc--item\"><a name=\"spiele-diese-titel-bekommen-die-pro-verbesserungen\"><\/a><h2>Spie\u00adle: Die\u00adse Titel bekom\u00admen die Pro-Verbesserungen<\/h2><\/div>\n\t<div class=\"wpb_text_column wpb_content_element\">\n\t\t<div class=\"wpb_wrapper\">\n\t\t\t<p><span data-contrast=\"auto\">Sony hat eine Lis\u00adte der Spie\u00adle ver\u00ad\u00f6f\u00adfent\u00adlicht, die zum Start der PS5 Pro von der Mehr\u00adleis\u00adtung der Kon\u00adso\u00adle direkt pro\u00adfi\u00adtie\u00adren sol\u00adlen. Das&nbsp;sind:<\/span><\/p>\n<ul>\n<li><span data-contrast=\"auto\">Alan Wake 2<\/span><span data-ccp-props=\"{}\">&nbsp;<\/span><\/li>\n<li><span data-contrast=\"auto\">Alba\u00adtroz<\/span><span data-ccp-props=\"{}\">&nbsp;<\/span><\/li>\n<li><span data-contrast=\"auto\">Apex Legends<\/span><span data-ccp-props=\"{}\">&nbsp;<\/span><\/li>\n<li><span data-contrast=\"auto\">Assassin\u2019s Creed Mira\u00adge<\/span><span data-ccp-props=\"{}\">&nbsp;<\/span><\/li>\n<li><span data-contrast=\"auto\">Baldur\u2019s Gate 3<\/span><span data-ccp-props=\"{}\">&nbsp;<\/span><\/li>\n<li><span data-contrast=\"auto\">Call of Duty: Black Ops 6<\/span><span data-ccp-props=\"{}\">&nbsp;<\/span><\/li>\n<li><span data-contrast=\"auto\">EA Sports Col\u00adlege Foot\u00adball 25<\/span><span data-ccp-props=\"{}\">&nbsp;<\/span><\/li>\n<li><span data-contrast=\"auto\">Dead Island 2<\/span><span data-ccp-props=\"{}\">&nbsp;<\/span><\/li>\n<li><span data-contrast=\"auto\">Demon\u2019s Souls<\/span><span data-ccp-props=\"{}\">&nbsp;<\/span><\/li>\n<li><span data-contrast=\"auto\">Dia\u00adblo IV<\/span><span data-ccp-props=\"{}\">&nbsp;<\/span><\/li>\n<li><span data-contrast=\"auto\">Dra\u00adgon Age: The Veil\u00adguard<\/span><span data-ccp-props=\"{}\">&nbsp;<\/span><\/li>\n<li><span data-contrast=\"auto\">Dragon\u2019s Dog\u00adma 2<\/span><span data-ccp-props=\"{}\">&nbsp;<\/span><\/li>\n<li><span data-contrast=\"auto\">Dying Light 2 Rel\u00adoa\u00added Edi\u00adti\u00adon<\/span><span data-ccp-props=\"{}\">&nbsp;<\/span><\/li>\n<li><span data-contrast=\"auto\">EA Sports FC 25<\/span><span data-ccp-props=\"{}\">&nbsp;<\/span><\/li>\n<li><span data-contrast=\"auto\">Enlis\u00adted<\/span><span data-ccp-props=\"{}\">&nbsp;<\/span><\/li>\n<li><span data-contrast=\"auto\">F1 24<\/span><span data-ccp-props=\"{}\">&nbsp;<\/span><\/li>\n<li><span data-contrast=\"auto\">Final Fan\u00adta\u00adsy VII Rebirth<\/span><span data-ccp-props=\"{}\">&nbsp;<\/span><\/li>\n<li><span data-contrast=\"auto\">Fort\u00adni\u00adte<\/span><span data-ccp-props=\"{}\">&nbsp;<\/span><\/li>\n<li><span data-contrast=\"auto\">God of War Rag\u00adna\u00adr\u00ad\u00f6k<\/span><span data-ccp-props=\"{}\">&nbsp;<\/span><\/li>\n<li><span data-contrast=\"auto\">Hog\u00adwarts Lega\u00adcy<\/span><span data-ccp-props=\"{}\">&nbsp;<\/span><\/li>\n<li><span data-contrast=\"auto\">Hori\u00adzon For\u00adbidden West<\/span><span data-ccp-props=\"{}\">&nbsp;<\/span><\/li>\n<li><span data-contrast=\"auto\">Hori\u00adzon Zero Dawn Remas\u00adte\u00adred<\/span><span data-ccp-props=\"{}\">&nbsp;<\/span><\/li>\n<li><span data-contrast=\"auto\">Kay\u00adak VR: Mira\u00adge<\/span><span data-ccp-props=\"{}\">&nbsp;<\/span><\/li>\n<li><span data-contrast=\"auto\">Lies of P<\/span><span data-ccp-props=\"{}\">&nbsp;<\/span><\/li>\n<li><span data-contrast=\"auto\">Lords of the Fal\u00adlen (2023)<\/span><span data-ccp-props=\"{}\">&nbsp;<\/span><\/li>\n<li><span data-contrast=\"auto\">Mad\u00adden NFL 25<\/span><span data-ccp-props=\"{}\">&nbsp;<\/span><\/li>\n<li><span data-contrast=\"auto\">Marvel\u2019s Spi\u00adder-Man Remas\u00adte\u00adred<\/span><span data-ccp-props=\"{}\">&nbsp;<\/span><\/li>\n<li><span data-contrast=\"auto\">Marvel\u2019s Spi\u00adder-Man: Miles Mora\u00adles<\/span><span data-ccp-props=\"{}\">&nbsp;<\/span><\/li>\n<li><span data-contrast=\"auto\">Marvel\u2019s Spi\u00adder-Man 2<\/span><span data-ccp-props=\"{}\">&nbsp;<\/span><\/li>\n<li><span data-contrast=\"auto\">Nara\u00adka: Bla\u00adde\u00adpoint<\/span><span data-ccp-props=\"{}\">&nbsp;<\/span><\/li>\n<li><span data-contrast=\"auto\">NBA 2K25<\/span><span data-ccp-props=\"{}\">&nbsp;<\/span><\/li>\n<li><span data-contrast=\"auto\">No Man\u2019s Sky<\/span><span data-ccp-props=\"{}\">&nbsp;<\/span><\/li>\n<li><span data-contrast=\"auto\">Pal\u00adworld<\/span><span data-ccp-props=\"{}\">&nbsp;<\/span><\/li>\n<li><span data-contrast=\"auto\">Paladin\u2019s Pas\u00adsa\u00adge<\/span><span data-ccp-props=\"{}\">&nbsp;<\/span><\/li>\n<li><span data-contrast=\"auto\">Pla\u00adnet Coas\u00adter 2<\/span><span data-ccp-props=\"{}\">&nbsp;<\/span><\/li>\n<li><span data-contrast=\"auto\">Pro\u00adfes\u00adsio\u00adnal Spi\u00adrits Base\u00adball 2024\u20132025<\/span><span data-ccp-props=\"{}\">&nbsp;<\/span><\/li>\n<li><span data-contrast=\"auto\">Rat\u00adchet &amp; Clank: Rift Apart<\/span><span data-ccp-props=\"{}\">&nbsp;<\/span><\/li>\n<li><span data-contrast=\"auto\">Resi\u00addent Evil 4<\/span><span data-ccp-props=\"{}\">&nbsp;<\/span><\/li>\n<li><span data-contrast=\"auto\">Resi\u00addent Evil Vil\u00adla\u00adge<\/span><span data-ccp-props=\"{}\">&nbsp;<\/span><\/li>\n<li><span data-contrast=\"auto\">Rise of the Ronin<\/span><span data-ccp-props=\"{}\">&nbsp;<\/span><\/li>\n<li><span data-contrast=\"auto\">Rogue Flight<\/span><span data-contrast=\"auto\">&nbsp;<\/span><span data-ccp-props=\"{}\">&nbsp;<\/span><\/li>\n<li><span data-contrast=\"auto\">Star Wars: Jedi Sur\u00advi\u00advor<\/span><span data-ccp-props=\"{}\">&nbsp;<\/span><\/li>\n<li><span data-contrast=\"auto\">Star Wars: Out\u00adlaws<\/span><span data-ccp-props=\"{}\">&nbsp;<\/span><\/li>\n<li><span data-contrast=\"auto\">Stel\u00adlar Bla\u00adde<\/span><span data-ccp-props=\"{}\">&nbsp;<\/span><\/li>\n<li><span data-contrast=\"auto\">Test Dri\u00adve Unli\u00admi\u00adt\u00aded: Solar Crown<\/span><span data-ccp-props=\"{}\">&nbsp;<\/span><\/li>\n<li><span data-contrast=\"auto\">The Crew Motor\u00adfest<\/span><span data-ccp-props=\"{}\">&nbsp;<\/span><\/li>\n<li><span data-contrast=\"auto\">The Finals<\/span><span data-ccp-props=\"{}\">&nbsp;<\/span><\/li>\n<li><span data-contrast=\"auto\">The First Des\u00adcen\u00addant<\/span><span data-contrast=\"auto\">&nbsp;<\/span><span data-ccp-props=\"{}\">&nbsp;<\/span><\/li>\n<li><span data-contrast=\"auto\">The Last of Us Part I<\/span><span data-ccp-props=\"{}\">&nbsp;<\/span><\/li>\n<li><span data-contrast=\"auto\">The Last of Us Part II Remas\u00adte\u00adred<\/span><span data-ccp-props=\"{}\">&nbsp;<\/span><\/li>\n<li><span data-contrast=\"auto\">Until Dawn<\/span><span data-ccp-props=\"{}\">&nbsp;<\/span><\/li>\n<li><span data-contrast=\"auto\">War Thun\u00adder<\/span><span data-ccp-props=\"{}\">&nbsp;<\/span><\/li>\n<li><span data-contrast=\"auto\">War\u00adframe<\/span><span data-ccp-props=\"{}\">&nbsp;<\/span><\/li>\n<li><span data-contrast=\"auto\">World of War\u00adships: Legends<\/span><\/li>\n<\/ul>\n<p><span data-contrast=\"auto\">Vie\u00adle k\u00fcnf\u00adtig ver\u00ad\u00f6f\u00adfent\u00adlich\u00adte Spie\u00adle d\u00fcrf\u00adten nat\u00fcr\u00adlich eben\u00adfalls Ver\u00adbes\u00adse\u00adrun\u00adgen f\u00fcr Besitzer*innen einer PS5 Pro beinhal\u00adten. Au\u00dfer\u00addem ist nicht aus\u00adge\u00adschlos\u00adsen, dass auch ande\u00adre bereits erh\u00e4lt\u00adlich Spie\u00adle noch Updates f\u00fcr die Kon\u00adso\u00adle erhalten.<\/span><\/p>\n\n\t\t<\/div>\n\t<\/div>\n<\/div><\/div><\/div><\/div><div class=\"vc_row wpb_row vc_row-fluid\"><div class=\"wpb_column vc_column_container vc_col-sm-12\"><div class=\"vc_column-inner\"><div class=\"wpb_wrapper\"><div class=\"headline toc--item\"><a name=\"neuer-look-so-hebt-sich-die-pro-optisch-ab\"><\/a><h2>Neu\u00ader Look: So hebt sich die Pro optisch ab<\/h2><\/div>\n\t<div class=\"wpb_text_column wpb_content_element\">\n\t\t<div class=\"wpb_wrapper\">\n\t\t\t<p><span class=\"TextRun SCXW220528141 BCX0\" lang=\"DE-DE\" xml:lang=\"DE-DE\" data-contrast=\"auto\"><span class=\"NormalTextRun SCXW220528141 BCX0\">Zuge\u00adge\u00adben, \u201eneu\u00ader Look\u201c scheint ein wenig \u00fcber\u00adtrie\u00adben. An der grund\u00ads\u00e4tz\u00adli\u00adchen Design\u00adspra\u00adche der PS5 \u00e4ndert auch <\/span><span class=\"NormalTextRun ContextualSpellingAndGrammarErrorV2Themed SCXW220528141 BCX0\">die Pro<\/span><span class=\"NormalTextRun SCXW220528141 BCX0\"> kaum etwas. Aller\u00addings gibt es ein paar Details, die sie von der Stan\u00addard-Kon\u00adso\u00adle abhe\u00adben. So ist der <\/span><span class=\"NormalTextRun SCXW220528141 BCX0\">s<\/span><span class=\"NormalTextRun SCXW220528141 BCX0\">chwar\u00adze Rah\u00admen zwi\u00adschen den Sei\u00adten\u00adtei\u00adlen an der obe\u00adren Kan\u00adte <\/span><span class=\"NormalTextRun SCXW220528141 BCX0\">jetzt <\/span><span class=\"NormalTextRun SCXW220528141 BCX0\">mit einer Kuh\u00adle ver\u00adse\u00adhen. Au\u00dfer\u00addem befin\u00adden <\/span><span class=\"NormalTextRun SCXW220528141 BCX0\">sich, knapp<\/span><span class=\"NormalTextRun SCXW220528141 BCX0\"> \u00fcber der Mit\u00adte der Sei\u00adten<\/span><span class=\"NormalTextRun SCXW220528141 BCX0\">,<\/span><span class=\"NormalTextRun SCXW220528141 BCX0\"> nun <\/span><span class=\"NormalTextRun SCXW220528141 BCX0\">s<\/span><span class=\"NormalTextRun SCXW220528141 BCX0\">chwar\u00adze Ril\u00adlen. Bei\u00addes hebt Sony in sei\u00adnem Pr\u00e4\u00adsen\u00adta\u00adti\u00adons-Video auch deut\u00adlich her\u00advor.<\/span><span class=\"NormalTextRun SCXW220528141 BCX0\"> Noch eine klei\u00adne \u00c4nde\u00adrung, die nicht im Detail gezeigt wur\u00adde<\/span><span class=\"NormalTextRun SCXW220528141 BCX0\">: <\/span><span class=\"NormalTextRun SCXW220528141 BCX0\">An der Front sind nun zwei USB-C-Anschl\u00fcs\u00adse vor\u00adhan\u00adden. Bei der nor\u00adma\u00adlen PS5 sind das ein USB-C- und ein USB-A-Anschluss.<\/span><\/span><\/p>\n\n\t\t<\/div>\n\t<\/div>\n<\/div><\/div><\/div><\/div><div class=\"vc_row wpb_row vc_row-fluid\"><div class=\"wpb_column vc_column_container vc_col-sm-12\"><div class=\"vc_column-inner\"><div class=\"wpb_wrapper\"><div class=\"snippeteer-single-product\" data-snippet=\"Updated_8477\">\n  <div class=\"teaser-headline-block\">\n    <div class=\"teaser-headline\">\n      Pas\u00adsend&nbsp;dazu&nbsp;<\/div>\n  <\/div>\n  <div class=\"wrapper\">\n    <a class=\"link\" target=\"_blank\">\n      <div class=\"product-image-container\">\n        <img class=\"product-image\">\n      <\/div>\n      <div class=\"text\">\n        <div class=\"header\">\n          <div class=\"brand\"><\/div>\n          <div class=\"title\"><\/div>\n        <\/div>\n        <div class=\"price-and-button-container\">\n          <div class=\"price\">\n            <div class=\"old-price thousand-seperators\"><\/div>\n            <div class=\"current-price thousand-seperators\"><\/div>\n          <\/div>\n          <div class=\"bottom\">\n            <div class=\"call-to-action\">\n              <div class=\"button\">\n                Jetzt kaufen&nbsp;<\/div>\n            <\/div>\n          <\/div>\n        <\/div>\n      <\/div>\n    <\/a>\n  <\/div>\n<\/div>\n<\/div><\/div><\/div><\/div><div class=\"vc_row wpb_row vc_row-fluid\"><div class=\"wpb_column vc_column_container vc_col-sm-12\"><div class=\"vc_column-inner\"><div class=\"wpb_wrapper\"><div class=\"headline toc--item\"><a name=\"preis-sony-zieht-ordentlich-an\"><\/a><h2>Preis: Sony zieht ordent\u00adlich&nbsp;an<\/h2><\/div>\n\t<div class=\"wpb_text_column wpb_content_element\">\n\t\t<div class=\"wpb_wrapper\">\n\t\t\t<p>Wer statt einer PS4 eine PS4 Pro haben woll\u00adte, muss\u00adte damals rund 100 Euro mehr aus\u00adge\u00adben. Das schien ein durch\u00adaus bezahl\u00adba\u00adrer Unter\u00adschied zu sein. Der Sprung von der PS5 zur PS5 Pro ist deut\u00adlich gr\u00f6\u00ad\u00dfer. Die erstark\u00adte Kon\u00adso\u00adle star\u00adtet hier\u00adzu\u00adlan\u00adde n\u00e4m\u00adlich bei sat\u00adten 799,99 Euro. Weil die PS5 Pro eine rei\u00adne \u201eDigi\u00adtal Edi\u00adti\u00adon\u201c ist, gibt es daf\u00fcr also auch kein Lauf\u00adwerk. Somit ist sie 350 Euro teu\u00adrer als die nor\u00adma\u00adle PS5. Willst du ein Lauf\u00adwerk dazu, musst du mit 120 Euro Auf\u00adpreis rech\u00adnen. Auch der ver\u00adti\u00adka\u00adle Stand\u00adfu\u00df ist nicht von Beginn an dabei, son\u00addern kos\u00adtet 30 Euro&nbsp;extra.<\/p>\n<p><span class=\"TextRun SCXW198455936 BCX0\" lang=\"DE-DE\" xml:lang=\"DE-DE\" data-contrast=\"auto\"><span class=\"NormalTextRun SCXW198455936 BCX0\">Los <\/span><\/span><span class=\"TextRun Highlight SCXW198455936 BCX0\" lang=\"DE-DE\" xml:lang=\"DE-DE\" data-contrast=\"auto\"><span class=\"NormalTextRun SCXW198455936 BCX0\">g<\/span><span class=\"NormalTextRun SCXW198455936 BCX0\">ing<\/span><\/span><span class=\"TextRun SCXW198455936 BCX0\" lang=\"DE-DE\" xml:lang=\"DE-DE\" data-contrast=\"auto\"> <span class=\"NormalTextRun AdvancedProofingIssueV2Themed SCXW198455936 BCX0\">es \u00fcbri\u00adgens<\/span><span class=\"NormalTextRun SCXW198455936 BCX0\"> mit Vor\u00adbe\u00adstel\u00adlun\u00adgen ab dem 26. Sep\u00adtem\u00adber. Die Aus\u00adlie\u00adfe\u00adrung soll dann am 7. Novem\u00adber erfol\u00adgen. <\/span><span class=\"NormalTextRun SpellingErrorV2Themed SCXW198455936 BCX0\">Scal\u00adper<\/span><span class=\"NormalTextRun SCXW198455936 BCX0\"> d\u00fcrf\u00adten von den hohen Prei\u00adsen wohl eher abge\u00adschreckt sein, wodurch die Kon\u00adso\u00adle deut\u00adlich bes\u00adser ver\u00adf\u00fcg\u00adbar sein sollte.<\/span><\/span><\/p>\n\n\t\t<\/div>\n\t<\/div>\n<\/div><\/div><\/div><\/div><div class=\"vc_row wpb_row vc_row-fluid\"><div class=\"wpb_column vc_column_container vc_col-sm-12\"><div class=\"vc_column-inner\"><div class=\"wpb_wrapper\"><div class=\"article-author-opinion\">\n  <div class=\"article-author-opinion-header\">\n    <div class=\"author-image-background\">\n      <picture>\n          <source srcset=\"https:\/\/www.otto.de\/updated\/app\/uploads-webp\/uploads\/2025\/02\/Thomas_Bott-1-450x450.jpg.webp?theia_smart_thumbnails_file_version=2\" media=\"(-webkit-min-device-pixel-ratio: 2.5)\" type=\"image\/webp\">\n  <source srcset=\"https:\/\/www.otto.de\/updated\/app\/uploads\/2025\/02\/Thomas_Bott-1-450x450.jpg?theia_smart_thumbnails_file_version=2\" media=\"(-webkit-min-device-pixel-ratio: 2.5)\">\n  <source srcset=\"https:\/\/www.otto.de\/updated\/app\/uploads-webp\/uploads\/2025\/02\/Thomas_Bott-1-300x300.jpg.webp?theia_smart_thumbnails_file_version=2\" media=\"(-webkit-min-device-pixel-ratio: 1.5)\" type=\"image\/webp\">\n  <source srcset=\"https:\/\/www.otto.de\/updated\/app\/uploads\/2025\/02\/Thomas_Bott-1-300x300.jpg?theia_smart_thumbnails_file_version=2\" media=\"(-webkit-min-device-pixel-ratio: 1.5)\">\n  <source srcset=\"https:\/\/www.otto.de\/updated\/app\/uploads-webp\/uploads\/2025\/02\/Thomas_Bott-1-150x150.jpg.webp?theia_smart_thumbnails_file_version=2\" type=\"image\/webp\">\n  <img loading=\"lazy\" decoding=\"async\" src=\"https:\/\/www.otto.de\/updated\/app\/uploads\/2025\/02\/Thomas_Bott-1-150x150.jpg?theia_smart_thumbnails_file_version=2\" width=\"150\" height=\"150\" title=\"Thomas Bott\" alt=\"Portrai-Foto von einer Person mit blauem Cap und schwarzem Shirt.\" class=\"author-image\">\n      <\/picture>\n    <\/div>\n    <div class=\"article-author-opinion-header-text\">\n      <div class=\"author-name\">\n        Tho\u00admas&nbsp;Bott&nbsp;<\/div>\n      <div class=\"opinion-headline\">\n        <h2>\n          Unse\u00adre<br><br>Expert*innen-Meinung        <\/h2>\n      <\/div>\n    <\/div>\n  <\/div>\n  <div class=\"article-author-opinion-separator\"><\/div>\n  <div class=\"article-author-opinion-content\">\n    \n\t<div class=\"wpb_text_column wpb_content_element\">\n\t\t<div class=\"wpb_wrapper\">\n\t\t\t<p><span class=\"TextRun SCXW21123114 BCX0\" lang=\"DE-DE\" xml:lang=\"DE-DE\" data-contrast=\"auto\"><span class=\"NormalTextRun SCXW21123114 BCX0\">Na end\u00adlich, Sony. Lang genug hat es gedau\u00adert, bis end\u00adlich ein Lebens\u00adzei\u00adchen der lan\u00adge erwar\u00adte\u00adten PS5 Pro kam. <\/span><span class=\"NormalTextRun SCXW21123114 BCX0\">Die in der Pr\u00e4\u00adsen\u00adta\u00adti\u00adon gezeig\u00adten Ver\u00adbes\u00adse\u00adrun\u00adgen bei Leis\u00adtung und <\/span><span class=\"NormalTextRun SpellingErrorV2Themed SCXW21123114 BCX0\">Ray\u00adtra\u00adcing<\/span><span class=\"NormalTextRun SCXW21123114 BCX0\"> machen auch durch\u00adaus Lust auf die Kon\u00adso\u00adle. Vor allem ist attrak\u00adtiv, kei\u00adne Details mehr opfern zu m\u00fcs\u00adsen, um fl\u00fcs\u00adsi\u00adges Game\u00adplay mit durch\u00adschnitt\u00adlich 60 <\/span><span class=\"NormalTextRun SpellingErrorV2Themed SCXW21123114 BCX0\">fps<\/span><span class=\"NormalTextRun SCXW21123114 BCX0\"> zu bekom\u00admen. Beim Preis aller\u00addings d\u00fcrf\u00adte es den meis\u00adten poten\u00adzi\u00adel\u00adlen K\u00e4ufer*innen die Schu\u00adhe aus\u00adge\u00adzo\u00adgen haben. Mit Lauf\u00adwerk und <\/span><span class=\"NormalTextRun SpellingErrorV2Themed SCXW21123114 BCX0\">Stand\u00adfu\u00df<\/span><span class=\"NormalTextRun SCXW21123114 BCX0\"> kos\u00adtet das Ger\u00e4t 950 Euro, ohne die bei\u00adden Extras 800 Euro. Ob die PS5 Pro den extre\u00admen Auf\u00adschlag wirk\u00adlich <\/span><span class=\"NormalTextRun ContextualSpellingAndGrammarErrorV2Themed SCXW21123114 BCX0\">Wert<\/span><span class=\"NormalTextRun SCXW21123114 BCX0\"> ist, muss sie erst in der Pra\u00adxis zeigen.<\/span><\/span><\/p>\n\n\t\t<\/div>\n\t<\/div>\n  <\/div>\n  <div class=\"article-author-opinion-separator\"><\/div>\n<\/div>\n<\/div><\/div><\/div><\/div>\n<\/div>","protected":false},"excerpt":{"rendered":"Seit Mona\u00adten hiel\u00adten sich hart\u00adn\u00e4\u00adckig Ger\u00fcch\u00adte, laut denen Sony an einer Play\u00adSta\u00adti\u00adon 5 Pro arbei\u00adten soll\u00adte. Sp\u00e4\u00adtes\u00adtens nach\u00addem das Unter\u00adneh\u00admen ver\u00adlau\u00adten lie\u00df, dass die PS5 in ihrer zwei\u00adten Lebens\u00adh\u00e4lf\u00adte steckt, wur\u00adden Stim\u00admen nach einer Pro-Ver\u00adsi\u00adon immer lau\u00adter. Womit aber kei\u00adner gerech\u00adnet hat\u00adte: Sony k\u00fcn\u00addig\u00adte die Vor\u00adstel\u00adlung nicht gro\u00df an, son\u00addern kam damit sehr \u00fcber\u00adra\u00adschend am&nbsp;[\u2026]","protected":false},"author":102,"featured_media":101866,"comment_status":"closed","ping_status":"open","sticky":false,"template":"","format":"standard","meta":{"_acf_changed":false,"wp_typography_post_enhancements_disabled":false,"footnotes":""},"categories":[35481,35489,35486],"tags":[250,282],"class_list":["post-98650","post","type-post","status-publish","format-standard","has-post-thumbnail","hentry","category-move-play","category-spielekonsolen","category-spielen","tag-playstation","tag-sony"],"acf":[],"yoast_head":"<!-- This site is optimized with the Yoast SEO Premium plugin v25.1 (Yoast SEO v25.1) - https:\/\/yoast.com\/wordpress\/plugins\/seo\/ -->\n<title>PS5 Pro: Alle Infos zu Sonys erstarkter PlayStation | OTTO<\/title>\n<meta name=\"description\" content=\"\u00dcberraschend hat Sony die hei\u00df erwartete PS5 Pro vorgestellt. Die kommt mit dickem Leistungs-Plus, aber auch einem gro\u00dfen Problem.\" \/>\n<meta name=\"robots\" content=\"index, follow, max-snippet:-1, max-image-preview:large, max-video-preview:-1\" \/>\n<link rel=\"canonical\" href=\"https:\/\/www.otto.de\/updated\/ps5-pro-arbeitet-sony-an-einem-verbesserten-mid-gen-update-98650\/\" \/>\n<meta property=\"og:locale\" content=\"de_DE\" \/>\n<meta property=\"og:type\" content=\"article\" \/>\n<meta property=\"og:title\" content=\"PS5 Pro: Technik, Spiele und Preis\" \/>\n<meta property=\"og:description\" content=\"\u00dcberraschend hat Sony die hei\u00df erwartete PS5 Pro vorgestellt. Die kommt mit dickem Leistungs-Plus, aber auch einem gro\u00dfen Problem.\" \/>\n<meta property=\"og:url\" content=\"https:\/\/www.otto.de\/updated\/ps5-pro-arbeitet-sony-an-einem-verbesserten-mid-gen-update-98650\/\" \/>\n<meta property=\"og:site_name\" content=\"UPDATED\" \/>\n<meta property=\"article:publisher\" content=\"https:\/\/www.facebook.com\/updated.de\/\" \/>\n<meta property=\"article:published_time\" content=\"2024-11-08T09:15:49+00:00\" \/>\n<meta property=\"article:modified_time\" content=\"2024-11-08T09:29:32+00:00\" \/>\n<meta property=\"og:image\" content=\"https:\/\/www.otto.de\/updated\/app\/uploads\/2024\/09\/PS5_Pro_Sony_001_cms.jpg\" \/>\n\t<meta property=\"og:image:width\" content=\"2560\" \/>\n\t<meta property=\"og:image:height\" content=\"1707\" \/>\n\t<meta property=\"og:image:type\" content=\"image\/jpeg\" \/>\n<meta name=\"author\" content=\"Thomas Bott\" \/>\n<meta name=\"twitter:card\" content=\"summary_large_image\" \/>\n<meta name=\"twitter:creator\" content=\"@updated_de\" \/>\n<meta name=\"twitter:site\" content=\"@updated_de\" \/>\n<meta name=\"twitter:label1\" content=\"Written by\" \/>\n\t<meta name=\"twitter:data1\" content=\"Thomas Bott\" \/>\n\t<meta name=\"twitter:label2\" content=\"Est. reading time\" \/>\n\t<meta name=\"twitter:data2\" content=\"8\u00a0Minuten\" \/>\n<script type=\"application\/ld+json\" class=\"yoast-schema-graph\">{\"@context\":\"https:\/\/schema.org\",\"@graph\":[{\"@type\":\"WebPage\",\"@id\":\"https:\/\/www.otto.de\/updated\/ps5-pro-arbeitet-sony-an-einem-verbesserten-mid-gen-update-98650\/\",\"url\":\"https:\/\/www.otto.de\/updated\/ps5-pro-arbeitet-sony-an-einem-verbesserten-mid-gen-update-98650\/\",\"name\":\"PS5 Pro: Alle Infos zu Sonys erstarkter PlayStation | OTTO\",\"isPartOf\":{\"@id\":\"https:\/\/www.otto.de\/updated\/#website\"},\"primaryImageOfPage\":{\"@id\":\"https:\/\/www.otto.de\/updated\/ps5-pro-arbeitet-sony-an-einem-verbesserten-mid-gen-update-98650\/#primaryimage\"},\"image\":{\"@id\":\"https:\/\/www.otto.de\/updated\/ps5-pro-arbeitet-sony-an-einem-verbesserten-mid-gen-update-98650\/#primaryimage\"},\"thumbnailUrl\":\"https:\/\/www.otto.de\/updated\/app\/uploads\/2024\/09\/PS5_Pro_Sony_001_cms.jpg\",\"datePublished\":\"2024-11-08T09:15:49+00:00\",\"dateModified\":\"2024-11-08T09:29:32+00:00\",\"author\":{\"@id\":\"https:\/\/www.otto.de\/updated\/#\/schema\/person\/c789d338d6a16a702d57cb6fbbf44e9d\"},\"description\":\"\u00dcberraschend hat Sony die hei\u00df erwartete PS5 Pro vorgestellt. Die kommt mit dickem Leistungs-Plus, aber auch einem gro\u00dfen Problem.\",\"breadcrumb\":{\"@id\":\"https:\/\/www.otto.de\/updated\/ps5-pro-arbeitet-sony-an-einem-verbesserten-mid-gen-update-98650\/#breadcrumb\"},\"inLanguage\":\"de\",\"potentialAction\":[{\"@type\":\"ReadAction\",\"target\":[\"https:\/\/www.otto.de\/updated\/ps5-pro-arbeitet-sony-an-einem-verbesserten-mid-gen-update-98650\/\"]}]},{\"@type\":\"ImageObject\",\"inLanguage\":\"de\",\"@id\":\"https:\/\/www.otto.de\/updated\/ps5-pro-arbeitet-sony-an-einem-verbesserten-mid-gen-update-98650\/#primaryimage\",\"url\":\"https:\/\/www.otto.de\/updated\/app\/uploads\/2024\/09\/PS5_Pro_Sony_001_cms.jpg\",\"contentUrl\":\"https:\/\/www.otto.de\/updated\/app\/uploads\/2024\/09\/PS5_Pro_Sony_001_cms.jpg\",\"width\":2560,\"height\":1707,\"caption\":\"Da kommt sie pl\u00f6tzlich angeschwebt: die lang erwartete PS5 Pro.\"},{\"@type\":\"BreadcrumbList\",\"@id\":\"https:\/\/www.otto.de\/updated\/ps5-pro-arbeitet-sony-an-einem-verbesserten-mid-gen-update-98650\/#breadcrumb\",\"itemListElement\":[{\"@type\":\"ListItem\",\"position\":1,\"name\":\"Startseite\",\"item\":\"\/updated\/\"},{\"@type\":\"ListItem\",\"position\":2,\"name\":\"Move &amp; Play\",\"item\":\"https:\/\/www.otto.de\/updated\/move-play\/\"},{\"@type\":\"ListItem\",\"position\":3,\"name\":\"Spielen\",\"item\":\"https:\/\/www.otto.de\/updated\/spielen\/\"},{\"@type\":\"ListItem\",\"position\":4,\"name\":\"Spielekonsolen\",\"item\":\"https:\/\/www.otto.de\/updated\/spielekonsolen\/\"},{\"@type\":\"ListItem\",\"position\":5,\"name\":\"PS5 Pro: Tech\u00adnik, Spie\u00adle und&nbsp;Preis\"}]},{\"@type\":\"WebSite\",\"@id\":\"https:\/\/www.otto.de\/updated\/#website\",\"url\":\"https:\/\/www.otto.de\/updated\/\",\"name\":\"UPDATED\",\"description\":\"\",\"potentialAction\":[{\"@type\":\"SearchAction\",\"target\":{\"@type\":\"EntryPoint\",\"urlTemplate\":\"https:\/\/www.otto.de\/updated\/?s={search_term_string}\"},\"query-input\":{\"@type\":\"PropertyValueSpecification\",\"valueRequired\":true,\"valueName\":\"search_term_string\"}}],\"inLanguage\":\"de\"},{\"@type\":\"Person\",\"@id\":\"https:\/\/www.otto.de\/updated\/#\/schema\/person\/c789d338d6a16a702d57cb6fbbf44e9d\",\"name\":\"Thomas Bott\",\"description\":\"Tom ist gelernter Journalist und hat in seinem Beruf mittlerweile fast zwei Jahrzehnte auf dem Buckel. Neben kleinen Ausfl\u00fcgen in die Bereiche Sport und Automotive hat er sich bisher haupts\u00e4chlich mit Games und Technik auseinandergesetzt. Darunter etwa als ehemaliger Teil der Redaktion von COMPUTER BILD. Neue Konsolen, Spiele, Smartphones, Laptops und mehr: Tom ist immer auf dem Laufenden und somit stets erster Ansprechpartner dazu im Familien- und Freundeskreis. Bei UPDATED gibt er diese Expertise gerne an ein noch breiteres Publikum weiter.\",\"url\":\"https:\/\/www.otto.de\/updated\/redaktion\/\",\"image\":null,\"colleague\":[\"https:\/\/www.otto.de\/updated\/redaktion\/alexander-kraft\/\",\"https:\/\/www.otto.de\/updated\/redaktion\/anne-beyer\/\",\"https:\/\/www.otto.de\/updated\/redaktion\/arne-schaetzle\/\",\"https:\/\/www.otto.de\/updated\/redaktion\/jana-janssen\/\",\"https:\/\/www.otto.de\/updated\/redaktion\/pascal-wuttke\/\",\"https:\/\/www.otto.de\/updated\/redaktion\/thomas-bott\/\"],\"worksFor\":[{\"@type\":\"Organization\",\"id\":\"https:\/\/www.otto.de\/updated\/#organization\",\"name\":\"UPDATED\"}]}]}<\/script>\n<!-- \/ Yoast SEO Premium plugin. -->","yoast_head_json":{"title":"PS5 Pro: Alle Infos zu Sonys erstarkter PlayStation | OTTO","description":"\u00dcberraschend hat Sony die hei\u00df erwartete PS5 Pro vorgestellt. Die kommt mit dickem Leistungs-Plus, aber auch einem gro\u00dfen Problem.","robots":{"index":"index","follow":"follow","max-snippet":"max-snippet:-1","max-image-preview":"max-image-preview:large","max-video-preview":"max-video-preview:-1"},"canonical":"https:\/\/www.otto.de\/updated\/ps5-pro-arbeitet-sony-an-einem-verbesserten-mid-gen-update-98650\/","og_locale":"de_DE","og_type":"article","og_title":"PS5 Pro: Technik, Spiele und Preis","og_description":"\u00dcberraschend hat Sony die hei\u00df erwartete PS5 Pro vorgestellt. Die kommt mit dickem Leistungs-Plus, aber auch einem gro\u00dfen Problem.","og_url":"https:\/\/www.otto.de\/updated\/ps5-pro-arbeitet-sony-an-einem-verbesserten-mid-gen-update-98650\/","og_site_name":"UPDATED","article_publisher":"https:\/\/www.facebook.com\/updated.de\/","article_published_time":"2024-11-08T09:15:49+00:00","article_modified_time":"2024-11-08T09:29:32+00:00","og_image":[{"width":2560,"height":1707,"url":"https:\/\/www.otto.de\/updated\/app\/uploads\/2024\/09\/PS5_Pro_Sony_001_cms.jpg","type":"image\/jpeg"}],"author":"Thomas Bott","twitter_card":"summary_large_image","twitter_creator":"@updated_de","twitter_site":"@updated_de","twitter_misc":{"Written by":"Thomas Bott","Est. reading time":"8\u00a0Minuten"},"schema":{"@context":"https:\/\/schema.org","@graph":[{"@type":"WebPage","@id":"https:\/\/www.otto.de\/updated\/ps5-pro-arbeitet-sony-an-einem-verbesserten-mid-gen-update-98650\/","url":"https:\/\/www.otto.de\/updated\/ps5-pro-arbeitet-sony-an-einem-verbesserten-mid-gen-update-98650\/","name":"PS5 Pro: Alle Infos zu Sonys erstarkter PlayStation | OTTO","isPartOf":{"@id":"https:\/\/www.otto.de\/updated\/#website"},"primaryImageOfPage":{"@id":"https:\/\/www.otto.de\/updated\/ps5-pro-arbeitet-sony-an-einem-verbesserten-mid-gen-update-98650\/#primaryimage"},"image":{"@id":"https:\/\/www.otto.de\/updated\/ps5-pro-arbeitet-sony-an-einem-verbesserten-mid-gen-update-98650\/#primaryimage"},"thumbnailUrl":"https:\/\/www.otto.de\/updated\/app\/uploads\/2024\/09\/PS5_Pro_Sony_001_cms.jpg","datePublished":"2024-11-08T09:15:49+00:00","dateModified":"2024-11-08T09:29:32+00:00","author":{"@id":"https:\/\/www.otto.de\/updated\/#\/schema\/person\/c789d338d6a16a702d57cb6fbbf44e9d"},"description":"\u00dcberraschend hat Sony die hei\u00df erwartete PS5 Pro vorgestellt. Die kommt mit dickem Leistungs-Plus, aber auch einem gro\u00dfen Problem.","breadcrumb":{"@id":"https:\/\/www.otto.de\/updated\/ps5-pro-arbeitet-sony-an-einem-verbesserten-mid-gen-update-98650\/#breadcrumb"},"inLanguage":"de","potentialAction":[{"@type":"ReadAction","target":["https:\/\/www.otto.de\/updated\/ps5-pro-arbeitet-sony-an-einem-verbesserten-mid-gen-update-98650\/"]}]},{"@type":"ImageObject","inLanguage":"de","@id":"https:\/\/www.otto.de\/updated\/ps5-pro-arbeitet-sony-an-einem-verbesserten-mid-gen-update-98650\/#primaryimage","url":"https:\/\/www.otto.de\/updated\/app\/uploads\/2024\/09\/PS5_Pro_Sony_001_cms.jpg","contentUrl":"https:\/\/www.otto.de\/updated\/app\/uploads\/2024\/09\/PS5_Pro_Sony_001_cms.jpg","width":2560,"height":1707,"caption":"Da kommt sie pl\u00f6tzlich angeschwebt: die lang erwartete PS5 Pro."},{"@type":"BreadcrumbList","@id":"https:\/\/www.otto.de\/updated\/ps5-pro-arbeitet-sony-an-einem-verbesserten-mid-gen-update-98650\/#breadcrumb","itemListElement":[{"@type":"ListItem","position":1,"name":"Startseite","item":"\/updated\/"},{"@type":"ListItem","position":2,"name":"Move &amp; Play","item":"https:\/\/www.otto.de\/updated\/move-play\/"},{"@type":"ListItem","position":3,"name":"Spielen","item":"https:\/\/www.otto.de\/updated\/spielen\/"},{"@type":"ListItem","position":4,"name":"Spielekonsolen","item":"https:\/\/www.otto.de\/updated\/spielekonsolen\/"},{"@type":"ListItem","position":5,"name":"PS5 Pro: Tech\u00adnik, Spie\u00adle und&nbsp;Preis"}]},{"@type":"WebSite","@id":"https:\/\/www.otto.de\/updated\/#website","url":"https:\/\/www.otto.de\/updated\/","name":"UPDATED","description":"","potentialAction":[{"@type":"SearchAction","target":{"@type":"EntryPoint","urlTemplate":"https:\/\/www.otto.de\/updated\/?s={search_term_string}"},"query-input":{"@type":"PropertyValueSpecification","valueRequired":true,"valueName":"search_term_string"}}],"inLanguage":"de"},{"@type":"Person","@id":"https:\/\/www.otto.de\/updated\/#\/schema\/person\/c789d338d6a16a702d57cb6fbbf44e9d","name":"Thomas Bott","description":"Tom ist gelernter Journalist und hat in seinem Beruf mittlerweile fast zwei Jahrzehnte auf dem Buckel. Neben kleinen Ausfl\u00fcgen in die Bereiche Sport und Automotive hat er sich bisher haupts\u00e4chlich mit Games und Technik auseinandergesetzt. Darunter etwa als ehemaliger Teil der Redaktion von COMPUTER BILD. Neue Konsolen, Spiele, Smartphones, Laptops und mehr: Tom ist immer auf dem Laufenden und somit stets erster Ansprechpartner dazu im Familien- und Freundeskreis. Bei UPDATED gibt er diese Expertise gerne an ein noch breiteres Publikum weiter.","url":"https:\/\/www.otto.de\/updated\/redaktion\/","image":null,"colleague":["https:\/\/www.otto.de\/updated\/redaktion\/alexander-kraft\/","https:\/\/www.otto.de\/updated\/redaktion\/anne-beyer\/","https:\/\/www.otto.de\/updated\/redaktion\/arne-schaetzle\/","https:\/\/www.otto.de\/updated\/redaktion\/jana-janssen\/","https:\/\/www.otto.de\/updated\/redaktion\/pascal-wuttke\/","https:\/\/www.otto.de\/updated\/redaktion\/thomas-bott\/"],"worksFor":[{"@type":"Organization","id":"https:\/\/www.otto.de\/updated\/#organization","name":"UPDATED"}]}]}},"_links":{"self":[{"href":"https:\/\/www.otto.de\/updated\/wp-json\/wp\/v2\/posts\/98650","targetHints":{"allow":["GET"]}}],"collection":[{"href":"https:\/\/www.otto.de\/updated\/wp-json\/wp\/v2\/posts"}],"about":[{"href":"https:\/\/www.otto.de\/updated\/wp-json\/wp\/v2\/types\/post"}],"author":[{"embeddable":true,"href":"https:\/\/www.otto.de\/updated\/wp-json\/wp\/v2\/users\/102"}],"replies":[{"embeddable":true,"href":"https:\/\/www.otto.de\/updated\/wp-json\/wp\/v2\/comments?post=98650"}],"version-history":[{"count":8,"href":"https:\/\/www.otto.de\/updated\/wp-json\/wp\/v2\/posts\/98650\/revisions"}],"predecessor-version":[{"id":102426,"href":"https:\/\/www.otto.de\/updated\/wp-json\/wp\/v2\/posts\/98650\/revisions\/102426"}],"wp:featuredmedia":[{"embeddable":true,"href":"https:\/\/www.otto.de\/updated\/wp-json\/wp\/v2\/media\/101866"}],"wp:attachment":[{"href":"https:\/\/www.otto.de\/updated\/wp-json\/wp\/v2\/media?parent=98650"}],"wp:term":[{"taxonomy":"category","embeddable":true,"href":"https:\/\/www.otto.de\/updated\/wp-json\/wp\/v2\/categories?post=98650"},{"taxonomy":"post_tag","embeddable":true,"href":"https:\/\/www.otto.de\/updated\/wp-json\/wp\/v2\/tags?post=98650"}],"curies":[{"name":"wp","href":"https:\/\/api.w.org\/{rel}","templated":true}]}}