
{"id":96202,"date":"2022-11-18T14:51:28","date_gmt":"2022-11-18T13:51:28","guid":{"rendered":"\/updated\/?p=96202"},"modified":"2022-11-18T14:51:28","modified_gmt":"2022-11-18T13:51:28","slug":"wecker-lautstaerke-am-iphone-so-stellst-du-sie-ein","status":"publish","type":"post","link":"https:\/\/www.otto.de\/updated\/wecker-lautstaerke-am-iphone-so-stellst-du-sie-ein-96202\/","title":{"rendered":"Wecker-Laut\u00adst\u00e4r\u00adke am iPho\u00adne: So stellst du sie&nbsp;ein"},"content":{"rendered":"<div class=\"wpb-content-wrapper\"><div class=\"vc_row wpb_row vc_row-fluid\"><div class=\"wpb_column vc_column_container vc_col-sm-12\"><div class=\"vc_column-inner\"><div class=\"wpb_wrapper\">\n\t<div class=\"wpb_text_column wpb_content_element\">\n\t\t<div class=\"wpb_wrapper\">\n\t\t\t<p><strong>Das Ers\u00adte, was dich am Mor\u00adgen begr\u00fc\u00dft, ist dein Wecker. Eini\u00adge Ein\u00adstel\u00adlun\u00adgen kannst du indi\u00advi\u00addu\u00adell bestim\u00admen. Zum einen stehst du vor der Ent\u00adschei\u00addung, dich von einem Stan\u00addard-Klin\u00adgel\u00adton oder dem Song dei\u00adner Wahl wecken zu las\u00adsen. Zum ande\u00adren obliegt es dir, die Laut\u00adst\u00e4r\u00adke des Weckers ein\u00adzu\u00adstel\u00adlen. Bei dem Wecker dei\u00adnes iPho\u00adnes k\u00f6nn\u00adtest du auf Schwie\u00adrig\u00adkei\u00adten sto\u00ad\u00dfen, da du nicht an erwar\u00adte\u00adter Stel\u00adle die Klin\u00adgel\u00adton-Laut\u00adst\u00e4r\u00adke \u00e4ndern kannst. Hier erf\u00e4hrst du, mit wel\u00adcher App du den Ton bearbeitest.<\/strong><\/p>\n\n\t\t<\/div>\n\t<\/div>\n<\/div><\/div><\/div><\/div><div class=\"vc_row wpb_row vc_row-fluid\"><div class=\"wpb_column vc_column_container vc_col-sm-12\"><div class=\"vc_column-inner\"><div class=\"wpb_wrapper\"><nav class=\"toc\"><h2 class=\"toc--headline\">Das erfahrt ihr gleich<\/h2><ul class=\"toc--links\"><li><a href=\"#iphone-lautstaerke-des-weckers-einstellen\">iPho\u00adne: Laut\u00adst\u00e4r\u00adke des Weckers einstellen<\/a><\/li><li><a href=\"#iphone-wecker-klingelt-nicht-was-du-tun-kannst\">iPho\u00adne-Wecker klin\u00adgelt nicht \u2013 was du tun kannst<\/a><\/li><li><a href=\"#hier-spielt-die-musik\">Hier spielt die&nbsp;Musik<\/a><\/li><\/ul><\/nav><\/div><\/div><\/div><\/div><div class=\"vc_row wpb_row vc_row-fluid\"><div class=\"wpb_column vc_column_container vc_col-sm-12\"><div class=\"vc_column-inner\"><div class=\"wpb_wrapper\"><div class=\"headline toc--item\"><a name=\"iphone-lautstaerke-des-weckers-einstellen\"><\/a><h2>iPho\u00adne: Laut\u00adst\u00e4r\u00adke des Weckers einstellen<\/h2><\/div>\n\t<div class=\"wpb_text_column wpb_content_element\">\n\t\t<div class=\"wpb_wrapper\">\n\t\t\t<p>Apple hat gef\u00fchlt f\u00fcr alle orga\u00adni\u00adsa\u00adto\u00adri\u00adschen Belan\u00adge eine L\u00f6sung parat. Man\u00adche Ein\u00adstel\u00adlungs\u00adop\u00adtio\u00adnen sind dann aber doch ein wenig ver\u00adsteckt. Wir haben uns zum Bei\u00adspiel in die\u00adsem Arti\u00adkel mit der Fra\u00adge besch\u00e4f\u00adtigt, wie du denn dein favo\u00adri\u00adsier\u00adtes Lied als Klin\u00adgel\u00adton ein\u00adrich\u00adten kannst:<\/p>\n\n\t\t<\/div>\n\t<\/div>\n      <a href=\"https:\/\/www.otto.de\/updated\/ratgeber\/musik-als-klingelton-beim-iphone-einstellen-so-gehts-60919\/\" target=\"_blank\" data-tracking-category=\"Content Interaction\" data-tracking-action=\"Teaserkachel\" data-tracking-label=\"Musik und mehr als Klingelton: So klappt\u2019s beim iPhone\">\n  <div class=\"readable-button-container work-connect\">\n    <div class=\"readable-button-outer\">\n      <div class=\"readable-button-inner\">\n        <div class=\"readable-button-text\">\n          <div class=\"readable-button-small-headline-container\">\n            <div class=\"readable-button-small-headline\">\n              <span>\n                Mehr&nbsp;dazu&nbsp;<\/span>\n            <\/div>\n          <\/div>\n        <\/div>\n        <img loading=\"lazy\" decoding=\"async\" class=\"readable-button-icon work-connect\" src=\"https:\/\/www.otto.de\/updated\/app\/themes\/main\/assets\/images\/relaunch\/icons\/buttonIcons\/link-box-arrow-dark.svg\" width=\"31\" height=\"31\">\n      <\/div>\n      <div class=\"readable-button-headline work-connect\">\n        <span>\n          Musik und mehr als Klin\u00adgel\u00adton: So klappt\u2019s beim iPhone&nbsp;<\/span>\n      <\/div>\n    <\/div>\n  <\/div>\n<\/a>\n\n\t<div class=\"wpb_text_column wpb_content_element\">\n\t\t<div class=\"wpb_wrapper\">\n\t\t\t<p>Bei der Anpas\u00adsung der Wecker-Laut\u00adst\u00e4r\u00adke sieht das \u00e4hn\u00adlich aus: Sie ent\u00adspricht pau\u00adschal der nor\u00adma\u00adlen Klin\u00adgel\u00adton-Laut\u00adst\u00e4r\u00adke. Um bei\u00addes unab\u00adh\u00e4n\u00adgig von\u00adein\u00adan\u00adder am iPho\u00adne anzu\u00adpas\u00adsen, musst du n\u00e4m\u00adlich nicht in die Wecker-App. Hier kannst du zwar die Uhr\u00adzeit, zu der du geweckt wer\u00adden m\u00f6ch\u00adtest, fest\u00adle\u00adgen, nicht aber den Ger\u00e4usch\u00adpe\u00adgel. So stellst du den Wecker lau\u00adter oder leiser:<\/p>\n<ol>\n<li>Schlie\u00ad\u00dfe die Uhren-App und wechs\u00adle in die <span style=\"color: #00ccff;\"><em>Ein\u00adstel\u00adlun\u00adgen<\/em><\/span>-App.<\/li>\n<li>Nun tippst du auf den Rei\u00adter (am bes\u00adten suchst du die App via Such\u00adfeld) \u201e<em><span style=\"color: #00ccff;\">T\u00f6ne &amp; Hap\u00adtik<\/span><\/em>\u201c.<\/li>\n<li>Im neu\u00aden Fens\u00adter kannst du Ton-Modi und \u2011Laut\u00adst\u00e4r\u00adken ein\u00adstel\u00adlen. Unter \u201e<span style=\"color: #00ccff;\"><em>Klin\u00adgel &amp; Hin\u00adweis\u00adt\u00f6\u00adne<\/em><\/span>\u201c befin\u00addet sich ein Schie\u00adbe\u00adreg\u00adler, mit dem du \u00fcber die Laut\u00adst\u00e4r\u00adke des Weckers ent\u00adschei\u00adden kannst. \u00dcber die Laut\u00adspre\u00adcher oder Kopf\u00adh\u00f6\u00adrer wird auto\u00adma\u00adtisch die aus\u00adge\u00adw\u00e4hl\u00adte Laut\u00adst\u00e4r\u00adke dei\u00adnes iPho\u00adnes abge\u00adspielt. Ist sie zu laut oder zu lei\u00adse, pas\u00adse sie direkt an.<\/li>\n<li>Alter\u00adna\u00adtiv kannst du auch die Laut\u00adst\u00e4r\u00adke-Tas\u00adten am lin\u00adken Rand des iPho\u00adnes benut\u00adzen \u2013 aber nur, wenn du auf der besag\u00adten Sei\u00adte \u201e<span style=\"color: #00ccff;\"><em>Mit Tas\u00adten \u00e4ndern<\/em><\/span>\u201c akti\u00advierst.<\/li>\n<\/ol>\n<p>Das Pro\u00adblem an der Sache: Unter \u201eKlin\u00adgel &amp; Hin\u00adweis\u00adt\u00f6\u00adne\u201c stellst du nicht allein die Laut\u00adst\u00e4r\u00adke des Weckers ein, son\u00addern auch f\u00fcr Anru\u00adfe und ander\u00adwei\u00adti\u00adge Nach\u00adrich\u00adten\u00adt\u00f6\u00adne. Eine sepa\u00adra\u00adte iOS-Ein\u00adstel\u00adlung ist also lei\u00adder nicht m\u00f6g\u00adlich; du kannst aber auf Dritt\u00adan\u00adbie\u00adter aus\u00adwei\u00adchen und so die Ein\u00adschr\u00e4n\u00adkun\u00adgen dei\u00adnes iPho\u00adne-Weckers \u00fcberlisten.<\/p>\n\n\t\t<\/div>\n\t<\/div>\n<\/div><\/div><\/div><\/div><div class=\"vc_row wpb_row vc_row-fluid\"><div class=\"wpb_column vc_column_container vc_col-sm-12\"><div class=\"vc_column-inner\"><div class=\"wpb_wrapper\">  <div class=\"slick-gallery-wrapper gallery-no-padding\" data-number-of-slides=\"1\">\n    <div class=\"slick-gallery should-lightbox \" id=\"slick_gallery_VKzxLReR1veEMVTueMF8\">\n              <figure>\n  <div class=\"img-small-container\">\n    <div class=\"img-small-hover-background\"><\/div>\n    <picture>\n                                <source srcset=\"https:\/\/www.otto.de\/updated\/app\/uploads-webp\/uploads\/2022\/11\/iPhone-13-lautstaerke-scaled-1080x615.jpg.webp?theia_smart_thumbnails_file_version=4\" media=\"(max-width: 360px) and (-webkit-min-device-pixel-ratio: 2.5)\" type=\"image\/webp\">\n                  <source srcset=\"https:\/\/www.otto.de\/updated\/app\/uploads\/2022\/11\/iPhone-13-lautstaerke-scaled-1080x615.jpg?theia_smart_thumbnails_file_version=4\" media=\"(max-width: 360px) and (-webkit-min-device-pixel-ratio: 2.5)\">\n                  <source srcset=\"https:\/\/www.otto.de\/updated\/app\/uploads-webp\/uploads\/2022\/11\/iPhone-13-lautstaerke-scaled-720x410.jpg.webp?theia_smart_thumbnails_file_version=4\" media=\"(max-width: 360px) and (-webkit-min-device-pixel-ratio: 1.5)\" type=\"image\/webp\">\n                  <source srcset=\"https:\/\/www.otto.de\/updated\/app\/uploads\/2022\/11\/iPhone-13-lautstaerke-scaled-720x410.jpg?theia_smart_thumbnails_file_version=4\" media=\"(max-width: 360px) and (-webkit-min-device-pixel-ratio: 1.5)\">\n                  <source srcset=\"https:\/\/www.otto.de\/updated\/app\/uploads-webp\/uploads\/2022\/11\/iPhone-13-lautstaerke-scaled-360x205.jpg.webp?theia_smart_thumbnails_file_version=4\" media=\"(max-width: 360px)\" type=\"image\/webp\">\n                  <source srcset=\"https:\/\/www.otto.de\/updated\/app\/uploads\/2022\/11\/iPhone-13-lautstaerke-scaled-360x205.jpg?theia_smart_thumbnails_file_version=4\" media=\"(max-width: 360px)\">\n                    <source srcset=\"https:\/\/www.otto.de\/updated\/app\/uploads-webp\/uploads\/2022\/11\/iPhone-13-lautstaerke-scaled-1680x945.jpg.webp?theia_smart_thumbnails_file_version=4\" media=\"(max-width: 560px) and (-webkit-min-device-pixel-ratio: 2.5)\" type=\"image\/webp\">\n                  <source srcset=\"https:\/\/www.otto.de\/updated\/app\/uploads\/2022\/11\/iPhone-13-lautstaerke-scaled-1680x945.jpg?theia_smart_thumbnails_file_version=4\" media=\"(max-width: 560px) and (-webkit-min-device-pixel-ratio: 2.5)\">\n                  <source srcset=\"https:\/\/www.otto.de\/updated\/app\/uploads-webp\/uploads\/2022\/11\/iPhone-13-lautstaerke-scaled-1120x630.jpg.webp?theia_smart_thumbnails_file_version=4\" media=\"(max-width: 560px) and (-webkit-min-device-pixel-ratio: 1.5)\" type=\"image\/webp\">\n                  <source srcset=\"https:\/\/www.otto.de\/updated\/app\/uploads\/2022\/11\/iPhone-13-lautstaerke-scaled-1120x630.jpg?theia_smart_thumbnails_file_version=4\" media=\"(max-width: 560px) and (-webkit-min-device-pixel-ratio: 1.5)\">\n                  <source srcset=\"https:\/\/www.otto.de\/updated\/app\/uploads-webp\/uploads\/2022\/11\/iPhone-13-lautstaerke-scaled-560x315.jpg.webp?theia_smart_thumbnails_file_version=4\" media=\"(max-width: 560px)\" type=\"image\/webp\">\n                  <source srcset=\"https:\/\/www.otto.de\/updated\/app\/uploads\/2022\/11\/iPhone-13-lautstaerke-scaled-560x315.jpg?theia_smart_thumbnails_file_version=4\" media=\"(max-width: 560px)\">\n                    <source srcset=\"https:\/\/www.otto.de\/updated\/app\/uploads-webp\/uploads\/2022\/11\/iPhone-13-lautstaerke-scaled-2304x1296.jpg.webp?theia_smart_thumbnails_file_version=4\" media=\"(max-width: 767px) and (-webkit-min-device-pixel-ratio: 2.5)\" type=\"image\/webp\">\n                  <source srcset=\"https:\/\/www.otto.de\/updated\/app\/uploads\/2022\/11\/iPhone-13-lautstaerke-scaled-2304x1296.jpg?theia_smart_thumbnails_file_version=4\" media=\"(max-width: 767px) and (-webkit-min-device-pixel-ratio: 2.5)\">\n                  <source srcset=\"https:\/\/www.otto.de\/updated\/app\/uploads-webp\/uploads\/2022\/11\/iPhone-13-lautstaerke-scaled-1536x864.jpg.webp?theia_smart_thumbnails_file_version=4\" media=\"(max-width: 767px) and (-webkit-min-device-pixel-ratio: 1.5)\" type=\"image\/webp\">\n                  <source srcset=\"https:\/\/www.otto.de\/updated\/app\/uploads\/2022\/11\/iPhone-13-lautstaerke-scaled-1536x864.jpg?theia_smart_thumbnails_file_version=4\" media=\"(max-width: 767px) and (-webkit-min-device-pixel-ratio: 1.5)\">\n                  <source srcset=\"https:\/\/www.otto.de\/updated\/app\/uploads-webp\/uploads\/2022\/11\/iPhone-13-lautstaerke-scaled-768x432.jpg.webp?theia_smart_thumbnails_file_version=4\" media=\"(max-width: 767px)\" type=\"image\/webp\">\n                  <source srcset=\"https:\/\/www.otto.de\/updated\/app\/uploads\/2022\/11\/iPhone-13-lautstaerke-scaled-768x432.jpg?theia_smart_thumbnails_file_version=4\" media=\"(max-width: 767px)\">\n                    <source srcset=\"https:\/\/www.otto.de\/updated\/app\/uploads-webp\/uploads\/2022\/11\/iPhone-13-lautstaerke-scaled-1680x945.jpg.webp?theia_smart_thumbnails_file_version=4\" media=\"(max-width: 991px) and (-webkit-min-device-pixel-ratio: 2.5)\" type=\"image\/webp\">\n                  <source srcset=\"https:\/\/www.otto.de\/updated\/app\/uploads\/2022\/11\/iPhone-13-lautstaerke-scaled-1680x945.jpg?theia_smart_thumbnails_file_version=4\" media=\"(max-width: 991px) and (-webkit-min-device-pixel-ratio: 2.5)\">\n                  <source srcset=\"https:\/\/www.otto.de\/updated\/app\/uploads-webp\/uploads\/2022\/11\/iPhone-13-lautstaerke-scaled-1120x630.jpg.webp?theia_smart_thumbnails_file_version=4\" media=\"(max-width: 991px) and (-webkit-min-device-pixel-ratio: 1.5)\" type=\"image\/webp\">\n                  <source srcset=\"https:\/\/www.otto.de\/updated\/app\/uploads\/2022\/11\/iPhone-13-lautstaerke-scaled-1120x630.jpg?theia_smart_thumbnails_file_version=4\" media=\"(max-width: 991px) and (-webkit-min-device-pixel-ratio: 1.5)\">\n                  <source srcset=\"https:\/\/www.otto.de\/updated\/app\/uploads-webp\/uploads\/2022\/11\/iPhone-13-lautstaerke-scaled-560x315.jpg.webp?theia_smart_thumbnails_file_version=4\" media=\"(max-width: 991px)\" type=\"image\/webp\">\n                  <source srcset=\"https:\/\/www.otto.de\/updated\/app\/uploads\/2022\/11\/iPhone-13-lautstaerke-scaled-560x315.jpg?theia_smart_thumbnails_file_version=4\" media=\"(max-width: 991px)\">\n        <source srcset=\"https:\/\/www.otto.de\/updated\/app\/uploads-webp\/uploads\/2022\/11\/iPhone-13-lautstaerke-scaled-2304x1296.jpg.webp?theia_smart_thumbnails_file_version=4\" media=\"(-webkit-min-device-pixel-ratio: 2.5)\" type=\"image\/webp\">\n  <source srcset=\"https:\/\/www.otto.de\/updated\/app\/uploads\/2022\/11\/iPhone-13-lautstaerke-scaled-2304x1296.jpg?theia_smart_thumbnails_file_version=4\" media=\"(-webkit-min-device-pixel-ratio: 2.5)\">\n  <source srcset=\"https:\/\/www.otto.de\/updated\/app\/uploads-webp\/uploads\/2022\/11\/iPhone-13-lautstaerke-scaled-1536x864.jpg.webp?theia_smart_thumbnails_file_version=4\" media=\"(-webkit-min-device-pixel-ratio: 1.5)\" type=\"image\/webp\">\n  <source srcset=\"https:\/\/www.otto.de\/updated\/app\/uploads\/2022\/11\/iPhone-13-lautstaerke-scaled-1536x864.jpg?theia_smart_thumbnails_file_version=4\" media=\"(-webkit-min-device-pixel-ratio: 1.5)\">\n  <source srcset=\"https:\/\/www.otto.de\/updated\/app\/uploads-webp\/uploads\/2022\/11\/iPhone-13-lautstaerke-scaled-768x432.jpg.webp?theia_smart_thumbnails_file_version=4\" type=\"image\/webp\">\n  <img loading=\"lazy\" decoding=\"async\" src=\"https:\/\/www.otto.de\/updated\/app\/uploads\/2022\/11\/iPhone-13-lautstaerke-scaled-768x432.jpg?theia_smart_thumbnails_file_version=4\" width=\"768\" height=\"432\" title=\"iPhone Wecker Lautst\u00e4rke\" alt=\"Ein Smartphone liegt neben einer Vase auf einem Holztisch.\" class=\"img-responsive img-small\" data-copyright=\"\u00a9 2022 UPDATED\" data-post-excerpt=\"Apple hat einige Einstellungsoptionen ziemlich gut versteckt.\" data-light-value=\"dark\" data-zoom-width=\"2560\" data-zoom-height=\"1707\" data-zoom-src=\"https:\/\/www.otto.de\/updated\/app\/uploads\/2022\/11\/iPhone-13-lautstaerke-scaled.jpg\">\n                    <div class=\"caption dark\">\n          <small>\n            \u00a9 2022 UPDATED&nbsp;<\/small>\n        <\/div>\n          <\/picture>\n  <\/div>\n      <figcaption class=\"post-excerpt\">\n      Apple hat eini\u00adge Ein\u00adstel\u00adlungs\u00adop\u00adtio\u00adnen ziem\u00adlich gut versteckt.&nbsp;<\/figcaption>\n  <\/figure>\n          <\/div>\n    <div class=\"progress-bars\"><\/div>\n    <div class=\"zoom-icon-wrapper\">\n      <div class=\"zoom-icon\"><\/div>\n    <\/div>\n  <\/div>\n<\/div><\/div><\/div><\/div><div class=\"vc_row wpb_row vc_row-fluid\"><div class=\"wpb_column vc_column_container vc_col-sm-12\"><div class=\"vc_column-inner\"><div class=\"wpb_wrapper\"><div class=\"headline toc--item\"><a name=\"iphone-wecker-klingelt-nicht-was-du-tun-kannst\"><\/a><h2>iPho\u00adne-Wecker klin\u00adgelt nicht \u2013 was du tun kannst<\/h2><\/div>\n\t<div class=\"wpb_text_column wpb_content_element\">\n\t\t<div class=\"wpb_wrapper\">\n\t\t\t<p>Du hast einen wich\u00adti\u00adgen Ter\u00admin aber dein Wecker hat ein\u00adfach nicht geklin\u00adgelt oder nur lei\u00adse vibriert? Das kann an dei\u00adnen Ein\u00adstel\u00adlun\u00adgen lie\u00adgen. In der Uhr-App kannst du wie gesagt nur Ton\u00adart und Uhr\u00adzeit ein\u00adge\u00adben. Wenn die Weck\u00adfunk\u00adti\u00adon nicht wie gedacht funk\u00adtio\u00adniert, kann das vie\u00adle U(h)rsachen haben, \u00dcber\u00adpr\u00fc\u00adfe als ers\u00adtes, ob du unter Ton auch wirk\u00adlich einen ein\u00adge\u00adstellt hast. Ist der Haken bei \u201eKei\u00adne\u201c gesetzt, gibt der Wecker auch buch\u00adst\u00e4b\u00adlich kei\u00adnen Ton von&nbsp;sich.<\/p>\n\n\t\t<\/div>\n\t<\/div>\n<div class=\"headline\"><a name=\"halte-dein-iphone-auf-dem-neusten-stand\"><\/a><h3>Hal\u00adte dein iPho\u00adne auf dem neus\u00adten&nbsp;Stand<\/h3><\/div>\n\t<div class=\"wpb_text_column wpb_content_element\">\n\t\t<div class=\"wpb_wrapper\">\n\t\t\t<p>Bleibt dein Wecker am Mor\u00adgen still, kann es sich auch um eine Fehl\u00adfunk\u00adti\u00adon auf\u00adgrund eines ver\u00adal\u00adte\u00adten Betriebs\u00adsys\u00adtems han\u00addeln. Hal\u00adte dei\u00adne Updates immer auf dem neus\u00adten Stand, damit du dein Smart\u00adphone ohne Ein\u00adschr\u00e4n\u00adkun\u00adgen benut\u00adzen kannst. Gehe hier\u00adf\u00fcr auf \u201e<span style=\"color: #00ccff;\"><em>Ein\u00adstel\u00adlun\u00adgen<\/em><\/span>\u201c &gt; \u201e<span style=\"color: #00ccff;\"><em>All\u00adge\u00admein<\/em><\/span>\u201c &gt; \u201e<span style=\"color: #00ccff;\"><em>Soft\u00adware\u00adup\u00addate<\/em><\/span>\u201c &gt; \u201e<span style=\"color: #00ccff;\"><em>Laden und instal\u00adlie\u00adren<\/em><\/span>\u201c. Es ist emp\u00adfeh\u00adlens\u00adwert, Updates auto\u00adma\u00adtisch her\u00adun\u00adter\u00adzu\u00adla\u00adden. Dies kannst du eben\u00adfalls unter dem Rei\u00adter \u201e<span style=\"color: #00ccff;\"><em>Soft\u00adware\u00adup\u00addate<\/em><\/span>\u201c ver\u00adan\u00adlas\u00adsen, indem du die Auto\u00adma\u00adti\u00adschen Updates auf \u201e<span style=\"color: #00ccff;\"><em>Ein<\/em><\/span>\u201c stellst.<\/p>\n<p>Wenn dein Wecker auch nach die\u00adsen \u00dcber\u00adpr\u00fc\u00adfun\u00adgen stumm bleibt, set\u00adze dein iOS-Ger\u00e4t auf die Werks\u00adein\u00adstel\u00adlun\u00adgen zur\u00fcck. Wenn alle Stri\u00adcke rei\u00ad\u00dfen, kannst du dich an den Apple-Sup\u00adport wenden.<\/p>\n\n\t\t<\/div>\n\t<\/div>\n<\/div><\/div><\/div><\/div><div class=\"vc_row wpb_row vc_row-fluid\"><div class=\"wpb_column vc_column_container vc_col-sm-12\"><div class=\"vc_column-inner\"><div class=\"wpb_wrapper\"><div class=\"snippeteer-slider\" data-snippet=\"Updated_7007\">\n  <div class=\"slider\" id=\"slider_Updated_7007\" data-slick=\"{&quot;autoplay&quot;:false,&quot;arrows&quot;:true,&quot;dots&quot;:false,&quot;infinite&quot;:true,&quot;slidesToShow&quot;:3,&quot;slidesToScroll&quot;:1,&quot;centerMode&quot;:true,&quot;centerPadding&quot;:&quot;0px&quot;}\">\n    <div class=\"slider__slide\">\n      <div class=\"teaser-headline-block\">\n        <div class=\"teaser-headline\">\n          Pas\u00adsend&nbsp;dazu&nbsp;<\/div>\n      <\/div>\n      <a class=\"link\" target=\"_blank\">\n        <div class=\"product-image-container\">\n          <img class=\"product-image\">\n        <\/div>\n        <div class=\"brand\"><\/div>\n        <div class=\"title\"><\/div>\n        <div class=\"price-and-button-container\">\n          <div class=\"price\">\n            <div class=\"old-price thousand-seperators\"><\/div>\n            <div class=\"current-price thousand-seperators\"><\/div>\n          <\/div>\n          <div class=\"bottom\">\n            <div class=\"call-to-action\">\n              <div class=\"button\">\n                Jetzt kaufen&nbsp;<\/div>\n            <\/div>\n          <\/div>\n        <\/div>\n      <\/a>\n    <\/div>\n  <\/div>\n<\/div>\n<\/div><\/div><\/div><\/div><div class=\"vc_row wpb_row vc_row-fluid\"><div class=\"wpb_column vc_column_container vc_col-sm-12\"><div class=\"vc_column-inner\"><div class=\"wpb_wrapper\"><div class=\"headline\"><a name=\"kappe-die-verbindung-zwischen-iphone-und-kopfhoerer\"><\/a><h3>Kap\u00adpe die Ver\u00adbin\u00addung zwi\u00adschen iPho\u00adne und Kopfh\u00f6rer<\/h3><\/div>\n\t<div class=\"wpb_text_column wpb_content_element\">\n\t\t<div class=\"wpb_wrapper\">\n\t\t\t<p>Du schl\u00e4fst abends ger\u00adne mit dei\u00adnem Lieb\u00adlings\u00adpod\u00adcast ein und bevor\u00adzugst die Nut\u00adzung von Kopf\u00adh\u00f6\u00adrern? Das kann unter Umst\u00e4n\u00adden zu Pro\u00adble\u00admen f\u00fch\u00adren. Es kann n\u00e4m\u00adlich sein, dass dein Wecker mor\u00adgens \u00fcber die Kopf\u00adh\u00f6\u00adrer abge\u00adspielt wird, du sie aber nicht mehr im Ohr hast. Auch bei der Ver\u00adwen\u00addung von Blue\u00adtooth-Ger\u00e4\u00adten kommt es vor, dass die\u00adse sich nicht von dei\u00adnem Han\u00addy tren\u00adnen und du am Mor\u00adgen kei\u00adnen Ton h\u00f6rst. Ach\u00adte also dar\u00adauf, dass du die Ver\u00adbin\u00addung von iPho\u00adne und Kopf\u00adh\u00f6\u00adrer kappst, bevor du einschl\u00e4fst.<\/p>\n\n\t\t<\/div>\n\t<\/div>\n<\/div><\/div><\/div><\/div><div class=\"vc_row wpb_row vc_row-fluid\"><div class=\"wpb_column vc_column_container vc_col-sm-12\"><div class=\"vc_column-inner\"><div class=\"wpb_wrapper\">  <div class=\"slick-gallery-wrapper gallery-no-padding\" data-number-of-slides=\"1\">\n    <div class=\"slick-gallery should-lightbox \" id=\"slick_gallery_FmH50WE1sY3Ige2tTVrK\">\n              <figure>\n  <div class=\"img-small-container\">\n    <div class=\"img-small-hover-background\"><\/div>\n    <picture>\n                                <source srcset=\"https:\/\/www.otto.de\/updated\/app\/uploads-webp\/uploads\/2022\/11\/schlafen-kopfhoerer-scaled-1080x615.jpg.webp?theia_smart_thumbnails_file_version=3\" media=\"(max-width: 360px) and (-webkit-min-device-pixel-ratio: 2.5)\" type=\"image\/webp\">\n                  <source srcset=\"https:\/\/www.otto.de\/updated\/app\/uploads\/2022\/11\/schlafen-kopfhoerer-scaled-1080x615.jpg?theia_smart_thumbnails_file_version=3\" media=\"(max-width: 360px) and (-webkit-min-device-pixel-ratio: 2.5)\">\n                  <source srcset=\"https:\/\/www.otto.de\/updated\/app\/uploads-webp\/uploads\/2022\/11\/schlafen-kopfhoerer-scaled-720x410.jpg.webp?theia_smart_thumbnails_file_version=3\" media=\"(max-width: 360px) and (-webkit-min-device-pixel-ratio: 1.5)\" type=\"image\/webp\">\n                  <source srcset=\"https:\/\/www.otto.de\/updated\/app\/uploads\/2022\/11\/schlafen-kopfhoerer-scaled-720x410.jpg?theia_smart_thumbnails_file_version=3\" media=\"(max-width: 360px) and (-webkit-min-device-pixel-ratio: 1.5)\">\n                  <source srcset=\"https:\/\/www.otto.de\/updated\/app\/uploads-webp\/uploads\/2022\/11\/schlafen-kopfhoerer-scaled-360x205.jpg.webp?theia_smart_thumbnails_file_version=3\" media=\"(max-width: 360px)\" type=\"image\/webp\">\n                  <source srcset=\"https:\/\/www.otto.de\/updated\/app\/uploads\/2022\/11\/schlafen-kopfhoerer-scaled-360x205.jpg?theia_smart_thumbnails_file_version=3\" media=\"(max-width: 360px)\">\n                    <source srcset=\"https:\/\/www.otto.de\/updated\/app\/uploads-webp\/uploads\/2022\/11\/schlafen-kopfhoerer-scaled-1680x945.jpg.webp?theia_smart_thumbnails_file_version=3\" media=\"(max-width: 560px) and (-webkit-min-device-pixel-ratio: 2.5)\" type=\"image\/webp\">\n                  <source srcset=\"https:\/\/www.otto.de\/updated\/app\/uploads\/2022\/11\/schlafen-kopfhoerer-scaled-1680x945.jpg?theia_smart_thumbnails_file_version=3\" media=\"(max-width: 560px) and (-webkit-min-device-pixel-ratio: 2.5)\">\n                  <source srcset=\"https:\/\/www.otto.de\/updated\/app\/uploads-webp\/uploads\/2022\/11\/schlafen-kopfhoerer-scaled-1120x630.jpg.webp?theia_smart_thumbnails_file_version=3\" media=\"(max-width: 560px) and (-webkit-min-device-pixel-ratio: 1.5)\" type=\"image\/webp\">\n                  <source srcset=\"https:\/\/www.otto.de\/updated\/app\/uploads\/2022\/11\/schlafen-kopfhoerer-scaled-1120x630.jpg?theia_smart_thumbnails_file_version=3\" media=\"(max-width: 560px) and (-webkit-min-device-pixel-ratio: 1.5)\">\n                  <source srcset=\"https:\/\/www.otto.de\/updated\/app\/uploads-webp\/uploads\/2022\/11\/schlafen-kopfhoerer-scaled-560x315.jpg.webp?theia_smart_thumbnails_file_version=3\" media=\"(max-width: 560px)\" type=\"image\/webp\">\n                  <source srcset=\"https:\/\/www.otto.de\/updated\/app\/uploads\/2022\/11\/schlafen-kopfhoerer-scaled-560x315.jpg?theia_smart_thumbnails_file_version=3\" media=\"(max-width: 560px)\">\n                    <source srcset=\"https:\/\/www.otto.de\/updated\/app\/uploads-webp\/uploads\/2022\/11\/schlafen-kopfhoerer-scaled-2304x1296.jpg.webp?theia_smart_thumbnails_file_version=3\" media=\"(max-width: 767px) and (-webkit-min-device-pixel-ratio: 2.5)\" type=\"image\/webp\">\n                  <source srcset=\"https:\/\/www.otto.de\/updated\/app\/uploads\/2022\/11\/schlafen-kopfhoerer-scaled-2304x1296.jpg?theia_smart_thumbnails_file_version=3\" media=\"(max-width: 767px) and (-webkit-min-device-pixel-ratio: 2.5)\">\n                  <source srcset=\"https:\/\/www.otto.de\/updated\/app\/uploads-webp\/uploads\/2022\/11\/schlafen-kopfhoerer-scaled-1536x864.jpg.webp?theia_smart_thumbnails_file_version=3\" media=\"(max-width: 767px) and (-webkit-min-device-pixel-ratio: 1.5)\" type=\"image\/webp\">\n                  <source srcset=\"https:\/\/www.otto.de\/updated\/app\/uploads\/2022\/11\/schlafen-kopfhoerer-scaled-1536x864.jpg?theia_smart_thumbnails_file_version=3\" media=\"(max-width: 767px) and (-webkit-min-device-pixel-ratio: 1.5)\">\n                  <source srcset=\"https:\/\/www.otto.de\/updated\/app\/uploads-webp\/uploads\/2022\/11\/schlafen-kopfhoerer-scaled-768x432.jpg.webp?theia_smart_thumbnails_file_version=3\" media=\"(max-width: 767px)\" type=\"image\/webp\">\n                  <source srcset=\"https:\/\/www.otto.de\/updated\/app\/uploads\/2022\/11\/schlafen-kopfhoerer-scaled-768x432.jpg?theia_smart_thumbnails_file_version=3\" media=\"(max-width: 767px)\">\n                    <source srcset=\"https:\/\/www.otto.de\/updated\/app\/uploads-webp\/uploads\/2022\/11\/schlafen-kopfhoerer-scaled-1680x945.jpg.webp?theia_smart_thumbnails_file_version=3\" media=\"(max-width: 991px) and (-webkit-min-device-pixel-ratio: 2.5)\" type=\"image\/webp\">\n                  <source srcset=\"https:\/\/www.otto.de\/updated\/app\/uploads\/2022\/11\/schlafen-kopfhoerer-scaled-1680x945.jpg?theia_smart_thumbnails_file_version=3\" media=\"(max-width: 991px) and (-webkit-min-device-pixel-ratio: 2.5)\">\n                  <source srcset=\"https:\/\/www.otto.de\/updated\/app\/uploads-webp\/uploads\/2022\/11\/schlafen-kopfhoerer-scaled-1120x630.jpg.webp?theia_smart_thumbnails_file_version=3\" media=\"(max-width: 991px) and (-webkit-min-device-pixel-ratio: 1.5)\" type=\"image\/webp\">\n                  <source srcset=\"https:\/\/www.otto.de\/updated\/app\/uploads\/2022\/11\/schlafen-kopfhoerer-scaled-1120x630.jpg?theia_smart_thumbnails_file_version=3\" media=\"(max-width: 991px) and (-webkit-min-device-pixel-ratio: 1.5)\">\n                  <source srcset=\"https:\/\/www.otto.de\/updated\/app\/uploads-webp\/uploads\/2022\/11\/schlafen-kopfhoerer-scaled-560x315.jpg.webp?theia_smart_thumbnails_file_version=3\" media=\"(max-width: 991px)\" type=\"image\/webp\">\n                  <source srcset=\"https:\/\/www.otto.de\/updated\/app\/uploads\/2022\/11\/schlafen-kopfhoerer-scaled-560x315.jpg?theia_smart_thumbnails_file_version=3\" media=\"(max-width: 991px)\">\n        <source srcset=\"https:\/\/www.otto.de\/updated\/app\/uploads-webp\/uploads\/2022\/11\/schlafen-kopfhoerer-scaled-2304x1296.jpg.webp?theia_smart_thumbnails_file_version=3\" media=\"(-webkit-min-device-pixel-ratio: 2.5)\" type=\"image\/webp\">\n  <source srcset=\"https:\/\/www.otto.de\/updated\/app\/uploads\/2022\/11\/schlafen-kopfhoerer-scaled-2304x1296.jpg?theia_smart_thumbnails_file_version=3\" media=\"(-webkit-min-device-pixel-ratio: 2.5)\">\n  <source srcset=\"https:\/\/www.otto.de\/updated\/app\/uploads-webp\/uploads\/2022\/11\/schlafen-kopfhoerer-scaled-1536x864.jpg.webp?theia_smart_thumbnails_file_version=3\" media=\"(-webkit-min-device-pixel-ratio: 1.5)\" type=\"image\/webp\">\n  <source srcset=\"https:\/\/www.otto.de\/updated\/app\/uploads\/2022\/11\/schlafen-kopfhoerer-scaled-1536x864.jpg?theia_smart_thumbnails_file_version=3\" media=\"(-webkit-min-device-pixel-ratio: 1.5)\">\n  <source srcset=\"https:\/\/www.otto.de\/updated\/app\/uploads-webp\/uploads\/2022\/11\/schlafen-kopfhoerer-scaled-768x432.jpg.webp?theia_smart_thumbnails_file_version=3\" type=\"image\/webp\">\n  <img loading=\"lazy\" decoding=\"async\" src=\"https:\/\/www.otto.de\/updated\/app\/uploads\/2022\/11\/schlafen-kopfhoerer-scaled-768x432.jpg?theia_smart_thumbnails_file_version=3\" width=\"768\" height=\"432\" title=\"iPhone Wecker Lautst\u00e4rke\" alt=\"Eine Person mit Bluetooth-Kopfh\u00f6rern schl\u00e4ft in einem Bett.\" class=\"img-responsive img-small\" data-copyright=\"\u00a9 2022 Getty Images\" data-post-excerpt=\"Schl\u00e4fst du mit Bluetooth-Kopfh\u00f6rern ein, k\u00f6nnten morgens alle T\u00f6ne via Ger\u00e4t abgespielt werden.\" data-light-value=\"dark\" data-zoom-width=\"2560\" data-zoom-height=\"1703\" data-zoom-src=\"https:\/\/www.otto.de\/updated\/app\/uploads\/2022\/11\/schlafen-kopfhoerer-scaled.jpg\">\n                    <div class=\"caption dark\">\n          <small>\n            \u00a9 2022 Get\u00adty Images&nbsp;<\/small>\n        <\/div>\n          <\/picture>\n  <\/div>\n      <figcaption class=\"post-excerpt\">\n      Schl\u00e4fst du mit Blue\u00adtooth-Kopf\u00adh\u00f6\u00adrern ein, k\u00f6nn\u00adten mor\u00adgens alle T\u00f6ne via Ger\u00e4t abge\u00adspielt werden.&nbsp;<\/figcaption>\n  <\/figure>\n          <\/div>\n    <div class=\"progress-bars\"><\/div>\n    <div class=\"zoom-icon-wrapper\">\n      <div class=\"zoom-icon\"><\/div>\n    <\/div>\n  <\/div>\n<\/div><\/div><\/div><\/div><div class=\"vc_row wpb_row vc_row-fluid\"><div class=\"wpb_column vc_column_container vc_col-sm-12\"><div class=\"vc_column-inner\"><div class=\"wpb_wrapper\"><div class=\"headline\"><a name=\"kann-der-fokus-nicht-stoeren-schuld-sein\"><\/a><h3>Kann der Fokus \u201eNicht St\u00f6\u00adren\u201c schuld sein?<\/h3><\/div>\n\t<div class=\"wpb_text_column wpb_content_element\">\n\t\t<div class=\"wpb_wrapper\">\n\t\t\t<p>Am \u201eNicht st\u00f6ren\u201d-Modus kann die Fehl\u00adwie\u00adder\u00adga\u00adbe aller\u00addings nicht lie\u00adgen. Die\u00adser soge\u00adnann\u00adte \u201eFokus\u201d soll dich etwa von Ablen\u00adkun\u00adgen fern\u00adhal\u00adten, wenn du bei\u00adspiels\u00adwei\u00adse arbei\u00adtest oder in n\u00e4chs\u00adter Zeit schla\u00adfen gehen m\u00f6ch\u00adtest. Du fin\u00addest ihn, wenn du bei dei\u00adnem iPho\u00adne vom obe\u00adren rech\u00adten Rand nach unten swipst. Hier erscheint ein Bild\u00adschirm mit unter\u00adschied\u00adli\u00adchen Wid\u00adgets und eben auch den Fokus-Modi. Auch wenn du \u201eNicht st\u00f6\u00adren\u201c akti\u00adviert hast, bleibt dein Weck\u00adton unver\u00e4ndert.<\/p>\n\n\t\t<\/div>\n\t<\/div>\n<\/div><\/div><\/div><\/div><div class=\"vc_row wpb_row vc_row-fluid\"><div class=\"wpb_column vc_column_container vc_col-sm-12\"><div class=\"vc_column-inner\"><div class=\"wpb_wrapper\"><div class=\"headline toc--item\"><a name=\"hier-spielt-die-musik\"><\/a><h2>Hier spielt die&nbsp;Musik<\/h2><\/div>\n\t<div class=\"wpb_text_column wpb_content_element\">\n\t\t<div class=\"wpb_wrapper\">\n\t\t\t<p>Apple hat die Laut\u00adst\u00e4r\u00adke-Rege\u00adlung des Weckers recht gut ver\u00adsteckt. Mer\u00adke dir also: Alles, was du in der App selbst nicht ver\u00ad\u00e4n\u00addern kannst, fin\u00addest du unter den Ein\u00adstel\u00adlun\u00adgen. Ach\u00adte zudem dar\u00adauf, wenn du einen neu\u00aden Wecker hin\u00adzu\u00adf\u00fcgst, dass du auch wirk\u00adlich einen Ton aus\u00adge\u00adw\u00e4hlt hast. H\u00e4ltst du dann noch dein Soft\u00adware\u00adup\u00addate aktu\u00adell, kannst du abends auch ganz beru\u00adhigt schla\u00adfen&nbsp;gehen.<\/p>\n\n\t\t<\/div>\n\t<\/div>\n<\/div><\/div><\/div><\/div>\n<\/div>","protected":false},"excerpt":{"rendered":"Das Ers\u00adte, was dich am Mor\u00adgen begr\u00fc\u00dft, ist dein Wecker. Eini\u00adge Ein\u00adstel\u00adlun\u00adgen kannst du indi\u00advi\u00addu\u00adell bestim\u00admen. Zum einen stehst du vor der Ent\u00adschei\u00addung, dich von einem Stan\u00addard-Klin\u00adgel\u00adton oder dem Song dei\u00adner Wahl wecken zu las\u00adsen. Zum ande\u00adren obliegt es dir, die Laut\u00adst\u00e4r\u00adke des Weckers ein\u00adzu\u00adstel\u00adlen. Bei dem Wecker dei\u00adnes iPho\u00adnes k\u00f6nn\u00adtest du auf Schwie\u00adrig\u00adkei\u00adten sto\u00dfen,&nbsp;[\u2026]","protected":false},"author":122,"featured_media":96144,"comment_status":"closed","ping_status":"open","sticky":false,"template":"","format":"standard","meta":{"_acf_changed":false,"wp_typography_post_enhancements_disabled":false,"footnotes":""},"categories":[35463,35464,35462],"tags":[33,179],"class_list":["post-96202","post","type-post","status-publish","format-standard","has-post-thumbnail","hentry","category-mobile-geraete","category-smartphones","category-work-connect","tag-apple","tag-iphone"],"acf":[],"yoast_head":"<!-- This site is optimized with the Yoast SEO Premium plugin v25.1 (Yoast SEO v25.1) - https:\/\/yoast.com\/wordpress\/plugins\/seo\/ -->\n<title>So stellst du die Wecker-Lautst\u00e4rke am iPhone ein | OTTO<\/title>\n<meta name=\"description\" content=\"Bei deinem iPhone kannst du die Wecker-Lautst\u00e4rke an unerwarteter Stelle ab\u00e4ndern. Wir zeigen dir, wo du den Wecker laut und leise stellen kannst.\" \/>\n<meta name=\"robots\" content=\"index, follow, max-snippet:-1, max-image-preview:large, max-video-preview:-1\" \/>\n<link rel=\"canonical\" href=\"https:\/\/www.otto.de\/updated\/wecker-lautstaerke-am-iphone-so-stellst-du-sie-ein-96202\/\" \/>\n<meta property=\"og:locale\" content=\"de_DE\" \/>\n<meta property=\"og:type\" content=\"article\" \/>\n<meta property=\"og:title\" content=\"Wecker-Lautst\u00e4rke am iPhone: So stellst du sie ein\" \/>\n<meta property=\"og:description\" content=\"Bei deinem iPhone kannst du die Wecker-Lautst\u00e4rke an unerwarteter Stelle ab\u00e4ndern. Wir zeigen dir, wo du den Wecker laut und leise stellen kannst.\" \/>\n<meta property=\"og:url\" content=\"https:\/\/www.otto.de\/updated\/wecker-lautstaerke-am-iphone-so-stellst-du-sie-ein-96202\/\" \/>\n<meta property=\"og:site_name\" content=\"UPDATED\" \/>\n<meta property=\"article:publisher\" content=\"https:\/\/www.facebook.com\/updated.de\/\" \/>\n<meta property=\"article:published_time\" content=\"2022-11-18T13:51:28+00:00\" \/>\n<meta property=\"og:image\" content=\"https:\/\/www.otto.de\/updated\/app\/uploads\/2022\/11\/wecker-laustaerke-scaled.jpg\" \/>\n\t<meta property=\"og:image:width\" content=\"2560\" \/>\n\t<meta property=\"og:image:height\" content=\"1707\" \/>\n\t<meta property=\"og:image:type\" content=\"image\/jpeg\" \/>\n<meta name=\"author\" content=\"Anne Beyer\" \/>\n<meta name=\"twitter:card\" content=\"summary_large_image\" \/>\n<meta name=\"twitter:creator\" content=\"@updated_de\" \/>\n<meta name=\"twitter:site\" content=\"@updated_de\" \/>\n<meta name=\"twitter:label1\" content=\"Written by\" \/>\n\t<meta name=\"twitter:data1\" content=\"Anne Beyer\" \/>\n\t<meta name=\"twitter:label2\" content=\"Est. reading time\" \/>\n\t<meta name=\"twitter:data2\" content=\"5\u00a0Minuten\" \/>\n<script type=\"application\/ld+json\" class=\"yoast-schema-graph\">{\"@context\":\"https:\/\/schema.org\",\"@graph\":[{\"@type\":\"WebPage\",\"@id\":\"https:\/\/www.otto.de\/updated\/wecker-lautstaerke-am-iphone-so-stellst-du-sie-ein-96202\/\",\"url\":\"https:\/\/www.otto.de\/updated\/wecker-lautstaerke-am-iphone-so-stellst-du-sie-ein-96202\/\",\"name\":\"So stellst du die Wecker-Lautst\u00e4rke am iPhone ein | OTTO\",\"isPartOf\":{\"@id\":\"https:\/\/www.otto.de\/updated\/#website\"},\"primaryImageOfPage\":{\"@id\":\"https:\/\/www.otto.de\/updated\/wecker-lautstaerke-am-iphone-so-stellst-du-sie-ein-96202\/#primaryimage\"},\"image\":{\"@id\":\"https:\/\/www.otto.de\/updated\/wecker-lautstaerke-am-iphone-so-stellst-du-sie-ein-96202\/#primaryimage\"},\"thumbnailUrl\":\"https:\/\/www.otto.de\/updated\/app\/uploads\/2022\/11\/wecker-laustaerke-scaled.jpg\",\"datePublished\":\"2022-11-18T13:51:28+00:00\",\"author\":{\"@id\":\"https:\/\/www.otto.de\/updated\/#\/schema\/person\/2b2a9cce66869c736c4afb636aca8878\"},\"description\":\"Bei deinem iPhone kannst du die Wecker-Lautst\u00e4rke an unerwarteter Stelle ab\u00e4ndern. Wir zeigen dir, wo du den Wecker laut und leise stellen kannst.\",\"breadcrumb\":{\"@id\":\"https:\/\/www.otto.de\/updated\/wecker-lautstaerke-am-iphone-so-stellst-du-sie-ein-96202\/#breadcrumb\"},\"inLanguage\":\"de\",\"potentialAction\":[{\"@type\":\"ReadAction\",\"target\":[\"https:\/\/www.otto.de\/updated\/wecker-lautstaerke-am-iphone-so-stellst-du-sie-ein-96202\/\"]}]},{\"@type\":\"ImageObject\",\"inLanguage\":\"de\",\"@id\":\"https:\/\/www.otto.de\/updated\/wecker-lautstaerke-am-iphone-so-stellst-du-sie-ein-96202\/#primaryimage\",\"url\":\"https:\/\/www.otto.de\/updated\/app\/uploads\/2022\/11\/wecker-laustaerke-scaled.jpg\",\"contentUrl\":\"https:\/\/www.otto.de\/updated\/app\/uploads\/2022\/11\/wecker-laustaerke-scaled.jpg\",\"width\":2560,\"height\":1707,\"caption\":\"Wenn du deinen Wecker-Ton anpassen m\u00f6chtest, suchst du in der Uhr-App vergebens.\"},{\"@type\":\"BreadcrumbList\",\"@id\":\"https:\/\/www.otto.de\/updated\/wecker-lautstaerke-am-iphone-so-stellst-du-sie-ein-96202\/#breadcrumb\",\"itemListElement\":[{\"@type\":\"ListItem\",\"position\":1,\"name\":\"Startseite\",\"item\":\"\/updated\/\"},{\"@type\":\"ListItem\",\"position\":2,\"name\":\"Work &amp; Connect\",\"item\":\"https:\/\/www.otto.de\/updated\/work-connect\/\"},{\"@type\":\"ListItem\",\"position\":3,\"name\":\"Mobile Ger\u00e4te\",\"item\":\"https:\/\/www.otto.de\/updated\/mobile-geraete\/\"},{\"@type\":\"ListItem\",\"position\":4,\"name\":\"Smartphones\",\"item\":\"https:\/\/www.otto.de\/updated\/smartphones\/\"},{\"@type\":\"ListItem\",\"position\":5,\"name\":\"Wecker-Laut\u00adst\u00e4r\u00adke am iPho\u00adne: So stellst du sie&nbsp;ein\"}]},{\"@type\":\"WebSite\",\"@id\":\"https:\/\/www.otto.de\/updated\/#website\",\"url\":\"https:\/\/www.otto.de\/updated\/\",\"name\":\"UPDATED\",\"description\":\"\",\"potentialAction\":[{\"@type\":\"SearchAction\",\"target\":{\"@type\":\"EntryPoint\",\"urlTemplate\":\"https:\/\/www.otto.de\/updated\/?s={search_term_string}\"},\"query-input\":{\"@type\":\"PropertyValueSpecification\",\"valueRequired\":true,\"valueName\":\"search_term_string\"}}],\"inLanguage\":\"de\"},{\"@type\":\"Person\",\"@id\":\"https:\/\/www.otto.de\/updated\/#\/schema\/person\/2b2a9cce66869c736c4afb636aca8878\",\"name\":\"Anne Beyer\",\"description\":\"Schon als Kind war Anne an den Game Boy gefesselt, der sie in die Welt der Technik gesogen hat. Heute spielt sie nicht mehr nur, sondern schreibt f\u00fcr UPDATED \u00fcber Digitales. In ihrem Freundes- und Familienkreis ist sie die erste Anlaufstelle, wenn der Fernseher ins Smarthome integriert oder eine neue Software implementiert werden muss. Was die Augen unserer Redakteurin besonders zum Gl\u00e4nzen bringen: durchdachte und anwenderfreundliche Programme, die das Leben leichter machen.\",\"url\":\"https:\/\/www.otto.de\/updated\/redaktion\/\",\"image\":null,\"colleague\":[\"https:\/\/www.otto.de\/updated\/redaktion\/alexander-kraft\/\",\"https:\/\/www.otto.de\/updated\/redaktion\/anne-beyer\/\",\"https:\/\/www.otto.de\/updated\/redaktion\/arne-schaetzle\/\",\"https:\/\/www.otto.de\/updated\/redaktion\/jana-janssen\/\",\"https:\/\/www.otto.de\/updated\/redaktion\/pascal-wuttke\/\",\"https:\/\/www.otto.de\/updated\/redaktion\/thomas-bott\/\"],\"worksFor\":[{\"@type\":\"Organization\",\"id\":\"https:\/\/www.otto.de\/updated\/#organization\",\"name\":\"UPDATED\"}]}]}<\/script>\n<!-- \/ Yoast SEO Premium plugin. -->","yoast_head_json":{"title":"So stellst du die Wecker-Lautst\u00e4rke am iPhone ein | OTTO","description":"Bei deinem iPhone kannst du die Wecker-Lautst\u00e4rke an unerwarteter Stelle ab\u00e4ndern. Wir zeigen dir, wo du den Wecker laut und leise stellen kannst.","robots":{"index":"index","follow":"follow","max-snippet":"max-snippet:-1","max-image-preview":"max-image-preview:large","max-video-preview":"max-video-preview:-1"},"canonical":"https:\/\/www.otto.de\/updated\/wecker-lautstaerke-am-iphone-so-stellst-du-sie-ein-96202\/","og_locale":"de_DE","og_type":"article","og_title":"Wecker-Lautst\u00e4rke am iPhone: So stellst du sie ein","og_description":"Bei deinem iPhone kannst du die Wecker-Lautst\u00e4rke an unerwarteter Stelle ab\u00e4ndern. Wir zeigen dir, wo du den Wecker laut und leise stellen kannst.","og_url":"https:\/\/www.otto.de\/updated\/wecker-lautstaerke-am-iphone-so-stellst-du-sie-ein-96202\/","og_site_name":"UPDATED","article_publisher":"https:\/\/www.facebook.com\/updated.de\/","article_published_time":"2022-11-18T13:51:28+00:00","og_image":[{"width":2560,"height":1707,"url":"https:\/\/www.otto.de\/updated\/app\/uploads\/2022\/11\/wecker-laustaerke-scaled.jpg","type":"image\/jpeg"}],"author":"Anne Beyer","twitter_card":"summary_large_image","twitter_creator":"@updated_de","twitter_site":"@updated_de","twitter_misc":{"Written by":"Anne Beyer","Est. reading time":"5\u00a0Minuten"},"schema":{"@context":"https:\/\/schema.org","@graph":[{"@type":"WebPage","@id":"https:\/\/www.otto.de\/updated\/wecker-lautstaerke-am-iphone-so-stellst-du-sie-ein-96202\/","url":"https:\/\/www.otto.de\/updated\/wecker-lautstaerke-am-iphone-so-stellst-du-sie-ein-96202\/","name":"So stellst du die Wecker-Lautst\u00e4rke am iPhone ein | OTTO","isPartOf":{"@id":"https:\/\/www.otto.de\/updated\/#website"},"primaryImageOfPage":{"@id":"https:\/\/www.otto.de\/updated\/wecker-lautstaerke-am-iphone-so-stellst-du-sie-ein-96202\/#primaryimage"},"image":{"@id":"https:\/\/www.otto.de\/updated\/wecker-lautstaerke-am-iphone-so-stellst-du-sie-ein-96202\/#primaryimage"},"thumbnailUrl":"https:\/\/www.otto.de\/updated\/app\/uploads\/2022\/11\/wecker-laustaerke-scaled.jpg","datePublished":"2022-11-18T13:51:28+00:00","author":{"@id":"https:\/\/www.otto.de\/updated\/#\/schema\/person\/2b2a9cce66869c736c4afb636aca8878"},"description":"Bei deinem iPhone kannst du die Wecker-Lautst\u00e4rke an unerwarteter Stelle ab\u00e4ndern. Wir zeigen dir, wo du den Wecker laut und leise stellen kannst.","breadcrumb":{"@id":"https:\/\/www.otto.de\/updated\/wecker-lautstaerke-am-iphone-so-stellst-du-sie-ein-96202\/#breadcrumb"},"inLanguage":"de","potentialAction":[{"@type":"ReadAction","target":["https:\/\/www.otto.de\/updated\/wecker-lautstaerke-am-iphone-so-stellst-du-sie-ein-96202\/"]}]},{"@type":"ImageObject","inLanguage":"de","@id":"https:\/\/www.otto.de\/updated\/wecker-lautstaerke-am-iphone-so-stellst-du-sie-ein-96202\/#primaryimage","url":"https:\/\/www.otto.de\/updated\/app\/uploads\/2022\/11\/wecker-laustaerke-scaled.jpg","contentUrl":"https:\/\/www.otto.de\/updated\/app\/uploads\/2022\/11\/wecker-laustaerke-scaled.jpg","width":2560,"height":1707,"caption":"Wenn du deinen Wecker-Ton anpassen m\u00f6chtest, suchst du in der Uhr-App vergebens."},{"@type":"BreadcrumbList","@id":"https:\/\/www.otto.de\/updated\/wecker-lautstaerke-am-iphone-so-stellst-du-sie-ein-96202\/#breadcrumb","itemListElement":[{"@type":"ListItem","position":1,"name":"Startseite","item":"\/updated\/"},{"@type":"ListItem","position":2,"name":"Work &amp; Connect","item":"https:\/\/www.otto.de\/updated\/work-connect\/"},{"@type":"ListItem","position":3,"name":"Mobile Ger\u00e4te","item":"https:\/\/www.otto.de\/updated\/mobile-geraete\/"},{"@type":"ListItem","position":4,"name":"Smartphones","item":"https:\/\/www.otto.de\/updated\/smartphones\/"},{"@type":"ListItem","position":5,"name":"Wecker-Laut\u00adst\u00e4r\u00adke am iPho\u00adne: So stellst du sie&nbsp;ein"}]},{"@type":"WebSite","@id":"https:\/\/www.otto.de\/updated\/#website","url":"https:\/\/www.otto.de\/updated\/","name":"UPDATED","description":"","potentialAction":[{"@type":"SearchAction","target":{"@type":"EntryPoint","urlTemplate":"https:\/\/www.otto.de\/updated\/?s={search_term_string}"},"query-input":{"@type":"PropertyValueSpecification","valueRequired":true,"valueName":"search_term_string"}}],"inLanguage":"de"},{"@type":"Person","@id":"https:\/\/www.otto.de\/updated\/#\/schema\/person\/2b2a9cce66869c736c4afb636aca8878","name":"Anne Beyer","description":"Schon als Kind war Anne an den Game Boy gefesselt, der sie in die Welt der Technik gesogen hat. Heute spielt sie nicht mehr nur, sondern schreibt f\u00fcr UPDATED \u00fcber Digitales. In ihrem Freundes- und Familienkreis ist sie die erste Anlaufstelle, wenn der Fernseher ins Smarthome integriert oder eine neue Software implementiert werden muss. Was die Augen unserer Redakteurin besonders zum Gl\u00e4nzen bringen: durchdachte und anwenderfreundliche Programme, die das Leben leichter machen.","url":"https:\/\/www.otto.de\/updated\/redaktion\/","image":null,"colleague":["https:\/\/www.otto.de\/updated\/redaktion\/alexander-kraft\/","https:\/\/www.otto.de\/updated\/redaktion\/anne-beyer\/","https:\/\/www.otto.de\/updated\/redaktion\/arne-schaetzle\/","https:\/\/www.otto.de\/updated\/redaktion\/jana-janssen\/","https:\/\/www.otto.de\/updated\/redaktion\/pascal-wuttke\/","https:\/\/www.otto.de\/updated\/redaktion\/thomas-bott\/"],"worksFor":[{"@type":"Organization","id":"https:\/\/www.otto.de\/updated\/#organization","name":"UPDATED"}]}]}},"_links":{"self":[{"href":"https:\/\/www.otto.de\/updated\/wp-json\/wp\/v2\/posts\/96202","targetHints":{"allow":["GET"]}}],"collection":[{"href":"https:\/\/www.otto.de\/updated\/wp-json\/wp\/v2\/posts"}],"about":[{"href":"https:\/\/www.otto.de\/updated\/wp-json\/wp\/v2\/types\/post"}],"author":[{"embeddable":true,"href":"https:\/\/www.otto.de\/updated\/wp-json\/wp\/v2\/users\/122"}],"replies":[{"embeddable":true,"href":"https:\/\/www.otto.de\/updated\/wp-json\/wp\/v2\/comments?post=96202"}],"version-history":[{"count":2,"href":"https:\/\/www.otto.de\/updated\/wp-json\/wp\/v2\/posts\/96202\/revisions"}],"predecessor-version":[{"id":96204,"href":"https:\/\/www.otto.de\/updated\/wp-json\/wp\/v2\/posts\/96202\/revisions\/96204"}],"wp:featuredmedia":[{"embeddable":true,"href":"https:\/\/www.otto.de\/updated\/wp-json\/wp\/v2\/media\/96144"}],"wp:attachment":[{"href":"https:\/\/www.otto.de\/updated\/wp-json\/wp\/v2\/media?parent=96202"}],"wp:term":[{"taxonomy":"category","embeddable":true,"href":"https:\/\/www.otto.de\/updated\/wp-json\/wp\/v2\/categories?post=96202"},{"taxonomy":"post_tag","embeddable":true,"href":"https:\/\/www.otto.de\/updated\/wp-json\/wp\/v2\/tags?post=96202"}],"curies":[{"name":"wp","href":"https:\/\/api.w.org\/{rel}","templated":true}]}}