
{"id":95260,"date":"2022-07-29T18:00:18","date_gmt":"2022-07-29T16:00:18","guid":{"rendered":"\/updated\/?p=95260"},"modified":"2022-08-01T08:34:30","modified_gmt":"2022-08-01T06:34:30","slug":"fernseher-zeigt-kein-bild-aber-gibt-ton-aus-loesungsansaetze","status":"publish","type":"post","link":"https:\/\/www.otto.de\/updated\/fernseher-zeigt-kein-bild-aber-gibt-ton-aus-loesungsansaetze-95260\/","title":{"rendered":"Fern\u00adse\u00adher zeigt kein Bild, aber gibt Ton aus: L\u00f6sungsans\u00e4tze"},"content":{"rendered":"<div class=\"wpb-content-wrapper\"><div class=\"vc_row wpb_row vc_row-fluid\"><div class=\"wpb_column vc_column_container vc_col-sm-12\"><div class=\"vc_column-inner\"><div class=\"wpb_wrapper\">\n\t<div class=\"wpb_text_column wpb_content_element\">\n\t\t<div class=\"wpb_wrapper\">\n\t\t\t<p><strong>Du willst dich sch\u00f6n ent\u00adspannt am Abend zur\u00fcck\u00adleh\u00adnen und dei\u00adne Lieb\u00adlings\u00adse\u00adrie oder einen Film schau\u00aden, schal\u00adtest den Fern\u00adse\u00adher an und h\u00f6rst nach kur\u00adzer Zeit schon den Ton. Das Bild bleibt hin\u00adge\u00adgen lei\u00adder schwarz. Auch nach l\u00e4n\u00adge\u00adrem War\u00adten \u00e4ndert sich nichts. An was es liegt, ist aber nur schwer aus\u00adzu\u00adma\u00adchen. Was du machen kannst, wenn dein Fern\u00adse\u00adher kein Bild anzeigt, aber Ton wie\u00adder\u00adgibt, erf\u00e4hrst du&nbsp;hier.<\/strong><\/p>\n\n\t\t<\/div>\n\t<\/div>\n<\/div><\/div><\/div><\/div><div class=\"vc_row wpb_row vc_row-fluid\"><div class=\"wpb_column vc_column_container vc_col-sm-12\"><div class=\"vc_column-inner\"><div class=\"wpb_wrapper\"><nav class=\"toc\"><h2 class=\"toc--headline\">Das erfahrt ihr gleich<\/h2><ul class=\"toc--links\"><li><a href=\"#fernseher-zeigt-kein-bild-ueberpruefe-zunaechst-die-kabel\">Fern\u00adse\u00adher zeigt kein Bild: \u00dcber\u00adpr\u00fc\u00adfe zun\u00e4chst die&nbsp;Kabel<\/a><\/li><li><a href=\"#kein-bild-vielleicht-liegt-es-am-zuspieler\">Kein Bild: Viel\u00adleicht liegt es am Zuspieler<\/a><\/li><li><a href=\"#ton-aber-kein-bild-probleme-mit-dem-tv-signal\">Ton, aber kein Bild: Pro\u00adble\u00adme mit dem TV-Signal<\/a><\/li><li><a href=\"#fernseher-zeigt-kein-bild-wenn-der-tv-schuld-hat\">Fern\u00adse\u00adher zeigt kein Bild: Wenn der TV Schuld hat<\/a><\/li><li><a href=\"#fernseher-zeigt-kein-bild-aber-spielt-ton-hoffentlich-nur-ein-kleines-problem\">Fern\u00adse\u00adher zeigt kein Bild, aber spielt Ton: Hof\u00adfent\u00adlich nur ein klei\u00adnes Problem<\/a><\/li><\/ul><\/nav><\/div><\/div><\/div><\/div><div class=\"vc_row wpb_row vc_row-fluid\"><div class=\"wpb_column vc_column_container vc_col-sm-12\"><div class=\"vc_column-inner\"><div class=\"wpb_wrapper\"><div class=\"headline toc--item\"><a name=\"fernseher-zeigt-kein-bild-ueberpruefe-zunaechst-die-kabel\"><\/a><h2>Fern\u00adse\u00adher zeigt kein Bild: \u00dcber\u00adpr\u00fc\u00adfe zun\u00e4chst die&nbsp;Kabel<\/h2><\/div><\/div><\/div><\/div><\/div><div class=\"vc_row wpb_row vc_row-fluid\"><div class=\"wpb_column vc_column_container vc_col-sm-12\"><div class=\"vc_column-inner\"><div class=\"wpb_wrapper\">\n\t<div class=\"wpb_text_column wpb_content_element\">\n\t\t<div class=\"wpb_wrapper\">\n\t\t\t<p>Emp\u00adf\u00e4ngst du ein Signal nicht \u00fcber den inte\u00adgrier\u00adten Tuner, son\u00addern \u00fcber ein exter\u00adnes Ger\u00e4t, wie etwa einen Recei\u00adver oder eine Spie\u00adle\u00adkon\u00adso\u00adle, dann kann das ver\u00adwen\u00adde\u00adte Kabel das Pro\u00adblem sein. \u00dcber\u00adpr\u00fc\u00adfe des\u00adhalb zun\u00e4chst die Ver\u00adbin\u00addung, indem du das Kabel aus- und wie\u00adder ein\u00adsteckst. \u00c4ndert sich an der Situa\u00adti\u00adon nichts, dann ver\u00adwen\u00adde ein ande\u00adres Kabel, soll\u00adtest du eins zur Hand&nbsp;haben.<\/p>\n<p>Hast du einen Smart-TV, kannst du auch noch auf ande\u00adre Art pr\u00fc\u00adfen, ob es am Kabel oder Zuspie\u00adler liegt: indem du ins Haupt\u00adme\u00adn\u00fc gehst. Das erreichst du meist \u00fcber einen ent\u00adspre\u00adchen\u00adden Knopf auf dei\u00adner Fern\u00adbe\u00addie\u00adnung. Siehst du auch hier nichts, h\u00f6rst aber Ton, dann ist es viel\u00adleicht ein gr\u00f6\u00ad\u00dfe\u00adres Pro\u00adblem. Funk\u00adtio\u00adniert das Bild hin\u00adge\u00adgen, ist das Pro\u00adblem eingegrenzt.<\/p>\n\n\t\t<\/div>\n\t<\/div>\n<\/div><\/div><\/div><\/div><div class=\"vc_row wpb_row vc_row-fluid\"><div class=\"wpb_column vc_column_container vc_col-sm-12\"><div class=\"vc_column-inner\"><div class=\"wpb_wrapper\"><div class=\"headline toc--item\"><a name=\"kein-bild-vielleicht-liegt-es-am-zuspieler\"><\/a><h2>Kein Bild: Viel\u00adleicht liegt es am Zuspieler<\/h2><\/div><\/div><\/div><\/div><\/div><div class=\"vc_row wpb_row vc_row-fluid\"><div class=\"wpb_column vc_column_container vc_col-sm-12\"><div class=\"vc_column-inner\"><div class=\"wpb_wrapper\">\n\t<div class=\"wpb_text_column wpb_content_element\">\n\t\t<div class=\"wpb_wrapper\">\n\t\t\t<p>Es kann auch sein, dass das Pro\u00adblem nicht das Kabel ist, son\u00addern der Signal\u00adge\u00adber. Hast du einen Recei\u00adver, Blu-ray-Play\u00ader oder \u00e4hn\u00adli\u00adches ange\u00adschlos\u00adsen, stimmt viel\u00adleicht etwas mit dem Ger\u00e4t nicht. Schlie\u00ad\u00dfe in die\u00adsem Fall ein ande\u00adres Ger\u00e4t mit dem glei\u00adchen Kabel an, um den Zuspie\u00adler als Pro\u00adblem aus\u00adzu\u00adschlie\u00ad\u00dfen oder zu erkennen.<\/p>\n<p>Soll\u00adte es an ihm lie\u00adgen, dann kann das unter\u00adschied\u00adli\u00adche Gr\u00fcn\u00adde haben. Viel\u00adleicht ist mit der Tech\u00adnik im Ger\u00e4t etwas nicht in Ord\u00adnung, viel\u00adleicht braucht es ein Update oder der Aus\u00adga\u00adbe-Port an der R\u00fcck\u00adsei\u00adte ist defekt. In die\u00adsem Fall bleibt nur die Pro\u00adblem\u00adbe\u00adhand\u00adlung nach Anlei\u00adtung und bei Bedarf der Kon\u00adtakt zum Support.<\/p>\n\n\t\t<\/div>\n\t<\/div>\n<\/div><\/div><\/div><\/div><div class=\"vc_row wpb_row vc_row-fluid\"><div class=\"wpb_column vc_column_container vc_col-sm-12\"><div class=\"vc_column-inner\"><div class=\"wpb_wrapper\">  <div class=\"slick-gallery-wrapper gallery-no-padding\" data-number-of-slides=\"1\">\n    <div class=\"slick-gallery should-lightbox \" id=\"slick_gallery_bOvCdL30vp0v1EiXoZOS\">\n              <figure>\n  <div class=\"img-small-container\">\n    <div class=\"img-small-hover-background\"><\/div>\n    <picture>\n                                <source srcset=\"https:\/\/www.otto.de\/updated\/app\/uploads-webp\/uploads\/2022\/07\/Fernseher-ohne-Bild-2-scaled-1080x615.jpg.webp?theia_smart_thumbnails_file_version=2\" media=\"(max-width: 360px) and (-webkit-min-device-pixel-ratio: 2.5)\" type=\"image\/webp\">\n                  <source srcset=\"https:\/\/www.otto.de\/updated\/app\/uploads\/2022\/07\/Fernseher-ohne-Bild-2-scaled-1080x615.jpg?theia_smart_thumbnails_file_version=2\" media=\"(max-width: 360px) and (-webkit-min-device-pixel-ratio: 2.5)\">\n                  <source srcset=\"https:\/\/www.otto.de\/updated\/app\/uploads-webp\/uploads\/2022\/07\/Fernseher-ohne-Bild-2-scaled-720x410.jpg.webp?theia_smart_thumbnails_file_version=2\" media=\"(max-width: 360px) and (-webkit-min-device-pixel-ratio: 1.5)\" type=\"image\/webp\">\n                  <source srcset=\"https:\/\/www.otto.de\/updated\/app\/uploads\/2022\/07\/Fernseher-ohne-Bild-2-scaled-720x410.jpg?theia_smart_thumbnails_file_version=2\" media=\"(max-width: 360px) and (-webkit-min-device-pixel-ratio: 1.5)\">\n                  <source srcset=\"https:\/\/www.otto.de\/updated\/app\/uploads-webp\/uploads\/2022\/07\/Fernseher-ohne-Bild-2-scaled-360x205.jpg.webp?theia_smart_thumbnails_file_version=2\" media=\"(max-width: 360px)\" type=\"image\/webp\">\n                  <source srcset=\"https:\/\/www.otto.de\/updated\/app\/uploads\/2022\/07\/Fernseher-ohne-Bild-2-scaled-360x205.jpg?theia_smart_thumbnails_file_version=2\" media=\"(max-width: 360px)\">\n                    <source srcset=\"https:\/\/www.otto.de\/updated\/app\/uploads-webp\/uploads\/2022\/07\/Fernseher-ohne-Bild-2-scaled-1680x945.jpg.webp?theia_smart_thumbnails_file_version=2\" media=\"(max-width: 560px) and (-webkit-min-device-pixel-ratio: 2.5)\" type=\"image\/webp\">\n                  <source srcset=\"https:\/\/www.otto.de\/updated\/app\/uploads\/2022\/07\/Fernseher-ohne-Bild-2-scaled-1680x945.jpg?theia_smart_thumbnails_file_version=2\" media=\"(max-width: 560px) and (-webkit-min-device-pixel-ratio: 2.5)\">\n                  <source srcset=\"https:\/\/www.otto.de\/updated\/app\/uploads-webp\/uploads\/2022\/07\/Fernseher-ohne-Bild-2-scaled-1120x630.jpg.webp?theia_smart_thumbnails_file_version=2\" media=\"(max-width: 560px) and (-webkit-min-device-pixel-ratio: 1.5)\" type=\"image\/webp\">\n                  <source srcset=\"https:\/\/www.otto.de\/updated\/app\/uploads\/2022\/07\/Fernseher-ohne-Bild-2-scaled-1120x630.jpg?theia_smart_thumbnails_file_version=2\" media=\"(max-width: 560px) and (-webkit-min-device-pixel-ratio: 1.5)\">\n                  <source srcset=\"https:\/\/www.otto.de\/updated\/app\/uploads-webp\/uploads\/2022\/07\/Fernseher-ohne-Bild-2-scaled-560x315.jpg.webp?theia_smart_thumbnails_file_version=2\" media=\"(max-width: 560px)\" type=\"image\/webp\">\n                  <source srcset=\"https:\/\/www.otto.de\/updated\/app\/uploads\/2022\/07\/Fernseher-ohne-Bild-2-scaled-560x315.jpg?theia_smart_thumbnails_file_version=2\" media=\"(max-width: 560px)\">\n                    <source srcset=\"https:\/\/www.otto.de\/updated\/app\/uploads-webp\/uploads\/2022\/07\/Fernseher-ohne-Bild-2-scaled-2304x1296.jpg.webp?theia_smart_thumbnails_file_version=2\" media=\"(max-width: 767px) and (-webkit-min-device-pixel-ratio: 2.5)\" type=\"image\/webp\">\n                  <source srcset=\"https:\/\/www.otto.de\/updated\/app\/uploads\/2022\/07\/Fernseher-ohne-Bild-2-scaled-2304x1296.jpg?theia_smart_thumbnails_file_version=2\" media=\"(max-width: 767px) and (-webkit-min-device-pixel-ratio: 2.5)\">\n                  <source srcset=\"https:\/\/www.otto.de\/updated\/app\/uploads-webp\/uploads\/2022\/07\/Fernseher-ohne-Bild-2-scaled-1536x864.jpg.webp?theia_smart_thumbnails_file_version=2\" media=\"(max-width: 767px) and (-webkit-min-device-pixel-ratio: 1.5)\" type=\"image\/webp\">\n                  <source srcset=\"https:\/\/www.otto.de\/updated\/app\/uploads\/2022\/07\/Fernseher-ohne-Bild-2-scaled-1536x864.jpg?theia_smart_thumbnails_file_version=2\" media=\"(max-width: 767px) and (-webkit-min-device-pixel-ratio: 1.5)\">\n                  <source srcset=\"https:\/\/www.otto.de\/updated\/app\/uploads-webp\/uploads\/2022\/07\/Fernseher-ohne-Bild-2-scaled-768x432.jpg.webp?theia_smart_thumbnails_file_version=2\" media=\"(max-width: 767px)\" type=\"image\/webp\">\n                  <source srcset=\"https:\/\/www.otto.de\/updated\/app\/uploads\/2022\/07\/Fernseher-ohne-Bild-2-scaled-768x432.jpg?theia_smart_thumbnails_file_version=2\" media=\"(max-width: 767px)\">\n                    <source srcset=\"https:\/\/www.otto.de\/updated\/app\/uploads-webp\/uploads\/2022\/07\/Fernseher-ohne-Bild-2-scaled-1680x945.jpg.webp?theia_smart_thumbnails_file_version=2\" media=\"(max-width: 991px) and (-webkit-min-device-pixel-ratio: 2.5)\" type=\"image\/webp\">\n                  <source srcset=\"https:\/\/www.otto.de\/updated\/app\/uploads\/2022\/07\/Fernseher-ohne-Bild-2-scaled-1680x945.jpg?theia_smart_thumbnails_file_version=2\" media=\"(max-width: 991px) and (-webkit-min-device-pixel-ratio: 2.5)\">\n                  <source srcset=\"https:\/\/www.otto.de\/updated\/app\/uploads-webp\/uploads\/2022\/07\/Fernseher-ohne-Bild-2-scaled-1120x630.jpg.webp?theia_smart_thumbnails_file_version=2\" media=\"(max-width: 991px) and (-webkit-min-device-pixel-ratio: 1.5)\" type=\"image\/webp\">\n                  <source srcset=\"https:\/\/www.otto.de\/updated\/app\/uploads\/2022\/07\/Fernseher-ohne-Bild-2-scaled-1120x630.jpg?theia_smart_thumbnails_file_version=2\" media=\"(max-width: 991px) and (-webkit-min-device-pixel-ratio: 1.5)\">\n                  <source srcset=\"https:\/\/www.otto.de\/updated\/app\/uploads-webp\/uploads\/2022\/07\/Fernseher-ohne-Bild-2-scaled-560x315.jpg.webp?theia_smart_thumbnails_file_version=2\" media=\"(max-width: 991px)\" type=\"image\/webp\">\n                  <source srcset=\"https:\/\/www.otto.de\/updated\/app\/uploads\/2022\/07\/Fernseher-ohne-Bild-2-scaled-560x315.jpg?theia_smart_thumbnails_file_version=2\" media=\"(max-width: 991px)\">\n        <source srcset=\"https:\/\/www.otto.de\/updated\/app\/uploads-webp\/uploads\/2022\/07\/Fernseher-ohne-Bild-2-scaled-2304x1296.jpg.webp?theia_smart_thumbnails_file_version=2\" media=\"(-webkit-min-device-pixel-ratio: 2.5)\" type=\"image\/webp\">\n  <source srcset=\"https:\/\/www.otto.de\/updated\/app\/uploads\/2022\/07\/Fernseher-ohne-Bild-2-scaled-2304x1296.jpg?theia_smart_thumbnails_file_version=2\" media=\"(-webkit-min-device-pixel-ratio: 2.5)\">\n  <source srcset=\"https:\/\/www.otto.de\/updated\/app\/uploads-webp\/uploads\/2022\/07\/Fernseher-ohne-Bild-2-scaled-1536x864.jpg.webp?theia_smart_thumbnails_file_version=2\" media=\"(-webkit-min-device-pixel-ratio: 1.5)\" type=\"image\/webp\">\n  <source srcset=\"https:\/\/www.otto.de\/updated\/app\/uploads\/2022\/07\/Fernseher-ohne-Bild-2-scaled-1536x864.jpg?theia_smart_thumbnails_file_version=2\" media=\"(-webkit-min-device-pixel-ratio: 1.5)\">\n  <source srcset=\"https:\/\/www.otto.de\/updated\/app\/uploads-webp\/uploads\/2022\/07\/Fernseher-ohne-Bild-2-scaled-768x432.jpg.webp?theia_smart_thumbnails_file_version=2\" type=\"image\/webp\">\n  <img loading=\"lazy\" decoding=\"async\" src=\"https:\/\/www.otto.de\/updated\/app\/uploads\/2022\/07\/Fernseher-ohne-Bild-2-scaled-768x432.jpg?theia_smart_thumbnails_file_version=2\" width=\"768\" height=\"432\" title=\"Fernseher zeigt kein Bild\" alt=\"Eine Person mit Fernbedienungen in der Hand hockt vor einem Fernseher und einer Spielekonsole.\" class=\"img-responsive img-small\" data-copyright=\"\u00a9 2022 Getty Images\" data-post-excerpt=\"Nicht selten sind Zuspieler das Problem. Hier kannst du etwas herumprobieren, um sie als \u00dcbelt\u00e4ter zu ertappen oder auszuschlie\u00dfen. \" data-light-value=\"dark\" data-zoom-width=\"2560\" data-zoom-height=\"1707\" data-zoom-src=\"https:\/\/www.otto.de\/updated\/app\/uploads\/2022\/07\/Fernseher-ohne-Bild-2-scaled.jpg\">\n                    <div class=\"caption dark\">\n          <small>\n            \u00a9 2022 Get\u00adty Images&nbsp;<\/small>\n        <\/div>\n          <\/picture>\n  <\/div>\n      <figcaption class=\"post-excerpt\">\n      Nicht sel\u00adten sind Zuspie\u00adler das Pro\u00adblem. Hier kannst du etwas her\u00adum\u00adpro\u00adbie\u00adren, um sie als \u00dcbel\u00adt\u00e4\u00adter zu ertap\u00adpen oder auszuschlie\u00dfen.&nbsp;<\/figcaption>\n  <\/figure>\n          <\/div>\n    <div class=\"progress-bars\"><\/div>\n    <div class=\"zoom-icon-wrapper\">\n      <div class=\"zoom-icon\"><\/div>\n    <\/div>\n  <\/div>\n<\/div><\/div><\/div><\/div><div class=\"vc_row wpb_row vc_row-fluid\"><div class=\"wpb_column vc_column_container vc_col-sm-12\"><div class=\"vc_column-inner\"><div class=\"wpb_wrapper\"><div class=\"headline toc--item\"><a name=\"ton-aber-kein-bild-probleme-mit-dem-tv-signal\"><\/a><h2>Ton, aber kein Bild: Pro\u00adble\u00adme mit dem TV-Signal<\/h2><\/div><\/div><\/div><\/div><\/div><div class=\"vc_row wpb_row vc_row-fluid\"><div class=\"wpb_column vc_column_container vc_col-sm-12\"><div class=\"vc_column-inner\"><div class=\"wpb_wrapper\">\n\t<div class=\"wpb_text_column wpb_content_element\">\n\t\t<div class=\"wpb_wrapper\">\n\t\t\t<p>Hast du kei\u00adne exter\u00adnen Ger\u00e4\u00adte ange\u00adschlos\u00adsen und schaust \u00fcber den inte\u00adgrier\u00adten TV-Tuner, dann k\u00f6nn\u00adte hier das Pro\u00adblem lie\u00adgen. \u00dcber\u00adpr\u00fc\u00adfe auch in die\u00adsem Fall zun\u00e4chst wie\u00adder das Anten\u00adnen\u00adka\u00adbel und tau\u00adsche es gege\u00adbe\u00adnen\u00adfalls durch ein vor\u00adhan\u00adde\u00adnes aus. Auch die TV-Buch\u00adse in der Wand k\u00f6nn\u00adte ein Pro\u00adblem sein. Hier hilft aber nur pro\u00adfes\u00adsio\u00adnel\u00adle Hil\u00adfe. Bei Kabel reicht daf\u00fcr manch\u00admal schon ein Anruf beim Anbieter.<\/p>\n<p>Bei Satel\u00adli\u00adten\u00ademp\u00adfang soll\u00adtest du zus\u00e4tz\u00adlich den LNB und die Satel\u00adli\u00adten\u00adsch\u00fcs\u00adsel pr\u00fc\u00adfen. Viel\u00adleicht ist hier ein Aus\u00adtausch von einem oder gar bei\u00adden Tei\u00adlen die L\u00f6sung. Bist du rat\u00adlos oder fin\u00addest kei\u00adnen Feh\u00adler, kannst du dir auch einen Pro\u00adfi ins Haus holen. Mache dies aber erst, nach\u00addem du den Fern\u00adse\u00adher als Feh\u00adler\u00adquel\u00adle aus\u00adge\u00adschlos\u00adsen&nbsp;hast.<\/p>\n\n\t\t<\/div>\n\t<\/div>\n<\/div><\/div><\/div><\/div><div class=\"vc_row wpb_row vc_row-fluid\"><div class=\"wpb_column vc_column_container vc_col-sm-12\"><div class=\"vc_column-inner\"><div class=\"wpb_wrapper\"><div class=\"headline toc--item\"><a name=\"fernseher-zeigt-kein-bild-wenn-der-tv-schuld-hat\"><\/a><h2>Fern\u00adse\u00adher zeigt kein Bild: Wenn der TV Schuld hat<\/h2><\/div><\/div><\/div><\/div><\/div><div class=\"vc_row wpb_row vc_row-fluid\"><div class=\"wpb_column vc_column_container vc_col-sm-12\"><div class=\"vc_column-inner\"><div class=\"wpb_wrapper\">\n\t<div class=\"wpb_text_column wpb_content_element\">\n\t\t<div class=\"wpb_wrapper\">\n\t\t\t<p>Hilft nichts von dem zuvor beschrie\u00adbe\u00adnen, dann liegt der Feh\u00adler viel\u00adleicht im Fern\u00adse\u00adher selbst. Im bes\u00adten Fall ist das Bild nur deak\u00adti\u00adviert. Man\u00adche Ger\u00e4\u00adte haben eine sol\u00adche Funk\u00adti\u00adon, um etwa das Dis\u00adplay bei l\u00e4n\u00adge\u00adren Stand\u00adbil\u00addern zu scho\u00adnen oder Ener\u00adgie zu spa\u00adren, wenn du nur den Ton ben\u00f6\u00adtigst. Um den Bild\u00adschirm wie\u00adder \u201eauf\u00adzu\u00adwe\u00adcken\u201c reicht meist ein Druck auf eine der Tas\u00adten der Fernbedienung.<\/p>\n<p>Ist das nicht der Fall, dann pro\u00adbie\u00adre das Ger\u00e4t neu zu star\u00adten. Schal\u00adte den TV aus und wie\u00adder an. \u00c4ndert sich nichts, nimm ihn zeit\u00adwei\u00adse vom Strom und pro\u00adbie\u00adre es erneut. So ist der Fern\u00adse\u00adher wirk\u00adlich aus und nicht nur im Stand\u00adby-Modus. Lei\u00adder ist das oft schon der letz\u00adte Strohhalm.<\/p>\n<p>\u00c4ndert sich nichts und nach all den oben beschrie\u00adbe\u00adnen Pro\u00adblem\u00adl\u00f6\u00adsun\u00adgen ist noch immer kein Bild zu sehen, bleibt nur noch der Kon\u00adtakt mit dem Sup\u00adport. Wen\u00adde dich ent\u00adwe\u00adder direkt an den Her\u00adstel\u00adler oder den Shop, in dem du den Fern\u00adse\u00adher gekauft hast. Hier hilft man dir dann wei\u00adter. Ist die Garan\u00adtie\u00adzeit vor\u00adbei, das TV-Ger\u00e4t ohne\u00adhin schon alt und eine Repa\u00adra\u00adtur zu teu\u00ader, ist es viel\u00adleicht ja auch Zeit f\u00fcr einen neu\u00aden Fernseher.<\/p>\n\n\t\t<\/div>\n\t<\/div>\n<\/div><\/div><\/div><\/div><div class=\"vc_row wpb_row vc_row-fluid\"><div class=\"wpb_column vc_column_container vc_col-sm-12\"><div class=\"vc_column-inner\"><div class=\"wpb_wrapper\"><div class=\"snippeteer-slider\" data-snippet=\"Updated_7489\">\n  <div class=\"slider\" id=\"slider_Updated_7489\" data-slick=\"{&quot;autoplay&quot;:false,&quot;arrows&quot;:true,&quot;dots&quot;:false,&quot;infinite&quot;:true,&quot;slidesToShow&quot;:3,&quot;slidesToScroll&quot;:1,&quot;centerMode&quot;:true,&quot;centerPadding&quot;:&quot;0px&quot;}\">\n    <div class=\"slider__slide\">\n      <div class=\"teaser-headline-block\">\n        <div class=\"teaser-headline\">\n          Pas\u00adsend&nbsp;dazu&nbsp;<\/div>\n      <\/div>\n      <a class=\"link\" target=\"_blank\">\n        <div class=\"product-image-container\">\n          <img class=\"product-image\">\n        <\/div>\n        <div class=\"brand\"><\/div>\n        <div class=\"title\"><\/div>\n        <div class=\"price-and-button-container\">\n          <div class=\"price\">\n            <div class=\"old-price thousand-seperators\"><\/div>\n            <div class=\"current-price thousand-seperators\"><\/div>\n          <\/div>\n          <div class=\"bottom\">\n            <div class=\"call-to-action\">\n              <div class=\"button\">\n                Jetzt kaufen&nbsp;<\/div>\n            <\/div>\n          <\/div>\n        <\/div>\n      <\/a>\n    <\/div>\n  <\/div>\n<\/div>\n<\/div><\/div><\/div><\/div><div class=\"vc_row wpb_row vc_row-fluid\"><div class=\"wpb_column vc_column_container vc_col-sm-12\"><div class=\"vc_column-inner\"><div class=\"wpb_wrapper\"><div class=\"headline toc--item\"><a name=\"fernseher-zeigt-kein-bild-aber-spielt-ton-hoffentlich-nur-ein-kleines-problem\"><\/a><h2>Fern\u00adse\u00adher zeigt kein Bild, aber spielt Ton: Hof\u00adfent\u00adlich nur ein klei\u00adnes Problem<\/h2><\/div><\/div><\/div><\/div><\/div><div class=\"vc_row wpb_row vc_row-fluid\"><div class=\"wpb_column vc_column_container vc_col-sm-12\"><div class=\"vc_column-inner\"><div class=\"wpb_wrapper\">\n\t<div class=\"wpb_text_column wpb_content_element\">\n\t\t<div class=\"wpb_wrapper\">\n\t\t\t<p>Wor\u00adan genau es liegt, wenn der Fern\u00adse\u00adher kein Bild mehr zeigt, ist von Fall zu Fall unter\u00adschied\u00adlich. Gehst du die oben beschrie\u00adbe\u00adnen Tipps durch, kannst du das Pro\u00adblem bereits ein\u00adgren\u00adzen. Mit etwas Gl\u00fcck l\u00e4sst es sich anschlie\u00ad\u00dfend auch ein\u00adfach und kos\u00adten\u00adg\u00fcns\u00adtig oder gar kos\u00adten\u00adlos l\u00f6sen. Im schlimms\u00adten Fall ist der Fern\u00adse\u00adher aber nicht zu gebrau\u00adchen und du brauchst ein neu\u00ades&nbsp;Ger\u00e4t.<\/p>\n\n\t\t<\/div>\n\t<\/div>\n<\/div><\/div><\/div><\/div>\n<\/div>","protected":false},"excerpt":{"rendered":"Du willst dich sch\u00f6n ent\u00adspannt am Abend zur\u00fcck\u00adleh\u00adnen und dei\u00adne Lieb\u00adlings\u00adse\u00adrie oder einen Film schau\u00aden, schal\u00adtest den Fern\u00adse\u00adher an und h\u00f6rst nach kur\u00adzer Zeit schon den Ton. Das Bild bleibt hin\u00adge\u00adgen lei\u00adder schwarz. Auch nach l\u00e4n\u00adge\u00adrem War\u00adten \u00e4ndert sich nichts. An was es liegt, ist aber nur schwer aus\u00adzu\u00adma\u00adchen. Was du machen kannst, wenn&nbsp;dein&nbsp;[\u2026]","protected":false},"author":102,"featured_media":95247,"comment_status":"closed","ping_status":"open","sticky":false,"template":"","format":"standard","meta":{"_acf_changed":false,"wp_typography_post_enhancements_disabled":false,"footnotes":""},"categories":[35455,35456,35448],"tags":[124,273],"class_list":["post-95260","post","type-post","status-publish","format-standard","has-post-thumbnail","hentry","category-audio-video-kameras","category-fernseher","category-live-relax","tag-fernseher","tag-smart-tv"],"acf":[],"yoast_head":"<!-- This site is optimized with the Yoast SEO Premium plugin v25.1 (Yoast SEO v25.1) - https:\/\/yoast.com\/wordpress\/plugins\/seo\/ -->\n<title>Fernseher zeigt kein Bild, aber gibt Ton aus: L\u00f6sungen | OTTO<\/title>\n<meta name=\"description\" content=\"Du willst fernsehen und schaltest das Ger\u00e4t ein. Kurze Zeit sp\u00e4ter kannst du etwas h\u00f6ren, aber der Bildschirm bleibt schwarz? So l\u00f6st du das Problem.\" \/>\n<meta name=\"robots\" content=\"index, follow, max-snippet:-1, max-image-preview:large, max-video-preview:-1\" \/>\n<link rel=\"canonical\" href=\"https:\/\/www.otto.de\/updated\/fernseher-zeigt-kein-bild-aber-gibt-ton-aus-loesungsansaetze-95260\/\" \/>\n<meta property=\"og:locale\" content=\"de_DE\" \/>\n<meta property=\"og:type\" content=\"article\" \/>\n<meta property=\"og:title\" content=\"Fernseher zeigt kein Bild, aber gibt Ton aus: L\u00f6sungsans\u00e4tze\" \/>\n<meta property=\"og:description\" content=\"Du willst fernsehen und schaltest das Ger\u00e4t ein. Kurze Zeit sp\u00e4ter kannst du etwas h\u00f6ren, aber der Bildschirm bleibt schwarz? So l\u00f6st du das Problem.\" \/>\n<meta property=\"og:url\" content=\"https:\/\/www.otto.de\/updated\/fernseher-zeigt-kein-bild-aber-gibt-ton-aus-loesungsansaetze-95260\/\" \/>\n<meta property=\"og:site_name\" content=\"UPDATED\" \/>\n<meta property=\"article:publisher\" content=\"https:\/\/www.facebook.com\/updated.de\/\" \/>\n<meta property=\"article:published_time\" content=\"2022-07-29T16:00:18+00:00\" \/>\n<meta property=\"article:modified_time\" content=\"2022-08-01T06:34:30+00:00\" \/>\n<meta property=\"og:image\" content=\"https:\/\/www.otto.de\/updated\/app\/uploads\/2022\/07\/Fernseher-ohne-Bild-1-scaled.jpg\" \/>\n\t<meta property=\"og:image:width\" content=\"2560\" \/>\n\t<meta property=\"og:image:height\" content=\"1707\" \/>\n\t<meta property=\"og:image:type\" content=\"image\/jpeg\" \/>\n<meta name=\"author\" content=\"Thomas Bott\" \/>\n<meta name=\"twitter:card\" content=\"summary_large_image\" \/>\n<meta name=\"twitter:creator\" content=\"@updated_de\" \/>\n<meta name=\"twitter:site\" content=\"@updated_de\" \/>\n<meta name=\"twitter:label1\" content=\"Written by\" \/>\n\t<meta name=\"twitter:data1\" content=\"Thomas Bott\" \/>\n\t<meta name=\"twitter:label2\" content=\"Est. reading time\" \/>\n\t<meta name=\"twitter:data2\" content=\"4\u00a0Minuten\" \/>\n<script type=\"application\/ld+json\" class=\"yoast-schema-graph\">{\"@context\":\"https:\/\/schema.org\",\"@graph\":[{\"@type\":\"WebPage\",\"@id\":\"https:\/\/www.otto.de\/updated\/fernseher-zeigt-kein-bild-aber-gibt-ton-aus-loesungsansaetze-95260\/\",\"url\":\"https:\/\/www.otto.de\/updated\/fernseher-zeigt-kein-bild-aber-gibt-ton-aus-loesungsansaetze-95260\/\",\"name\":\"Fernseher zeigt kein Bild, aber gibt Ton aus: L\u00f6sungen | OTTO\",\"isPartOf\":{\"@id\":\"https:\/\/www.otto.de\/updated\/#website\"},\"primaryImageOfPage\":{\"@id\":\"https:\/\/www.otto.de\/updated\/fernseher-zeigt-kein-bild-aber-gibt-ton-aus-loesungsansaetze-95260\/#primaryimage\"},\"image\":{\"@id\":\"https:\/\/www.otto.de\/updated\/fernseher-zeigt-kein-bild-aber-gibt-ton-aus-loesungsansaetze-95260\/#primaryimage\"},\"thumbnailUrl\":\"https:\/\/www.otto.de\/updated\/app\/uploads\/2022\/07\/Fernseher-ohne-Bild-1-scaled.jpg\",\"datePublished\":\"2022-07-29T16:00:18+00:00\",\"dateModified\":\"2022-08-01T06:34:30+00:00\",\"author\":{\"@id\":\"https:\/\/www.otto.de\/updated\/#\/schema\/person\/c789d338d6a16a702d57cb6fbbf44e9d\"},\"description\":\"Du willst fernsehen und schaltest das Ger\u00e4t ein. Kurze Zeit sp\u00e4ter kannst du etwas h\u00f6ren, aber der Bildschirm bleibt schwarz? So l\u00f6st du das Problem.\",\"breadcrumb\":{\"@id\":\"https:\/\/www.otto.de\/updated\/fernseher-zeigt-kein-bild-aber-gibt-ton-aus-loesungsansaetze-95260\/#breadcrumb\"},\"inLanguage\":\"de\",\"potentialAction\":[{\"@type\":\"ReadAction\",\"target\":[\"https:\/\/www.otto.de\/updated\/fernseher-zeigt-kein-bild-aber-gibt-ton-aus-loesungsansaetze-95260\/\"]}]},{\"@type\":\"ImageObject\",\"inLanguage\":\"de\",\"@id\":\"https:\/\/www.otto.de\/updated\/fernseher-zeigt-kein-bild-aber-gibt-ton-aus-loesungsansaetze-95260\/#primaryimage\",\"url\":\"https:\/\/www.otto.de\/updated\/app\/uploads\/2022\/07\/Fernseher-ohne-Bild-1-scaled.jpg\",\"contentUrl\":\"https:\/\/www.otto.de\/updated\/app\/uploads\/2022\/07\/Fernseher-ohne-Bild-1-scaled.jpg\",\"width\":2560,\"height\":1707,\"caption\":\"Bleibt der Fernseher schwarz, gibt aber noch Ton aus, dann kann das unterschiedliche Gr\u00fcnde haben.\"},{\"@type\":\"BreadcrumbList\",\"@id\":\"https:\/\/www.otto.de\/updated\/fernseher-zeigt-kein-bild-aber-gibt-ton-aus-loesungsansaetze-95260\/#breadcrumb\",\"itemListElement\":[{\"@type\":\"ListItem\",\"position\":1,\"name\":\"Startseite\",\"item\":\"\/updated\/\"},{\"@type\":\"ListItem\",\"position\":2,\"name\":\"Live &amp; Relax\",\"item\":\"https:\/\/www.otto.de\/updated\/live-relax\/\"},{\"@type\":\"ListItem\",\"position\":3,\"name\":\"Audio Video und Kameras\",\"item\":\"https:\/\/www.otto.de\/updated\/audio-video-kameras\/\"},{\"@type\":\"ListItem\",\"position\":4,\"name\":\"Fernseher\",\"item\":\"https:\/\/www.otto.de\/updated\/fernseher\/\"},{\"@type\":\"ListItem\",\"position\":5,\"name\":\"Fern\u00adse\u00adher zeigt kein Bild, aber gibt Ton aus: L\u00f6sungsans\u00e4tze\"}]},{\"@type\":\"WebSite\",\"@id\":\"https:\/\/www.otto.de\/updated\/#website\",\"url\":\"https:\/\/www.otto.de\/updated\/\",\"name\":\"UPDATED\",\"description\":\"\",\"potentialAction\":[{\"@type\":\"SearchAction\",\"target\":{\"@type\":\"EntryPoint\",\"urlTemplate\":\"https:\/\/www.otto.de\/updated\/?s={search_term_string}\"},\"query-input\":{\"@type\":\"PropertyValueSpecification\",\"valueRequired\":true,\"valueName\":\"search_term_string\"}}],\"inLanguage\":\"de\"},{\"@type\":\"Person\",\"@id\":\"https:\/\/www.otto.de\/updated\/#\/schema\/person\/c789d338d6a16a702d57cb6fbbf44e9d\",\"name\":\"Thomas Bott\",\"description\":\"Tom ist gelernter Journalist und hat in seinem Beruf mittlerweile fast zwei Jahrzehnte auf dem Buckel. Neben kleinen Ausfl\u00fcgen in die Bereiche Sport und Automotive hat er sich bisher haupts\u00e4chlich mit Games und Technik auseinandergesetzt. Darunter etwa als ehemaliger Teil der Redaktion von COMPUTER BILD. Neue Konsolen, Spiele, Smartphones, Laptops und mehr: Tom ist immer auf dem Laufenden und somit stets erster Ansprechpartner dazu im Familien- und Freundeskreis. Bei UPDATED gibt er diese Expertise gerne an ein noch breiteres Publikum weiter.\",\"url\":\"https:\/\/www.otto.de\/updated\/redaktion\/\",\"image\":null,\"colleague\":[\"https:\/\/www.otto.de\/updated\/redaktion\/alexander-kraft\/\",\"https:\/\/www.otto.de\/updated\/redaktion\/anne-beyer\/\",\"https:\/\/www.otto.de\/updated\/redaktion\/arne-schaetzle\/\",\"https:\/\/www.otto.de\/updated\/redaktion\/jana-janssen\/\",\"https:\/\/www.otto.de\/updated\/redaktion\/pascal-wuttke\/\",\"https:\/\/www.otto.de\/updated\/redaktion\/thomas-bott\/\"],\"worksFor\":[{\"@type\":\"Organization\",\"id\":\"https:\/\/www.otto.de\/updated\/#organization\",\"name\":\"UPDATED\"}]}]}<\/script>\n<!-- \/ Yoast SEO Premium plugin. -->","yoast_head_json":{"title":"Fernseher zeigt kein Bild, aber gibt Ton aus: L\u00f6sungen | OTTO","description":"Du willst fernsehen und schaltest das Ger\u00e4t ein. Kurze Zeit sp\u00e4ter kannst du etwas h\u00f6ren, aber der Bildschirm bleibt schwarz? So l\u00f6st du das Problem.","robots":{"index":"index","follow":"follow","max-snippet":"max-snippet:-1","max-image-preview":"max-image-preview:large","max-video-preview":"max-video-preview:-1"},"canonical":"https:\/\/www.otto.de\/updated\/fernseher-zeigt-kein-bild-aber-gibt-ton-aus-loesungsansaetze-95260\/","og_locale":"de_DE","og_type":"article","og_title":"Fernseher zeigt kein Bild, aber gibt Ton aus: L\u00f6sungsans\u00e4tze","og_description":"Du willst fernsehen und schaltest das Ger\u00e4t ein. Kurze Zeit sp\u00e4ter kannst du etwas h\u00f6ren, aber der Bildschirm bleibt schwarz? So l\u00f6st du das Problem.","og_url":"https:\/\/www.otto.de\/updated\/fernseher-zeigt-kein-bild-aber-gibt-ton-aus-loesungsansaetze-95260\/","og_site_name":"UPDATED","article_publisher":"https:\/\/www.facebook.com\/updated.de\/","article_published_time":"2022-07-29T16:00:18+00:00","article_modified_time":"2022-08-01T06:34:30+00:00","og_image":[{"width":2560,"height":1707,"url":"https:\/\/www.otto.de\/updated\/app\/uploads\/2022\/07\/Fernseher-ohne-Bild-1-scaled.jpg","type":"image\/jpeg"}],"author":"Thomas Bott","twitter_card":"summary_large_image","twitter_creator":"@updated_de","twitter_site":"@updated_de","twitter_misc":{"Written by":"Thomas Bott","Est. reading time":"4\u00a0Minuten"},"schema":{"@context":"https:\/\/schema.org","@graph":[{"@type":"WebPage","@id":"https:\/\/www.otto.de\/updated\/fernseher-zeigt-kein-bild-aber-gibt-ton-aus-loesungsansaetze-95260\/","url":"https:\/\/www.otto.de\/updated\/fernseher-zeigt-kein-bild-aber-gibt-ton-aus-loesungsansaetze-95260\/","name":"Fernseher zeigt kein Bild, aber gibt Ton aus: L\u00f6sungen | OTTO","isPartOf":{"@id":"https:\/\/www.otto.de\/updated\/#website"},"primaryImageOfPage":{"@id":"https:\/\/www.otto.de\/updated\/fernseher-zeigt-kein-bild-aber-gibt-ton-aus-loesungsansaetze-95260\/#primaryimage"},"image":{"@id":"https:\/\/www.otto.de\/updated\/fernseher-zeigt-kein-bild-aber-gibt-ton-aus-loesungsansaetze-95260\/#primaryimage"},"thumbnailUrl":"https:\/\/www.otto.de\/updated\/app\/uploads\/2022\/07\/Fernseher-ohne-Bild-1-scaled.jpg","datePublished":"2022-07-29T16:00:18+00:00","dateModified":"2022-08-01T06:34:30+00:00","author":{"@id":"https:\/\/www.otto.de\/updated\/#\/schema\/person\/c789d338d6a16a702d57cb6fbbf44e9d"},"description":"Du willst fernsehen und schaltest das Ger\u00e4t ein. Kurze Zeit sp\u00e4ter kannst du etwas h\u00f6ren, aber der Bildschirm bleibt schwarz? So l\u00f6st du das Problem.","breadcrumb":{"@id":"https:\/\/www.otto.de\/updated\/fernseher-zeigt-kein-bild-aber-gibt-ton-aus-loesungsansaetze-95260\/#breadcrumb"},"inLanguage":"de","potentialAction":[{"@type":"ReadAction","target":["https:\/\/www.otto.de\/updated\/fernseher-zeigt-kein-bild-aber-gibt-ton-aus-loesungsansaetze-95260\/"]}]},{"@type":"ImageObject","inLanguage":"de","@id":"https:\/\/www.otto.de\/updated\/fernseher-zeigt-kein-bild-aber-gibt-ton-aus-loesungsansaetze-95260\/#primaryimage","url":"https:\/\/www.otto.de\/updated\/app\/uploads\/2022\/07\/Fernseher-ohne-Bild-1-scaled.jpg","contentUrl":"https:\/\/www.otto.de\/updated\/app\/uploads\/2022\/07\/Fernseher-ohne-Bild-1-scaled.jpg","width":2560,"height":1707,"caption":"Bleibt der Fernseher schwarz, gibt aber noch Ton aus, dann kann das unterschiedliche Gr\u00fcnde haben."},{"@type":"BreadcrumbList","@id":"https:\/\/www.otto.de\/updated\/fernseher-zeigt-kein-bild-aber-gibt-ton-aus-loesungsansaetze-95260\/#breadcrumb","itemListElement":[{"@type":"ListItem","position":1,"name":"Startseite","item":"\/updated\/"},{"@type":"ListItem","position":2,"name":"Live &amp; Relax","item":"https:\/\/www.otto.de\/updated\/live-relax\/"},{"@type":"ListItem","position":3,"name":"Audio Video und Kameras","item":"https:\/\/www.otto.de\/updated\/audio-video-kameras\/"},{"@type":"ListItem","position":4,"name":"Fernseher","item":"https:\/\/www.otto.de\/updated\/fernseher\/"},{"@type":"ListItem","position":5,"name":"Fern\u00adse\u00adher zeigt kein Bild, aber gibt Ton aus: L\u00f6sungsans\u00e4tze"}]},{"@type":"WebSite","@id":"https:\/\/www.otto.de\/updated\/#website","url":"https:\/\/www.otto.de\/updated\/","name":"UPDATED","description":"","potentialAction":[{"@type":"SearchAction","target":{"@type":"EntryPoint","urlTemplate":"https:\/\/www.otto.de\/updated\/?s={search_term_string}"},"query-input":{"@type":"PropertyValueSpecification","valueRequired":true,"valueName":"search_term_string"}}],"inLanguage":"de"},{"@type":"Person","@id":"https:\/\/www.otto.de\/updated\/#\/schema\/person\/c789d338d6a16a702d57cb6fbbf44e9d","name":"Thomas Bott","description":"Tom ist gelernter Journalist und hat in seinem Beruf mittlerweile fast zwei Jahrzehnte auf dem Buckel. Neben kleinen Ausfl\u00fcgen in die Bereiche Sport und Automotive hat er sich bisher haupts\u00e4chlich mit Games und Technik auseinandergesetzt. Darunter etwa als ehemaliger Teil der Redaktion von COMPUTER BILD. Neue Konsolen, Spiele, Smartphones, Laptops und mehr: Tom ist immer auf dem Laufenden und somit stets erster Ansprechpartner dazu im Familien- und Freundeskreis. Bei UPDATED gibt er diese Expertise gerne an ein noch breiteres Publikum weiter.","url":"https:\/\/www.otto.de\/updated\/redaktion\/","image":null,"colleague":["https:\/\/www.otto.de\/updated\/redaktion\/alexander-kraft\/","https:\/\/www.otto.de\/updated\/redaktion\/anne-beyer\/","https:\/\/www.otto.de\/updated\/redaktion\/arne-schaetzle\/","https:\/\/www.otto.de\/updated\/redaktion\/jana-janssen\/","https:\/\/www.otto.de\/updated\/redaktion\/pascal-wuttke\/","https:\/\/www.otto.de\/updated\/redaktion\/thomas-bott\/"],"worksFor":[{"@type":"Organization","id":"https:\/\/www.otto.de\/updated\/#organization","name":"UPDATED"}]}]}},"_links":{"self":[{"href":"https:\/\/www.otto.de\/updated\/wp-json\/wp\/v2\/posts\/95260","targetHints":{"allow":["GET"]}}],"collection":[{"href":"https:\/\/www.otto.de\/updated\/wp-json\/wp\/v2\/posts"}],"about":[{"href":"https:\/\/www.otto.de\/updated\/wp-json\/wp\/v2\/types\/post"}],"author":[{"embeddable":true,"href":"https:\/\/www.otto.de\/updated\/wp-json\/wp\/v2\/users\/102"}],"replies":[{"embeddable":true,"href":"https:\/\/www.otto.de\/updated\/wp-json\/wp\/v2\/comments?post=95260"}],"version-history":[{"count":5,"href":"https:\/\/www.otto.de\/updated\/wp-json\/wp\/v2\/posts\/95260\/revisions"}],"predecessor-version":[{"id":95281,"href":"https:\/\/www.otto.de\/updated\/wp-json\/wp\/v2\/posts\/95260\/revisions\/95281"}],"wp:featuredmedia":[{"embeddable":true,"href":"https:\/\/www.otto.de\/updated\/wp-json\/wp\/v2\/media\/95247"}],"wp:attachment":[{"href":"https:\/\/www.otto.de\/updated\/wp-json\/wp\/v2\/media?parent=95260"}],"wp:term":[{"taxonomy":"category","embeddable":true,"href":"https:\/\/www.otto.de\/updated\/wp-json\/wp\/v2\/categories?post=95260"},{"taxonomy":"post_tag","embeddable":true,"href":"https:\/\/www.otto.de\/updated\/wp-json\/wp\/v2\/tags?post=95260"}],"curies":[{"name":"wp","href":"https:\/\/api.w.org\/{rel}","templated":true}]}}