
{"id":94787,"date":"2022-09-10T20:00:48","date_gmt":"2022-09-10T18:00:48","guid":{"rendered":"\/updated\/?p=94787"},"modified":"2026-07-08T13:33:45","modified_gmt":"2026-07-08T11:33:45","slug":"update-fuer-die-apple-watch-fitter-schicker-smarter-mit-watchos-9","status":"publish","type":"post","link":"https:\/\/www.otto.de\/updated\/update-fuer-die-apple-watch-fitter-schicker-smarter-mit-watchos-9-94787\/","title":{"rendered":"Update f\u00fcr die Apple Watch: Fit\u00adter, schi\u00adcker, smar\u00adter mit wat\u00adchOS&nbsp;9"},"content":{"rendered":"<div class=\"wpb-content-wrapper\"><div class=\"vc_row wpb_row vc_row-fluid\"><div class=\"wpb_column vc_column_container vc_col-sm-12\"><div class=\"vc_column-inner\"><div class=\"wpb_wrapper\">\n\t<div class=\"wpb_text_column wpb_content_element\">\n\t\t<div class=\"wpb_wrapper\">\n\t\t\t<p><strong><span class=\"TextRun MacChromeBold SCXW211527573 BCX0\" lang=\"DE-DE\" xml:lang=\"DE-DE\" data-contrast=\"none\"><span class=\"NormalTextRun SCXW211527573 BCX0\">Seit 12. Sep\u00adtem\u00adber 2022 steht das neue Betriebs\u00adsys\u00adtem <\/span><span class=\"NormalTextRun SpellingErrorV2Themed SCXW211527573 BCX0\">wat\u00adchOS<\/span><span class=\"NormalTextRun SCXW211527573 BCX0\"> 9 f\u00fcr die Apple Watch bereit, das hat das Unter\u00adneh\u00admen auf sei\u00adner haus\u00adei\u00adge\u00adnen Ent\u00adwick\u00adler\u00admes\u00adse bekannt\u00adge\u00adge\u00adben. <\/span><span class=\"NormalTextRun SCXW211527573 BCX0\">Mit <\/span><span class=\"NormalTextRun SpellingErrorV2Themed SCXW211527573 BCX0\">wat\u00adchOS<\/span><span class=\"NormalTextRun SCXW211527573 BCX0\"> 9 <\/span><span class=\"NormalTextRun SCXW211527573 BCX0\">spen\u00addiert Apple sei\u00adner Smart\u00adwatch unter ande\u00adrem neue Sport- und Gesund\u00adheits\u00adfunk\u00adtio\u00adnen sowie neue Zif\u00adfer\u00adbl\u00e4t\u00adter. Aller\u00addings erhal\u00adten nicht alle Model\u00adle das Updat<\/span><span class=\"NormalTextRun SCXW211527573 BCX0\">e<\/span><span class=\"NormalTextRun SCXW211527573 BCX0\">. UPDATED ver\u00adr\u00e4t dir, wel\u00adche <\/span><span class=\"NormalTextRun SCXW211527573 BCX0\">Exem\u00adpla\u00adre<\/span><span class=\"NormalTextRun SCXW211527573 BCX0\"> dabei sind und wel\u00adche Neue\u00adrun\u00adgen dich erwar\u00adten.<\/span><\/span><span class=\"EOP SCXW211527573 BCX0\" data-ccp-props=\"{}\">&nbsp;<\/span><\/strong><\/p>\n\n\t\t<\/div>\n\t<\/div>\n<\/div><\/div><\/div><\/div><div class=\"vc_row wpb_row vc_row-fluid\"><div class=\"wpb_column vc_column_container vc_col-sm-12\"><div class=\"vc_column-inner\"><div class=\"wpb_wrapper\"><nav class=\"toc\"><h2 class=\"toc--headline\">Das erfahrt ihr gleich<\/h2><ul class=\"toc--links\"><li><a href=\"#neue-funktionen-fuer-fitness-apps\">Neue Funk\u00adtio\u00adnen f\u00fcr Fitness-Apps<\/a><\/li><li><a href=\"#schlafphasen-und-herzrhythmus-werden-genauer-protokolliert\">Schlaf\u00adpha\u00adsen und Herz\u00adrhyth\u00admus wer\u00adden genau\u00ader protokolliert<\/a><\/li><li><a href=\"#medikation-app-mit-zusatzinfos-zu-arzneimitteln\">Medi\u00adka\u00adti\u00adon-App mit Zusatz\u00adin\u00adfos zu Arzneimitteln<\/a><\/li><li><a href=\"#fernsteuerung-per-apple-watch-mirroring\">Fern\u00adsteue\u00adrung per Apple Watch Mirroring<\/a><\/li><li><a href=\"#frisches-design-und-neue-zifferblaetter-mit-watchos-9\">Fri\u00adsches Design und neue Zif\u00adfer\u00adbl\u00e4t\u00adter mit wat\u00adchOS&nbsp;9<\/a><\/li><li><a href=\"#watchos-9-gibt-es-nur-noch-ab-der-apple-watch-series-4\">wat\u00adchOS 9 gibt es nur noch ab der Apple Watch Series 4<\/a><\/li><\/ul><\/nav><\/div><\/div><\/div><\/div><div class=\"vc_row wpb_row vc_row-fluid\"><div class=\"wpb_column vc_column_container vc_col-sm-12\"><div class=\"vc_column-inner\"><div class=\"wpb_wrapper\"><div class=\"headline toc--item\"><a name=\"neue-funktionen-fuer-fitness-apps\"><\/a><h2>Neue Funk\u00adtio\u00adnen f\u00fcr Fitness-Apps<\/h2><\/div><\/div><\/div><\/div><\/div><div class=\"vc_row wpb_row vc_row-fluid\"><div class=\"wpb_column vc_column_container vc_col-sm-12\"><div class=\"vc_column-inner\"><div class=\"wpb_wrapper\">\n\t<div class=\"wpb_text_column wpb_content_element\">\n\t\t<div class=\"wpb_wrapper\">\n\t\t\t<p>Beson\u00adders f\u00fcr die sport\u00adbe\u00adgeis\u00adter\u00adten User*innen hat Apple nach\u00adge\u00adlegt: Vie\u00adle Neue\u00adrun\u00adgen betref\u00adfen Fit\u00adness und Gesund\u00adheits\u00adfunk\u00adtio\u00adnen. So regis\u00adtriert die Uhr in Zukunft beim Lau\u00adfen Boden\u00adkon\u00adtakt\u00adzeit, Lauf\u00adleis\u00adtung und sogar dei\u00adne zur\u00fcck\u00adge\u00adleg\u00adten H\u00f6hen\u00adme\u00adter. Die neu\u00aden Mess\u00adwer\u00adte kannst du nicht nur beim Jog\u00adgen, son\u00addern auch in ande\u00adren Trai\u00adnings\u00adap\u00adps ver\u00adwen\u00adden, egal ob Funk\u00adtio\u00adna\u00adles Trai\u00adning, HIIT (Hoch\u00adin\u00adten\u00adsi\u00adves Inter\u00advall\u00adtrai\u00adning) oder Wandern.<\/p>\n<p>Au\u00dfer\u00addem kennt die Uhr nun ver\u00adschie\u00adde\u00adne Herz\u00adfre\u00adquenz\u00adzo\u00adnen und ord\u00adnet dei\u00adnen Puls ent\u00adspre\u00adchend ein. Wenn du es w\u00fcnschst, kannst du dich benach\u00adrich\u00adti\u00adgen las\u00adsen, wenn du die Fre\u00adquenz\u00adzo\u00adne wech\u00adselst. So steu\u00aderst du dein Trai\u00adning noch genau\u00ader. Und du kannst dir Trai\u00adnings\u00adzie\u00adle ein\u00adrich\u00adten und dich auch hier von dei\u00adner Smart\u00adwatch benach\u00adrich\u00adti\u00adgen las\u00adsen, wenn du die\u00adse ent\u00adwe\u00adder \u00fcber- oder unter\u00adschrei\u00adtest. Im Tri\u00adath\u00adlon\u00admo\u00addus erkennt die Watch die Sport\u00adart \u2013 Schwim\u00admen, Lau\u00adfen oder Rad\u00adfah\u00adren \u2013 und wech\u00adselt auto\u00adma\u00adtisch den Trai\u00adnings\u00admo\u00addus. Auch neu: Car\u00addio Reco\u00advery \u2013 ein n\u00fctz\u00adli\u00adcher Fit\u00adness\u00adwert, der als Anhalts\u00adpunkt f\u00fcr die kar\u00addio\u00advas\u00adku\u00adl\u00e4\u00adre (also das Herz und das Gef\u00e4\u00df\u00adsys\u00adtem betref\u00adfen\u00adde) Gesund\u00adheit die\u00adnen&nbsp;kann.<\/p>\n\n\t\t<\/div>\n\t<\/div>\n<\/div><\/div><\/div><\/div><div class=\"vc_row wpb_row vc_row-fluid\"><div class=\"wpb_column vc_column_container vc_col-sm-12\"><div class=\"vc_column-inner\"><div class=\"wpb_wrapper\">  <div class=\"slick-gallery-wrapper \" data-number-of-slides=\"3\">\n    <div class=\"slick-gallery should-lightbox noautoplay\" id=\"slick_gallery_VwsVOCfqiQtqzkqxjAv8\">\n              <figure>\n  <div class=\"img-small-container\">\n    <div class=\"img-small-hover-background\"><\/div>\n    <picture>\n                                        <source srcset=\"https:\/\/www.otto.de\/updated\/app\/uploads\/2022\/06\/Apple-WWDC22-watchOS-9-Multisport-workout-Swim-220606-1080x615.png\" media=\"(max-width: 360px) and (-webkit-min-device-pixel-ratio: 2.5)\">\n                          <source srcset=\"https:\/\/www.otto.de\/updated\/app\/uploads\/2022\/06\/Apple-WWDC22-watchOS-9-Multisport-workout-Swim-220606-720x410.png\" media=\"(max-width: 360px) and (-webkit-min-device-pixel-ratio: 1.5)\">\n                          <source srcset=\"https:\/\/www.otto.de\/updated\/app\/uploads\/2022\/06\/Apple-WWDC22-watchOS-9-Multisport-workout-Swim-220606-360x205.png\" media=\"(max-width: 360px)\">\n                            <source srcset=\"https:\/\/www.otto.de\/updated\/app\/uploads\/2022\/06\/Apple-WWDC22-watchOS-9-Multisport-workout-Swim-220606.png\" media=\"(max-width: 560px) and (-webkit-min-device-pixel-ratio: 2.5)\">\n                          <source srcset=\"https:\/\/www.otto.de\/updated\/app\/uploads\/2022\/06\/Apple-WWDC22-watchOS-9-Multisport-workout-Swim-220606-1120x630.png\" media=\"(max-width: 560px) and (-webkit-min-device-pixel-ratio: 1.5)\">\n                          <source srcset=\"https:\/\/www.otto.de\/updated\/app\/uploads\/2022\/06\/Apple-WWDC22-watchOS-9-Multisport-workout-Swim-220606-560x315.png\" media=\"(max-width: 560px)\">\n                            <source srcset=\"https:\/\/www.otto.de\/updated\/app\/uploads\/2022\/06\/Apple-WWDC22-watchOS-9-Multisport-workout-Swim-220606.png\" media=\"(max-width: 767px) and (-webkit-min-device-pixel-ratio: 2.5)\">\n                          <source srcset=\"https:\/\/www.otto.de\/updated\/app\/uploads\/2022\/06\/Apple-WWDC22-watchOS-9-Multisport-workout-Swim-220606.png\" media=\"(max-width: 767px) and (-webkit-min-device-pixel-ratio: 1.5)\">\n                          <source srcset=\"https:\/\/www.otto.de\/updated\/app\/uploads\/2022\/06\/Apple-WWDC22-watchOS-9-Multisport-workout-Swim-220606-768x432.png\" media=\"(max-width: 767px)\">\n                            <source srcset=\"https:\/\/www.otto.de\/updated\/app\/uploads\/2022\/06\/Apple-WWDC22-watchOS-9-Multisport-workout-Swim-220606.png\" media=\"(max-width: 991px) and (-webkit-min-device-pixel-ratio: 2.5)\">\n                          <source srcset=\"https:\/\/www.otto.de\/updated\/app\/uploads\/2022\/06\/Apple-WWDC22-watchOS-9-Multisport-workout-Swim-220606-1120x630.png\" media=\"(max-width: 991px) and (-webkit-min-device-pixel-ratio: 1.5)\">\n                          <source srcset=\"https:\/\/www.otto.de\/updated\/app\/uploads\/2022\/06\/Apple-WWDC22-watchOS-9-Multisport-workout-Swim-220606-560x315.png\" media=\"(max-width: 991px)\">\n        <source srcset=\"https:\/\/www.otto.de\/updated\/app\/uploads\/2022\/06\/Apple-WWDC22-watchOS-9-Multisport-workout-Swim-220606.png\" media=\"(-webkit-min-device-pixel-ratio: 2.5)\">\n  <source srcset=\"https:\/\/www.otto.de\/updated\/app\/uploads\/2022\/06\/Apple-WWDC22-watchOS-9-Multisport-workout-Swim-220606.png\" media=\"(-webkit-min-device-pixel-ratio: 1.5)\">\n  <img loading=\"lazy\" decoding=\"async\" src=\"https:\/\/www.otto.de\/updated\/app\/uploads\/2022\/06\/Apple-WWDC22-watchOS-9-Multisport-workout-Swim-220606-768x432.png\" width=\"768\" height=\"432\" title=\"watchOS 9\" alt=\"Screenshot von watchOS 9, auf dem gerade Schwimmen getrackt wird.\" class=\"img-responsive img-small\" data-copyright=\"\u00a9 2022 Apple\" data-post-excerpt=\"Die Apple Watch erkennt unter watchOS 9, ob du einen Triathlon absolvierst.\" data-light-value=\"light\" data-zoom-width=\"1536\" data-zoom-height=\"864\" data-zoom-src=\"https:\/\/www.otto.de\/updated\/app\/uploads\/2022\/06\/Apple-WWDC22-watchOS-9-Multisport-workout-Swim-220606.png\">\n                    <div class=\"caption light\">\n          <small>\n            \u00a9 2022&nbsp;Apple&nbsp;<\/small>\n        <\/div>\n          <\/picture>\n  <\/div>\n      <figcaption class=\"post-excerpt\">\n      Die Apple Watch erkennt unter wat\u00adchOS 9, ob du einen Tri\u00adath\u00adlon absolvierst.&nbsp;<\/figcaption>\n  <\/figure>\n              <figure>\n  <div class=\"img-small-container\">\n    <div class=\"img-small-hover-background\"><\/div>\n    <picture>\n                                        <source srcset=\"https:\/\/www.otto.de\/updated\/app\/uploads\/2022\/06\/Apple-WWDC22-watchOS-9-Multisport-workout-Run-220606-1080x615.png\" media=\"(max-width: 360px) and (-webkit-min-device-pixel-ratio: 2.5)\">\n                          <source srcset=\"https:\/\/www.otto.de\/updated\/app\/uploads\/2022\/06\/Apple-WWDC22-watchOS-9-Multisport-workout-Run-220606-720x410.png\" media=\"(max-width: 360px) and (-webkit-min-device-pixel-ratio: 1.5)\">\n                          <source srcset=\"https:\/\/www.otto.de\/updated\/app\/uploads\/2022\/06\/Apple-WWDC22-watchOS-9-Multisport-workout-Run-220606-360x205.png\" media=\"(max-width: 360px)\">\n                            <source srcset=\"https:\/\/www.otto.de\/updated\/app\/uploads\/2022\/06\/Apple-WWDC22-watchOS-9-Multisport-workout-Run-220606.png\" media=\"(max-width: 560px) and (-webkit-min-device-pixel-ratio: 2.5)\">\n                          <source srcset=\"https:\/\/www.otto.de\/updated\/app\/uploads\/2022\/06\/Apple-WWDC22-watchOS-9-Multisport-workout-Run-220606-1120x630.png\" media=\"(max-width: 560px) and (-webkit-min-device-pixel-ratio: 1.5)\">\n                          <source srcset=\"https:\/\/www.otto.de\/updated\/app\/uploads\/2022\/06\/Apple-WWDC22-watchOS-9-Multisport-workout-Run-220606-560x315.png\" media=\"(max-width: 560px)\">\n                            <source srcset=\"https:\/\/www.otto.de\/updated\/app\/uploads\/2022\/06\/Apple-WWDC22-watchOS-9-Multisport-workout-Run-220606.png\" media=\"(max-width: 767px) and (-webkit-min-device-pixel-ratio: 2.5)\">\n                          <source srcset=\"https:\/\/www.otto.de\/updated\/app\/uploads\/2022\/06\/Apple-WWDC22-watchOS-9-Multisport-workout-Run-220606.png\" media=\"(max-width: 767px) and (-webkit-min-device-pixel-ratio: 1.5)\">\n                          <source srcset=\"https:\/\/www.otto.de\/updated\/app\/uploads\/2022\/06\/Apple-WWDC22-watchOS-9-Multisport-workout-Run-220606-768x432.png\" media=\"(max-width: 767px)\">\n                            <source srcset=\"https:\/\/www.otto.de\/updated\/app\/uploads\/2022\/06\/Apple-WWDC22-watchOS-9-Multisport-workout-Run-220606.png\" media=\"(max-width: 991px) and (-webkit-min-device-pixel-ratio: 2.5)\">\n                          <source srcset=\"https:\/\/www.otto.de\/updated\/app\/uploads\/2022\/06\/Apple-WWDC22-watchOS-9-Multisport-workout-Run-220606-1120x630.png\" media=\"(max-width: 991px) and (-webkit-min-device-pixel-ratio: 1.5)\">\n                          <source srcset=\"https:\/\/www.otto.de\/updated\/app\/uploads\/2022\/06\/Apple-WWDC22-watchOS-9-Multisport-workout-Run-220606-560x315.png\" media=\"(max-width: 991px)\">\n        <source srcset=\"https:\/\/www.otto.de\/updated\/app\/uploads\/2022\/06\/Apple-WWDC22-watchOS-9-Multisport-workout-Run-220606.png\" media=\"(-webkit-min-device-pixel-ratio: 2.5)\">\n  <source srcset=\"https:\/\/www.otto.de\/updated\/app\/uploads\/2022\/06\/Apple-WWDC22-watchOS-9-Multisport-workout-Run-220606.png\" media=\"(-webkit-min-device-pixel-ratio: 1.5)\">\n  <img loading=\"lazy\" decoding=\"async\" src=\"https:\/\/www.otto.de\/updated\/app\/uploads\/2022\/06\/Apple-WWDC22-watchOS-9-Multisport-workout-Run-220606-768x432.png\" width=\"768\" height=\"432\" title=\"watchOS 9\" alt=\"Screenshot von watchOS 9, auf dem gerade eine Laufen getrackt wird.\" class=\"img-responsive img-small\" data-copyright=\"\u00a9 2022 Apple\" data-post-excerpt=\"Bei einem Triathlon erkennt die Apple Watch die jeweilige Sportart selbstst\u00e4ndig.\" data-light-value=\"light\" data-zoom-width=\"1536\" data-zoom-height=\"864\" data-zoom-src=\"https:\/\/www.otto.de\/updated\/app\/uploads\/2022\/06\/Apple-WWDC22-watchOS-9-Multisport-workout-Run-220606.png\">\n                    <div class=\"caption light\">\n          <small>\n            \u00a9 2022&nbsp;Apple&nbsp;<\/small>\n        <\/div>\n          <\/picture>\n  <\/div>\n      <figcaption class=\"post-excerpt\">\n      Bei einem Tri\u00adath\u00adlon erkennt die Apple Watch die jewei\u00adli\u00adge Sport\u00adart selbstst\u00e4ndig.&nbsp;<\/figcaption>\n  <\/figure>\n              <figure>\n  <div class=\"img-small-container\">\n    <div class=\"img-small-hover-background\"><\/div>\n    <picture>\n                                        <source srcset=\"https:\/\/www.otto.de\/updated\/app\/uploads\/2022\/06\/Apple-WWDC22-watchOS-9-Multisport-workout-Cycle-220606-1080x615.png\" media=\"(max-width: 360px) and (-webkit-min-device-pixel-ratio: 2.5)\">\n                          <source srcset=\"https:\/\/www.otto.de\/updated\/app\/uploads\/2022\/06\/Apple-WWDC22-watchOS-9-Multisport-workout-Cycle-220606-720x410.png\" media=\"(max-width: 360px) and (-webkit-min-device-pixel-ratio: 1.5)\">\n                          <source srcset=\"https:\/\/www.otto.de\/updated\/app\/uploads\/2022\/06\/Apple-WWDC22-watchOS-9-Multisport-workout-Cycle-220606-360x205.png\" media=\"(max-width: 360px)\">\n                            <source srcset=\"https:\/\/www.otto.de\/updated\/app\/uploads\/2022\/06\/Apple-WWDC22-watchOS-9-Multisport-workout-Cycle-220606.png\" media=\"(max-width: 560px) and (-webkit-min-device-pixel-ratio: 2.5)\">\n                          <source srcset=\"https:\/\/www.otto.de\/updated\/app\/uploads\/2022\/06\/Apple-WWDC22-watchOS-9-Multisport-workout-Cycle-220606-1120x630.png\" media=\"(max-width: 560px) and (-webkit-min-device-pixel-ratio: 1.5)\">\n                          <source srcset=\"https:\/\/www.otto.de\/updated\/app\/uploads\/2022\/06\/Apple-WWDC22-watchOS-9-Multisport-workout-Cycle-220606-560x315.png\" media=\"(max-width: 560px)\">\n                            <source srcset=\"https:\/\/www.otto.de\/updated\/app\/uploads\/2022\/06\/Apple-WWDC22-watchOS-9-Multisport-workout-Cycle-220606.png\" media=\"(max-width: 767px) and (-webkit-min-device-pixel-ratio: 2.5)\">\n                          <source srcset=\"https:\/\/www.otto.de\/updated\/app\/uploads\/2022\/06\/Apple-WWDC22-watchOS-9-Multisport-workout-Cycle-220606.png\" media=\"(max-width: 767px) and (-webkit-min-device-pixel-ratio: 1.5)\">\n                          <source srcset=\"https:\/\/www.otto.de\/updated\/app\/uploads\/2022\/06\/Apple-WWDC22-watchOS-9-Multisport-workout-Cycle-220606-768x432.png\" media=\"(max-width: 767px)\">\n                            <source srcset=\"https:\/\/www.otto.de\/updated\/app\/uploads\/2022\/06\/Apple-WWDC22-watchOS-9-Multisport-workout-Cycle-220606.png\" media=\"(max-width: 991px) and (-webkit-min-device-pixel-ratio: 2.5)\">\n                          <source srcset=\"https:\/\/www.otto.de\/updated\/app\/uploads\/2022\/06\/Apple-WWDC22-watchOS-9-Multisport-workout-Cycle-220606-1120x630.png\" media=\"(max-width: 991px) and (-webkit-min-device-pixel-ratio: 1.5)\">\n                          <source srcset=\"https:\/\/www.otto.de\/updated\/app\/uploads\/2022\/06\/Apple-WWDC22-watchOS-9-Multisport-workout-Cycle-220606-560x315.png\" media=\"(max-width: 991px)\">\n        <source srcset=\"https:\/\/www.otto.de\/updated\/app\/uploads\/2022\/06\/Apple-WWDC22-watchOS-9-Multisport-workout-Cycle-220606.png\" media=\"(-webkit-min-device-pixel-ratio: 2.5)\">\n  <source srcset=\"https:\/\/www.otto.de\/updated\/app\/uploads\/2022\/06\/Apple-WWDC22-watchOS-9-Multisport-workout-Cycle-220606.png\" media=\"(-webkit-min-device-pixel-ratio: 1.5)\">\n  <img loading=\"lazy\" decoding=\"async\" src=\"https:\/\/www.otto.de\/updated\/app\/uploads\/2022\/06\/Apple-WWDC22-watchOS-9-Multisport-workout-Cycle-220606-768x432.png\" width=\"768\" height=\"432\" title=\"watchOS 9\" alt=\"Screenshot von watchOS 9, auf dem gerade eine Radfahren getrackt wird.\" class=\"img-responsive img-small\" data-copyright=\"\u00a9 2022 Apple\" data-post-excerpt=\"Wie \u00fcblich hat sich Apple beim OS-Update vor allem um die Fitness- und Gesundheitsfunktionen gek\u00fcmmert.\" data-light-value=\"light\" data-zoom-width=\"1536\" data-zoom-height=\"864\" data-zoom-src=\"https:\/\/www.otto.de\/updated\/app\/uploads\/2022\/06\/Apple-WWDC22-watchOS-9-Multisport-workout-Cycle-220606.png\">\n                    <div class=\"caption light\">\n          <small>\n            \u00a9 2022&nbsp;Apple&nbsp;<\/small>\n        <\/div>\n          <\/picture>\n  <\/div>\n      <figcaption class=\"post-excerpt\">\n      Wie \u00fcblich hat sich Apple beim OS-Update vor allem um die Fit\u00adness- und Gesund\u00adheits\u00adfunk\u00adtio\u00adnen gek\u00fcmmert.&nbsp;<\/figcaption>\n  <\/figure>\n          <\/div>\n    <div class=\"progress-bars\"><\/div>\n    <div class=\"zoom-icon-wrapper\">\n      <div class=\"zoom-icon\"><\/div>\n    <\/div>\n  <\/div>\n<\/div><\/div><\/div><\/div><div class=\"vc_row wpb_row vc_row-fluid\"><div class=\"wpb_column vc_column_container vc_col-sm-12\"><div class=\"vc_column-inner\"><div class=\"wpb_wrapper\"><div class=\"headline toc--item\"><a name=\"schlafphasen-und-herzrhythmus-werden-genauer-protokolliert\"><\/a><h2>Schlaf\u00adpha\u00adsen und Herz\u00adrhyth\u00admus wer\u00adden genau\u00ader protokolliert<\/h2><\/div><\/div><\/div><\/div><\/div><div class=\"vc_row wpb_row vc_row-fluid\"><div class=\"wpb_column vc_column_container vc_col-sm-12\"><div class=\"vc_column-inner\"><div class=\"wpb_wrapper\">\n\t<div class=\"wpb_text_column wpb_content_element\">\n\t\t<div class=\"wpb_wrapper\">\n\t\t\t<p><span class=\"TextRun SCXW64568763 BCX0\" lang=\"DE-DE\" xml:lang=\"DE-DE\" data-contrast=\"none\"><span class=\"NormalTextRun SCXW64568763 BCX0\">Auch die Schlaf\u00ad\u00fcber\u00adwa\u00adchung hat Apple opti\u00admiert: Die Apple Watch erfasst nicht mehr <\/span><span class=\"NormalTextRun SCXW64568763 BCX0\">aus\u00adschlie\u00df\u00adlich d<\/span><span class=\"NormalTextRun SCXW64568763 BCX0\">ie Dau\u00ader dei\u00adnes Schlafs, son\u00addern auch ein\u00adzel\u00adne Schlaf\u00adpha\u00adsen <\/span><span class=\"NormalTextRun SCXW64568763 BCX0\">\u2013 <\/span><span class=\"NormalTextRun SCXW64568763 BCX0\">und erm\u00f6g\u00adlicht so noch genaue\u00adre Ein\u00adbli\u00adcke. Seit der Apple Watch Series 4 kann die smar\u00adte Uhr auch ein EKG anle\u00adgen. Die\u00adse Funk\u00adti\u00adon hat Apple mit der neu\u00aden Ver\u00adsi\u00adon von <\/span><span class=\"NormalTextRun SpellingErrorV2Themed SCXW64568763 BCX0\">wat\u00adchOS<\/span><span class=\"NormalTextRun SCXW64568763 BCX0\"> noch ein\u00admal ver\u00adbes\u00adsert<\/span><span class=\"NormalTextRun SCXW64568763 BCX0\">. S<\/span><span class=\"NormalTextRun SCXW64568763 BCX0\">ie <\/span><span class=\"NormalTextRun SCXW64568763 BCX0\">kann nun <\/span><span class=\"NormalTextRun SCXW64568763 BCX0\">den Herz\u00adrhyth\u00admus dau\u00ader\u00adhaft \u00fcber\u00adwa\u00adchen, um Hin\u00adwei\u00adse auf das gef\u00e4hr\u00adli\u00adche Vor\u00adhof\u00adflim\u00admern zu pro\u00adto\u00adkol\u00adlie\u00adren. Die\u00adse Funk\u00adti\u00adon wur\u00adde von der US-ame\u00adri\u00adka\u00adni\u00adschen Food and Drug Admi\u00adnis\u00adtra\u00adti\u00adon (FDA) <\/span><span class=\"NormalTextRun SCXW64568763 BCX0\">gepr\u00fcft und <\/span><span class=\"NormalTextRun SCXW64568763 BCX0\">frei\u00adge\u00adge\u00adben.&nbsp;<\/span><\/span><\/p>\n\n\t\t<\/div>\n\t<\/div>\n<\/div><\/div><\/div><\/div><div class=\"vc_row wpb_row vc_row-fluid\"><div class=\"wpb_column vc_column_container vc_col-sm-12\"><div class=\"vc_column-inner\"><div class=\"wpb_wrapper\"><div class=\"headline toc--item\"><a name=\"medikation-app-mit-zusatzinfos-zu-arzneimitteln\"><\/a><h2>Medi\u00adka\u00adti\u00adon-App mit Zusatz\u00adin\u00adfos zu Arzneimitteln<\/h2><\/div><\/div><\/div><\/div><\/div><div class=\"vc_row wpb_row vc_row-fluid\"><div class=\"wpb_column vc_column_container vc_col-sm-12\"><div class=\"vc_column-inner\"><div class=\"wpb_wrapper\">\n\t<div class=\"wpb_text_column wpb_content_element\">\n\t\t<div class=\"wpb_wrapper\">\n\t\t\t<p><span class=\"TextRun SCXW211486837 BCX0\" lang=\"DE-DE\" xml:lang=\"DE-DE\" data-contrast=\"none\"><span class=\"NormalTextRun SCXW211486837 BCX0\">Neu an Bord ist auch die neue <\/span><span class=\"NormalTextRun SpellingErrorV2Themed SCXW211486837 BCX0\">Medi\u00adka\u00adti\u00adons<\/span><span class=\"NormalTextRun SCXW211486837 BCX0\">-<\/span><span class=\"NormalTextRun SCXW211486837 BCX0\">App. Damit k\u00f6n\u00adnen Nutzer*innen ihre Medi\u00adka\u00admen\u00adten\u00adver\u00adord\u00adnun\u00adgen ver\u00adwal\u00adten. Die Uhr erin\u00adnert au\u00dfer\u00addem an die Ein\u00adnah\u00adme von Medi\u00adka\u00admen\u00adten, Vit\u00adami\u00adnen und Nah\u00adrungs\u00ader\u00adg\u00e4n\u00adzungs\u00admit\u00adteln. Dane\u00adben infor\u00admiert sie \u00fcber Wech\u00adsel\u00adwir\u00adkun\u00adgen mit ande\u00adren Stof\u00adfen, Tablet\u00adten oder Lebens\u00admit\u00adteln.<\/span><\/span><span class=\"EOP SCXW211486837 BCX0\" data-ccp-props=\"{}\">&nbsp;<\/span><\/p>\n\n\t\t<\/div>\n\t<\/div>\n<\/div><\/div><\/div><\/div><div class=\"vc_row wpb_row vc_row-fluid\"><div class=\"wpb_column vc_column_container vc_col-sm-12\"><div class=\"vc_column-inner\"><div class=\"wpb_wrapper\"><div class=\"headline toc--item\"><a name=\"fernsteuerung-per-apple-watch-mirroring\"><\/a><h2>Fern\u00adsteue\u00adrung per Apple Watch Mirroring<\/h2><\/div><\/div><\/div><\/div><\/div><div class=\"vc_row wpb_row vc_row-fluid\"><div class=\"wpb_column vc_column_container vc_col-sm-12\"><div class=\"vc_column-inner\"><div class=\"wpb_wrapper\">\n\t<div class=\"wpb_text_column wpb_content_element\">\n\t\t<div class=\"wpb_wrapper\">\n\t\t\t<p><span class=\"TextRun SCXW116989817 BCX0\" lang=\"DE-DE\" xml:lang=\"DE-DE\" data-contrast=\"none\"><span class=\"NormalTextRun SCXW116989817 BCX0\">Apple Watch <\/span><span class=\"NormalTextRun SpellingErrorV2Themed SCXW116989817 BCX0\">Mir\u00adro\u00adring<\/span><span class=\"NormalTextRun SCXW116989817 BCX0\"> soll die Apple Watch f\u00fcr Men\u00adschen mit k\u00f6r\u00adper\u00adli\u00adchen und moto\u00adri\u00adschen Ein\u00adschr\u00e4n\u00adkun\u00adgen <\/span><span class=\"NormalTextRun SCXW116989817 BCX0\">bes\u00adser zug\u00e4ng\u00adlich <\/span><span class=\"NormalTextRun SCXW116989817 BCX0\">machen. Mit der neu\u00aden Funk\u00adti\u00adon l\u00e4sst sich die <\/span><span class=\"NormalTextRun SCXW116989817 BCX0\">Uhr<\/span> <span class=\"NormalTextRun SCXW116989817 BCX0\">nun <\/span><span class=\"NormalTextRun SCXW116989817 BCX0\">auch \u00fcber ein ver\u00adbun\u00adde\u00adnes iPho\u00adne fern\u00adsteu\u00adern. Die Funk\u00adti\u00adon akti\u00adviert auch die Bedie\u00adnungs\u00adhil\u00adfen des iPho\u00adne<\/span><span class=\"NormalTextRun SCXW116989817 BCX0\">s<\/span><span class=\"NormalTextRun SCXW116989817 BCX0\"> f\u00fcr die Apple Watch. Dazu geh\u00f6\u00adren Sprach\u00adsteue\u00adrung und Schal\u00adter\u00adsteue\u00adrung.<\/span><\/span><span class=\"EOP SCXW116989817 BCX0\" data-ccp-props=\"{}\">&nbsp;<\/span><\/p>\n\n\t\t<\/div>\n\t<\/div>\n<\/div><\/div><\/div><\/div><div class=\"vc_row wpb_row vc_row-fluid\"><div class=\"wpb_column vc_column_container vc_col-sm-12\"><div class=\"vc_column-inner\"><div class=\"wpb_wrapper\">  <div class=\"slick-gallery-wrapper \" data-number-of-slides=\"3\">\n    <div class=\"slick-gallery should-lightbox noautoplay\" id=\"slick_gallery_jnsObVJBCCHw2KLBFY7y\">\n              <figure>\n  <div class=\"img-small-container\">\n    <div class=\"img-small-hover-background\"><\/div>\n    <picture>\n                                        <source srcset=\"https:\/\/www.otto.de\/updated\/app\/uploads\/2022\/06\/Apple-WWDC22-watchOS-9-iPhone13Pro-Medications-schedules-220606-1080x615.png\" media=\"(max-width: 360px) and (-webkit-min-device-pixel-ratio: 2.5)\">\n                          <source srcset=\"https:\/\/www.otto.de\/updated\/app\/uploads\/2022\/06\/Apple-WWDC22-watchOS-9-iPhone13Pro-Medications-schedules-220606-720x410.png\" media=\"(max-width: 360px) and (-webkit-min-device-pixel-ratio: 1.5)\">\n                          <source srcset=\"https:\/\/www.otto.de\/updated\/app\/uploads\/2022\/06\/Apple-WWDC22-watchOS-9-iPhone13Pro-Medications-schedules-220606-360x205.png\" media=\"(max-width: 360px)\">\n                            <source srcset=\"https:\/\/www.otto.de\/updated\/app\/uploads\/2022\/06\/Apple-WWDC22-watchOS-9-iPhone13Pro-Medications-schedules-220606.png\" media=\"(max-width: 560px) and (-webkit-min-device-pixel-ratio: 2.5)\">\n                          <source srcset=\"https:\/\/www.otto.de\/updated\/app\/uploads\/2022\/06\/Apple-WWDC22-watchOS-9-iPhone13Pro-Medications-schedules-220606-1120x630.png\" media=\"(max-width: 560px) and (-webkit-min-device-pixel-ratio: 1.5)\">\n                          <source srcset=\"https:\/\/www.otto.de\/updated\/app\/uploads\/2022\/06\/Apple-WWDC22-watchOS-9-iPhone13Pro-Medications-schedules-220606-560x315.png\" media=\"(max-width: 560px)\">\n                            <source srcset=\"https:\/\/www.otto.de\/updated\/app\/uploads\/2022\/06\/Apple-WWDC22-watchOS-9-iPhone13Pro-Medications-schedules-220606.png\" media=\"(max-width: 767px) and (-webkit-min-device-pixel-ratio: 2.5)\">\n                          <source srcset=\"https:\/\/www.otto.de\/updated\/app\/uploads\/2022\/06\/Apple-WWDC22-watchOS-9-iPhone13Pro-Medications-schedules-220606.png\" media=\"(max-width: 767px) and (-webkit-min-device-pixel-ratio: 1.5)\">\n                          <source srcset=\"https:\/\/www.otto.de\/updated\/app\/uploads\/2022\/06\/Apple-WWDC22-watchOS-9-iPhone13Pro-Medications-schedules-220606-768x432.png\" media=\"(max-width: 767px)\">\n                            <source srcset=\"https:\/\/www.otto.de\/updated\/app\/uploads\/2022\/06\/Apple-WWDC22-watchOS-9-iPhone13Pro-Medications-schedules-220606.png\" media=\"(max-width: 991px) and (-webkit-min-device-pixel-ratio: 2.5)\">\n                          <source srcset=\"https:\/\/www.otto.de\/updated\/app\/uploads\/2022\/06\/Apple-WWDC22-watchOS-9-iPhone13Pro-Medications-schedules-220606-1120x630.png\" media=\"(max-width: 991px) and (-webkit-min-device-pixel-ratio: 1.5)\">\n                          <source srcset=\"https:\/\/www.otto.de\/updated\/app\/uploads\/2022\/06\/Apple-WWDC22-watchOS-9-iPhone13Pro-Medications-schedules-220606-560x315.png\" media=\"(max-width: 991px)\">\n        <source srcset=\"https:\/\/www.otto.de\/updated\/app\/uploads\/2022\/06\/Apple-WWDC22-watchOS-9-iPhone13Pro-Medications-schedules-220606.png\" media=\"(-webkit-min-device-pixel-ratio: 2.5)\">\n  <source srcset=\"https:\/\/www.otto.de\/updated\/app\/uploads\/2022\/06\/Apple-WWDC22-watchOS-9-iPhone13Pro-Medications-schedules-220606.png\" media=\"(-webkit-min-device-pixel-ratio: 1.5)\">\n  <img loading=\"lazy\" decoding=\"async\" src=\"https:\/\/www.otto.de\/updated\/app\/uploads\/2022\/06\/Apple-WWDC22-watchOS-9-iPhone13Pro-Medications-schedules-220606-768x432.png\" width=\"768\" height=\"432\" title=\"watchOS 9\" alt=\"Foto einer Apple Watch und eines iPhone 13 Pro, auf denen Screenshots der neuen Medikations-App zu sehen sind.\" class=\"img-responsive img-small\" data-copyright=\"\u00a9 2022 Apple\" data-post-excerpt=\"Apple Watch und iPhone erinnern dich ab Herbst daran, deine Medikamente einzunehmen.\" data-light-value=\"light\" data-zoom-width=\"1536\" data-zoom-height=\"864\" data-zoom-src=\"https:\/\/www.otto.de\/updated\/app\/uploads\/2022\/06\/Apple-WWDC22-watchOS-9-iPhone13Pro-Medications-schedules-220606.png\">\n                    <div class=\"caption light\">\n          <small>\n            \u00a9 2022&nbsp;Apple&nbsp;<\/small>\n        <\/div>\n          <\/picture>\n  <\/div>\n      <figcaption class=\"post-excerpt\">\n      Apple Watch und iPho\u00adne erin\u00adnern dich ab Herbst dar\u00adan, dei\u00adne Medi\u00adka\u00admen\u00adte einzunehmen.&nbsp;<\/figcaption>\n  <\/figure>\n              <figure>\n  <div class=\"img-small-container\">\n    <div class=\"img-small-hover-background\"><\/div>\n    <picture>\n                                        <source srcset=\"https:\/\/www.otto.de\/updated\/app\/uploads\/2022\/06\/Apple-WWDC22-watchOS-9-iPhone13Pro-Sleep-Stages-220606-1080x615.png\" media=\"(max-width: 360px) and (-webkit-min-device-pixel-ratio: 2.5)\">\n                          <source srcset=\"https:\/\/www.otto.de\/updated\/app\/uploads\/2022\/06\/Apple-WWDC22-watchOS-9-iPhone13Pro-Sleep-Stages-220606-720x410.png\" media=\"(max-width: 360px) and (-webkit-min-device-pixel-ratio: 1.5)\">\n                          <source srcset=\"https:\/\/www.otto.de\/updated\/app\/uploads\/2022\/06\/Apple-WWDC22-watchOS-9-iPhone13Pro-Sleep-Stages-220606-360x205.png\" media=\"(max-width: 360px)\">\n                            <source srcset=\"https:\/\/www.otto.de\/updated\/app\/uploads\/2022\/06\/Apple-WWDC22-watchOS-9-iPhone13Pro-Sleep-Stages-220606.png\" media=\"(max-width: 560px) and (-webkit-min-device-pixel-ratio: 2.5)\">\n                          <source srcset=\"https:\/\/www.otto.de\/updated\/app\/uploads\/2022\/06\/Apple-WWDC22-watchOS-9-iPhone13Pro-Sleep-Stages-220606-1120x630.png\" media=\"(max-width: 560px) and (-webkit-min-device-pixel-ratio: 1.5)\">\n                          <source srcset=\"https:\/\/www.otto.de\/updated\/app\/uploads\/2022\/06\/Apple-WWDC22-watchOS-9-iPhone13Pro-Sleep-Stages-220606-560x315.png\" media=\"(max-width: 560px)\">\n                            <source srcset=\"https:\/\/www.otto.de\/updated\/app\/uploads\/2022\/06\/Apple-WWDC22-watchOS-9-iPhone13Pro-Sleep-Stages-220606.png\" media=\"(max-width: 767px) and (-webkit-min-device-pixel-ratio: 2.5)\">\n                          <source srcset=\"https:\/\/www.otto.de\/updated\/app\/uploads\/2022\/06\/Apple-WWDC22-watchOS-9-iPhone13Pro-Sleep-Stages-220606.png\" media=\"(max-width: 767px) and (-webkit-min-device-pixel-ratio: 1.5)\">\n                          <source srcset=\"https:\/\/www.otto.de\/updated\/app\/uploads\/2022\/06\/Apple-WWDC22-watchOS-9-iPhone13Pro-Sleep-Stages-220606-768x432.png\" media=\"(max-width: 767px)\">\n                            <source srcset=\"https:\/\/www.otto.de\/updated\/app\/uploads\/2022\/06\/Apple-WWDC22-watchOS-9-iPhone13Pro-Sleep-Stages-220606.png\" media=\"(max-width: 991px) and (-webkit-min-device-pixel-ratio: 2.5)\">\n                          <source srcset=\"https:\/\/www.otto.de\/updated\/app\/uploads\/2022\/06\/Apple-WWDC22-watchOS-9-iPhone13Pro-Sleep-Stages-220606-1120x630.png\" media=\"(max-width: 991px) and (-webkit-min-device-pixel-ratio: 1.5)\">\n                          <source srcset=\"https:\/\/www.otto.de\/updated\/app\/uploads\/2022\/06\/Apple-WWDC22-watchOS-9-iPhone13Pro-Sleep-Stages-220606-560x315.png\" media=\"(max-width: 991px)\">\n        <source srcset=\"https:\/\/www.otto.de\/updated\/app\/uploads\/2022\/06\/Apple-WWDC22-watchOS-9-iPhone13Pro-Sleep-Stages-220606.png\" media=\"(-webkit-min-device-pixel-ratio: 2.5)\">\n  <source srcset=\"https:\/\/www.otto.de\/updated\/app\/uploads\/2022\/06\/Apple-WWDC22-watchOS-9-iPhone13Pro-Sleep-Stages-220606.png\" media=\"(-webkit-min-device-pixel-ratio: 1.5)\">\n  <img loading=\"lazy\" decoding=\"async\" src=\"https:\/\/www.otto.de\/updated\/app\/uploads\/2022\/06\/Apple-WWDC22-watchOS-9-iPhone13Pro-Sleep-Stages-220606-768x432.png\" width=\"768\" height=\"432\" title=\"watchOS 9\" alt=\"Foto einer Apple Watch und eines iPhone 13 Pro. Auf beiden sind Screenshots der \u00fcberarbeiteten Schlaf\u00fcberwachung zu sehen.\" class=\"img-responsive img-small\" data-copyright=\"\u00a9 2022 Apple\" data-post-excerpt=\"Fortan erkennt die Apple Watch nicht nur, wie lange du geschlafen hast, sondern auch, in welchen Schlafphasen.\" data-light-value=\"light\" data-zoom-width=\"1536\" data-zoom-height=\"864\" data-zoom-src=\"https:\/\/www.otto.de\/updated\/app\/uploads\/2022\/06\/Apple-WWDC22-watchOS-9-iPhone13Pro-Sleep-Stages-220606.png\">\n                    <div class=\"caption light\">\n          <small>\n            \u00a9 2022&nbsp;Apple&nbsp;<\/small>\n        <\/div>\n          <\/picture>\n  <\/div>\n      <figcaption class=\"post-excerpt\">\n      Fort\u00adan erkennt die Apple Watch nicht nur, wie lan\u00adge du geschla\u00adfen hast, son\u00addern auch, in wel\u00adchen Schlafphasen.&nbsp;<\/figcaption>\n  <\/figure>\n              <figure>\n  <div class=\"img-small-container\">\n    <div class=\"img-small-hover-background\"><\/div>\n    <picture>\n                                        <source srcset=\"https:\/\/www.otto.de\/updated\/app\/uploads\/2022\/06\/Apple-WWDC22-iPhone13Pro-Medications-interactions-220606-1080x615.png\" media=\"(max-width: 360px) and (-webkit-min-device-pixel-ratio: 2.5)\">\n                          <source srcset=\"https:\/\/www.otto.de\/updated\/app\/uploads\/2022\/06\/Apple-WWDC22-iPhone13Pro-Medications-interactions-220606-720x410.png\" media=\"(max-width: 360px) and (-webkit-min-device-pixel-ratio: 1.5)\">\n                          <source srcset=\"https:\/\/www.otto.de\/updated\/app\/uploads\/2022\/06\/Apple-WWDC22-iPhone13Pro-Medications-interactions-220606-360x205.png\" media=\"(max-width: 360px)\">\n                            <source srcset=\"https:\/\/www.otto.de\/updated\/app\/uploads\/2022\/06\/Apple-WWDC22-iPhone13Pro-Medications-interactions-220606.png\" media=\"(max-width: 560px) and (-webkit-min-device-pixel-ratio: 2.5)\">\n                          <source srcset=\"https:\/\/www.otto.de\/updated\/app\/uploads\/2022\/06\/Apple-WWDC22-iPhone13Pro-Medications-interactions-220606-1120x630.png\" media=\"(max-width: 560px) and (-webkit-min-device-pixel-ratio: 1.5)\">\n                          <source srcset=\"https:\/\/www.otto.de\/updated\/app\/uploads\/2022\/06\/Apple-WWDC22-iPhone13Pro-Medications-interactions-220606-560x315.png\" media=\"(max-width: 560px)\">\n                            <source srcset=\"https:\/\/www.otto.de\/updated\/app\/uploads\/2022\/06\/Apple-WWDC22-iPhone13Pro-Medications-interactions-220606.png\" media=\"(max-width: 767px) and (-webkit-min-device-pixel-ratio: 2.5)\">\n                          <source srcset=\"https:\/\/www.otto.de\/updated\/app\/uploads\/2022\/06\/Apple-WWDC22-iPhone13Pro-Medications-interactions-220606.png\" media=\"(max-width: 767px) and (-webkit-min-device-pixel-ratio: 1.5)\">\n                          <source srcset=\"https:\/\/www.otto.de\/updated\/app\/uploads\/2022\/06\/Apple-WWDC22-iPhone13Pro-Medications-interactions-220606-768x432.png\" media=\"(max-width: 767px)\">\n                            <source srcset=\"https:\/\/www.otto.de\/updated\/app\/uploads\/2022\/06\/Apple-WWDC22-iPhone13Pro-Medications-interactions-220606.png\" media=\"(max-width: 991px) and (-webkit-min-device-pixel-ratio: 2.5)\">\n                          <source srcset=\"https:\/\/www.otto.de\/updated\/app\/uploads\/2022\/06\/Apple-WWDC22-iPhone13Pro-Medications-interactions-220606-1120x630.png\" media=\"(max-width: 991px) and (-webkit-min-device-pixel-ratio: 1.5)\">\n                          <source srcset=\"https:\/\/www.otto.de\/updated\/app\/uploads\/2022\/06\/Apple-WWDC22-iPhone13Pro-Medications-interactions-220606-560x315.png\" media=\"(max-width: 991px)\">\n        <source srcset=\"https:\/\/www.otto.de\/updated\/app\/uploads\/2022\/06\/Apple-WWDC22-iPhone13Pro-Medications-interactions-220606.png\" media=\"(-webkit-min-device-pixel-ratio: 2.5)\">\n  <source srcset=\"https:\/\/www.otto.de\/updated\/app\/uploads\/2022\/06\/Apple-WWDC22-iPhone13Pro-Medications-interactions-220606.png\" media=\"(-webkit-min-device-pixel-ratio: 1.5)\">\n  <img loading=\"lazy\" decoding=\"async\" src=\"https:\/\/www.otto.de\/updated\/app\/uploads\/2022\/06\/Apple-WWDC22-iPhone13Pro-Medications-interactions-220606-768x432.png\" width=\"768\" height=\"432\" title=\"watchOS 9 iOS 16\" alt=\"Foto eines iPhone 13 Pro, auf dem ein Screenshot der Medikations-App zu sehen ist.\" class=\"img-responsive img-small\" data-copyright=\"\u00a9 2022 Apple\" data-post-excerpt=\"Die Medikations-App sagt dir nicht nur, wann du deine Medikamente einnehmen musst, sondern informiert dich auch \u00fcber Neben- und Wechselwirkungen. \" data-light-value=\"light\" data-zoom-width=\"1536\" data-zoom-height=\"864\" data-zoom-src=\"https:\/\/www.otto.de\/updated\/app\/uploads\/2022\/06\/Apple-WWDC22-iPhone13Pro-Medications-interactions-220606.png\">\n                    <div class=\"caption light\">\n          <small>\n            \u00a9 2022&nbsp;Apple&nbsp;<\/small>\n        <\/div>\n          <\/picture>\n  <\/div>\n      <figcaption class=\"post-excerpt\">\n      Die Medi\u00adka\u00adti\u00adons-App sagt dir nicht nur, wann du dei\u00adne Medi\u00adka\u00admen\u00adte ein\u00adneh\u00admen musst, son\u00addern infor\u00admiert dich auch \u00fcber Neben- und Wechselwirkungen.&nbsp;<\/figcaption>\n  <\/figure>\n          <\/div>\n    <div class=\"progress-bars\"><\/div>\n    <div class=\"zoom-icon-wrapper\">\n      <div class=\"zoom-icon\"><\/div>\n    <\/div>\n  <\/div>\n<\/div><\/div><\/div><\/div><div class=\"vc_row wpb_row vc_row-fluid\"><div class=\"wpb_column vc_column_container vc_col-sm-12\"><div class=\"vc_column-inner\"><div class=\"wpb_wrapper\"><div class=\"headline toc--item\"><a name=\"frisches-design-und-neue-zifferblaetter-mit-watchos-9\"><\/a><h2>Fri\u00adsches Design und neue Zif\u00adfer\u00adbl\u00e4t\u00adter mit wat\u00adchOS&nbsp;9<\/h2><\/div><\/div><\/div><\/div><\/div><div class=\"vc_row wpb_row vc_row-fluid\"><div class=\"wpb_column vc_column_container vc_col-sm-12\"><div class=\"vc_column-inner\"><div class=\"wpb_wrapper\">\n\t<div class=\"wpb_text_column wpb_content_element\">\n\t\t<div class=\"wpb_wrapper\">\n\t\t\t<p><span data-contrast=\"none\">Auch auf der Bedien\u00adober\u00adfl\u00e4\u00adche gibt es eini\u00adge Neue\u00adrun\u00adgen: Apps, die du gera\u00adde ver\u00adwen\u00addest, haben im neu gestal\u00adte\u00adten Dock jetzt Prio\u00adri\u00adt\u00e4t vor ande\u00adren Apps. So kannst du sie schnel\u00adler wie\u00adder auf\u00adru\u00adfen. Auch die Mit\u00adtei\u00adlun\u00adgen und die Kalen\u00adder-App haben ein neu\u00ades Design ver\u00adpasst bekommen.<\/span><\/p>\n<p><span data-contrast=\"none\">Apple bringt mit wat\u00adchOS 9 zudem vier neue Zif\u00adfer\u00adbl\u00e4t\u00adtern an den Start. Dane\u00adben wur\u00adden vie\u00adle der \u00e4lte\u00adren Zif\u00adfer\u00adbl\u00e4t\u00adter \u00fcber\u00adar\u00adbei\u00adtet. Das neue Zif\u00adfer\u00adblatt \u201eMond\u201c setzt den Mond\u00adka\u00adlen\u00adder ins Ver\u00adh\u00e4lt\u00adnis zum gre\u00adgo\u00adria\u00adni\u00adschen Kalen\u00adder, \u201eSpiel\u00adstun\u00adde\u201c ist ein exklu\u00adsi\u00adves Kunst\u00adwerk, \u201eMetro\u00adpo\u00adli\u00adtan\u201c ein schrift\u00adba\u00adsier\u00adtes Zif\u00adfer\u00adblatt, bei dem du durch Dre\u00adhen der Kro\u00adne den Stil \u00e4nderst. Und das klas\u00adsi\u00adsche Zif\u00adfer\u00adblatt \u201eAstro\u00adno\u00admie\u201c, wur\u00adde kom\u00adplett \u00fcber\u00adar\u00adbei\u00adtet:&nbsp;So gibt es neben der neu\u00aden Stern\u00adkar\u00adte auch aktu\u00adel\u00adle Bew\u00f6l\u00adkungs\u00adda\u00adten an.<\/span><span data-ccp-props=\"{}\">&nbsp;<\/span><\/p>\n<p><span data-contrast=\"none\">wat\u00adchOS 9 bie\u00adtet dir dane\u00adben ver\u00adbes\u00adser\u00adte und moder\u00adni\u00adsier\u00adte Funk\u00adtio\u00adnen auch f\u00fcr vie\u00adle wei\u00adte\u00adre bekann\u00adte Zif\u00adfer\u00adbl\u00e4t\u00adter an. So hast du nun auf vie\u00adlen mehr Platz f\u00fcr die soge\u00adnann\u00adten Kom\u00adpli\u00adka\u00adtio\u00adnen \u2013 zus\u00e4tz\u00adli\u00adche Funk\u00adtio\u00adnen im Zif\u00adfer\u00adblatt. Genau genom\u00admen sind es klei\u00adne Aus\u00adschnit\u00adte von Apps, die du dei\u00adnem Zif\u00adfer\u00adblatt hin\u00adzu\u00adf\u00fcgst, um sie bei Bedarf mit einem Tipp schnell zu \u00f6ff\u00adnen. Gleich\u00adzei\u00adtig las\u00adsen sich vie\u00adle Zif\u00adfer\u00adbl\u00e4t\u00adter dank einer anpass\u00adba\u00adren Hin\u00adter\u00adgrund\u00adfar\u00adbe st\u00e4r\u00adker personalisieren.<\/span><\/p>\n<p><span data-contrast=\"none\">Aktua\u00adli\u00adsiert zeigt sich auch das neue \u201ePortr\u00e4ts\u201c-Zifferblatt: Unter ande\u00adrem kannst du hier nun auch Kat\u00adzen, Hun\u00adde und Land\u00adschaf\u00adten ver\u00adwen\u00adden. Und mit Fokus steht dir jetzt ein Zif\u00adfer\u00adblatt zur Ver\u00adf\u00fc\u00adgung, das auto\u00adma\u00adtisch erscheint, sobald du auf dem iPho\u00adne einen bestimm\u00adten Fokus startest.<\/span><\/p>\n\n\t\t<\/div>\n\t<\/div>\n<\/div><\/div><\/div><\/div><div class=\"vc_row wpb_row vc_row-fluid\"><div class=\"wpb_column vc_column_container vc_col-sm-12\"><div class=\"vc_column-inner\"><div class=\"wpb_wrapper\">  <div class=\"slick-gallery-wrapper \" data-number-of-slides=\"6\">\n    <div class=\"slick-gallery should-lightbox noautoplay\" id=\"slick_gallery_D1bPUqTuMoPvXGvriUqK\">\n              <figure>\n  <div class=\"img-small-container\">\n    <div class=\"img-small-hover-background\"><\/div>\n    <picture>\n                                        <source srcset=\"https:\/\/www.otto.de\/updated\/app\/uploads\/2022\/06\/Apple-WWDC22-watchOS-9-Portrait-depth-effect-220606-1080x615.png\" media=\"(max-width: 360px) and (-webkit-min-device-pixel-ratio: 2.5)\">\n                          <source srcset=\"https:\/\/www.otto.de\/updated\/app\/uploads\/2022\/06\/Apple-WWDC22-watchOS-9-Portrait-depth-effect-220606-720x410.png\" media=\"(max-width: 360px) and (-webkit-min-device-pixel-ratio: 1.5)\">\n                          <source srcset=\"https:\/\/www.otto.de\/updated\/app\/uploads\/2022\/06\/Apple-WWDC22-watchOS-9-Portrait-depth-effect-220606-360x205.png\" media=\"(max-width: 360px)\">\n                            <source srcset=\"https:\/\/www.otto.de\/updated\/app\/uploads\/2022\/06\/Apple-WWDC22-watchOS-9-Portrait-depth-effect-220606.png\" media=\"(max-width: 560px) and (-webkit-min-device-pixel-ratio: 2.5)\">\n                          <source srcset=\"https:\/\/www.otto.de\/updated\/app\/uploads\/2022\/06\/Apple-WWDC22-watchOS-9-Portrait-depth-effect-220606-1120x630.png\" media=\"(max-width: 560px) and (-webkit-min-device-pixel-ratio: 1.5)\">\n                          <source srcset=\"https:\/\/www.otto.de\/updated\/app\/uploads\/2022\/06\/Apple-WWDC22-watchOS-9-Portrait-depth-effect-220606-560x315.png\" media=\"(max-width: 560px)\">\n                            <source srcset=\"https:\/\/www.otto.de\/updated\/app\/uploads\/2022\/06\/Apple-WWDC22-watchOS-9-Portrait-depth-effect-220606.png\" media=\"(max-width: 767px) and (-webkit-min-device-pixel-ratio: 2.5)\">\n                          <source srcset=\"https:\/\/www.otto.de\/updated\/app\/uploads\/2022\/06\/Apple-WWDC22-watchOS-9-Portrait-depth-effect-220606.png\" media=\"(max-width: 767px) and (-webkit-min-device-pixel-ratio: 1.5)\">\n                          <source srcset=\"https:\/\/www.otto.de\/updated\/app\/uploads\/2022\/06\/Apple-WWDC22-watchOS-9-Portrait-depth-effect-220606-768x432.png\" media=\"(max-width: 767px)\">\n                            <source srcset=\"https:\/\/www.otto.de\/updated\/app\/uploads\/2022\/06\/Apple-WWDC22-watchOS-9-Portrait-depth-effect-220606.png\" media=\"(max-width: 991px) and (-webkit-min-device-pixel-ratio: 2.5)\">\n                          <source srcset=\"https:\/\/www.otto.de\/updated\/app\/uploads\/2022\/06\/Apple-WWDC22-watchOS-9-Portrait-depth-effect-220606-1120x630.png\" media=\"(max-width: 991px) and (-webkit-min-device-pixel-ratio: 1.5)\">\n                          <source srcset=\"https:\/\/www.otto.de\/updated\/app\/uploads\/2022\/06\/Apple-WWDC22-watchOS-9-Portrait-depth-effect-220606-560x315.png\" media=\"(max-width: 991px)\">\n        <source srcset=\"https:\/\/www.otto.de\/updated\/app\/uploads\/2022\/06\/Apple-WWDC22-watchOS-9-Portrait-depth-effect-220606.png\" media=\"(-webkit-min-device-pixel-ratio: 2.5)\">\n  <source srcset=\"https:\/\/www.otto.de\/updated\/app\/uploads\/2022\/06\/Apple-WWDC22-watchOS-9-Portrait-depth-effect-220606.png\" media=\"(-webkit-min-device-pixel-ratio: 1.5)\">\n  <img loading=\"lazy\" decoding=\"async\" src=\"https:\/\/www.otto.de\/updated\/app\/uploads\/2022\/06\/Apple-WWDC22-watchOS-9-Portrait-depth-effect-220606-768x432.png\" width=\"768\" height=\"432\" title=\"watchOS 9\" alt=\"Foto einer Apple Watch, auf der ein neues Watchface zu sehen ist.\" class=\"img-responsive img-small\" data-copyright=\"\u00a9 2022 Apple\" data-post-excerpt=\"Teil jedes OS-Updates sind auch neue Watchfaces.\" data-light-value=\"light\" data-zoom-width=\"1536\" data-zoom-height=\"864\" data-zoom-src=\"https:\/\/www.otto.de\/updated\/app\/uploads\/2022\/06\/Apple-WWDC22-watchOS-9-Portrait-depth-effect-220606.png\">\n                    <div class=\"caption light\">\n          <small>\n            \u00a9 2022&nbsp;Apple&nbsp;<\/small>\n        <\/div>\n          <\/picture>\n  <\/div>\n      <figcaption class=\"post-excerpt\">\n      Teil jedes OS-Updates sind auch neue Watchfaces.&nbsp;<\/figcaption>\n  <\/figure>\n              <figure>\n  <div class=\"img-small-container\">\n    <div class=\"img-small-hover-background\"><\/div>\n    <picture>\n                                        <source srcset=\"https:\/\/www.otto.de\/updated\/app\/uploads\/2022\/06\/Apple-WWDC22-watchOS-9-Playtime-face-220606-1080x615.png\" media=\"(max-width: 360px) and (-webkit-min-device-pixel-ratio: 2.5)\">\n                          <source srcset=\"https:\/\/www.otto.de\/updated\/app\/uploads\/2022\/06\/Apple-WWDC22-watchOS-9-Playtime-face-220606-720x410.png\" media=\"(max-width: 360px) and (-webkit-min-device-pixel-ratio: 1.5)\">\n                          <source srcset=\"https:\/\/www.otto.de\/updated\/app\/uploads\/2022\/06\/Apple-WWDC22-watchOS-9-Playtime-face-220606-360x205.png\" media=\"(max-width: 360px)\">\n                            <source srcset=\"https:\/\/www.otto.de\/updated\/app\/uploads\/2022\/06\/Apple-WWDC22-watchOS-9-Playtime-face-220606.png\" media=\"(max-width: 560px) and (-webkit-min-device-pixel-ratio: 2.5)\">\n                          <source srcset=\"https:\/\/www.otto.de\/updated\/app\/uploads\/2022\/06\/Apple-WWDC22-watchOS-9-Playtime-face-220606-1120x630.png\" media=\"(max-width: 560px) and (-webkit-min-device-pixel-ratio: 1.5)\">\n                          <source srcset=\"https:\/\/www.otto.de\/updated\/app\/uploads\/2022\/06\/Apple-WWDC22-watchOS-9-Playtime-face-220606-560x315.png\" media=\"(max-width: 560px)\">\n                            <source srcset=\"https:\/\/www.otto.de\/updated\/app\/uploads\/2022\/06\/Apple-WWDC22-watchOS-9-Playtime-face-220606.png\" media=\"(max-width: 767px) and (-webkit-min-device-pixel-ratio: 2.5)\">\n                          <source srcset=\"https:\/\/www.otto.de\/updated\/app\/uploads\/2022\/06\/Apple-WWDC22-watchOS-9-Playtime-face-220606.png\" media=\"(max-width: 767px) and (-webkit-min-device-pixel-ratio: 1.5)\">\n                          <source srcset=\"https:\/\/www.otto.de\/updated\/app\/uploads\/2022\/06\/Apple-WWDC22-watchOS-9-Playtime-face-220606-768x432.png\" media=\"(max-width: 767px)\">\n                            <source srcset=\"https:\/\/www.otto.de\/updated\/app\/uploads\/2022\/06\/Apple-WWDC22-watchOS-9-Playtime-face-220606.png\" media=\"(max-width: 991px) and (-webkit-min-device-pixel-ratio: 2.5)\">\n                          <source srcset=\"https:\/\/www.otto.de\/updated\/app\/uploads\/2022\/06\/Apple-WWDC22-watchOS-9-Playtime-face-220606-1120x630.png\" media=\"(max-width: 991px) and (-webkit-min-device-pixel-ratio: 1.5)\">\n                          <source srcset=\"https:\/\/www.otto.de\/updated\/app\/uploads\/2022\/06\/Apple-WWDC22-watchOS-9-Playtime-face-220606-560x315.png\" media=\"(max-width: 991px)\">\n        <source srcset=\"https:\/\/www.otto.de\/updated\/app\/uploads\/2022\/06\/Apple-WWDC22-watchOS-9-Playtime-face-220606.png\" media=\"(-webkit-min-device-pixel-ratio: 2.5)\">\n  <source srcset=\"https:\/\/www.otto.de\/updated\/app\/uploads\/2022\/06\/Apple-WWDC22-watchOS-9-Playtime-face-220606.png\" media=\"(-webkit-min-device-pixel-ratio: 1.5)\">\n  <img loading=\"lazy\" decoding=\"async\" src=\"https:\/\/www.otto.de\/updated\/app\/uploads\/2022\/06\/Apple-WWDC22-watchOS-9-Playtime-face-220606-768x432.png\" width=\"768\" height=\"432\" title=\"watchOS 9\" alt=\"Foto einer Apple Watch, auf der ein neues Watchface zu sehen ist.\" class=\"img-responsive img-small\" data-copyright=\"\u00a9 2022 Apple\" data-post-excerpt=\"Dazu geh\u00f6ren das dynamische Kunstwerk &amp;quot;Spielstunde&amp;quot; von Joi Fulton \u2026\" data-light-value=\"light\" data-zoom-width=\"1536\" data-zoom-height=\"864\" data-zoom-src=\"https:\/\/www.otto.de\/updated\/app\/uploads\/2022\/06\/Apple-WWDC22-watchOS-9-Playtime-face-220606.png\">\n                    <div class=\"caption light\">\n          <small>\n            \u00a9 2022&nbsp;Apple&nbsp;<\/small>\n        <\/div>\n          <\/picture>\n  <\/div>\n      <figcaption class=\"post-excerpt\">\n      Dazu geh\u00f6\u00adren das dyna\u00admi\u00adsche Kunst\u00adwerk \u201cSpiel\u00adstun\u00adde\u201d von Joi Fulton&nbsp;\u2026&nbsp;<\/figcaption>\n  <\/figure>\n              <figure>\n  <div class=\"img-small-container\">\n    <div class=\"img-small-hover-background\"><\/div>\n    <picture>\n                                        <source srcset=\"https:\/\/www.otto.de\/updated\/app\/uploads\/2022\/06\/Apple-WWDC22-watchOS-9-Metropolitan-face-220606-1080x615.png\" media=\"(max-width: 360px) and (-webkit-min-device-pixel-ratio: 2.5)\">\n                          <source srcset=\"https:\/\/www.otto.de\/updated\/app\/uploads\/2022\/06\/Apple-WWDC22-watchOS-9-Metropolitan-face-220606-720x410.png\" media=\"(max-width: 360px) and (-webkit-min-device-pixel-ratio: 1.5)\">\n                          <source srcset=\"https:\/\/www.otto.de\/updated\/app\/uploads\/2022\/06\/Apple-WWDC22-watchOS-9-Metropolitan-face-220606-360x205.png\" media=\"(max-width: 360px)\">\n                            <source srcset=\"https:\/\/www.otto.de\/updated\/app\/uploads\/2022\/06\/Apple-WWDC22-watchOS-9-Metropolitan-face-220606.png\" media=\"(max-width: 560px) and (-webkit-min-device-pixel-ratio: 2.5)\">\n                          <source srcset=\"https:\/\/www.otto.de\/updated\/app\/uploads\/2022\/06\/Apple-WWDC22-watchOS-9-Metropolitan-face-220606-1120x630.png\" media=\"(max-width: 560px) and (-webkit-min-device-pixel-ratio: 1.5)\">\n                          <source srcset=\"https:\/\/www.otto.de\/updated\/app\/uploads\/2022\/06\/Apple-WWDC22-watchOS-9-Metropolitan-face-220606-560x315.png\" media=\"(max-width: 560px)\">\n                            <source srcset=\"https:\/\/www.otto.de\/updated\/app\/uploads\/2022\/06\/Apple-WWDC22-watchOS-9-Metropolitan-face-220606.png\" media=\"(max-width: 767px) and (-webkit-min-device-pixel-ratio: 2.5)\">\n                          <source srcset=\"https:\/\/www.otto.de\/updated\/app\/uploads\/2022\/06\/Apple-WWDC22-watchOS-9-Metropolitan-face-220606.png\" media=\"(max-width: 767px) and (-webkit-min-device-pixel-ratio: 1.5)\">\n                          <source srcset=\"https:\/\/www.otto.de\/updated\/app\/uploads\/2022\/06\/Apple-WWDC22-watchOS-9-Metropolitan-face-220606-768x432.png\" media=\"(max-width: 767px)\">\n                            <source srcset=\"https:\/\/www.otto.de\/updated\/app\/uploads\/2022\/06\/Apple-WWDC22-watchOS-9-Metropolitan-face-220606.png\" media=\"(max-width: 991px) and (-webkit-min-device-pixel-ratio: 2.5)\">\n                          <source srcset=\"https:\/\/www.otto.de\/updated\/app\/uploads\/2022\/06\/Apple-WWDC22-watchOS-9-Metropolitan-face-220606-1120x630.png\" media=\"(max-width: 991px) and (-webkit-min-device-pixel-ratio: 1.5)\">\n                          <source srcset=\"https:\/\/www.otto.de\/updated\/app\/uploads\/2022\/06\/Apple-WWDC22-watchOS-9-Metropolitan-face-220606-560x315.png\" media=\"(max-width: 991px)\">\n        <source srcset=\"https:\/\/www.otto.de\/updated\/app\/uploads\/2022\/06\/Apple-WWDC22-watchOS-9-Metropolitan-face-220606.png\" media=\"(-webkit-min-device-pixel-ratio: 2.5)\">\n  <source srcset=\"https:\/\/www.otto.de\/updated\/app\/uploads\/2022\/06\/Apple-WWDC22-watchOS-9-Metropolitan-face-220606.png\" media=\"(-webkit-min-device-pixel-ratio: 1.5)\">\n  <img loading=\"lazy\" decoding=\"async\" src=\"https:\/\/www.otto.de\/updated\/app\/uploads\/2022\/06\/Apple-WWDC22-watchOS-9-Metropolitan-face-220606-768x432.png\" width=\"768\" height=\"432\" title=\"watchOS 9\" alt=\"Foto einer Apple Watch, auf der ein neues Watchface zu sehen ist.\" class=\"img-responsive img-small\" data-copyright=\"\u00a9 2022 Apple\" data-post-excerpt=\"\u2026 das eher klassisch gehalten Zifferblatt &amp;quot;Metropolitan&amp;quot; \u2026\" data-light-value=\"light\" data-zoom-width=\"1536\" data-zoom-height=\"864\" data-zoom-src=\"https:\/\/www.otto.de\/updated\/app\/uploads\/2022\/06\/Apple-WWDC22-watchOS-9-Metropolitan-face-220606.png\">\n                    <div class=\"caption light\">\n          <small>\n            \u00a9 2022&nbsp;Apple&nbsp;<\/small>\n        <\/div>\n          <\/picture>\n  <\/div>\n      <figcaption class=\"post-excerpt\">\n      \u2026 das eher klas\u00adsisch gehal\u00adten Zif\u00adfer\u00adblatt \u201cMetro\u00adpo\u00adli\u00adtan\u201d \u2026    <\/figcaption>\n  <\/figure>\n              <figure>\n  <div class=\"img-small-container\">\n    <div class=\"img-small-hover-background\"><\/div>\n    <picture>\n                                        <source srcset=\"https:\/\/www.otto.de\/updated\/app\/uploads\/2022\/06\/Apple-WWDC22-watchOS-9-Lunar-face-220606-1080x615.png\" media=\"(max-width: 360px) and (-webkit-min-device-pixel-ratio: 2.5)\">\n                          <source srcset=\"https:\/\/www.otto.de\/updated\/app\/uploads\/2022\/06\/Apple-WWDC22-watchOS-9-Lunar-face-220606-720x410.png\" media=\"(max-width: 360px) and (-webkit-min-device-pixel-ratio: 1.5)\">\n                          <source srcset=\"https:\/\/www.otto.de\/updated\/app\/uploads\/2022\/06\/Apple-WWDC22-watchOS-9-Lunar-face-220606-360x205.png\" media=\"(max-width: 360px)\">\n                            <source srcset=\"https:\/\/www.otto.de\/updated\/app\/uploads\/2022\/06\/Apple-WWDC22-watchOS-9-Lunar-face-220606.png\" media=\"(max-width: 560px) and (-webkit-min-device-pixel-ratio: 2.5)\">\n                          <source srcset=\"https:\/\/www.otto.de\/updated\/app\/uploads\/2022\/06\/Apple-WWDC22-watchOS-9-Lunar-face-220606-1120x630.png\" media=\"(max-width: 560px) and (-webkit-min-device-pixel-ratio: 1.5)\">\n                          <source srcset=\"https:\/\/www.otto.de\/updated\/app\/uploads\/2022\/06\/Apple-WWDC22-watchOS-9-Lunar-face-220606-560x315.png\" media=\"(max-width: 560px)\">\n                            <source srcset=\"https:\/\/www.otto.de\/updated\/app\/uploads\/2022\/06\/Apple-WWDC22-watchOS-9-Lunar-face-220606.png\" media=\"(max-width: 767px) and (-webkit-min-device-pixel-ratio: 2.5)\">\n                          <source srcset=\"https:\/\/www.otto.de\/updated\/app\/uploads\/2022\/06\/Apple-WWDC22-watchOS-9-Lunar-face-220606.png\" media=\"(max-width: 767px) and (-webkit-min-device-pixel-ratio: 1.5)\">\n                          <source srcset=\"https:\/\/www.otto.de\/updated\/app\/uploads\/2022\/06\/Apple-WWDC22-watchOS-9-Lunar-face-220606-768x432.png\" media=\"(max-width: 767px)\">\n                            <source srcset=\"https:\/\/www.otto.de\/updated\/app\/uploads\/2022\/06\/Apple-WWDC22-watchOS-9-Lunar-face-220606.png\" media=\"(max-width: 991px) and (-webkit-min-device-pixel-ratio: 2.5)\">\n                          <source srcset=\"https:\/\/www.otto.de\/updated\/app\/uploads\/2022\/06\/Apple-WWDC22-watchOS-9-Lunar-face-220606-1120x630.png\" media=\"(max-width: 991px) and (-webkit-min-device-pixel-ratio: 1.5)\">\n                          <source srcset=\"https:\/\/www.otto.de\/updated\/app\/uploads\/2022\/06\/Apple-WWDC22-watchOS-9-Lunar-face-220606-560x315.png\" media=\"(max-width: 991px)\">\n        <source srcset=\"https:\/\/www.otto.de\/updated\/app\/uploads\/2022\/06\/Apple-WWDC22-watchOS-9-Lunar-face-220606.png\" media=\"(-webkit-min-device-pixel-ratio: 2.5)\">\n  <source srcset=\"https:\/\/www.otto.de\/updated\/app\/uploads\/2022\/06\/Apple-WWDC22-watchOS-9-Lunar-face-220606.png\" media=\"(-webkit-min-device-pixel-ratio: 1.5)\">\n  <img loading=\"lazy\" decoding=\"async\" src=\"https:\/\/www.otto.de\/updated\/app\/uploads\/2022\/06\/Apple-WWDC22-watchOS-9-Lunar-face-220606-768x432.png\" width=\"768\" height=\"432\" title=\"watchOS 9\" alt=\"Foto einer Apple Watch, auf der ein neues Watchface zu sehen ist.\" class=\"img-responsive img-small\" data-copyright=\"\u00a9 2022 Apple\" data-post-excerpt=\"\u2026 und &amp;quot;Mond&amp;quot;, das das Verh\u00e4ltnis zwischen greogorianschem und Mondkalender wiedergibt. \" data-light-value=\"light\" data-zoom-width=\"1536\" data-zoom-height=\"864\" data-zoom-src=\"https:\/\/www.otto.de\/updated\/app\/uploads\/2022\/06\/Apple-WWDC22-watchOS-9-Lunar-face-220606.png\">\n                    <div class=\"caption light\">\n          <small>\n            \u00a9 2022&nbsp;Apple&nbsp;<\/small>\n        <\/div>\n          <\/picture>\n  <\/div>\n      <figcaption class=\"post-excerpt\">\n      \u2026 und \u201cMond\u201d, das das Ver\u00adh\u00e4lt\u00adnis zwi\u00adschen greo\u00adg\u00adori\u00adan\u00adschem und Mond\u00adka\u00adlen\u00adder wiedergibt.&nbsp;<\/figcaption>\n  <\/figure>\n              <figure>\n  <div class=\"img-small-container\">\n    <div class=\"img-small-hover-background\"><\/div>\n    <picture>\n                                        <source srcset=\"https:\/\/www.otto.de\/updated\/app\/uploads\/2022\/06\/Apple-WWDC22-watchOS-9-Astronomy-face-220606-1080x615.png\" media=\"(max-width: 360px) and (-webkit-min-device-pixel-ratio: 2.5)\">\n                          <source srcset=\"https:\/\/www.otto.de\/updated\/app\/uploads\/2022\/06\/Apple-WWDC22-watchOS-9-Astronomy-face-220606-720x410.png\" media=\"(max-width: 360px) and (-webkit-min-device-pixel-ratio: 1.5)\">\n                          <source srcset=\"https:\/\/www.otto.de\/updated\/app\/uploads\/2022\/06\/Apple-WWDC22-watchOS-9-Astronomy-face-220606-360x205.png\" media=\"(max-width: 360px)\">\n                            <source srcset=\"https:\/\/www.otto.de\/updated\/app\/uploads\/2022\/06\/Apple-WWDC22-watchOS-9-Astronomy-face-220606.png\" media=\"(max-width: 560px) and (-webkit-min-device-pixel-ratio: 2.5)\">\n                          <source srcset=\"https:\/\/www.otto.de\/updated\/app\/uploads\/2022\/06\/Apple-WWDC22-watchOS-9-Astronomy-face-220606-1120x630.png\" media=\"(max-width: 560px) and (-webkit-min-device-pixel-ratio: 1.5)\">\n                          <source srcset=\"https:\/\/www.otto.de\/updated\/app\/uploads\/2022\/06\/Apple-WWDC22-watchOS-9-Astronomy-face-220606-560x315.png\" media=\"(max-width: 560px)\">\n                            <source srcset=\"https:\/\/www.otto.de\/updated\/app\/uploads\/2022\/06\/Apple-WWDC22-watchOS-9-Astronomy-face-220606.png\" media=\"(max-width: 767px) and (-webkit-min-device-pixel-ratio: 2.5)\">\n                          <source srcset=\"https:\/\/www.otto.de\/updated\/app\/uploads\/2022\/06\/Apple-WWDC22-watchOS-9-Astronomy-face-220606.png\" media=\"(max-width: 767px) and (-webkit-min-device-pixel-ratio: 1.5)\">\n                          <source srcset=\"https:\/\/www.otto.de\/updated\/app\/uploads\/2022\/06\/Apple-WWDC22-watchOS-9-Astronomy-face-220606-768x432.png\" media=\"(max-width: 767px)\">\n                            <source srcset=\"https:\/\/www.otto.de\/updated\/app\/uploads\/2022\/06\/Apple-WWDC22-watchOS-9-Astronomy-face-220606.png\" media=\"(max-width: 991px) and (-webkit-min-device-pixel-ratio: 2.5)\">\n                          <source srcset=\"https:\/\/www.otto.de\/updated\/app\/uploads\/2022\/06\/Apple-WWDC22-watchOS-9-Astronomy-face-220606-1120x630.png\" media=\"(max-width: 991px) and (-webkit-min-device-pixel-ratio: 1.5)\">\n                          <source srcset=\"https:\/\/www.otto.de\/updated\/app\/uploads\/2022\/06\/Apple-WWDC22-watchOS-9-Astronomy-face-220606-560x315.png\" media=\"(max-width: 991px)\">\n        <source srcset=\"https:\/\/www.otto.de\/updated\/app\/uploads\/2022\/06\/Apple-WWDC22-watchOS-9-Astronomy-face-220606.png\" media=\"(-webkit-min-device-pixel-ratio: 2.5)\">\n  <source srcset=\"https:\/\/www.otto.de\/updated\/app\/uploads\/2022\/06\/Apple-WWDC22-watchOS-9-Astronomy-face-220606.png\" media=\"(-webkit-min-device-pixel-ratio: 1.5)\">\n  <img loading=\"lazy\" decoding=\"async\" src=\"https:\/\/www.otto.de\/updated\/app\/uploads\/2022\/06\/Apple-WWDC22-watchOS-9-Astronomy-face-220606-768x432.png\" width=\"768\" height=\"432\" title=\"watchOS 9\" alt=\"Foto einer Apple Watch, auf der ein neues Watchface zu sehen ist.\" class=\"img-responsive img-small\" data-copyright=\"\u00a9 2022 Apple\" data-post-excerpt=\"Das \u00fcberarbeitete &amp;quot;Astronomie&amp;quot;-Zifferblatt zeigt die Uhrzeit nun \u00fcber 3D-Modelle diverser Planeten an, die automatisch wechseln.\" data-light-value=\"light\" data-zoom-width=\"1536\" data-zoom-height=\"864\" data-zoom-src=\"https:\/\/www.otto.de\/updated\/app\/uploads\/2022\/06\/Apple-WWDC22-watchOS-9-Astronomy-face-220606.png\">\n                    <div class=\"caption light\">\n          <small>\n            \u00a9 2022&nbsp;Apple&nbsp;<\/small>\n        <\/div>\n          <\/picture>\n  <\/div>\n      <figcaption class=\"post-excerpt\">\n      Das \u00fcber\u00adar\u00adbei\u00adte\u00adte \u201cAstronomie\u201d-Zifferblatt zeigt die Uhr\u00adzeit nun \u00fcber 3D-Model\u00adle diver\u00adser Pla\u00adne\u00adten an, die auto\u00adma\u00adtisch wechseln.&nbsp;<\/figcaption>\n  <\/figure>\n              <figure>\n  <div class=\"img-small-container\">\n    <div class=\"img-small-hover-background\"><\/div>\n    <picture>\n                                        <source srcset=\"https:\/\/www.otto.de\/updated\/app\/uploads\/2022\/06\/Apple-WWDC22-watchOS-9-Modular-Compact-face-220606-1080x615.png\" media=\"(max-width: 360px) and (-webkit-min-device-pixel-ratio: 2.5)\">\n                          <source srcset=\"https:\/\/www.otto.de\/updated\/app\/uploads\/2022\/06\/Apple-WWDC22-watchOS-9-Modular-Compact-face-220606-720x410.png\" media=\"(max-width: 360px) and (-webkit-min-device-pixel-ratio: 1.5)\">\n                          <source srcset=\"https:\/\/www.otto.de\/updated\/app\/uploads\/2022\/06\/Apple-WWDC22-watchOS-9-Modular-Compact-face-220606-360x205.png\" media=\"(max-width: 360px)\">\n                            <source srcset=\"https:\/\/www.otto.de\/updated\/app\/uploads\/2022\/06\/Apple-WWDC22-watchOS-9-Modular-Compact-face-220606.png\" media=\"(max-width: 560px) and (-webkit-min-device-pixel-ratio: 2.5)\">\n                          <source srcset=\"https:\/\/www.otto.de\/updated\/app\/uploads\/2022\/06\/Apple-WWDC22-watchOS-9-Modular-Compact-face-220606-1120x630.png\" media=\"(max-width: 560px) and (-webkit-min-device-pixel-ratio: 1.5)\">\n                          <source srcset=\"https:\/\/www.otto.de\/updated\/app\/uploads\/2022\/06\/Apple-WWDC22-watchOS-9-Modular-Compact-face-220606-560x315.png\" media=\"(max-width: 560px)\">\n                            <source srcset=\"https:\/\/www.otto.de\/updated\/app\/uploads\/2022\/06\/Apple-WWDC22-watchOS-9-Modular-Compact-face-220606.png\" media=\"(max-width: 767px) and (-webkit-min-device-pixel-ratio: 2.5)\">\n                          <source srcset=\"https:\/\/www.otto.de\/updated\/app\/uploads\/2022\/06\/Apple-WWDC22-watchOS-9-Modular-Compact-face-220606.png\" media=\"(max-width: 767px) and (-webkit-min-device-pixel-ratio: 1.5)\">\n                          <source srcset=\"https:\/\/www.otto.de\/updated\/app\/uploads\/2022\/06\/Apple-WWDC22-watchOS-9-Modular-Compact-face-220606-768x432.png\" media=\"(max-width: 767px)\">\n                            <source srcset=\"https:\/\/www.otto.de\/updated\/app\/uploads\/2022\/06\/Apple-WWDC22-watchOS-9-Modular-Compact-face-220606.png\" media=\"(max-width: 991px) and (-webkit-min-device-pixel-ratio: 2.5)\">\n                          <source srcset=\"https:\/\/www.otto.de\/updated\/app\/uploads\/2022\/06\/Apple-WWDC22-watchOS-9-Modular-Compact-face-220606-1120x630.png\" media=\"(max-width: 991px) and (-webkit-min-device-pixel-ratio: 1.5)\">\n                          <source srcset=\"https:\/\/www.otto.de\/updated\/app\/uploads\/2022\/06\/Apple-WWDC22-watchOS-9-Modular-Compact-face-220606-560x315.png\" media=\"(max-width: 991px)\">\n        <source srcset=\"https:\/\/www.otto.de\/updated\/app\/uploads\/2022\/06\/Apple-WWDC22-watchOS-9-Modular-Compact-face-220606.png\" media=\"(-webkit-min-device-pixel-ratio: 2.5)\">\n  <source srcset=\"https:\/\/www.otto.de\/updated\/app\/uploads\/2022\/06\/Apple-WWDC22-watchOS-9-Modular-Compact-face-220606.png\" media=\"(-webkit-min-device-pixel-ratio: 1.5)\">\n  <img loading=\"lazy\" decoding=\"async\" src=\"https:\/\/www.otto.de\/updated\/app\/uploads\/2022\/06\/Apple-WWDC22-watchOS-9-Modular-Compact-face-220606-768x432.png\" width=\"768\" height=\"432\" title=\"watchOS 9\" alt=\"Foto einer Apple Watch, auf der ein neues Watchface zu sehen ist.\" class=\"img-responsive img-small\" data-copyright=\"\u00a9 2022 Apple\" data-post-excerpt=\"Aber auch bereits bekannte Watchfaces hat Apple f\u00fcr watchOS 9 \u00fcberarbeitet. \" data-light-value=\"light\" data-zoom-width=\"1536\" data-zoom-height=\"864\" data-zoom-src=\"https:\/\/www.otto.de\/updated\/app\/uploads\/2022\/06\/Apple-WWDC22-watchOS-9-Modular-Compact-face-220606.png\">\n                    <div class=\"caption light\">\n          <small>\n            \u00a9 2022&nbsp;Apple&nbsp;<\/small>\n        <\/div>\n          <\/picture>\n  <\/div>\n      <figcaption class=\"post-excerpt\">\n      Aber auch bereits bekann\u00adte Watch\u00adfaces hat Apple f\u00fcr wat\u00adchOS 9 \u00fcberarbeitet.&nbsp;<\/figcaption>\n  <\/figure>\n          <\/div>\n    <div class=\"progress-bars\"><\/div>\n    <div class=\"zoom-icon-wrapper\">\n      <div class=\"zoom-icon\"><\/div>\n    <\/div>\n  <\/div>\n<\/div><\/div><\/div><\/div><div class=\"vc_row wpb_row vc_row-fluid\"><div class=\"wpb_column vc_column_container vc_col-sm-12\"><div class=\"vc_column-inner\"><div class=\"wpb_wrapper\"><div class=\"headline toc--item\"><a name=\"watchos-9-gibt-es-nur-noch-ab-der-apple-watch-series-4\"><\/a><h2>wat\u00adchOS 9 gibt es nur noch ab der Apple Watch Series 4<\/h2><\/div><\/div><\/div><\/div><\/div><div class=\"vc_row wpb_row vc_row-fluid\"><div class=\"wpb_column vc_column_container vc_col-sm-12\"><div class=\"vc_column-inner\"><div class=\"wpb_wrapper\">\n\t<div class=\"wpb_text_column wpb_content_element\">\n\t\t<div class=\"wpb_wrapper\">\n\t\t\t<p><span data-contrast=\"none\">Die letz\u00adten Updates von wat\u00adchOS gal\u00adten noch f\u00fcr alle Uhren ab der Apple Watch Series 3. Das aktu\u00adel\u00adle Update bekom\u00admen nun nur noch die Uhren ab der Apple Watch Series 4. Dazu geh\u00f6ren:<\/span><\/p>\n<ul>\n<li data-leveltext=\"\uf0b7\" data-font=\"Symbol\" data-listid=\"1\" data-list-defn-props=\"{&quot;335552541&quot;:1,&quot;335559684&quot;:-2,&quot;335559685&quot;:720,&quot;335559991&quot;:360,&quot;469769226&quot;:&quot;Symbol&quot;,&quot;469769242&quot;:[8226],&quot;469777803&quot;:&quot;left&quot;,&quot;469777804&quot;:&quot;\uf0b7&quot;,&quot;469777815&quot;:&quot;hybridMultilevel&quot;}\" aria-setsize=\"-1\" data-aria-posinset=\"1\" data-aria-level=\"1\"><span data-contrast=\"none\">Apple Watch 7 (7. Gene\u00adra\u00adti\u00adon,&nbsp;2021)<\/span><\/li>\n<li data-leveltext=\"\uf0b7\" data-font=\"Symbol\" data-listid=\"1\" data-list-defn-props=\"{&quot;335552541&quot;:1,&quot;335559684&quot;:-2,&quot;335559685&quot;:720,&quot;335559991&quot;:360,&quot;469769226&quot;:&quot;Symbol&quot;,&quot;469769242&quot;:[8226],&quot;469777803&quot;:&quot;left&quot;,&quot;469777804&quot;:&quot;\uf0b7&quot;,&quot;469777815&quot;:&quot;hybridMultilevel&quot;}\" aria-setsize=\"-1\" data-aria-posinset=\"1\" data-aria-level=\"1\"><span data-contrast=\"none\">Apple Watch 6 (6. Gene\u00adra\u00adti\u00adon, 2020)<\/span><span data-ccp-props=\"{&quot;134233117&quot;:true,&quot;134233118&quot;:true}\">&nbsp;<\/span><\/li>\n<li data-leveltext=\"\uf0b7\" data-font=\"Symbol\" data-listid=\"1\" data-list-defn-props=\"{&quot;335552541&quot;:1,&quot;335559684&quot;:-2,&quot;335559685&quot;:720,&quot;335559991&quot;:360,&quot;469769226&quot;:&quot;Symbol&quot;,&quot;469769242&quot;:[8226],&quot;469777803&quot;:&quot;left&quot;,&quot;469777804&quot;:&quot;\uf0b7&quot;,&quot;469777815&quot;:&quot;hybridMultilevel&quot;}\" aria-setsize=\"-1\" data-aria-posinset=\"3\" data-aria-level=\"1\"><span data-contrast=\"none\">Apple Watch SE (6. Gene\u00adra\u00adti\u00adon, 2020)<\/span><span data-ccp-props=\"{&quot;134233117&quot;:true,&quot;134233118&quot;:true}\">&nbsp;<\/span><\/li>\n<li data-leveltext=\"\uf0b7\" data-font=\"Symbol\" data-listid=\"1\" data-list-defn-props=\"{&quot;335552541&quot;:1,&quot;335559684&quot;:-2,&quot;335559685&quot;:720,&quot;335559991&quot;:360,&quot;469769226&quot;:&quot;Symbol&quot;,&quot;469769242&quot;:[8226],&quot;469777803&quot;:&quot;left&quot;,&quot;469777804&quot;:&quot;\uf0b7&quot;,&quot;469777815&quot;:&quot;hybridMultilevel&quot;}\" aria-setsize=\"-1\" data-aria-posinset=\"4\" data-aria-level=\"1\"><span data-contrast=\"none\">Apple Watch 5 (5. Gene\u00adra\u00adti\u00adon, 2019)<\/span><span data-ccp-props=\"{&quot;134233117&quot;:true,&quot;134233118&quot;:true}\">&nbsp;<\/span><\/li>\n<li data-leveltext=\"\uf0b7\" data-font=\"Symbol\" data-listid=\"1\" data-list-defn-props=\"{&quot;335552541&quot;:1,&quot;335559684&quot;:-2,&quot;335559685&quot;:720,&quot;335559991&quot;:360,&quot;469769226&quot;:&quot;Symbol&quot;,&quot;469769242&quot;:[8226],&quot;469777803&quot;:&quot;left&quot;,&quot;469777804&quot;:&quot;\uf0b7&quot;,&quot;469777815&quot;:&quot;hybridMultilevel&quot;}\" aria-setsize=\"-1\" data-aria-posinset=\"4\" data-aria-level=\"1\"><span data-contrast=\"none\">Apple Watch 4 (4. Gene\u00adra\u00adti\u00adon, 2018)<\/span><span data-ccp-props=\"{&quot;134233117&quot;:true,&quot;134233118&quot;:true}\">&nbsp;<\/span><\/li>\n<\/ul>\n<p><span data-contrast=\"none\">wat\u00adchOS 9 steht seit dem 12. Sep\u00adtem\u00adber 2022 kos\u00adten\u00adlos f\u00fcr oben genann\u00adte Apple-Watch-Model\u00adle als Down\u00adload bereit. F\u00fcr die Ein\u00adrich\u00adtung und Nut\u00adzung ben\u00f6\u00adtigst du ein iPho\u00adne mit iOS 16, das auf den Ger\u00e4\u00adten ab iPho\u00adne 8 l\u00e4uft, und eben\u00adfalls seit 12. Sep\u00adtem\u00adber ver\u00adf\u00fcg\u00adbar&nbsp;ist.<\/span><\/p>\n\n\t\t<\/div>\n\t<\/div>\n<\/div><\/div><\/div><\/div><div class=\"vc_row wpb_row vc_row-fluid\"><div class=\"wpb_column vc_column_container vc_col-sm-12\"><div class=\"vc_column-inner\"><div class=\"wpb_wrapper\"><\/div><\/div><\/div><\/div>\n<\/div>","protected":false},"excerpt":{"rendered":"Seit 12. Sep\u00adtem\u00adber 2022 steht das neue Betriebs\u00adsys\u00adtem wat\u00adchOS 9 f\u00fcr die Apple Watch bereit, das hat das Unter\u00adneh\u00admen auf sei\u00adner haus\u00adei\u00adge\u00adnen Ent\u00adwick\u00adler\u00admes\u00adse bekannt\u00adge\u00adge\u00adben. Mit wat\u00adchOS 9 spen\u00addiert Apple sei\u00adner Smart\u00adwatch unter ande\u00adrem neue Sport- und Gesund\u00adheits\u00adfunk\u00adtio\u00adnen sowie neue Zif\u00adfer\u00adbl\u00e4t\u00adter. Aller\u00addings erhal\u00adten nicht alle Model\u00adle das Update. UPDATED ver\u00adr\u00e4t dir, wel\u00adche Exem\u00adpla\u00adre dabei sind&nbsp;und&nbsp;[\u2026]","protected":false},"author":113,"featured_media":94773,"comment_status":"closed","ping_status":"open","sticky":false,"template":"","format":"standard","meta":{"_acf_changed":false,"wp_typography_post_enhancements_disabled":false,"footnotes":""},"categories":[35463,35468,35462],"tags":[33,35],"class_list":["post-94787","post","type-post","status-publish","format-standard","has-post-thumbnail","hentry","category-mobile-geraete","category-smartwatches","category-work-connect","tag-apple","tag-apple-watch"],"acf":[],"yoast_head":"<!-- This site is optimized with the Yoast SEO Premium plugin v28.2 (Yoast SEO v28.3) - https:\/\/yoast.com\/product\/yoast-seo-premium-wordpress\/ -->\n<title>watchOS 9: Alle Infos zum Update f\u00fcr die Apple Watch | OTTO<\/title>\n<meta name=\"description\" content=\"Neue Sport- und Gesundheitsfunktionen, neue Zifferbl\u00e4tter und mehr bringt watchOS 9 auf die Apple Watch. UPDATED verr\u00e4t, welche Neuerungen dich erwarten.\" \/>\n<meta name=\"robots\" content=\"index, follow, max-snippet:-1, max-image-preview:large, max-video-preview:-1\" \/>\n<link rel=\"canonical\" href=\"https:\/\/www.otto.de\/updated\/update-fuer-die-apple-watch-fitter-schicker-smarter-mit-watchos-9-94787\/\" \/>\n<meta property=\"og:locale\" content=\"de_DE\" \/>\n<meta property=\"og:type\" content=\"article\" \/>\n<meta property=\"og:title\" content=\"Update f\u00fcr die Apple Watch: Fitter, schicker, smarter mit watchOS 9\" \/>\n<meta property=\"og:description\" content=\"Neue Sport- und Gesundheitsfunktionen, neue Zifferbl\u00e4tter und mehr bringt watchOS 9 auf die Apple Watch. UPDATED verr\u00e4t, welche Neuerungen dich erwarten.\" \/>\n<meta property=\"og:url\" content=\"https:\/\/www.otto.de\/updated\/update-fuer-die-apple-watch-fitter-schicker-smarter-mit-watchos-9-94787\/\" \/>\n<meta property=\"og:site_name\" content=\"UPDATED\" \/>\n<meta property=\"article:publisher\" content=\"https:\/\/www.facebook.com\/updated.de\/\" \/>\n<meta property=\"article:published_time\" content=\"2022-09-10T18:00:48+00:00\" \/>\n<meta property=\"article:modified_time\" content=\"2026-07-08T11:33:45+00:00\" \/>\n<meta property=\"og:image\" content=\"https:\/\/www.otto.de\/updated\/app\/uploads\/2022\/06\/Apple-WWDC22-watchOS-9-hero-220606.png\" \/>\n\t<meta property=\"og:image:width\" content=\"1536\" \/>\n\t<meta property=\"og:image:height\" content=\"864\" \/>\n\t<meta property=\"og:image:type\" content=\"image\/png\" \/>\n<meta name=\"author\" content=\"Arne Sch\u00e4tzle\" \/>\n<meta name=\"twitter:card\" content=\"summary_large_image\" \/>\n<meta name=\"twitter:creator\" content=\"@updated_de\" \/>\n<meta name=\"twitter:site\" content=\"@updated_de\" \/>\n<meta name=\"twitter:label1\" content=\"Written by\" \/>\n\t<meta name=\"twitter:data1\" content=\"Arne Sch\u00e4tzle\" \/>\n\t<meta name=\"twitter:label2\" content=\"Est. reading time\" \/>\n\t<meta name=\"twitter:data2\" content=\"5\u00a0Minuten\" \/>\n<script type=\"application\/ld+json\" class=\"yoast-schema-graph\">{\"@context\":\"https:\\\/\\\/schema.org\",\"@graph\":[{\"@type\":\"WebPage\",\"@id\":\"https:\\\/\\\/www.otto.de\\\/updated\\\/update-fuer-die-apple-watch-fitter-schicker-smarter-mit-watchos-9-94787\\\/\",\"url\":\"https:\\\/\\\/www.otto.de\\\/updated\\\/update-fuer-die-apple-watch-fitter-schicker-smarter-mit-watchos-9-94787\\\/\",\"name\":\"watchOS 9: Alle Infos zum Update f\u00fcr die Apple Watch | OTTO\",\"isPartOf\":{\"@id\":\"https:\\\/\\\/www.otto.de\\\/updated\\\/#website\"},\"primaryImageOfPage\":{\"@id\":\"https:\\\/\\\/www.otto.de\\\/updated\\\/update-fuer-die-apple-watch-fitter-schicker-smarter-mit-watchos-9-94787\\\/#primaryimage\"},\"image\":{\"@id\":\"https:\\\/\\\/www.otto.de\\\/updated\\\/update-fuer-die-apple-watch-fitter-schicker-smarter-mit-watchos-9-94787\\\/#primaryimage\"},\"thumbnailUrl\":\"https:\\\/\\\/www.otto.de\\\/updated\\\/app\\\/uploads\\\/2022\\\/06\\\/Apple-WWDC22-watchOS-9-hero-220606.png\",\"datePublished\":\"2022-09-10T18:00:48+00:00\",\"dateModified\":\"2026-07-08T11:33:45+00:00\",\"author\":{\"@id\":\"https:\\\/\\\/www.otto.de\\\/updated\\\/#\\\/schema\\\/person\\\/5ccde439345d9fb2ffa1652b8fea7d7f\"},\"description\":\"Neue Sport- und Gesundheitsfunktionen, neue Zifferbl\u00e4tter und mehr bringt watchOS 9 auf die Apple Watch. UPDATED verr\u00e4t, welche Neuerungen dich erwarten.\",\"breadcrumb\":{\"@id\":\"https:\\\/\\\/www.otto.de\\\/updated\\\/update-fuer-die-apple-watch-fitter-schicker-smarter-mit-watchos-9-94787\\\/#breadcrumb\"},\"inLanguage\":\"de\",\"potentialAction\":[{\"@type\":\"ReadAction\",\"target\":[\"https:\\\/\\\/www.otto.de\\\/updated\\\/update-fuer-die-apple-watch-fitter-schicker-smarter-mit-watchos-9-94787\\\/\"]}]},{\"@type\":\"ImageObject\",\"inLanguage\":\"de\",\"@id\":\"https:\\\/\\\/www.otto.de\\\/updated\\\/update-fuer-die-apple-watch-fitter-schicker-smarter-mit-watchos-9-94787\\\/#primaryimage\",\"url\":\"https:\\\/\\\/www.otto.de\\\/updated\\\/app\\\/uploads\\\/2022\\\/06\\\/Apple-WWDC22-watchOS-9-hero-220606.png\",\"contentUrl\":\"https:\\\/\\\/www.otto.de\\\/updated\\\/app\\\/uploads\\\/2022\\\/06\\\/Apple-WWDC22-watchOS-9-hero-220606.png\",\"width\":1536,\"height\":864,\"caption\":\"watchOS 9 bringt neue Zifferbl\u00e4tter, neue Gesundheitsfunktionen und einiges mehr auf die Apple Watch.\"},{\"@type\":\"BreadcrumbList\",\"@id\":\"https:\\\/\\\/www.otto.de\\\/updated\\\/update-fuer-die-apple-watch-fitter-schicker-smarter-mit-watchos-9-94787\\\/#breadcrumb\",\"itemListElement\":[{\"@type\":\"ListItem\",\"position\":1,\"name\":\"Startseite\",\"item\":\"\\\/updated\\\/\"},{\"@type\":\"ListItem\",\"position\":2,\"name\":\"Work &amp; Connect\",\"item\":\"https:\\\/\\\/www.otto.de\\\/updated\\\/work-connect\\\/\"},{\"@type\":\"ListItem\",\"position\":3,\"name\":\"Mobile Ger\u00e4te\",\"item\":\"https:\\\/\\\/www.otto.de\\\/updated\\\/mobile-geraete\\\/\"},{\"@type\":\"ListItem\",\"position\":4,\"name\":\"Smartwatches\",\"item\":\"https:\\\/\\\/www.otto.de\\\/updated\\\/smartwatches\\\/\"},{\"@type\":\"ListItem\",\"position\":5,\"name\":\"Update f\u00fcr die Apple Watch: Fitter, schicker, smarter mit watchOS 9\"}]},{\"@type\":\"WebSite\",\"@id\":\"https:\\\/\\\/www.otto.de\\\/updated\\\/#website\",\"url\":\"https:\\\/\\\/www.otto.de\\\/updated\\\/\",\"name\":\"UPDATED\",\"description\":\"\",\"potentialAction\":[{\"@type\":\"SearchAction\",\"target\":{\"@type\":\"EntryPoint\",\"urlTemplate\":\"https:\\\/\\\/www.otto.de\\\/updated\\\/?s={search_term_string}\"},\"query-input\":{\"@type\":\"PropertyValueSpecification\",\"valueRequired\":true,\"valueName\":\"search_term_string\"}}],\"inLanguage\":\"de\"},{\"@type\":\"Person\",\"@id\":\"https:\\\/\\\/www.otto.de\\\/updated\\\/#\\\/schema\\\/person\\\/5ccde439345d9fb2ffa1652b8fea7d7f\",\"name\":\"Arne Sch\u00e4tzle\",\"description\":\"Als UPDATED-Redakteur kann Arne voll und ganz seinem Faible f\u00fcr smarte Hausger\u00e4te nachgehen: Denn erst wenn in Bad, K\u00fcche und Wohnzimmer die Musik synchron t\u00f6nt, Beleuchtung und Heizung sich automatisch der Tages- und Jahreszeit anpassen und der K\u00fchlschrank anzeigt, welche Vorr\u00e4te aktuell fehlen, ist er wirklich zufrieden. Und als technikbegeisterter Familienvater interessiert er sich immer auch f\u00fcr die neueste Generation konventioneller Hausger\u00e4te, vom Herd bis zur Waschmaschine.\",\"url\":\"https:\\\/\\\/www.otto.de\\\/updated\\\/redaktion\\\/\",\"colleague\":[\"https:\\\/\\\/www.otto.de\\\/updated\\\/redaktion\\\/alexander-kraft\\\/\",\"https:\\\/\\\/www.otto.de\\\/updated\\\/redaktion\\\/anne-beyer\\\/\",\"https:\\\/\\\/www.otto.de\\\/updated\\\/redaktion\\\/arne-schaetzle\\\/\",\"https:\\\/\\\/www.otto.de\\\/updated\\\/redaktion\\\/jana-janssen\\\/\",\"https:\\\/\\\/www.otto.de\\\/updated\\\/redaktion\\\/pascal-wuttke\\\/\",\"https:\\\/\\\/www.otto.de\\\/updated\\\/redaktion\\\/thomas-bott\\\/\"],\"worksFor\":[{\"@type\":\"Organization\",\"@id\":\"https:\\\/\\\/www.otto.de\\\/updated\\\/#organization\",\"name\":\"UPDATED\"}]}]}<\/script>\n<!-- \/ Yoast SEO Premium plugin. -->","yoast_head_json":{"title":"watchOS 9: Alle Infos zum Update f\u00fcr die Apple Watch | OTTO","description":"Neue Sport- und Gesundheitsfunktionen, neue Zifferbl\u00e4tter und mehr bringt watchOS 9 auf die Apple Watch. UPDATED verr\u00e4t, welche Neuerungen dich erwarten.","robots":{"index":"index","follow":"follow","max-snippet":"max-snippet:-1","max-image-preview":"max-image-preview:large","max-video-preview":"max-video-preview:-1"},"canonical":"https:\/\/www.otto.de\/updated\/update-fuer-die-apple-watch-fitter-schicker-smarter-mit-watchos-9-94787\/","og_locale":"de_DE","og_type":"article","og_title":"Update f\u00fcr die Apple Watch: Fitter, schicker, smarter mit watchOS 9","og_description":"Neue Sport- und Gesundheitsfunktionen, neue Zifferbl\u00e4tter und mehr bringt watchOS 9 auf die Apple Watch. UPDATED verr\u00e4t, welche Neuerungen dich erwarten.","og_url":"https:\/\/www.otto.de\/updated\/update-fuer-die-apple-watch-fitter-schicker-smarter-mit-watchos-9-94787\/","og_site_name":"UPDATED","article_publisher":"https:\/\/www.facebook.com\/updated.de\/","article_published_time":"2022-09-10T18:00:48+00:00","article_modified_time":"2026-07-08T11:33:45+00:00","og_image":[{"width":1536,"height":864,"url":"https:\/\/www.otto.de\/updated\/app\/uploads\/2022\/06\/Apple-WWDC22-watchOS-9-hero-220606.png","type":"image\/png"}],"author":"Arne Sch\u00e4tzle","twitter_card":"summary_large_image","twitter_creator":"@updated_de","twitter_site":"@updated_de","twitter_misc":{"Written by":"Arne Sch\u00e4tzle","Est. reading time":"5\u00a0Minuten"},"schema":{"@context":"https:\/\/schema.org","@graph":[{"@type":"WebPage","@id":"https:\/\/www.otto.de\/updated\/update-fuer-die-apple-watch-fitter-schicker-smarter-mit-watchos-9-94787\/","url":"https:\/\/www.otto.de\/updated\/update-fuer-die-apple-watch-fitter-schicker-smarter-mit-watchos-9-94787\/","name":"watchOS 9: Alle Infos zum Update f\u00fcr die Apple Watch | OTTO","isPartOf":{"@id":"https:\/\/www.otto.de\/updated\/#website"},"primaryImageOfPage":{"@id":"https:\/\/www.otto.de\/updated\/update-fuer-die-apple-watch-fitter-schicker-smarter-mit-watchos-9-94787\/#primaryimage"},"image":{"@id":"https:\/\/www.otto.de\/updated\/update-fuer-die-apple-watch-fitter-schicker-smarter-mit-watchos-9-94787\/#primaryimage"},"thumbnailUrl":"https:\/\/www.otto.de\/updated\/app\/uploads\/2022\/06\/Apple-WWDC22-watchOS-9-hero-220606.png","datePublished":"2022-09-10T18:00:48+00:00","dateModified":"2026-07-08T11:33:45+00:00","author":{"@id":"https:\/\/www.otto.de\/updated\/#\/schema\/person\/5ccde439345d9fb2ffa1652b8fea7d7f"},"description":"Neue Sport- und Gesundheitsfunktionen, neue Zifferbl\u00e4tter und mehr bringt watchOS 9 auf die Apple Watch. UPDATED verr\u00e4t, welche Neuerungen dich erwarten.","breadcrumb":{"@id":"https:\/\/www.otto.de\/updated\/update-fuer-die-apple-watch-fitter-schicker-smarter-mit-watchos-9-94787\/#breadcrumb"},"inLanguage":"de","potentialAction":[{"@type":"ReadAction","target":["https:\/\/www.otto.de\/updated\/update-fuer-die-apple-watch-fitter-schicker-smarter-mit-watchos-9-94787\/"]}]},{"@type":"ImageObject","inLanguage":"de","@id":"https:\/\/www.otto.de\/updated\/update-fuer-die-apple-watch-fitter-schicker-smarter-mit-watchos-9-94787\/#primaryimage","url":"https:\/\/www.otto.de\/updated\/app\/uploads\/2022\/06\/Apple-WWDC22-watchOS-9-hero-220606.png","contentUrl":"https:\/\/www.otto.de\/updated\/app\/uploads\/2022\/06\/Apple-WWDC22-watchOS-9-hero-220606.png","width":1536,"height":864,"caption":"watchOS 9 bringt neue Zifferbl\u00e4tter, neue Gesundheitsfunktionen und einiges mehr auf die Apple Watch."},{"@type":"BreadcrumbList","@id":"https:\/\/www.otto.de\/updated\/update-fuer-die-apple-watch-fitter-schicker-smarter-mit-watchos-9-94787\/#breadcrumb","itemListElement":[{"@type":"ListItem","position":1,"name":"Startseite","item":"\/updated\/"},{"@type":"ListItem","position":2,"name":"Work &amp; Connect","item":"https:\/\/www.otto.de\/updated\/work-connect\/"},{"@type":"ListItem","position":3,"name":"Mobile Ger\u00e4te","item":"https:\/\/www.otto.de\/updated\/mobile-geraete\/"},{"@type":"ListItem","position":4,"name":"Smartwatches","item":"https:\/\/www.otto.de\/updated\/smartwatches\/"},{"@type":"ListItem","position":5,"name":"Update f\u00fcr die Apple Watch: Fitter, schicker, smarter mit watchOS 9"}]},{"@type":"WebSite","@id":"https:\/\/www.otto.de\/updated\/#website","url":"https:\/\/www.otto.de\/updated\/","name":"UPDATED","description":"","potentialAction":[{"@type":"SearchAction","target":{"@type":"EntryPoint","urlTemplate":"https:\/\/www.otto.de\/updated\/?s={search_term_string}"},"query-input":{"@type":"PropertyValueSpecification","valueRequired":true,"valueName":"search_term_string"}}],"inLanguage":"de"},{"@type":"Person","@id":"https:\/\/www.otto.de\/updated\/#\/schema\/person\/5ccde439345d9fb2ffa1652b8fea7d7f","name":"Arne Sch\u00e4tzle","description":"Als UPDATED-Redakteur kann Arne voll und ganz seinem Faible f\u00fcr smarte Hausger\u00e4te nachgehen: Denn erst wenn in Bad, K\u00fcche und Wohnzimmer die Musik synchron t\u00f6nt, Beleuchtung und Heizung sich automatisch der Tages- und Jahreszeit anpassen und der K\u00fchlschrank anzeigt, welche Vorr\u00e4te aktuell fehlen, ist er wirklich zufrieden. Und als technikbegeisterter Familienvater interessiert er sich immer auch f\u00fcr die neueste Generation konventioneller Hausger\u00e4te, vom Herd bis zur Waschmaschine.","url":"https:\/\/www.otto.de\/updated\/redaktion\/","colleague":["https:\/\/www.otto.de\/updated\/redaktion\/alexander-kraft\/","https:\/\/www.otto.de\/updated\/redaktion\/anne-beyer\/","https:\/\/www.otto.de\/updated\/redaktion\/arne-schaetzle\/","https:\/\/www.otto.de\/updated\/redaktion\/jana-janssen\/","https:\/\/www.otto.de\/updated\/redaktion\/pascal-wuttke\/","https:\/\/www.otto.de\/updated\/redaktion\/thomas-bott\/"],"worksFor":[{"@type":"Organization","@id":"https:\/\/www.otto.de\/updated\/#organization","name":"UPDATED"}]}]}},"_links":{"self":[{"href":"https:\/\/www.otto.de\/updated\/wp-json\/wp\/v2\/posts\/94787","targetHints":{"allow":["GET"]}}],"collection":[{"href":"https:\/\/www.otto.de\/updated\/wp-json\/wp\/v2\/posts"}],"about":[{"href":"https:\/\/www.otto.de\/updated\/wp-json\/wp\/v2\/types\/post"}],"author":[{"embeddable":true,"href":"https:\/\/www.otto.de\/updated\/wp-json\/wp\/v2\/users\/113"}],"replies":[{"embeddable":true,"href":"https:\/\/www.otto.de\/updated\/wp-json\/wp\/v2\/comments?post=94787"}],"version-history":[{"count":5,"href":"https:\/\/www.otto.de\/updated\/wp-json\/wp\/v2\/posts\/94787\/revisions"}],"predecessor-version":[{"id":110208,"href":"https:\/\/www.otto.de\/updated\/wp-json\/wp\/v2\/posts\/94787\/revisions\/110208"}],"wp:featuredmedia":[{"embeddable":true,"href":"https:\/\/www.otto.de\/updated\/wp-json\/wp\/v2\/media\/94773"}],"wp:attachment":[{"href":"https:\/\/www.otto.de\/updated\/wp-json\/wp\/v2\/media?parent=94787"}],"wp:term":[{"taxonomy":"category","embeddable":true,"href":"https:\/\/www.otto.de\/updated\/wp-json\/wp\/v2\/categories?post=94787"},{"taxonomy":"post_tag","embeddable":true,"href":"https:\/\/www.otto.de\/updated\/wp-json\/wp\/v2\/tags?post=94787"}],"curies":[{"name":"wp","href":"https:\/\/api.w.org\/{rel}","templated":true}]}}