
{"id":94023,"date":"2022-02-26T16:00:39","date_gmt":"2022-02-26T15:00:39","guid":{"rendered":"\/updated\/?p=94023"},"modified":"2022-02-26T12:00:11","modified_gmt":"2022-02-26T11:00:11","slug":"samsung-galaxy-tab-s8-alle-infos-zu-samsungs-neuer-tablet-generation","status":"publish","type":"post","link":"https:\/\/www.otto.de\/updated\/samsung-galaxy-tab-s8-alle-infos-zu-samsungs-neuer-tablet-generation-94023\/","title":{"rendered":"Sam\u00adsung Gala\u00adxy Tab S8: Alle Infos zu Sam\u00adsungs neu\u00ader Tablet-Generation"},"content":{"rendered":"<div class=\"wpb-content-wrapper\"><div class=\"vc_row wpb_row vc_row-fluid\"><div class=\"wpb_column vc_column_container vc_col-sm-12\"><div class=\"vc_column-inner\"><div class=\"wpb_wrapper\">\n\t<div class=\"wpb_text_column wpb_content_element\">\n\t\t<div class=\"wpb_wrapper\">\n\t\t\t<p><strong><span class=\"TextRun MacChromeBold SCXW94520694 BCX0\" lang=\"DE-DE\" xml:lang=\"DE-DE\" data-contrast=\"auto\"><span class=\"NormalTextRun SCXW94520694 BCX0\">Das Gala\u00adxy S22 in sei\u00adnen drei Vari\u00adan\u00adten ist nicht das Ein\u00adzi\u00adge, was Sam\u00adsung im Febru\u00adar 2022 vor\u00adge\u00adstellt hat. Die Auf\u00admerk\u00adsam\u00adkeit des Publi\u00adkums nutz\u00adte der Her\u00adstel\u00adler sogleich, um ihm eine aktua\u00adli\u00adsier\u00adte Ver\u00adsi\u00adon des Gala\u00adxy Tabs zu pr\u00e4\u00adsen\u00adtie\u00adren. Das Sam\u00adsung Gala\u00adxy Tab S8 kommt wie das Smart\u00adphone in drei Gr\u00f6\u00ad\u00dfen in den Han\u00addel. Was das Tablet dar\u00ad\u00fcber hin\u00adaus noch aus\u00admacht, liest du&nbsp;hier.<\/span><\/span><\/strong><\/p>\n\n\t\t<\/div>\n\t<\/div>\n<\/div><\/div><\/div><\/div><div class=\"vc_row wpb_row vc_row-fluid\"><div class=\"wpb_column vc_column_container vc_col-sm-12\"><div class=\"vc_column-inner\"><div class=\"wpb_wrapper\"><nav class=\"toc\"><h2 class=\"toc--headline\">Das erfahrt ihr gleich<\/h2><ul class=\"toc--links\"><li><a href=\"#das-galaxy-tab-s8-in-m-l-und-xl\">Das Gala\u00adxy Tab S8 in M, L und&nbsp;XL<\/a><\/li><li><a href=\"#technisch-identisch-und-auf-neuestem-stand\">Tech\u00adnisch iden\u00adtisch und auf neu\u00ades\u00adtem&nbsp;Stand<\/a><\/li><li><a href=\"#eine-kamera-die-von-selbst-zoomt\">Eine Kame\u00adra, die von selbst zoomt<\/a><\/li><li><a href=\"#preis-und-verfuegbarkeit-des-samsung-galaxy-tab-s8\">Preis und Ver\u00adf\u00fcg\u00adbar\u00adkeit des Sam\u00adsung Gala\u00adxy Tab&nbsp;S8<\/a><\/li><\/ul><\/nav><\/div><\/div><\/div><\/div><div class=\"vc_row wpb_row vc_row-fluid\"><div class=\"wpb_column vc_column_container vc_col-sm-12\"><div class=\"vc_column-inner\"><div class=\"wpb_wrapper\"><div class=\"headline toc--item\"><a name=\"das-galaxy-tab-s8-in-m-l-und-xl\"><\/a><h2>Das Gala\u00adxy Tab S8 in M, L und&nbsp;XL<\/h2><\/div><\/div><\/div><\/div><\/div><div class=\"vc_row wpb_row vc_row-fluid\"><div class=\"wpb_column vc_column_container vc_col-sm-12\"><div class=\"vc_column-inner\"><div class=\"wpb_wrapper\">\n\t<div class=\"wpb_text_column wpb_content_element\">\n\t\t<div class=\"wpb_wrapper\">\n\t\t\t<p><span class=\"TextRun SCXW45583800 BCX0\" lang=\"DE-DE\" xml:lang=\"DE-DE\" data-contrast=\"auto\"><span class=\"NormalTextRun SCXW45583800 BCX0\">Im Smart\u00adphone- und Tablet-Bereich geh\u00f6rt es mitt\u00adler\u00adwei\u00adle zum guten Ton, neue Pro\u00adduk\u00adte nicht mehr nur in einer \u201e<\/span><span class=\"NormalTextRun SpellingErrorV2 SCXW45583800 BCX0\">One<\/span> <span class=\"NormalTextRun SpellingErrorV2 SCXW45583800 BCX0\">size<\/span> <span class=\"NormalTextRun SpellingErrorV2 SCXW45583800 BCX0\">fits<\/span><span class=\"NormalTextRun SCXW45583800 BCX0\"> all\u201c-Gr\u00f6\u00dfe anzu\u00adbie\u00adten. Goog\u00adle macht das so bei sei\u00adnen Pixel-Smart\u00adphones, Apple macht das so bei sei\u00adnen iPho\u00adnes und iPads, und Sam\u00adsung macht das eben auch. Das 2022er Flagg\u00adschiff-Han\u00addy, das Gala\u00adxy S22, ist in drei Gr\u00f6\u00ad\u00dfen ver\u00adf\u00fcg\u00adbar, und auch das zeit\u00adgleich vor\u00adge\u00adstell\u00adte Tablet, das Gala\u00adxy Tab S8, bekommst du in M, L oder XL bzw. offi\u00adzi\u00adell als nor\u00adma\u00adle Vari\u00adan\u00adte, als Plus- oder Ultra-Modell.&nbsp; Anders als beim Gala\u00adxy S22 unter\u00adschei\u00adden sich die drei Deri\u00adva\u00adte im Form\u00adfak\u00adtor nicht von\u00adein\u00adan\u00adder. Die Unter\u00adschie\u00adde zwi\u00adschen den Model\u00adlen ste\u00adcken hier vor allem im Detail und der&nbsp;Gr\u00f6\u00dfe.<\/span><\/span><\/p>\n\n\t\t<\/div>\n\t<\/div>\n<\/div><\/div><\/div><\/div><div class=\"vc_row wpb_row vc_row-fluid\"><div class=\"wpb_column vc_column_container vc_col-sm-12\"><div class=\"vc_column-inner\"><div class=\"wpb_wrapper\">      <a href=\"https:\/\/www.otto.de\/updated\/samsung-galaxy-s22-leaks-news-und-geruechte-zum-smartphone-93025\/\" target=\"_self\" data-tracking-category=\"Content Interaction\" data-tracking-action=\"Teaserkachel\" data-tracking-label=\"Samsung Galaxy S22: Alles zum neuen Premium-Smartphone\">\n  <div class=\"readable-button-container work-connect\">\n    <div class=\"readable-button-outer\">\n      <div class=\"readable-button-inner\">\n        <div class=\"readable-button-text\">\n          <div class=\"readable-button-small-headline-container\">\n            <div class=\"readable-button-small-headline\">\n              <span>\n                Mehr&nbsp;dazu&nbsp;<\/span>\n            <\/div>\n          <\/div>\n        <\/div>\n        <img loading=\"lazy\" decoding=\"async\" class=\"readable-button-icon work-connect\" src=\"https:\/\/www.otto.de\/updated\/app\/themes\/main\/assets\/images\/relaunch\/icons\/buttonIcons\/link-box-arrow-dark.svg\" width=\"31\" height=\"31\">\n      <\/div>\n      <div class=\"readable-button-headline work-connect\">\n        <span>\n          Sam\u00adsung Gala\u00adxy S22: Alles zum neu\u00aden Premium-Smartphone&nbsp;<\/span>\n      <\/div>\n    <\/div>\n  <\/div>\n<\/a>\n<\/div><\/div><\/div><\/div><div class=\"vc_row wpb_row vc_row-fluid\"><div class=\"wpb_column vc_column_container vc_col-sm-12\"><div class=\"vc_column-inner\"><div class=\"wpb_wrapper\">\n\t<div class=\"wpb_text_column wpb_content_element\">\n\t\t<div class=\"wpb_wrapper\">\n\t\t\t<p><span data-contrast=\"auto\">Das Gala\u00adxy Tab S8 misst 11 Zoll (ca. 30 cm) in der Dia\u00adgo\u00adna\u00adle, das Tab S8+ kommt auf 12,4 (ca. 31,5 cm) Zoll und das Ultra sogar auf 14,6 (ca. 37 cm). App\u00adles gr\u00f6\u00df\u00adtes Tablet, das iPad Pro, gibt es maxi\u00admal mit einer Bild\u00adschirm\u00adgr\u00f6\u00ad\u00dfe von 12,9 Zoll (ca. 33&nbsp;cm).<\/span><\/p>\n<p><span data-contrast=\"auto\">Beim kleins\u00adten Modell ver\u00adbaut Sam\u00adsung ein LC-Dis\u00adplay, das eine Auf\u00adl\u00f6\u00adsung von 1.600 x 2.560 Pixel bie\u00adtet. Erst ab der Plus-Gr\u00f6\u00ad\u00dfe kommt statt\u00addes\u00adsen die Super-AMO\u00adLED-Tech\u00adno\u00adlo\u00adgie zum Ein\u00adsatz, die neben einer 120-Hertz-Bild\u00adwie\u00adder\u00adhol\u00adra\u00adte auch HDR10+ unter\u00adst\u00fctzt. Die Auf\u00adl\u00f6\u00adsung des Tab S8+ betr\u00e4gt 1.752 x 2.800 Pixel, die des Ultra 1.848 x 2.960 Pixel. Zum Ver\u00adgleich: Das iPad Pro mit sei\u00adnen 12,9 Zoll kommt auf eine Auf\u00adl\u00f6\u00adsung von 2.048 x 2.732 Pixel. Die Abwei\u00adchung ent\u00adsteht unter ande\u00adrem durch das ande\u00adre Sei\u00adten\u00adver\u00adh\u00e4lt\u00adnis. Apple setzt auf ein 4\u2011zu-3-For\u00admat, bei Sam\u00adsung stel\u00adlen die Tablets Inhal\u00adte in 16 zu 10&nbsp;dar.<\/span><\/p>\n<p><span data-contrast=\"auto\">Vor Krat\u00adzern und St\u00fcr\u00adzen sch\u00fctzt Goril\u00adla Glas 5 die Front; bei den S22-Tele\u00adfo\u00adnen setzt Sam\u00adsung bereits auf das zwei Gene\u00adra\u00adtio\u00adnen neue\u00adre Goril\u00adla Glas Vic\u00adtus. Anders als bei den neu\u00aden Smart\u00adphones kannst du auf allen drei Tablets mit dem bei\u00adlie\u00adgen\u00adden S Pen schrei\u00adben, zeich\u00adnen oder ein\u00adfach rum\u00adkrit\u00adzeln. Der elek\u00adtro\u00adni\u00adsche Stift l\u00e4sst sich zwar nicht, wie beim S22 Ultra, im Ger\u00e4t trans\u00adpor\u00adtie\u00adren, haf\u00adtet aber magne\u00adtisch auf der R\u00fcck\u00adsei\u00adte. Auf die\u00adse Wei\u00adse l\u00e4sst sich der S Pen auch aufladen.<\/span><\/p>\n\n\t\t<\/div>\n\t<\/div>\n<\/div><\/div><\/div><\/div><div class=\"vc_row wpb_row vc_row-fluid\"><div class=\"wpb_column vc_column_container vc_col-sm-12\"><div class=\"vc_column-inner\"><div class=\"wpb_wrapper\">  <div class=\"slick-gallery-wrapper gallery-no-padding\" data-number-of-slides=\"1\">\n    <div class=\"slick-gallery should-lightbox \" id=\"slick_gallery_My04aVF9R0jLhXEosPrQ\">\n              <figure>\n  <div class=\"img-small-container\">\n    <div class=\"img-small-hover-background\"><\/div>\n    <picture>\n                                <source srcset=\"https:\/\/www.otto.de\/updated\/app\/uploads-webp\/uploads\/2022\/02\/Samsung-Galaxy-Tab-S8-Ultra_01-1080x615.jpg.webp\" media=\"(max-width: 360px) and (-webkit-min-device-pixel-ratio: 2.5)\" type=\"image\/webp\">\n                  <source srcset=\"https:\/\/www.otto.de\/updated\/app\/uploads\/2022\/02\/Samsung-Galaxy-Tab-S8-Ultra_01-1080x615.jpg\" media=\"(max-width: 360px) and (-webkit-min-device-pixel-ratio: 2.5)\">\n                  <source srcset=\"https:\/\/www.otto.de\/updated\/app\/uploads-webp\/uploads\/2022\/02\/Samsung-Galaxy-Tab-S8-Ultra_01-720x410.jpg.webp\" media=\"(max-width: 360px) and (-webkit-min-device-pixel-ratio: 1.5)\" type=\"image\/webp\">\n                  <source srcset=\"https:\/\/www.otto.de\/updated\/app\/uploads\/2022\/02\/Samsung-Galaxy-Tab-S8-Ultra_01-720x410.jpg\" media=\"(max-width: 360px) and (-webkit-min-device-pixel-ratio: 1.5)\">\n                  <source srcset=\"https:\/\/www.otto.de\/updated\/app\/uploads-webp\/uploads\/2022\/02\/Samsung-Galaxy-Tab-S8-Ultra_01-360x205.jpg.webp\" media=\"(max-width: 360px)\" type=\"image\/webp\">\n                  <source srcset=\"https:\/\/www.otto.de\/updated\/app\/uploads\/2022\/02\/Samsung-Galaxy-Tab-S8-Ultra_01-360x205.jpg\" media=\"(max-width: 360px)\">\n                    <source srcset=\"https:\/\/www.otto.de\/updated\/app\/uploads-webp\/uploads\/2022\/02\/Samsung-Galaxy-Tab-S8-Ultra_01-1680x945.jpg.webp\" media=\"(max-width: 560px) and (-webkit-min-device-pixel-ratio: 2.5)\" type=\"image\/webp\">\n                  <source srcset=\"https:\/\/www.otto.de\/updated\/app\/uploads\/2022\/02\/Samsung-Galaxy-Tab-S8-Ultra_01-1680x945.jpg\" media=\"(max-width: 560px) and (-webkit-min-device-pixel-ratio: 2.5)\">\n                  <source srcset=\"https:\/\/www.otto.de\/updated\/app\/uploads-webp\/uploads\/2022\/02\/Samsung-Galaxy-Tab-S8-Ultra_01-1120x630.jpg.webp\" media=\"(max-width: 560px) and (-webkit-min-device-pixel-ratio: 1.5)\" type=\"image\/webp\">\n                  <source srcset=\"https:\/\/www.otto.de\/updated\/app\/uploads\/2022\/02\/Samsung-Galaxy-Tab-S8-Ultra_01-1120x630.jpg\" media=\"(max-width: 560px) and (-webkit-min-device-pixel-ratio: 1.5)\">\n                  <source srcset=\"https:\/\/www.otto.de\/updated\/app\/uploads-webp\/uploads\/2022\/02\/Samsung-Galaxy-Tab-S8-Ultra_01-560x315.jpg.webp\" media=\"(max-width: 560px)\" type=\"image\/webp\">\n                  <source srcset=\"https:\/\/www.otto.de\/updated\/app\/uploads\/2022\/02\/Samsung-Galaxy-Tab-S8-Ultra_01-560x315.jpg\" media=\"(max-width: 560px)\">\n                    <source srcset=\"https:\/\/www.otto.de\/updated\/app\/uploads-webp\/uploads\/2022\/02\/Samsung-Galaxy-Tab-S8-Ultra_01-2304x1296.jpg.webp\" media=\"(max-width: 767px) and (-webkit-min-device-pixel-ratio: 2.5)\" type=\"image\/webp\">\n                  <source srcset=\"https:\/\/www.otto.de\/updated\/app\/uploads\/2022\/02\/Samsung-Galaxy-Tab-S8-Ultra_01-2304x1296.jpg\" media=\"(max-width: 767px) and (-webkit-min-device-pixel-ratio: 2.5)\">\n                  <source srcset=\"https:\/\/www.otto.de\/updated\/app\/uploads-webp\/uploads\/2022\/02\/Samsung-Galaxy-Tab-S8-Ultra_01-1536x864.jpg.webp\" media=\"(max-width: 767px) and (-webkit-min-device-pixel-ratio: 1.5)\" type=\"image\/webp\">\n                  <source srcset=\"https:\/\/www.otto.de\/updated\/app\/uploads\/2022\/02\/Samsung-Galaxy-Tab-S8-Ultra_01-1536x864.jpg\" media=\"(max-width: 767px) and (-webkit-min-device-pixel-ratio: 1.5)\">\n                  <source srcset=\"https:\/\/www.otto.de\/updated\/app\/uploads-webp\/uploads\/2022\/02\/Samsung-Galaxy-Tab-S8-Ultra_01-768x432.jpg.webp\" media=\"(max-width: 767px)\" type=\"image\/webp\">\n                  <source srcset=\"https:\/\/www.otto.de\/updated\/app\/uploads\/2022\/02\/Samsung-Galaxy-Tab-S8-Ultra_01-768x432.jpg\" media=\"(max-width: 767px)\">\n                    <source srcset=\"https:\/\/www.otto.de\/updated\/app\/uploads-webp\/uploads\/2022\/02\/Samsung-Galaxy-Tab-S8-Ultra_01-1680x945.jpg.webp\" media=\"(max-width: 991px) and (-webkit-min-device-pixel-ratio: 2.5)\" type=\"image\/webp\">\n                  <source srcset=\"https:\/\/www.otto.de\/updated\/app\/uploads\/2022\/02\/Samsung-Galaxy-Tab-S8-Ultra_01-1680x945.jpg\" media=\"(max-width: 991px) and (-webkit-min-device-pixel-ratio: 2.5)\">\n                  <source srcset=\"https:\/\/www.otto.de\/updated\/app\/uploads-webp\/uploads\/2022\/02\/Samsung-Galaxy-Tab-S8-Ultra_01-1120x630.jpg.webp\" media=\"(max-width: 991px) and (-webkit-min-device-pixel-ratio: 1.5)\" type=\"image\/webp\">\n                  <source srcset=\"https:\/\/www.otto.de\/updated\/app\/uploads\/2022\/02\/Samsung-Galaxy-Tab-S8-Ultra_01-1120x630.jpg\" media=\"(max-width: 991px) and (-webkit-min-device-pixel-ratio: 1.5)\">\n                  <source srcset=\"https:\/\/www.otto.de\/updated\/app\/uploads-webp\/uploads\/2022\/02\/Samsung-Galaxy-Tab-S8-Ultra_01-560x315.jpg.webp\" media=\"(max-width: 991px)\" type=\"image\/webp\">\n                  <source srcset=\"https:\/\/www.otto.de\/updated\/app\/uploads\/2022\/02\/Samsung-Galaxy-Tab-S8-Ultra_01-560x315.jpg\" media=\"(max-width: 991px)\">\n        <source srcset=\"https:\/\/www.otto.de\/updated\/app\/uploads-webp\/uploads\/2022\/02\/Samsung-Galaxy-Tab-S8-Ultra_01-2304x1296.jpg.webp\" media=\"(-webkit-min-device-pixel-ratio: 2.5)\" type=\"image\/webp\">\n  <source srcset=\"https:\/\/www.otto.de\/updated\/app\/uploads\/2022\/02\/Samsung-Galaxy-Tab-S8-Ultra_01-2304x1296.jpg\" media=\"(-webkit-min-device-pixel-ratio: 2.5)\">\n  <source srcset=\"https:\/\/www.otto.de\/updated\/app\/uploads-webp\/uploads\/2022\/02\/Samsung-Galaxy-Tab-S8-Ultra_01-1536x864.jpg.webp\" media=\"(-webkit-min-device-pixel-ratio: 1.5)\" type=\"image\/webp\">\n  <source srcset=\"https:\/\/www.otto.de\/updated\/app\/uploads\/2022\/02\/Samsung-Galaxy-Tab-S8-Ultra_01-1536x864.jpg\" media=\"(-webkit-min-device-pixel-ratio: 1.5)\">\n  <source srcset=\"https:\/\/www.otto.de\/updated\/app\/uploads-webp\/uploads\/2022\/02\/Samsung-Galaxy-Tab-S8-Ultra_01-768x432.jpg.webp\" type=\"image\/webp\">\n  <img loading=\"lazy\" decoding=\"async\" src=\"https:\/\/www.otto.de\/updated\/app\/uploads\/2022\/02\/Samsung-Galaxy-Tab-S8-Ultra_01-768x432.jpg\" width=\"768\" height=\"432\" title=\"Samsung Galaxy Tab S8 Ultra\" alt=\"Das Galaxy Tab S8 liegt in den drei Gr\u00f6\u00dfen aufgef\u00e4chert \u00fcbereinander.\" class=\"img-responsive img-small\" data-copyright=\"\u00a9 2022 Samsung\" data-post-excerpt=\"Das Galaxy Tab S8 ist in drei Gr\u00f6\u00dfen erh\u00e4ltlich, die sich technisch weitgehend \u00e4hneln.\" data-light-value=\"dark\" data-zoom-width=\"2560\" data-zoom-height=\"1707\" data-zoom-src=\"https:\/\/www.otto.de\/updated\/app\/uploads\/2022\/02\/Samsung-Galaxy-Tab-S8-Ultra_01-scaled.jpg\">\n                    <div class=\"caption dark\">\n          <small>\n            \u00a9 2022 Samsung&nbsp;<\/small>\n        <\/div>\n          <\/picture>\n  <\/div>\n      <figcaption class=\"post-excerpt\">\n      Das Gala\u00adxy Tab S8 ist in drei Gr\u00f6\u00ad\u00dfen erh\u00e4lt\u00adlich, die sich tech\u00adnisch weit\u00adge\u00adhend \u00e4hneln.&nbsp;<\/figcaption>\n  <\/figure>\n          <\/div>\n    <div class=\"progress-bars\"><\/div>\n    <div class=\"zoom-icon-wrapper\">\n      <div class=\"zoom-icon\"><\/div>\n    <\/div>\n  <\/div>\n<\/div><\/div><\/div><\/div><div class=\"vc_row wpb_row vc_row-fluid\"><div class=\"wpb_column vc_column_container vc_col-sm-12\"><div class=\"vc_column-inner\"><div class=\"wpb_wrapper\"><div class=\"headline toc--item\"><a name=\"technisch-identisch-und-auf-neuestem-stand\"><\/a><h2>Tech\u00adnisch iden\u00adtisch und auf neu\u00ades\u00adtem&nbsp;Stand<\/h2><\/div><\/div><\/div><\/div><\/div><div class=\"vc_row wpb_row vc_row-fluid\"><div class=\"wpb_column vc_column_container vc_col-sm-12\"><div class=\"vc_column-inner\"><div class=\"wpb_wrapper\">\n\t<div class=\"wpb_text_column wpb_content_element\">\n\t\t<div class=\"wpb_wrapper\">\n\t\t\t<p><span data-contrast=\"auto\">Von den \u00e4u\u00dfe\u00adren Abwei\u00adchun\u00adgen abge\u00adse\u00adhen ist sich das Tablet-Trio ansons\u00adten recht \u00e4hn\u00adlich. Alle drei Ger\u00e4\u00adte ver\u00adlas\u00adsen sich f\u00fcr die Pro\u00adzess\u00adbe\u00adrech\u00adnun\u00adgen auf den neu\u00ades\u00adten Pro\u00adzes\u00adsor von Qual\u00adcomm, den Snapd\u00adra\u00adgon 8 Gen 1. W\u00e4h\u00adrend Sam\u00adsung bei den Gala\u00adxy-Smart\u00adphones je nach Regi\u00adon unter\u00adschied\u00adli\u00adche Pro\u00adzes\u00adso\u00adren ver\u00adbaut \u2013 hier\u00adzu\u00adlan\u00adde den haus\u00adei\u00adge\u00adnen Exy\u00adnos 2200 \u2013, gibt es bei den Tablets kei\u00adne Markt\u00adan\u00adpas\u00adsun\u00adgen. Die Acht\u00adkern-CPU tak\u00adtet mit maxi\u00admal 3 GHz auf einem Kern, drei wei\u00adte\u00adre lau\u00adfen mit 2,5 GHz, die \u00fcbri\u00adgen vier begn\u00fc\u00adgen sich f\u00fcr weni\u00adger anspruchs\u00advol\u00adle Anwen\u00addun\u00adgen mit jeweils 1,8&nbsp;GHz.<\/span><\/p>\n<p><span data-contrast=\"auto\">Beim Spei\u00adcher l\u00e4sst dich Sam\u00adsung zwi\u00adschen drei Gr\u00f6\u00ad\u00dfen w\u00e4h\u00adlen: 128 GB und 8 GB RAM, 256 GB und 8 GB RAM oder 256 GB und 12 GB RAM. Beim Gala\u00adxy Tab S8 Ultra gestal\u00adtet sich die Spei\u00adcher\u00adver\u00adtei\u00adlung anders. Hier gibt es ins\u00adge\u00adsamt vier Optio\u00adnen: 128 GB und 8 GB RAM, 256 GB und 12 GB RAM, 512GB und 12 GB RAM, 512 GB und 16 GB&nbsp;RAM.<\/span><\/p>\n<p><span data-contrast=\"auto\">Ener\u00adgie erhal\u00adten die Tablets aus dem fest\u00adver\u00adbau\u00adten Akku, der mit bis zu 45 Watt schnell auf\u00adge\u00adla\u00adden wer\u00adden kann. Das daf\u00fcr not\u00adwen\u00addi\u00adge Netz\u00adteil ist aller\u00addings nicht im Lie\u00adfer\u00adum\u00adfang ent\u00adhal\u00adten. Rund 80 Minu\u00adten soll es damit dau\u00adern, die Bat\u00adte\u00adrie wie\u00adder auf 100 Pro\u00adzent zu brin\u00adgen. Im Gala\u00adxy Tab S8 liegt die Kapa\u00adzi\u00adt\u00e4t des Akkus bei 8.000 mAh, beim Tab S8+ bei 10.090 mAh und beim Tab S8 Ultra bei 11.200 mAh. Wie f\u00fcr Tablets wei\u00adter\u00adhin \u00fcblich l\u00e4sst sich auch die j\u00fcngs\u00adte Sam\u00adsung-Gene\u00adra\u00adti\u00adon aus\u00adschlie\u00df\u00adlich kabel\u00adge\u00adbun\u00adden mit Strom versorgen.<\/span><\/p>\n\n\t\t<\/div>\n\t<\/div>\n<\/div><\/div><\/div><\/div><div class=\"vc_row wpb_row vc_row-fluid\"><div class=\"wpb_column vc_column_container vc_col-sm-12\"><div class=\"vc_column-inner\"><div class=\"wpb_wrapper\"><div class=\"headline\"><a name=\"das-galaxy-tab-s8-unterstuetzt-wi-fi-6\"><\/a><h3>Das Gala\u00adxy Tab S8 unter\u00adst\u00fctzt Wi-Fi&nbsp;6<\/h3><\/div><\/div><\/div><\/div><\/div><div class=\"vc_row wpb_row vc_row-fluid\"><div class=\"wpb_column vc_column_container vc_col-sm-12\"><div class=\"vc_column-inner\"><div class=\"wpb_wrapper\">\n\t<div class=\"wpb_text_column wpb_content_element\">\n\t\t<div class=\"wpb_wrapper\">\n\t\t\t<p><span data-contrast=\"auto\">Eine bio\u00adme\u00adtri\u00adsche Sicher\u00adheits\u00adbar\u00adrie\u00adre sch\u00fctzt auch hier dein Ger\u00e4t vor Fremd\u00adzu\u00adgriff. Ein Fin\u00adger\u00adab\u00addruck\u00adsen\u00adsor ist beim nor\u00adma\u00adlen Tab S8 in der Ein\u00adschalt\u00adtas\u00adte inte\u00adgriert, bei den zwei gr\u00f6\u00ad\u00dfe\u00adren Flach\u00adcom\u00adpu\u00adtern befin\u00addet sich ein daf\u00fcr zust\u00e4n\u00addi\u00adger Ultra\u00adschall\u00adsen\u00adsor unter\u00adhalb des Displays.<\/span><\/p>\n<p><span data-contrast=\"auto\">Sam\u00adsung bie\u00adtet die Tablets in jeweils zwei Aus\u00adf\u00fch\u00adrun\u00adgen an: mit mobi\u00adlem Breit\u00adband (5G) und Wi-Fi oder aus\u00adschlie\u00df\u00adlich mit Wi-Fi. Die Gala\u00adxy-Tab-S8-Serie ist die ers\u00adte von Sam\u00adsung, die den neu\u00aden Wi-Fi-Stan\u00addard 6 unter\u00adst\u00fctzt. Die 6\u2011Gi\u00adga\u00adhertz-Fre\u00adquenz f\u00fcr WLAN-\u00dcber\u00adtra\u00adgun\u00adgen bie\u00adtet unter ande\u00adrem nied\u00adri\u00adge\u00adre Latenz\u00adzei\u00adten und h\u00f6he\u00adre Geschwin\u00addig\u00adkei\u00adten bei der Daten\u00ad\u00fcber\u00adtra\u00adgung. Was die neu\u00ades\u00adte WLAN-Gene\u00adra\u00adti\u00adon dar\u00ad\u00fcber hin\u00adaus kann, haben wir hier zusammengefasst:<\/span><\/p>\n\n\t\t<\/div>\n\t<\/div>\n<\/div><\/div><\/div><\/div><div class=\"vc_row wpb_row vc_row-fluid\"><div class=\"wpb_column vc_column_container vc_col-sm-12\"><div class=\"vc_column-inner\"><div class=\"wpb_wrapper\">      <a href=\"https:\/\/www.otto.de\/updated\/ratgeber\/wi-fi-6-das-solltest-du-ueber-den-neuen-standard-wissen-83897\/\" target=\"_self\" data-tracking-category=\"Content Interaction\" data-tracking-action=\"Teaserkachel\" data-tracking-label=\"Wi-Fi 6: Das solltest du \u00fcber den neuen Standard wissen\">\n  <div class=\"readable-button-container work-connect\">\n    <div class=\"readable-button-outer\">\n      <div class=\"readable-button-inner\">\n        <div class=\"readable-button-text\">\n          <div class=\"readable-button-small-headline-container\">\n            <div class=\"readable-button-small-headline\">\n              <span>\n                Auch lesenswert&nbsp;<\/span>\n            <\/div>\n          <\/div>\n        <\/div>\n        <img loading=\"lazy\" decoding=\"async\" class=\"readable-button-icon work-connect\" src=\"https:\/\/www.otto.de\/updated\/app\/themes\/main\/assets\/images\/relaunch\/icons\/buttonIcons\/link-box-arrow-dark.svg\" width=\"31\" height=\"31\">\n      <\/div>\n      <div class=\"readable-button-headline work-connect\">\n        <span>\n          Wi-Fi 6: Das soll\u00adtest du \u00fcber den neu\u00aden Stan\u00addard wissen&nbsp;<\/span>\n      <\/div>\n    <\/div>\n  <\/div>\n<\/a>\n<\/div><\/div><\/div><\/div><div class=\"vc_row wpb_row vc_row-fluid\"><div class=\"wpb_column vc_column_container vc_col-sm-12\"><div class=\"vc_column-inner\"><div class=\"wpb_wrapper\"><div class=\"headline toc--item\"><a name=\"eine-kamera-die-von-selbst-zoomt\"><\/a><h2>Eine Kame\u00adra, die von selbst zoomt<\/h2><\/div><\/div><\/div><\/div><\/div><div class=\"vc_row wpb_row vc_row-fluid\"><div class=\"wpb_column vc_column_container vc_col-sm-12\"><div class=\"vc_column-inner\"><div class=\"wpb_wrapper\">\n\t<div class=\"wpb_text_column wpb_content_element\">\n\t\t<div class=\"wpb_wrapper\">\n\t\t\t<p><span data-contrast=\"auto\">Auch wenn die Kame\u00adra\u00adqua\u00adli\u00adt\u00e4t von Tablets nicht auf einem Niveau mit der von Smart\u00adphones liegt, hat sie nicht zuletzt durch die Pan\u00adde\u00admie immer mehr Auf\u00admerk\u00adsam\u00adkeit bekom\u00admen. Folg\u00adlich hat auch Sam\u00adsung das Kame\u00adra\u00adsys\u00adtem \u00fcber\u00adar\u00adbei\u00adtet. Drei bzw. vier Kame\u00adra\u00admo\u00addu\u00adle beher\u00adber\u00adgen die Tablets. R\u00fcck\u00adsei\u00adtig sind es jeweils eine 13-MP-Haupt\u00adka\u00adme\u00adra mit F2.0\u2011Blende und ein Ultra\u00adweit\u00adwin\u00adkel\u00adob\u00adjek\u00adtiv mit 6 Mega\u00adpi\u00adxel und F2.2\u2011Blende. Zum Sicht\u00adfeld der Ultra\u00adweit\u00adwin\u00adkel\u00adlin\u00adse macht Sam\u00adsung kei\u00adne Anga\u00adben.<\/span><span data-contrast=\"auto\">&nbsp;<\/span><span data-ccp-props=\"{&quot;201341983&quot;:0,&quot;335559739&quot;:160,&quot;335559740&quot;:259}\">&nbsp;<\/span><\/p>\n<p><span data-contrast=\"auto\">In der Vor\u00adder\u00adsei\u00adte ein\u00adge\u00adlas\u00adsen ist eine 12-MP-Lin\u00adse mit F2.4\u2011Blende im Ultra\u00adweit\u00adwin\u00adkel\u00adfor\u00admat. Das Sicht\u00adfeld hier ist bekannt und betr\u00e4gt 120 Grad. Beim Tab S8 Ultra kommt vor\u00adne eine zwei\u00adte Kame\u00adra dazu mit noch\u00admals 12 Mega\u00adpi\u00adxel und einer licht\u00addurch\u00adl\u00e4s\u00adsi\u00adge\u00adren F2.2\u2011Blende.<\/span><span data-ccp-props=\"{&quot;201341983&quot;:0,&quot;335559739&quot;:160,&quot;335559740&quot;:259}\">&nbsp;<\/span><\/p>\n<p><span data-contrast=\"auto\">Beson\u00adders Augen\u00admerk bei der Bewer\u00adbung der 2022er Tablets legt Sam\u00adsung auf das soge\u00adnann\u00adte Auto Framing. Erst\u00admals vor\u00adge\u00adstellt hat\u00adte das Unter\u00adneh\u00admen die Kame\u00adra\u00adtech\u00adno\u00adlo\u00adgie 2020 zusam\u00admen mit dem Gala\u00adxy Z Fold2. Auch Apple bie\u00adtet in sei\u00adnen neue\u00adren iPads eine \u00e4hn\u00adli\u00adche Tech\u00adno\u00adlo\u00adgie an, dort hei\u00dft sie Cen\u00adter Stage bzw. Fol\u00adge\u00admo\u00addus. Der sorgt daf\u00fcr, dass die Kame\u00adra auto\u00adma\u00adtisch dem zen\u00adtra\u00adlen Objekt folgt. Bewegt sich eine Per\u00adson im Bild zur Sei\u00adte, folgt ihr der Bild\u00adaus\u00adschnitt, sodass die Per\u00adson wei\u00adter\u00adhin in der Mit\u00adte fokus\u00adsiert bleibt. Ent\u00adfernt sich die Per\u00adson von der Kame\u00adra, zoomt die\u00adse auto\u00adma\u00adtisch ran, um das Gesche\u00adhen erneut zu zen\u00adtrie\u00adren. Bis zu einem gewis\u00adsen Grad k\u00f6nn\u00adte Auto Framing somit eine zus\u00e4tz\u00adli\u00adche Per\u00adson f\u00fcr die Kame\u00adra\u00adf\u00fch\u00adrung ersetzen.<\/span><\/p>\n\n\t\t<\/div>\n\t<\/div>\n<\/div><\/div><\/div><\/div><div class=\"vc_row wpb_row vc_row-fluid\"><div class=\"wpb_column vc_column_container vc_col-sm-12\"><div class=\"vc_column-inner\"><div class=\"wpb_wrapper\">\n\t<div class=\"wpb_video_widget wpb_content_element vc_clearfix   vc_video-aspect-ratio- vc_video-el-width- vc_video-align-\">\n\t\t<div class=\"wpb_wrapper\">\n\t\t\t\n\t\t\t<div class=\"wpb_video_wrapper\">\t\t<div class=\"embed-privacy-container is-disabled embed-youtube\" data-embed-id=\"oembed_c173206d17605d41eeb825a2db790197\" data-embed-provider=\"youtube\" style=\"aspect-ratio: 500\/31055900621118;\">\t\t\t\t\t\t<button type=\"button\" class=\"embed-privacy-enable screen-reader-text\">Display \"Galaxy Z Fold2 5G: How to Use Auto Framing Video | Samsung\" from YouTube<\/button>\t\t\t\t\t\t<div class=\"embed-privacy-overlay\">\t\t\t\t<div class=\"embed-privacy-inner\">\t\t\t\t\t<div class=\"embed-privacy-logo\" style=\"background-image: url(https:\/\/www.otto.de\/updated\/app\/plugins\/embed-privacy\/assets\/images\/embed-youtube.png?ver=1.12.3);\"><\/div>\t\t<div style=\"text-align: center\">Hier kli\u00adcken, um den Inhalt von You\u00adTube anzuzeigen.<\/div>\n<div style=\"text-align: center\">Erfah\u00adre mehr in der <a href=\"https:\/\/policies.google.com\/privacy?hl=de\" target=\"_blank\" rel=\"noopener nofollow\">Daten\u00adschutz\u00ader\u00adkl\u00e4\u00adrung<\/a> von YouTube<\/div>\t\t<p class=\"embed-privacy-input-wrapper\">\t\t\t<input id=\"embed-privacy-store-youtube-c173206d17605d41eeb825a2db790197\" type=\"checkbox\" value=\"1\" class=\"embed-privacy-input\" data-embed-provider=\"youtube\">\t\t\t<label for=\"embed-privacy-store-youtube-c173206d17605d41eeb825a2db790197\" class=\"embed-privacy-label\" data-embed-provider=\"youtube\">\t\t\t\tInhalt von You\u00adtube immer anzeigen&nbsp;<\/label>\t\t<\/p>\t\t\t\t\t\t<\/div>\t\t\t\t\t\t\t\t<div class=\"embed-privacy-footer\"><\/div>\t\t\t<\/div>\t\t\t\t\t\t<div class=\"embed-privacy-content\">\t\t\t\t<script>var _oembed_c173206d17605d41eeb825a2db790197 = '{\\\"embed\\\":\\\"&lt;iframe title=&quot;Galaxy Z Fold2 5G: How to Use Auto Framing Video | Samsung&quot; width=&quot;500&quot; height=&quot;281&quot; src=&quot;https:\\\\\/\\\\\/www.youtube-nocookie.com\\\\\/embed\\\\\/z2DAZaFYrNM?feature=oembed&quot; frameborder=&quot;0&quot; allow=&quot;accelerometer; autoplay; clipboard-write; encrypted-media; gyroscope; picture-in-picture; web-share&quot; allowfullscreen&gt;&lt;\\\\\/iframe&gt;\\\"}';<\/script>\t\t\t<\/div>\t\t<\/div>\t\t<\/div>\n\t\t<\/div>\n\t<\/div>\n<\/div><\/div><\/div><\/div><div class=\"vc_row wpb_row vc_row-fluid\"><div class=\"wpb_column vc_column_container vc_col-sm-12\"><div class=\"vc_column-inner\"><div class=\"wpb_wrapper\">\n\t<div class=\"wpb_text_column wpb_content_element\">\n\t\t<div class=\"wpb_wrapper\">\n\t\t\t<p><span class=\"TextRun SCXW241591256 BCX0\" lang=\"DE-DE\" xml:lang=\"DE-DE\" data-contrast=\"auto\"><span class=\"NormalTextRun SCXW241591256 BCX0\">Dar\u00ad\u00fcber hin\u00adaus hat Sam\u00adsung in den drei kom\u00adpak\u00adten Com\u00adpu\u00adtern jeweils drei Mikro\u00adfo\u00adne unter\u00adbracht. Deren Anord\u00adnung soll daf\u00fcr sor\u00adgen, dass die spre\u00adchen\u00adde Per\u00adson gut zu h\u00f6ren ist, w\u00e4h\u00adrend Neben\u00adge\u00adr\u00e4u\u00adsche her\u00adaus\u00adge\u00adfil\u00adtert wer\u00adden. Vier Laut\u00adspre\u00adcher mit Dol\u00adby Atmos wie\u00adder\u00adum \u00fcber\u00adtra\u00adgen Medi\u00aden und ande\u00adre Audio-Inhal\u00adte so, dass du sie auch in lau\u00adter Umge\u00adbung noch gut&nbsp;h\u00f6rst.<\/span><\/span><\/p>\n\n\t\t<\/div>\n\t<\/div>\n<\/div><\/div><\/div><\/div><div class=\"vc_row wpb_row vc_row-fluid\"><div class=\"wpb_column vc_column_container vc_col-sm-12\"><div class=\"vc_column-inner\"><div class=\"wpb_wrapper\"><div class=\"headline toc--item\"><a name=\"preis-und-verfuegbarkeit-des-samsung-galaxy-tab-s8\"><\/a><h2>Preis und Ver\u00adf\u00fcg\u00adbar\u00adkeit des Sam\u00adsung Gala\u00adxy Tab&nbsp;S8<\/h2><\/div><\/div><\/div><\/div><\/div><div class=\"vc_row wpb_row vc_row-fluid\"><div class=\"wpb_column vc_column_container vc_col-sm-12\"><div class=\"vc_column-inner\"><div class=\"wpb_wrapper\">\n\t<div class=\"wpb_text_column wpb_content_element\">\n\t\t<div class=\"wpb_wrapper\">\n\t\t\t<p><span data-contrast=\"auto\">In Deutsch\u00adland ist das Tab S8 seit dem 25. Febru\u00adar 2022 erh\u00e4lt\u00adlich. Je nach Modell und Aus\u00adstat\u00adtung vari\u00adiert der Preis zwi\u00adschen min\u00addes\u00adtens 749 Euro und maxi\u00admal 1.599 Euro f\u00fcr die gr\u00f6\u00df\u00adte Konfiguration.<\/span><\/p>\n<p><span data-contrast=\"auto\">Das Gala\u00adxy Tab S8 und das Tab S8+ wird in den Far\u00adben Pink-Gold, Sil\u00adber und Gra\u00adfit ange\u00adbo\u00adten. Beim Tab S8 Ultra beschr\u00e4nkt sich die Aus\u00adwahl auf das schwarz\u00adgraue Gra\u00adfit. In der Ank\u00fcn\u00addi\u00adgung ver\u00adspricht Sam\u00adsung bis zu vier Android-Updates. Aus\u00adge\u00adlie\u00adfert wird es mit Android 12 zusam\u00admen mit Sam\u00adsungs Benut\u00adzer\u00adober\u00adfl\u00e4\u00adche One UI 4.1. Eine Ver\u00adsor\u00adgung mit rele\u00advan\u00adten Sicher\u00adheits\u00adpatches soll es bis zu f\u00fcnf Jah\u00adre geben, hier w\u00e4re sp\u00e4\u00adtes\u00adtens 2027 Schluss.<\/span><span data-ccp-props=\"{&quot;201341983&quot;:0,&quot;335559739&quot;:160,&quot;335559740&quot;:259}\">&nbsp;<\/span><\/p>\n\n\t\t<\/div>\n\t<\/div>\n<\/div><\/div><\/div><\/div><div class=\"vc_row wpb_row vc_row-fluid\"><div class=\"wpb_column vc_column_container vc_col-sm-12\"><div class=\"vc_column-inner\"><div class=\"wpb_wrapper\"><div class=\"snippeteer-slider\" data-snippet=\"Updated_7458\">\n  <div class=\"slider\" id=\"slider_Updated_7458\" data-slick=\"{&quot;autoplay&quot;:false,&quot;arrows&quot;:true,&quot;dots&quot;:false,&quot;infinite&quot;:true,&quot;slidesToShow&quot;:3,&quot;slidesToScroll&quot;:1,&quot;centerMode&quot;:true,&quot;centerPadding&quot;:&quot;0px&quot;}\">\n    <div class=\"slider__slide\">\n      <div class=\"teaser-headline-block\">\n        <div class=\"teaser-headline\">\n          Pas\u00adsend&nbsp;dazu&nbsp;<\/div>\n      <\/div>\n      <a class=\"link\" target=\"_blank\">\n        <div class=\"product-image-container\">\n          <img class=\"product-image\">\n        <\/div>\n        <div class=\"brand\"><\/div>\n        <div class=\"title\"><\/div>\n        <div class=\"price-and-button-container\">\n          <div class=\"price\">\n            <div class=\"old-price thousand-seperators\"><\/div>\n            <div class=\"current-price thousand-seperators\"><\/div>\n          <\/div>\n          <div class=\"bottom\">\n            <div class=\"call-to-action\">\n              <div class=\"button\">\n                Jetzt kaufen&nbsp;<\/div>\n            <\/div>\n          <\/div>\n        <\/div>\n      <\/a>\n    <\/div>\n  <\/div>\n<\/div>\n<\/div><\/div><\/div><\/div><div class=\"vc_row wpb_row vc_row-fluid\"><div class=\"wpb_column vc_column_container vc_col-sm-12\"><div class=\"vc_column-inner\"><div class=\"wpb_wrapper\"><div class=\"article-author-opinion\">\n  <div class=\"article-author-opinion-header\">\n    <div class=\"author-image-background\">\n      <picture>\n          <source srcset=\"https:\/\/www.otto.de\/updated\/app\/uploads-webp\/uploads\/2021\/04\/Alexander-Kraft-450x450.jpg.webp\" media=\"(-webkit-min-device-pixel-ratio: 2.5)\" type=\"image\/webp\">\n  <source srcset=\"https:\/\/www.otto.de\/updated\/app\/uploads\/2021\/04\/Alexander-Kraft-450x450.jpg\" media=\"(-webkit-min-device-pixel-ratio: 2.5)\">\n  <source srcset=\"https:\/\/www.otto.de\/updated\/app\/uploads-webp\/uploads\/2021\/04\/Alexander-Kraft-300x300.jpg.webp\" media=\"(-webkit-min-device-pixel-ratio: 1.5)\" type=\"image\/webp\">\n  <source srcset=\"https:\/\/www.otto.de\/updated\/app\/uploads\/2021\/04\/Alexander-Kraft-300x300.jpg\" media=\"(-webkit-min-device-pixel-ratio: 1.5)\">\n  <source srcset=\"https:\/\/www.otto.de\/updated\/app\/uploads-webp\/uploads\/2021\/04\/Alexander-Kraft-150x150.jpg.webp\" type=\"image\/webp\">\n  <img loading=\"lazy\" decoding=\"async\" src=\"https:\/\/www.otto.de\/updated\/app\/uploads\/2021\/04\/Alexander-Kraft-150x150.jpg\" width=\"150\" height=\"150\" title=\"Alexander Kraft\" alt=\"Portrait des Autoren Alexander Kraft\" class=\"author-image\">\n      <\/picture>\n    <\/div>\n    <div class=\"article-author-opinion-header-text\">\n      <div class=\"author-name\">\n        Alex\u00adan\u00adder&nbsp;Kraft&nbsp;<\/div>\n      <div class=\"opinion-headline\">\n        <h2>\n          Unse\u00adre<br><br>Expert*innen-Meinung        <\/h2>\n      <\/div>\n    <\/div>\n  <\/div>\n  <div class=\"article-author-opinion-separator\"><\/div>\n  <div class=\"article-author-opinion-content\">\n    \n\t<div class=\"wpb_text_column wpb_content_element\">\n\t\t<div class=\"wpb_wrapper\">\n\t\t\t<p><span class=\"TextRun SCXW184776780 BCX0\" lang=\"DE-DE\" xml:lang=\"DE-DE\" data-contrast=\"auto\"><span class=\"NormalTextRun SCXW184776780 BCX0\">Bis auf das iPad haben es nahe\u00adzu alle Tablets schwer, sich am Markt zu behaup\u00adten. Inso\u00adfern ist es schon aller Ehren wert, dass Sam\u00adsung \u00fcber\u00adhaupt wei\u00adter\u00adhin regel\u00adm\u00e4\u00ad\u00dfig neue Gene\u00adra\u00adtio\u00adnen ver\u00ad\u00f6f\u00adfent\u00adlicht. Tech\u00adnisch gibt es beim Gala\u00adxy Tab S8 nichts zu meckern \u2013 dem Daten\u00adblatt nach wohl\u00adge\u00admerkt. Wie gut sich ein Tab S8 im All\u00adtag bew\u00e4hrt, l\u00e4sst sich nat\u00fcr\u00adlich erst nach einem Test beant\u00adwor\u00adten. Das Auto Framing allein w\u00e4re f\u00fcr mich schon Grund genug, das Tab S8 in Ruhe aus\u00adzu\u00adpro\u00adbie\u00adren. Soll\u00adte mich auch die rest\u00adli\u00adche Per\u00adfor\u00admance \u00fcber\u00adzeu\u00adgen, h\u00e4t\u00adte Apple hier end\u00adlich mal wie\u00adder ernst\u00adhaf\u00adte Kon\u00adkur\u00adrenz im Tablet-Seg\u00adment zu erwarten.<\/span><\/span><\/p>\n\n\t\t<\/div>\n\t<\/div>\n  <\/div>\n  <div class=\"article-author-opinion-separator\"><\/div>\n<\/div>\n<\/div><\/div><\/div><\/div>\n<\/div>","protected":false},"excerpt":{"rendered":"Das Gala\u00adxy S22 in sei\u00adnen drei Vari\u00adan\u00adten ist nicht das Ein\u00adzi\u00adge, was Sam\u00adsung im Febru\u00adar 2022 vor\u00adge\u00adstellt hat. Die Auf\u00admerk\u00adsam\u00adkeit des Publi\u00adkums nutz\u00adte der Her\u00adstel\u00adler sogleich, um ihm eine aktua\u00adli\u00adsier\u00adte Ver\u00adsi\u00adon des Gala\u00adxy Tabs zu pr\u00e4\u00adsen\u00adtie\u00adren. Das Sam\u00adsung Gala\u00adxy Tab S8 kommt wie das Smart\u00adphone in drei Gr\u00f6\u00ad\u00dfen in den Han\u00addel. Was das Tablet dar\u00fcber&nbsp;[\u2026]","protected":false},"author":103,"featured_media":93733,"comment_status":"closed","ping_status":"open","sticky":false,"template":"","format":"standard","meta":{"_acf_changed":false,"wp_typography_post_enhancements_disabled":false,"footnotes":""},"categories":[35463,35465,35462],"tags":[263,292],"class_list":["post-94023","post","type-post","status-publish","format-standard","has-post-thumbnail","hentry","category-mobile-geraete","category-tablets","category-work-connect","tag-samsung","tag-tablets"],"acf":[],"yoast_head":"<!-- This site is optimized with the Yoast SEO Premium plugin v25.1 (Yoast SEO v25.1) - https:\/\/yoast.com\/wordpress\/plugins\/seo\/ -->\n<title>Alle Infos zum neuen Samsung Galaxy Tab S8 | OTTO<\/title>\n<meta name=\"description\" content=\"Das Samsung Galaxy Tab S8 kommt mit frischer Hardware und coolen Kameratricks. Hier liest du alles zum neuen Tablet-Trio.\" \/>\n<meta name=\"robots\" content=\"index, follow, max-snippet:-1, max-image-preview:large, max-video-preview:-1\" \/>\n<link rel=\"canonical\" href=\"https:\/\/www.otto.de\/updated\/samsung-galaxy-tab-s8-alle-infos-zu-samsungs-neuer-tablet-generation-94023\/\" \/>\n<meta property=\"og:locale\" content=\"de_DE\" \/>\n<meta property=\"og:type\" content=\"article\" \/>\n<meta property=\"og:title\" content=\"Samsung Galaxy Tab S8: Alle Infos zu Samsungs neuer Tablet-Generation\" \/>\n<meta property=\"og:description\" content=\"Das Samsung Galaxy Tab S8 kommt mit frischer Hardware und coolen Kameratricks. Hier liest du alles zum neuen Tablet-Trio.\" \/>\n<meta property=\"og:url\" content=\"https:\/\/www.otto.de\/updated\/samsung-galaxy-tab-s8-alle-infos-zu-samsungs-neuer-tablet-generation-94023\/\" \/>\n<meta property=\"og:site_name\" content=\"UPDATED\" \/>\n<meta property=\"article:publisher\" content=\"https:\/\/www.facebook.com\/updated.de\/\" \/>\n<meta property=\"article:published_time\" content=\"2022-02-26T15:00:39+00:00\" \/>\n<meta property=\"og:image\" content=\"https:\/\/www.otto.de\/updated\/app\/uploads\/2022\/02\/Samsung-Galaxy-Tab-S8-Ultra_03-scaled.jpg\" \/>\n\t<meta property=\"og:image:width\" content=\"2560\" \/>\n\t<meta property=\"og:image:height\" content=\"1707\" \/>\n\t<meta property=\"og:image:type\" content=\"image\/jpeg\" \/>\n<meta name=\"author\" content=\"Alexander Kraft\" \/>\n<meta name=\"twitter:card\" content=\"summary_large_image\" \/>\n<meta name=\"twitter:creator\" content=\"@updated_de\" \/>\n<meta name=\"twitter:site\" content=\"@updated_de\" \/>\n<meta name=\"twitter:label1\" content=\"Written by\" \/>\n\t<meta name=\"twitter:data1\" content=\"Alexander Kraft\" \/>\n\t<meta name=\"twitter:label2\" content=\"Est. reading time\" \/>\n\t<meta name=\"twitter:data2\" content=\"6\u00a0Minuten\" \/>\n<script type=\"application\/ld+json\" class=\"yoast-schema-graph\">{\"@context\":\"https:\/\/schema.org\",\"@graph\":[{\"@type\":\"WebPage\",\"@id\":\"https:\/\/www.otto.de\/updated\/samsung-galaxy-tab-s8-alle-infos-zu-samsungs-neuer-tablet-generation-94023\/\",\"url\":\"https:\/\/www.otto.de\/updated\/samsung-galaxy-tab-s8-alle-infos-zu-samsungs-neuer-tablet-generation-94023\/\",\"name\":\"Alle Infos zum neuen Samsung Galaxy Tab S8 | OTTO\",\"isPartOf\":{\"@id\":\"https:\/\/www.otto.de\/updated\/#website\"},\"primaryImageOfPage\":{\"@id\":\"https:\/\/www.otto.de\/updated\/samsung-galaxy-tab-s8-alle-infos-zu-samsungs-neuer-tablet-generation-94023\/#primaryimage\"},\"image\":{\"@id\":\"https:\/\/www.otto.de\/updated\/samsung-galaxy-tab-s8-alle-infos-zu-samsungs-neuer-tablet-generation-94023\/#primaryimage\"},\"thumbnailUrl\":\"https:\/\/www.otto.de\/updated\/app\/uploads\/2022\/02\/Samsung-Galaxy-Tab-S8-Ultra_03-scaled.jpg\",\"datePublished\":\"2022-02-26T15:00:39+00:00\",\"author\":{\"@id\":\"https:\/\/www.otto.de\/updated\/#\/schema\/person\/ceb97d816f13db389f60ed912af35ca4\"},\"description\":\"Das Samsung Galaxy Tab S8 kommt mit frischer Hardware und coolen Kameratricks. Hier liest du alles zum neuen Tablet-Trio.\",\"breadcrumb\":{\"@id\":\"https:\/\/www.otto.de\/updated\/samsung-galaxy-tab-s8-alle-infos-zu-samsungs-neuer-tablet-generation-94023\/#breadcrumb\"},\"inLanguage\":\"de\",\"potentialAction\":[{\"@type\":\"ReadAction\",\"target\":[\"https:\/\/www.otto.de\/updated\/samsung-galaxy-tab-s8-alle-infos-zu-samsungs-neuer-tablet-generation-94023\/\"]}]},{\"@type\":\"ImageObject\",\"inLanguage\":\"de\",\"@id\":\"https:\/\/www.otto.de\/updated\/samsung-galaxy-tab-s8-alle-infos-zu-samsungs-neuer-tablet-generation-94023\/#primaryimage\",\"url\":\"https:\/\/www.otto.de\/updated\/app\/uploads\/2022\/02\/Samsung-Galaxy-Tab-S8-Ultra_03-scaled.jpg\",\"contentUrl\":\"https:\/\/www.otto.de\/updated\/app\/uploads\/2022\/02\/Samsung-Galaxy-Tab-S8-Ultra_03-scaled.jpg\",\"width\":2560,\"height\":1707,\"caption\":\"Ein Tablet, viele M\u00f6glichkeiten: Das Samsung Galaxy Tab S8 unterst\u00fctzt bei allen Modellen den S Pen als Eingabeger\u00e4t.\"},{\"@type\":\"BreadcrumbList\",\"@id\":\"https:\/\/www.otto.de\/updated\/samsung-galaxy-tab-s8-alle-infos-zu-samsungs-neuer-tablet-generation-94023\/#breadcrumb\",\"itemListElement\":[{\"@type\":\"ListItem\",\"position\":1,\"name\":\"Startseite\",\"item\":\"\/updated\/\"},{\"@type\":\"ListItem\",\"position\":2,\"name\":\"Work &amp; Connect\",\"item\":\"https:\/\/www.otto.de\/updated\/work-connect\/\"},{\"@type\":\"ListItem\",\"position\":3,\"name\":\"Mobile Ger\u00e4te\",\"item\":\"https:\/\/www.otto.de\/updated\/mobile-geraete\/\"},{\"@type\":\"ListItem\",\"position\":4,\"name\":\"Tablets\",\"item\":\"https:\/\/www.otto.de\/updated\/tablets\/\"},{\"@type\":\"ListItem\",\"position\":5,\"name\":\"Sam\u00adsung Gala\u00adxy Tab S8: Alle Infos zu Sam\u00adsungs neu\u00ader Tablet-Generation\"}]},{\"@type\":\"WebSite\",\"@id\":\"https:\/\/www.otto.de\/updated\/#website\",\"url\":\"https:\/\/www.otto.de\/updated\/\",\"name\":\"UPDATED\",\"description\":\"\",\"potentialAction\":[{\"@type\":\"SearchAction\",\"target\":{\"@type\":\"EntryPoint\",\"urlTemplate\":\"https:\/\/www.otto.de\/updated\/?s={search_term_string}\"},\"query-input\":{\"@type\":\"PropertyValueSpecification\",\"valueRequired\":true,\"valueName\":\"search_term_string\"}}],\"inLanguage\":\"de\"},{\"@type\":\"Person\",\"@id\":\"https:\/\/www.otto.de\/updated\/#\/schema\/person\/ceb97d816f13db389f60ed912af35ca4\",\"name\":\"Alexander Kraft\",\"description\":\"Aufgewachsen zwischen NES und C64 hat Alex so manchen Technik-Trend kommen und noch viel schneller wieder verschwinden sehen. Was ihn nach all den Jahren immer noch an neuer Technologie begeistert? Die Experimentierfreude, die Vielseitigkeit und der unbedingte Drang der Hersteller, die n\u00e4chste gro\u00dfe \u00dcberraschung zu landen. Bis es so weit ist, hilft Alex allen, die ihn fragen, Smartphones einzurichten oder den Router zu rebooten.\",\"url\":\"https:\/\/www.otto.de\/updated\/redaktion\/\",\"image\":null,\"colleague\":[\"https:\/\/www.otto.de\/updated\/redaktion\/alexander-kraft\/\",\"https:\/\/www.otto.de\/updated\/redaktion\/anne-beyer\/\",\"https:\/\/www.otto.de\/updated\/redaktion\/arne-schaetzle\/\",\"https:\/\/www.otto.de\/updated\/redaktion\/jana-janssen\/\",\"https:\/\/www.otto.de\/updated\/redaktion\/pascal-wuttke\/\",\"https:\/\/www.otto.de\/updated\/redaktion\/thomas-bott\/\"],\"worksFor\":[{\"@type\":\"Organization\",\"id\":\"https:\/\/www.otto.de\/updated\/#organization\",\"name\":\"UPDATED\"}]}]}<\/script>\n<!-- \/ Yoast SEO Premium plugin. -->","yoast_head_json":{"title":"Alle Infos zum neuen Samsung Galaxy Tab S8 | OTTO","description":"Das Samsung Galaxy Tab S8 kommt mit frischer Hardware und coolen Kameratricks. Hier liest du alles zum neuen Tablet-Trio.","robots":{"index":"index","follow":"follow","max-snippet":"max-snippet:-1","max-image-preview":"max-image-preview:large","max-video-preview":"max-video-preview:-1"},"canonical":"https:\/\/www.otto.de\/updated\/samsung-galaxy-tab-s8-alle-infos-zu-samsungs-neuer-tablet-generation-94023\/","og_locale":"de_DE","og_type":"article","og_title":"Samsung Galaxy Tab S8: Alle Infos zu Samsungs neuer Tablet-Generation","og_description":"Das Samsung Galaxy Tab S8 kommt mit frischer Hardware und coolen Kameratricks. Hier liest du alles zum neuen Tablet-Trio.","og_url":"https:\/\/www.otto.de\/updated\/samsung-galaxy-tab-s8-alle-infos-zu-samsungs-neuer-tablet-generation-94023\/","og_site_name":"UPDATED","article_publisher":"https:\/\/www.facebook.com\/updated.de\/","article_published_time":"2022-02-26T15:00:39+00:00","og_image":[{"width":2560,"height":1707,"url":"https:\/\/www.otto.de\/updated\/app\/uploads\/2022\/02\/Samsung-Galaxy-Tab-S8-Ultra_03-scaled.jpg","type":"image\/jpeg"}],"author":"Alexander Kraft","twitter_card":"summary_large_image","twitter_creator":"@updated_de","twitter_site":"@updated_de","twitter_misc":{"Written by":"Alexander Kraft","Est. reading time":"6\u00a0Minuten"},"schema":{"@context":"https:\/\/schema.org","@graph":[{"@type":"WebPage","@id":"https:\/\/www.otto.de\/updated\/samsung-galaxy-tab-s8-alle-infos-zu-samsungs-neuer-tablet-generation-94023\/","url":"https:\/\/www.otto.de\/updated\/samsung-galaxy-tab-s8-alle-infos-zu-samsungs-neuer-tablet-generation-94023\/","name":"Alle Infos zum neuen Samsung Galaxy Tab S8 | OTTO","isPartOf":{"@id":"https:\/\/www.otto.de\/updated\/#website"},"primaryImageOfPage":{"@id":"https:\/\/www.otto.de\/updated\/samsung-galaxy-tab-s8-alle-infos-zu-samsungs-neuer-tablet-generation-94023\/#primaryimage"},"image":{"@id":"https:\/\/www.otto.de\/updated\/samsung-galaxy-tab-s8-alle-infos-zu-samsungs-neuer-tablet-generation-94023\/#primaryimage"},"thumbnailUrl":"https:\/\/www.otto.de\/updated\/app\/uploads\/2022\/02\/Samsung-Galaxy-Tab-S8-Ultra_03-scaled.jpg","datePublished":"2022-02-26T15:00:39+00:00","author":{"@id":"https:\/\/www.otto.de\/updated\/#\/schema\/person\/ceb97d816f13db389f60ed912af35ca4"},"description":"Das Samsung Galaxy Tab S8 kommt mit frischer Hardware und coolen Kameratricks. Hier liest du alles zum neuen Tablet-Trio.","breadcrumb":{"@id":"https:\/\/www.otto.de\/updated\/samsung-galaxy-tab-s8-alle-infos-zu-samsungs-neuer-tablet-generation-94023\/#breadcrumb"},"inLanguage":"de","potentialAction":[{"@type":"ReadAction","target":["https:\/\/www.otto.de\/updated\/samsung-galaxy-tab-s8-alle-infos-zu-samsungs-neuer-tablet-generation-94023\/"]}]},{"@type":"ImageObject","inLanguage":"de","@id":"https:\/\/www.otto.de\/updated\/samsung-galaxy-tab-s8-alle-infos-zu-samsungs-neuer-tablet-generation-94023\/#primaryimage","url":"https:\/\/www.otto.de\/updated\/app\/uploads\/2022\/02\/Samsung-Galaxy-Tab-S8-Ultra_03-scaled.jpg","contentUrl":"https:\/\/www.otto.de\/updated\/app\/uploads\/2022\/02\/Samsung-Galaxy-Tab-S8-Ultra_03-scaled.jpg","width":2560,"height":1707,"caption":"Ein Tablet, viele M\u00f6glichkeiten: Das Samsung Galaxy Tab S8 unterst\u00fctzt bei allen Modellen den S Pen als Eingabeger\u00e4t."},{"@type":"BreadcrumbList","@id":"https:\/\/www.otto.de\/updated\/samsung-galaxy-tab-s8-alle-infos-zu-samsungs-neuer-tablet-generation-94023\/#breadcrumb","itemListElement":[{"@type":"ListItem","position":1,"name":"Startseite","item":"\/updated\/"},{"@type":"ListItem","position":2,"name":"Work &amp; Connect","item":"https:\/\/www.otto.de\/updated\/work-connect\/"},{"@type":"ListItem","position":3,"name":"Mobile Ger\u00e4te","item":"https:\/\/www.otto.de\/updated\/mobile-geraete\/"},{"@type":"ListItem","position":4,"name":"Tablets","item":"https:\/\/www.otto.de\/updated\/tablets\/"},{"@type":"ListItem","position":5,"name":"Sam\u00adsung Gala\u00adxy Tab S8: Alle Infos zu Sam\u00adsungs neu\u00ader Tablet-Generation"}]},{"@type":"WebSite","@id":"https:\/\/www.otto.de\/updated\/#website","url":"https:\/\/www.otto.de\/updated\/","name":"UPDATED","description":"","potentialAction":[{"@type":"SearchAction","target":{"@type":"EntryPoint","urlTemplate":"https:\/\/www.otto.de\/updated\/?s={search_term_string}"},"query-input":{"@type":"PropertyValueSpecification","valueRequired":true,"valueName":"search_term_string"}}],"inLanguage":"de"},{"@type":"Person","@id":"https:\/\/www.otto.de\/updated\/#\/schema\/person\/ceb97d816f13db389f60ed912af35ca4","name":"Alexander Kraft","description":"Aufgewachsen zwischen NES und C64 hat Alex so manchen Technik-Trend kommen und noch viel schneller wieder verschwinden sehen. Was ihn nach all den Jahren immer noch an neuer Technologie begeistert? Die Experimentierfreude, die Vielseitigkeit und der unbedingte Drang der Hersteller, die n\u00e4chste gro\u00dfe \u00dcberraschung zu landen. Bis es so weit ist, hilft Alex allen, die ihn fragen, Smartphones einzurichten oder den Router zu rebooten.","url":"https:\/\/www.otto.de\/updated\/redaktion\/","image":null,"colleague":["https:\/\/www.otto.de\/updated\/redaktion\/alexander-kraft\/","https:\/\/www.otto.de\/updated\/redaktion\/anne-beyer\/","https:\/\/www.otto.de\/updated\/redaktion\/arne-schaetzle\/","https:\/\/www.otto.de\/updated\/redaktion\/jana-janssen\/","https:\/\/www.otto.de\/updated\/redaktion\/pascal-wuttke\/","https:\/\/www.otto.de\/updated\/redaktion\/thomas-bott\/"],"worksFor":[{"@type":"Organization","id":"https:\/\/www.otto.de\/updated\/#organization","name":"UPDATED"}]}]}},"_links":{"self":[{"href":"https:\/\/www.otto.de\/updated\/wp-json\/wp\/v2\/posts\/94023","targetHints":{"allow":["GET"]}}],"collection":[{"href":"https:\/\/www.otto.de\/updated\/wp-json\/wp\/v2\/posts"}],"about":[{"href":"https:\/\/www.otto.de\/updated\/wp-json\/wp\/v2\/types\/post"}],"author":[{"embeddable":true,"href":"https:\/\/www.otto.de\/updated\/wp-json\/wp\/v2\/users\/103"}],"replies":[{"embeddable":true,"href":"https:\/\/www.otto.de\/updated\/wp-json\/wp\/v2\/comments?post=94023"}],"version-history":[{"count":2,"href":"https:\/\/www.otto.de\/updated\/wp-json\/wp\/v2\/posts\/94023\/revisions"}],"predecessor-version":[{"id":94026,"href":"https:\/\/www.otto.de\/updated\/wp-json\/wp\/v2\/posts\/94023\/revisions\/94026"}],"wp:featuredmedia":[{"embeddable":true,"href":"https:\/\/www.otto.de\/updated\/wp-json\/wp\/v2\/media\/93733"}],"wp:attachment":[{"href":"https:\/\/www.otto.de\/updated\/wp-json\/wp\/v2\/media?parent=94023"}],"wp:term":[{"taxonomy":"category","embeddable":true,"href":"https:\/\/www.otto.de\/updated\/wp-json\/wp\/v2\/categories?post=94023"},{"taxonomy":"post_tag","embeddable":true,"href":"https:\/\/www.otto.de\/updated\/wp-json\/wp\/v2\/tags?post=94023"}],"curies":[{"name":"wp","href":"https:\/\/api.w.org\/{rel}","templated":true}]}}