
{"id":92596,"date":"2021-10-28T16:00:53","date_gmt":"2021-10-28T14:00:53","guid":{"rendered":"\/updated\/?p=92596"},"modified":"2021-11-05T12:08:18","modified_gmt":"2021-11-05T11:08:18","slug":"wasserverbrauch-der-waschmaschine-wie-hoch-er-ist-und-was-du-beachten-musst","status":"publish","type":"post","link":"https:\/\/www.otto.de\/updated\/wasserverbrauch-der-waschmaschine-wie-hoch-er-ist-und-was-du-beachten-musst-92596\/","title":{"rendered":"Was\u00adser\u00adver\u00adbrauch der Wasch\u00adma\u00adschi\u00adne: Wie hoch er ist und was du beach\u00adten&nbsp;musst"},"content":{"rendered":"<div class=\"wpb-content-wrapper\"><div class=\"vc_row wpb_row vc_row-fluid\"><div class=\"wpb_column vc_column_container vc_col-sm-12\"><div class=\"vc_column-inner\"><div class=\"wpb_wrapper\">\n\t<div class=\"wpb_text_column wpb_content_element\">\n\t\t<div class=\"wpb_wrapper\">\n\t\t\t<p><strong><span class=\"TextRun MacChromeBold SCXW8608138 BCX0\" lang=\"DE-DE\" xml:lang=\"DE-DE\" data-contrast=\"auto\"><span class=\"NormalTextRun SCXW8608138 BCX0\">Die Wasch\u00adma\u00adschi\u00adne ist meist eines der wich\u00adtigs\u00adten Haus\u00adhalts\u00adge\u00adr\u00e4\u00adte. Mit der Hand zu waschen ist bei den meis\u00adten Tex\u00adti\u00adli\u00aden ohne\u00adhin nicht mehr n\u00f6tig<\/span><span class=\"NormalTextRun SCXW8608138 BCX0\">,<\/span><span class=\"NormalTextRun SCXW8608138 BCX0\">&nbsp;und der Gang zum Wasch\u00adsa\u00adlon f\u00fcr vie\u00adle Men\u00adschen zu weit oder zu stres\u00adsig. Doch nat\u00fcr\u00adlich bedeu\u00adtet eine Wasch\u00adma\u00adschi\u00adne im Haus auch einen erh\u00f6h\u00adten Ver\u00adbrauch bei Strom und Was\u00adser. Wie genau sich letz\u00adte\u00adrer \u00e4u\u00dfert, ist vie\u00adlen Men\u00adschen viel\u00adleicht gar nicht klar. Hier bekommst du alle Infor\u00adma\u00adtio\u00adnen zu durch\u00adschnitt\u00adli\u00adchen Ver\u00adbr\u00e4u\u00adchen, wie du den Ver\u00adbrauch dei\u00adner Maschi\u00adne ermit\u00adteln kannst und wie du ihn sogar ver\u00adrin\u00adgerst.<\/span><\/span><span class=\"EOP SCXW8608138 BCX0\" data-ccp-props=\"{}\">&nbsp;<\/span><\/strong><\/p>\n\n\t\t<\/div>\n\t<\/div>\n<\/div><\/div><\/div><\/div><div class=\"vc_row wpb_row vc_row-fluid\"><div class=\"wpb_column vc_column_container vc_col-sm-12\"><div class=\"vc_column-inner\"><div class=\"wpb_wrapper\"><nav class=\"toc\"><h2 class=\"toc--headline\">Das erfahrt ihr gleich<\/h2><ul class=\"toc--links\"><li><a href=\"#wasserverbrauch-der-waschmaschine-blick-auf-das-energielabel\">Was\u00adser\u00adver\u00adbrauch der Wasch\u00adma\u00adschi\u00adne: Blick auf das Energielabel<\/a><\/li><li><a href=\"#wasserverbrauch-messen-das-sind-moeglichkeiten\">Was\u00adser\u00adver\u00adbrauch mes\u00adsen: Das sind M\u00f6glichkeiten<\/a><\/li><li><a href=\"#waesche-waschen-den-wasserverbrauch-verringern\">W\u00e4sche waschen: Den Was\u00adser\u00adver\u00adbrauch verringern<\/a><\/li><li><a href=\"#tipp-reduziere-auch-den-stromverbrauch\">Tipp: Redu\u00adzie\u00adre auch den Stromverbrauch<\/a><\/li><li><a href=\"#wasserverbrauch-der-waschmaschine-auf-das-alter-kommt-es-an\">Was\u00adser\u00adver\u00adbrauch der Wasch\u00adma\u00adschi\u00adne: Auf das Alter kommt es&nbsp;an<\/a><\/li><\/ul><\/nav><\/div><\/div><\/div><\/div><div class=\"vc_row wpb_row vc_row-fluid\"><div class=\"wpb_column vc_column_container vc_col-sm-12\"><div class=\"vc_column-inner\"><div class=\"wpb_wrapper\"><div class=\"headline toc--item\"><a name=\"wasserverbrauch-der-waschmaschine-blick-auf-das-energielabel\"><\/a><h2>Was\u00adser\u00adver\u00adbrauch der Wasch\u00adma\u00adschi\u00adne: Blick auf das Energielabel<\/h2><\/div><\/div><\/div><\/div><\/div><div class=\"vc_row wpb_row vc_row-fluid\"><div class=\"wpb_column vc_column_container vc_col-sm-12\"><div class=\"vc_column-inner\"><div class=\"wpb_wrapper\">\n\t<div class=\"wpb_text_column wpb_content_element\">\n\t\t<div class=\"wpb_wrapper\">\n\t\t\t<p><span data-contrast=\"auto\">Geht es um den Was\u00adser\u00adver\u00adbrauch einer Wasch\u00adma\u00adschi\u00adne, dann gibt vor allem eines dar\u00ad\u00fcber Auf\u00adschluss: das EU-Ener\u00adgie\u00adla\u00adbel. Das ist f\u00fcr alle inner\u00adhalb der EU ver\u00adkauf\u00adten Ger\u00e4\u00adte Pflicht. Du fin\u00addest es in Online-Shops, auf Aus\u00adstel\u00adlungs\u00adge\u00adr\u00e4\u00adten im sta\u00adtio\u00adn\u00e4\u00adren Han\u00addel und meist auch auf der Ver\u00adpa\u00adckung von Elek\u00adtro\u00adge\u00adr\u00e4\u00adten. Das EU-Label gibt \u00fcber Buch\u00adsta\u00adben von G bis A eine all\u00adge\u00admei\u00adne Ein\u00adord\u00adnung des Ener\u00adgie\u00adver\u00adbrauchs wie\u00adder. Dabei wei\u00adsen Ger\u00e4\u00adte mit \u201eG\u201c die schlech\u00adtes\u00adte Effi\u00adzi\u00adenz auf, w\u00e4h\u00adrend Maschi\u00adnen mit \u201eA\u201c die bes\u00adte besit\u00adzen. Beim Neu\u00adkauf soll\u00adtest du dar\u00adauf unbe\u00addingt ach\u00adten. Auf dem Label sind aber auch eini\u00adge Wer\u00adte etwas genau\u00ader ange\u00adge\u00adben. Dazu geh\u00f6rt eben auch der Was\u00adser\u00adver\u00adbrauch.<\/span><span data-ccp-props=\"{}\">&nbsp;<\/span><\/p>\n<p><span data-contrast=\"auto\">Der ist auf dem Label im unte\u00adren Bereich durch einen Was\u00adser\u00adhahn gekenn\u00adzeich\u00adnet. Dazu gilt es aller\u00addings zu wis\u00adsen, was die\u00adser Ver\u00adbrauch nun wirk\u00adlich angibt. Laut der EU-Ver\u00adord\u00adnung gibt der Wert den Was\u00adser\u00adver\u00adbrauch in Litern w\u00e4h\u00adrend eines&nbsp;Betriebs\u00adszy\u00adklus&nbsp;im Pro\u00adgramm \u201eeco&nbsp;40\u201360\u201c wie\u00adder. Dabei neh\u00admen die Her\u00adstel\u00adler einen Mit\u00adtel\u00adwert zwi\u00adschen den Ver\u00adbr\u00e4u\u00adchen bei voll\u00adst\u00e4n\u00addi\u00adger Bef\u00fcl\u00adlung und&nbsp;Teil\u00adbe\u00adf\u00fcl\u00adlung. Steht dort also bei\u00adspiels\u00adwei\u00adse 50 Liter, dann braucht die Maschi\u00adne ver\u00admut\u00adlich bei vol\u00adler Bef\u00fcl\u00adlung etwas mehr Was\u00adser und bei&nbsp;Teil\u00adbe\u00adf\u00fcl\u00adlung&nbsp;weni\u00adger. \u00dcbri\u00adgens: Das gilt auch f\u00fcr den in kWh ange\u00adge\u00adbe\u00adnen Strom\u00adver\u00adbrauch.<\/span><span data-ccp-props=\"{}\">&nbsp;<\/span><\/p>\n<p><span data-contrast=\"auto\">Das Pro\u00adblem: Mit dem Label bekommst du nur einen sehr gro\u00adben \u00dcber\u00adblick \u00fcber den m\u00f6g\u00adli\u00adchen Was\u00adser\u00adver\u00adbrauch. W\u00e4schst du nicht im Eco-Wasch\u00adgang oder hast eine Maschi\u00adne, die \u00fcber Sen\u00adso\u00adren auto\u00adma\u00adtisch die Zeit- und Was\u00adser\u00admen\u00adgen anpasst, dann weicht der Ver\u00adbrauch m\u00f6g\u00adli\u00adcher\u00adwei\u00adse stark ab.<\/span><span data-ccp-props=\"{}\">&nbsp;<\/span><\/p>\n\n\t\t<\/div>\n\t<\/div>\n<\/div><\/div><\/div><\/div><div class=\"vc_row wpb_row vc_row-fluid\"><div class=\"wpb_column vc_column_container vc_col-sm-12\"><div class=\"vc_column-inner\"><div class=\"wpb_wrapper\"><div class=\"headline toc--item\"><a name=\"wasserverbrauch-messen-das-sind-moeglichkeiten\"><\/a><h2>Was\u00adser\u00adver\u00adbrauch mes\u00adsen: Das sind M\u00f6glichkeiten<\/h2><\/div><\/div><\/div><\/div><\/div><div class=\"vc_row wpb_row vc_row-fluid\"><div class=\"wpb_column vc_column_container vc_col-sm-12\"><div class=\"vc_column-inner\"><div class=\"wpb_wrapper\">\n\t<div class=\"wpb_text_column wpb_content_element\">\n\t\t<div class=\"wpb_wrapper\">\n\t\t\t<p><span data-contrast=\"auto\">M\u00f6ch\u00adtest du es genau\u00ader wis\u00adsen und wirk\u00adlich jeden Wasch\u00adgang erfas\u00adsen, dann gibt es auch daf\u00fcr M\u00f6g\u00adlich\u00adkei\u00adten. F\u00fcr eine davon musst du kein Geld inves\u00adtie\u00adren. Suche ein\u00adfach den Was\u00adser\u00adz\u00e4h\u00adler in dei\u00adnem Haus oder in dei\u00adner Woh\u00adnung, der auch die Zulei\u00adtung zur Wasch\u00adma\u00adschi\u00adne mit\u00adz\u00e4hlt. Stel\u00adle sicher, dass kei\u00adne ande\u00adren Ver\u00adbrau\u00adcher im Haus\u00adhalt ein\u00adge\u00adschal\u00adtet sind. Es soll\u00adte also der Geschirr\u00adsp\u00fc\u00adler nicht lau\u00adfen, genau wie die Was\u00adser\u00adh\u00e4h\u00adne&nbsp;im Haus. Schrei\u00adbe dir jetzt den Z\u00e4h\u00adler\u00adstand des Kalt\u00adwas\u00adser-Z\u00e4h\u00adlers auf. Star\u00adte die Wasch\u00adma\u00adschi\u00adne und las\u00adse sie durch\u00adlau\u00adfen. Am Ende pr\u00fcfst du wie\u00adder den Z\u00e4h\u00adler\u00adstand und wei\u00dft, wie vie\u00adle Kubik\u00adme\u00adter Was\u00adser das Ger\u00e4t ver\u00adbraucht hat. Die Zahl nimmst du nun mal 1.000, um den Wert in Liter Was\u00adser zu bekom\u00admen.<\/span><span data-ccp-props=\"{}\">&nbsp;<\/span><\/p>\n<p><span data-contrast=\"auto\">Ist dir das zu viel Arbeit und du m\u00f6ch\u00adtest all\u00adge\u00admein eine gute \u00dcber\u00adsicht des Ver\u00adbrauchs \u00fcber l\u00e4n\u00adge\u00adre Zeit bekom\u00admen, dann lohnt sich viel\u00adleicht die Anbrin\u00adgung eines Was\u00adser\u00adz\u00e4h\u00adlers. Den schlie\u00dft du ein\u00adfach zwi\u00adschen Was\u00adser\u00adhahn und Wasch\u00adma\u00adschi\u00adne. Die Ger\u00e4\u00adte gibt es, nat\u00fcr\u00adlich geeicht, schon f\u00fcr rund 30 bis 40 Euro zu kau\u00adfen.<\/span><span data-ccp-props=\"{}\">&nbsp;<\/span><\/p>\n\n\t\t<\/div>\n\t<\/div>\n<div class=\"snippeteer-slider\" data-snippet=\"Updated_7089\">\n  <div class=\"slider\" id=\"slider_Updated_7089\" data-slick=\"{&quot;autoplay&quot;:false,&quot;arrows&quot;:true,&quot;dots&quot;:false,&quot;infinite&quot;:true,&quot;slidesToShow&quot;:3,&quot;slidesToScroll&quot;:1,&quot;centerMode&quot;:true,&quot;centerPadding&quot;:&quot;0px&quot;}\">\n    <div class=\"slider__slide\">\n      <div class=\"teaser-headline-block\">\n        <div class=\"teaser-headline\">\n          Pas\u00adsend&nbsp;dazu&nbsp;<\/div>\n      <\/div>\n      <a class=\"link\" target=\"_blank\">\n        <div class=\"product-image-container\">\n          <img class=\"product-image\">\n        <\/div>\n        <div class=\"brand\"><\/div>\n        <div class=\"title\"><\/div>\n        <div class=\"price-and-button-container\">\n          <div class=\"price\">\n            <div class=\"old-price thousand-seperators\"><\/div>\n            <div class=\"current-price thousand-seperators\"><\/div>\n          <\/div>\n          <div class=\"bottom\">\n            <div class=\"call-to-action\">\n              <div class=\"button\">\n                Jetzt kaufen&nbsp;<\/div>\n            <\/div>\n          <\/div>\n        <\/div>\n      <\/a>\n    <\/div>\n  <\/div>\n<\/div>\n<\/div><\/div><\/div><\/div><div class=\"vc_row wpb_row vc_row-fluid\"><div class=\"wpb_column vc_column_container vc_col-sm-12\"><div class=\"vc_column-inner\"><div class=\"wpb_wrapper\">  <div class=\"slick-gallery-wrapper gallery-no-padding\" data-number-of-slides=\"1\">\n    <div class=\"slick-gallery should-lightbox \" id=\"slick_gallery_T5My2sMBFRXuNS118yxl\">\n              <figure>\n  <div class=\"img-small-container\">\n    <div class=\"img-small-hover-background\"><\/div>\n    <picture>\n                                <source srcset=\"https:\/\/www.otto.de\/updated\/app\/uploads-webp\/uploads\/2021\/10\/Wasserverbrauch-Waschmaschine-Energielabel_02-1080x615.jpg.webp\" media=\"(max-width: 360px) and (-webkit-min-device-pixel-ratio: 2.5)\" type=\"image\/webp\">\n                  <source srcset=\"https:\/\/www.otto.de\/updated\/app\/uploads\/2021\/10\/Wasserverbrauch-Waschmaschine-Energielabel_02-1080x615.jpg\" media=\"(max-width: 360px) and (-webkit-min-device-pixel-ratio: 2.5)\">\n                  <source srcset=\"https:\/\/www.otto.de\/updated\/app\/uploads-webp\/uploads\/2021\/10\/Wasserverbrauch-Waschmaschine-Energielabel_02-720x410.jpg.webp\" media=\"(max-width: 360px) and (-webkit-min-device-pixel-ratio: 1.5)\" type=\"image\/webp\">\n                  <source srcset=\"https:\/\/www.otto.de\/updated\/app\/uploads\/2021\/10\/Wasserverbrauch-Waschmaschine-Energielabel_02-720x410.jpg\" media=\"(max-width: 360px) and (-webkit-min-device-pixel-ratio: 1.5)\">\n                  <source srcset=\"https:\/\/www.otto.de\/updated\/app\/uploads-webp\/uploads\/2021\/10\/Wasserverbrauch-Waschmaschine-Energielabel_02-360x205.jpg.webp\" media=\"(max-width: 360px)\" type=\"image\/webp\">\n                  <source srcset=\"https:\/\/www.otto.de\/updated\/app\/uploads\/2021\/10\/Wasserverbrauch-Waschmaschine-Energielabel_02-360x205.jpg\" media=\"(max-width: 360px)\">\n                    <source srcset=\"https:\/\/www.otto.de\/updated\/app\/uploads-webp\/uploads\/2021\/10\/Wasserverbrauch-Waschmaschine-Energielabel_02-1680x945.jpg.webp\" media=\"(max-width: 560px) and (-webkit-min-device-pixel-ratio: 2.5)\" type=\"image\/webp\">\n                  <source srcset=\"https:\/\/www.otto.de\/updated\/app\/uploads\/2021\/10\/Wasserverbrauch-Waschmaschine-Energielabel_02-1680x945.jpg\" media=\"(max-width: 560px) and (-webkit-min-device-pixel-ratio: 2.5)\">\n                  <source srcset=\"https:\/\/www.otto.de\/updated\/app\/uploads-webp\/uploads\/2021\/10\/Wasserverbrauch-Waschmaschine-Energielabel_02-1120x630.jpg.webp\" media=\"(max-width: 560px) and (-webkit-min-device-pixel-ratio: 1.5)\" type=\"image\/webp\">\n                  <source srcset=\"https:\/\/www.otto.de\/updated\/app\/uploads\/2021\/10\/Wasserverbrauch-Waschmaschine-Energielabel_02-1120x630.jpg\" media=\"(max-width: 560px) and (-webkit-min-device-pixel-ratio: 1.5)\">\n                  <source srcset=\"https:\/\/www.otto.de\/updated\/app\/uploads-webp\/uploads\/2021\/10\/Wasserverbrauch-Waschmaschine-Energielabel_02-560x315.jpg.webp\" media=\"(max-width: 560px)\" type=\"image\/webp\">\n                  <source srcset=\"https:\/\/www.otto.de\/updated\/app\/uploads\/2021\/10\/Wasserverbrauch-Waschmaschine-Energielabel_02-560x315.jpg\" media=\"(max-width: 560px)\">\n                    <source srcset=\"https:\/\/www.otto.de\/updated\/app\/uploads-webp\/uploads\/2021\/10\/Wasserverbrauch-Waschmaschine-Energielabel_02.jpg.webp\" media=\"(max-width: 767px) and (-webkit-min-device-pixel-ratio: 2.5)\" type=\"image\/webp\">\n                  <source srcset=\"https:\/\/www.otto.de\/updated\/app\/uploads\/2021\/10\/Wasserverbrauch-Waschmaschine-Energielabel_02.jpg\" media=\"(max-width: 767px) and (-webkit-min-device-pixel-ratio: 2.5)\">\n                  <source srcset=\"https:\/\/www.otto.de\/updated\/app\/uploads-webp\/uploads\/2021\/10\/Wasserverbrauch-Waschmaschine-Energielabel_02-1536x864.jpg.webp\" media=\"(max-width: 767px) and (-webkit-min-device-pixel-ratio: 1.5)\" type=\"image\/webp\">\n                  <source srcset=\"https:\/\/www.otto.de\/updated\/app\/uploads\/2021\/10\/Wasserverbrauch-Waschmaschine-Energielabel_02-1536x864.jpg\" media=\"(max-width: 767px) and (-webkit-min-device-pixel-ratio: 1.5)\">\n                  <source srcset=\"https:\/\/www.otto.de\/updated\/app\/uploads-webp\/uploads\/2021\/10\/Wasserverbrauch-Waschmaschine-Energielabel_02-768x432.jpg.webp\" media=\"(max-width: 767px)\" type=\"image\/webp\">\n                  <source srcset=\"https:\/\/www.otto.de\/updated\/app\/uploads\/2021\/10\/Wasserverbrauch-Waschmaschine-Energielabel_02-768x432.jpg\" media=\"(max-width: 767px)\">\n                    <source srcset=\"https:\/\/www.otto.de\/updated\/app\/uploads-webp\/uploads\/2021\/10\/Wasserverbrauch-Waschmaschine-Energielabel_02-1680x945.jpg.webp\" media=\"(max-width: 991px) and (-webkit-min-device-pixel-ratio: 2.5)\" type=\"image\/webp\">\n                  <source srcset=\"https:\/\/www.otto.de\/updated\/app\/uploads\/2021\/10\/Wasserverbrauch-Waschmaschine-Energielabel_02-1680x945.jpg\" media=\"(max-width: 991px) and (-webkit-min-device-pixel-ratio: 2.5)\">\n                  <source srcset=\"https:\/\/www.otto.de\/updated\/app\/uploads-webp\/uploads\/2021\/10\/Wasserverbrauch-Waschmaschine-Energielabel_02-1120x630.jpg.webp\" media=\"(max-width: 991px) and (-webkit-min-device-pixel-ratio: 1.5)\" type=\"image\/webp\">\n                  <source srcset=\"https:\/\/www.otto.de\/updated\/app\/uploads\/2021\/10\/Wasserverbrauch-Waschmaschine-Energielabel_02-1120x630.jpg\" media=\"(max-width: 991px) and (-webkit-min-device-pixel-ratio: 1.5)\">\n                  <source srcset=\"https:\/\/www.otto.de\/updated\/app\/uploads-webp\/uploads\/2021\/10\/Wasserverbrauch-Waschmaschine-Energielabel_02-560x315.jpg.webp\" media=\"(max-width: 991px)\" type=\"image\/webp\">\n                  <source srcset=\"https:\/\/www.otto.de\/updated\/app\/uploads\/2021\/10\/Wasserverbrauch-Waschmaschine-Energielabel_02-560x315.jpg\" media=\"(max-width: 991px)\">\n        <source srcset=\"https:\/\/www.otto.de\/updated\/app\/uploads-webp\/uploads\/2021\/10\/Wasserverbrauch-Waschmaschine-Energielabel_02.jpg.webp\" media=\"(-webkit-min-device-pixel-ratio: 2.5)\" type=\"image\/webp\">\n  <source srcset=\"https:\/\/www.otto.de\/updated\/app\/uploads\/2021\/10\/Wasserverbrauch-Waschmaschine-Energielabel_02.jpg\" media=\"(-webkit-min-device-pixel-ratio: 2.5)\">\n  <source srcset=\"https:\/\/www.otto.de\/updated\/app\/uploads-webp\/uploads\/2021\/10\/Wasserverbrauch-Waschmaschine-Energielabel_02-1536x864.jpg.webp\" media=\"(-webkit-min-device-pixel-ratio: 1.5)\" type=\"image\/webp\">\n  <source srcset=\"https:\/\/www.otto.de\/updated\/app\/uploads\/2021\/10\/Wasserverbrauch-Waschmaschine-Energielabel_02-1536x864.jpg\" media=\"(-webkit-min-device-pixel-ratio: 1.5)\">\n  <source srcset=\"https:\/\/www.otto.de\/updated\/app\/uploads-webp\/uploads\/2021\/10\/Wasserverbrauch-Waschmaschine-Energielabel_02-768x432.jpg.webp\" type=\"image\/webp\">\n  <img loading=\"lazy\" decoding=\"async\" src=\"https:\/\/www.otto.de\/updated\/app\/uploads\/2021\/10\/Wasserverbrauch-Waschmaschine-Energielabel_02-768x432.jpg\" width=\"768\" height=\"432\" title=\"Wasserverbrauch Waschmaschine\" alt=\"Foto eines Wasserz\u00e4hlers, der auf einer Zuleitung sitzt.\" class=\"img-responsive img-small\" data-copyright=\"\u00a9 2021 Getty Images\" data-post-excerpt=\"Um den Verbrauch zu ermitteln, hilft dir ein Wasserz\u00e4hler weiter. Diesen kannst du zum Beispiel zwischen Wasserhahn und Waschmaschine installieren.\" data-light-value=\"dark\" data-zoom-width=\"1920\" data-zoom-height=\"1280\" data-zoom-src=\"https:\/\/www.otto.de\/updated\/app\/uploads\/2021\/10\/Wasserverbrauch-Waschmaschine-Energielabel_02.jpg\">\n                    <div class=\"caption dark\">\n          <small>\n            \u00a9 2021 Get\u00adty Images&nbsp;<\/small>\n        <\/div>\n          <\/picture>\n  <\/div>\n      <figcaption class=\"post-excerpt\">\n      Um den Ver\u00adbrauch zu ermit\u00adteln, hilft dir ein Was\u00adser\u00adz\u00e4h\u00adler wei\u00adter. Die\u00adsen kannst du zum Bei\u00adspiel zwi\u00adschen Was\u00adser\u00adhahn und Wasch\u00adma\u00adschi\u00adne installieren.&nbsp;<\/figcaption>\n  <\/figure>\n          <\/div>\n    <div class=\"progress-bars\"><\/div>\n    <div class=\"zoom-icon-wrapper\">\n      <div class=\"zoom-icon\"><\/div>\n    <\/div>\n  <\/div>\n<\/div><\/div><\/div><\/div><div class=\"vc_row wpb_row vc_row-fluid\"><div class=\"wpb_column vc_column_container vc_col-sm-12\"><div class=\"vc_column-inner\"><div class=\"wpb_wrapper\">    <div class=\"infobox floatr\">\n        <div class=\"infobox-info-icon-container\">\n            <div class=\"infobox-info-icon\"><\/div>\n        <\/div>\n        <div class=\"headline\"><a name=\"waschmaschinen-verbrauch-im-laufe-der-zeit\"><\/a><h3>Wasch\u00adma\u00adschi\u00adnen: Ver\u00adbrauch im Lau\u00adfe der&nbsp;Zeit<\/h3><\/div>\n\t<div class=\"wpb_text_column wpb_content_element\">\n\t\t<div class=\"wpb_wrapper\">\n\t\t\t<p><span class=\"TextRun SCXW231685946 BCX0\" lang=\"DE-DE\" xml:lang=\"DE-DE\" data-contrast=\"auto\"><span class=\"NormalTextRun SCXW231685946 BCX0\">Moder\u00adne Wasch\u00adma\u00adschi\u00adnen sind mit \u00e4lte\u00adren Model\u00adlen beim The\u00adma Effi\u00adzi\u00adenz kaum mehr zu ver\u00adglei\u00adchen. Gera\u00adde durch Eco-Wasch\u00adpro\u00adgram\u00adme haben die Ger\u00e4\u00adte in die\u00adsem Bereich deut\u00adlich zuge\u00adlegt. Vor etwas 30 Jah\u00adren brauch\u00adte eine Maschi\u00adne f\u00fcr einen vol\u00adlen Wasch\u00adgang noch rund 200 Liter Was\u00adser. Vor 15 Jah\u00adren war es nur noch knapp die H\u00e4lf\u00adte die\u00adser Men\u00adge. Eine neue Maschi\u00adne liegt nicht sel\u00adten bei etwa 50 Litern, was nur noch ein Vier\u00adtel des eins\u00adti\u00adgen Ver\u00adbrauchs ist. Kaufst du heu\u00adte eine Wasch\u00adma\u00adschi\u00adne der Klas\u00adse A, sparst du im Ver\u00adgleich zu einer alten Wasch\u00adma\u00adschi\u00adne also auf Dau\u00ader Geld. Das legt nat\u00fcr\u00adlich die \u00dcber\u00adle\u00adgung nahe, die alte Maschi\u00adne bald in Ren\u00adte zu schi\u00adcken, soll\u00adtest du noch eine sol\u00adche besitzen.<\/span><\/span><\/p>\n\n\t\t<\/div>\n\t<\/div>\n    <\/div>\n\n    <\/div><\/div><\/div><\/div><div class=\"vc_row wpb_row vc_row-fluid\"><div class=\"wpb_column vc_column_container vc_col-sm-12\"><div class=\"vc_column-inner\"><div class=\"wpb_wrapper\"><div class=\"headline toc--item\"><a name=\"waesche-waschen-den-wasserverbrauch-verringern\"><\/a><h2>W\u00e4sche waschen: Den Was\u00adser\u00adver\u00adbrauch verringern<\/h2><\/div><\/div><\/div><\/div><\/div><div class=\"vc_row wpb_row vc_row-fluid\"><div class=\"wpb_column vc_column_container vc_col-sm-12\"><div class=\"vc_column-inner\"><div class=\"wpb_wrapper\">\n\t<div class=\"wpb_text_column wpb_content_element\">\n\t\t<div class=\"wpb_wrapper\">\n\t\t\t<p><span data-contrast=\"auto\">F\u00fcr Umwelt und Geld\u00adbeu\u00adtel lohnt es sich, wenn du die Wasch\u00adma\u00adschi\u00adne so spar\u00adsam wie m\u00f6g\u00adlich betreibst. Zum Gl\u00fcck kannst du selbst dazu bei\u00adtra\u00adgen. Der wich\u00adtigs\u00adte Tipp ist, m\u00f6g\u00adlichst bei jeder W\u00e4sche das Eco-Pro\u00adgramm zu ver\u00adwen\u00adden. Dabei sorgt das Ger\u00e4t n\u00e4m\u00adlich daf\u00fcr, weni\u00adger Was\u00adser zu ver\u00adbrau\u00adchen.<\/span><span data-ccp-props=\"{}\">&nbsp;<\/span><\/p>\n<p><span data-contrast=\"auto\">Mache dei\u00adne Maschi\u00adne au\u00dfer\u00addem bei jedem Wasch\u00adgang m\u00f6g\u00adlichst voll. Zwar braucht sie dann etwas mehr Was\u00adser als bei einer Teil\u00adbe\u00adla\u00addung, daf\u00fcr bekommst du mehr W\u00e4sche weg. Oder anders aus\u00adge\u00addr\u00fcckt: Der Was\u00adser\u00adver\u00adbrauch bei zwei Wasch\u00adg\u00e4n\u00adgen mit hal\u00adber Bela\u00addung ist h\u00f6her als bei einem Wasch\u00adgang mit vol\u00adler Bela\u00addung.<\/span><span data-ccp-props=\"{}\">&nbsp;<\/span><\/p>\n<p><span data-contrast=\"auto\">Bei einer neu\u00aden Wasch\u00adma\u00adschi\u00adne ist nicht sel\u00adten ein Sen\u00adsor an Bord, der die Bela\u00addung auto\u00adma\u00adtisch wiegt und sogar \u00fcber Fasern die Art des Stoffs fest\u00adstellt. Nut\u00adze die\u00adse Funk\u00adti\u00adon, wann immer es m\u00f6g\u00adlich ist. Die Maschi\u00adne sorgt somit nicht nur f\u00fcr m\u00f6g\u00adlichst sau\u00adbe\u00adre W\u00e4sche, son\u00addern ver\u00adbraucht auch noch wenig Ener\u00adgie.<\/span><span data-ccp-props=\"{}\">&nbsp;<\/span><\/p>\n\n\t\t<\/div>\n\t<\/div>\n<\/div><\/div><\/div><\/div><div class=\"vc_row wpb_row vc_row-fluid\"><div class=\"wpb_column vc_column_container vc_col-sm-12\"><div class=\"vc_column-inner\"><div class=\"wpb_wrapper\">  <div class=\"slick-gallery-wrapper gallery-no-padding\" data-number-of-slides=\"1\">\n    <div class=\"slick-gallery should-lightbox \" id=\"slick_gallery_EQ7tJeW8ubyJ4gowwZDe\">\n              <figure>\n  <div class=\"img-small-container\">\n    <div class=\"img-small-hover-background\"><\/div>\n    <picture>\n                                <source srcset=\"https:\/\/www.otto.de\/updated\/app\/uploads-webp\/uploads\/2021\/10\/Wasserverbrauch-Waschmaschine-Energielabel_03-1080x615.jpg.webp\" media=\"(max-width: 360px) and (-webkit-min-device-pixel-ratio: 2.5)\" type=\"image\/webp\">\n                  <source srcset=\"https:\/\/www.otto.de\/updated\/app\/uploads\/2021\/10\/Wasserverbrauch-Waschmaschine-Energielabel_03-1080x615.jpg\" media=\"(max-width: 360px) and (-webkit-min-device-pixel-ratio: 2.5)\">\n                  <source srcset=\"https:\/\/www.otto.de\/updated\/app\/uploads-webp\/uploads\/2021\/10\/Wasserverbrauch-Waschmaschine-Energielabel_03-720x410.jpg.webp\" media=\"(max-width: 360px) and (-webkit-min-device-pixel-ratio: 1.5)\" type=\"image\/webp\">\n                  <source srcset=\"https:\/\/www.otto.de\/updated\/app\/uploads\/2021\/10\/Wasserverbrauch-Waschmaschine-Energielabel_03-720x410.jpg\" media=\"(max-width: 360px) and (-webkit-min-device-pixel-ratio: 1.5)\">\n                  <source srcset=\"https:\/\/www.otto.de\/updated\/app\/uploads-webp\/uploads\/2021\/10\/Wasserverbrauch-Waschmaschine-Energielabel_03-360x205.jpg.webp\" media=\"(max-width: 360px)\" type=\"image\/webp\">\n                  <source srcset=\"https:\/\/www.otto.de\/updated\/app\/uploads\/2021\/10\/Wasserverbrauch-Waschmaschine-Energielabel_03-360x205.jpg\" media=\"(max-width: 360px)\">\n                    <source srcset=\"https:\/\/www.otto.de\/updated\/app\/uploads-webp\/uploads\/2021\/10\/Wasserverbrauch-Waschmaschine-Energielabel_03-1680x945.jpg.webp\" media=\"(max-width: 560px) and (-webkit-min-device-pixel-ratio: 2.5)\" type=\"image\/webp\">\n                  <source srcset=\"https:\/\/www.otto.de\/updated\/app\/uploads\/2021\/10\/Wasserverbrauch-Waschmaschine-Energielabel_03-1680x945.jpg\" media=\"(max-width: 560px) and (-webkit-min-device-pixel-ratio: 2.5)\">\n                  <source srcset=\"https:\/\/www.otto.de\/updated\/app\/uploads-webp\/uploads\/2021\/10\/Wasserverbrauch-Waschmaschine-Energielabel_03-1120x630.jpg.webp\" media=\"(max-width: 560px) and (-webkit-min-device-pixel-ratio: 1.5)\" type=\"image\/webp\">\n                  <source srcset=\"https:\/\/www.otto.de\/updated\/app\/uploads\/2021\/10\/Wasserverbrauch-Waschmaschine-Energielabel_03-1120x630.jpg\" media=\"(max-width: 560px) and (-webkit-min-device-pixel-ratio: 1.5)\">\n                  <source srcset=\"https:\/\/www.otto.de\/updated\/app\/uploads-webp\/uploads\/2021\/10\/Wasserverbrauch-Waschmaschine-Energielabel_03-560x315.jpg.webp\" media=\"(max-width: 560px)\" type=\"image\/webp\">\n                  <source srcset=\"https:\/\/www.otto.de\/updated\/app\/uploads\/2021\/10\/Wasserverbrauch-Waschmaschine-Energielabel_03-560x315.jpg\" media=\"(max-width: 560px)\">\n                    <source srcset=\"https:\/\/www.otto.de\/updated\/app\/uploads-webp\/uploads\/2021\/10\/Wasserverbrauch-Waschmaschine-Energielabel_03.jpg.webp\" media=\"(max-width: 767px) and (-webkit-min-device-pixel-ratio: 2.5)\" type=\"image\/webp\">\n                  <source srcset=\"https:\/\/www.otto.de\/updated\/app\/uploads\/2021\/10\/Wasserverbrauch-Waschmaschine-Energielabel_03.jpg\" media=\"(max-width: 767px) and (-webkit-min-device-pixel-ratio: 2.5)\">\n                  <source srcset=\"https:\/\/www.otto.de\/updated\/app\/uploads-webp\/uploads\/2021\/10\/Wasserverbrauch-Waschmaschine-Energielabel_03-1536x864.jpg.webp\" media=\"(max-width: 767px) and (-webkit-min-device-pixel-ratio: 1.5)\" type=\"image\/webp\">\n                  <source srcset=\"https:\/\/www.otto.de\/updated\/app\/uploads\/2021\/10\/Wasserverbrauch-Waschmaschine-Energielabel_03-1536x864.jpg\" media=\"(max-width: 767px) and (-webkit-min-device-pixel-ratio: 1.5)\">\n                  <source srcset=\"https:\/\/www.otto.de\/updated\/app\/uploads-webp\/uploads\/2021\/10\/Wasserverbrauch-Waschmaschine-Energielabel_03-768x432.jpg.webp\" media=\"(max-width: 767px)\" type=\"image\/webp\">\n                  <source srcset=\"https:\/\/www.otto.de\/updated\/app\/uploads\/2021\/10\/Wasserverbrauch-Waschmaschine-Energielabel_03-768x432.jpg\" media=\"(max-width: 767px)\">\n                    <source srcset=\"https:\/\/www.otto.de\/updated\/app\/uploads-webp\/uploads\/2021\/10\/Wasserverbrauch-Waschmaschine-Energielabel_03-1680x945.jpg.webp\" media=\"(max-width: 991px) and (-webkit-min-device-pixel-ratio: 2.5)\" type=\"image\/webp\">\n                  <source srcset=\"https:\/\/www.otto.de\/updated\/app\/uploads\/2021\/10\/Wasserverbrauch-Waschmaschine-Energielabel_03-1680x945.jpg\" media=\"(max-width: 991px) and (-webkit-min-device-pixel-ratio: 2.5)\">\n                  <source srcset=\"https:\/\/www.otto.de\/updated\/app\/uploads-webp\/uploads\/2021\/10\/Wasserverbrauch-Waschmaschine-Energielabel_03-1120x630.jpg.webp\" media=\"(max-width: 991px) and (-webkit-min-device-pixel-ratio: 1.5)\" type=\"image\/webp\">\n                  <source srcset=\"https:\/\/www.otto.de\/updated\/app\/uploads\/2021\/10\/Wasserverbrauch-Waschmaschine-Energielabel_03-1120x630.jpg\" media=\"(max-width: 991px) and (-webkit-min-device-pixel-ratio: 1.5)\">\n                  <source srcset=\"https:\/\/www.otto.de\/updated\/app\/uploads-webp\/uploads\/2021\/10\/Wasserverbrauch-Waschmaschine-Energielabel_03-560x315.jpg.webp\" media=\"(max-width: 991px)\" type=\"image\/webp\">\n                  <source srcset=\"https:\/\/www.otto.de\/updated\/app\/uploads\/2021\/10\/Wasserverbrauch-Waschmaschine-Energielabel_03-560x315.jpg\" media=\"(max-width: 991px)\">\n        <source srcset=\"https:\/\/www.otto.de\/updated\/app\/uploads-webp\/uploads\/2021\/10\/Wasserverbrauch-Waschmaschine-Energielabel_03.jpg.webp\" media=\"(-webkit-min-device-pixel-ratio: 2.5)\" type=\"image\/webp\">\n  <source srcset=\"https:\/\/www.otto.de\/updated\/app\/uploads\/2021\/10\/Wasserverbrauch-Waschmaschine-Energielabel_03.jpg\" media=\"(-webkit-min-device-pixel-ratio: 2.5)\">\n  <source srcset=\"https:\/\/www.otto.de\/updated\/app\/uploads-webp\/uploads\/2021\/10\/Wasserverbrauch-Waschmaschine-Energielabel_03-1536x864.jpg.webp\" media=\"(-webkit-min-device-pixel-ratio: 1.5)\" type=\"image\/webp\">\n  <source srcset=\"https:\/\/www.otto.de\/updated\/app\/uploads\/2021\/10\/Wasserverbrauch-Waschmaschine-Energielabel_03-1536x864.jpg\" media=\"(-webkit-min-device-pixel-ratio: 1.5)\">\n  <source srcset=\"https:\/\/www.otto.de\/updated\/app\/uploads-webp\/uploads\/2021\/10\/Wasserverbrauch-Waschmaschine-Energielabel_03-768x432.jpg.webp\" type=\"image\/webp\">\n  <img loading=\"lazy\" decoding=\"async\" src=\"https:\/\/www.otto.de\/updated\/app\/uploads\/2021\/10\/Wasserverbrauch-Waschmaschine-Energielabel_03-768x432.jpg\" width=\"768\" height=\"432\" title=\"Wasserverbrauch Waschmaschine\" alt=\"Eine Person stellt das Programm einer Waschmaschine ein.\" class=\"img-responsive img-small\" data-copyright=\"\u00a9 2021 Getty Images\" data-post-excerpt=\"Eco-Programme und volle Waschmaschinen reduzieren nicht nur den Wasserverbrauch, sondern sparen langfristig auch Strom ein.\" data-light-value=\"light\" data-zoom-width=\"1920\" data-zoom-height=\"1280\" data-zoom-src=\"https:\/\/www.otto.de\/updated\/app\/uploads\/2021\/10\/Wasserverbrauch-Waschmaschine-Energielabel_03.jpg\">\n                    <div class=\"caption light\">\n          <small>\n            \u00a9 2021 Get\u00adty Images&nbsp;<\/small>\n        <\/div>\n          <\/picture>\n  <\/div>\n      <figcaption class=\"post-excerpt\">\n      Eco-Pro\u00adgram\u00adme und vol\u00adle Wasch\u00adma\u00adschi\u00adnen redu\u00adzie\u00adren nicht nur den Was\u00adser\u00adver\u00adbrauch, son\u00addern spa\u00adren lang\u00adfris\u00adtig auch Strom&nbsp;ein.&nbsp;<\/figcaption>\n  <\/figure>\n          <\/div>\n    <div class=\"progress-bars\"><\/div>\n    <div class=\"zoom-icon-wrapper\">\n      <div class=\"zoom-icon\"><\/div>\n    <\/div>\n  <\/div>\n<\/div><\/div><\/div><\/div><div class=\"vc_row wpb_row vc_row-fluid\"><div class=\"wpb_column vc_column_container vc_col-sm-12\"><div class=\"vc_column-inner\"><div class=\"wpb_wrapper\"><div class=\"headline toc--item\"><a name=\"tipp-reduziere-auch-den-stromverbrauch\"><\/a><h2>Tipp: Redu\u00adzie\u00adre auch den Stromverbrauch<\/h2><\/div><\/div><\/div><\/div><\/div><div class=\"vc_row wpb_row vc_row-fluid\"><div class=\"wpb_column vc_column_container vc_col-sm-12\"><div class=\"vc_column-inner\"><div class=\"wpb_wrapper\">\n\t<div class=\"wpb_text_column wpb_content_element\">\n\t\t<div class=\"wpb_wrapper\">\n\t\t\t<p><span data-contrast=\"auto\">Nicht nur beim Was\u00adser gibt es Poten\u00adzi\u00adal zum Spa\u00adren, son\u00addern auch beim Strom. Auch hier gilt zun\u00e4chst wie\u00adder:&nbsp;Nut\u00adze das Eco-Pro\u00adgramm. Stel\u00adle au\u00dfer\u00addem eine nied\u00adri\u00adge Tem\u00adpe\u00adra\u00adtur&nbsp;ein. Bei einer&nbsp;gew\u00e4hl\u00adten Tem\u00adpe\u00adra\u00adtur&nbsp;von 40 Grad muss die Maschi\u00adne das Was\u00adser schlie\u00df\u00adlich&nbsp;weni\u00adger stark erhit\u00adzen. H\u00f6he\u00adre Tem\u00adpe\u00adra\u00adtu\u00adren stellst du bes\u00adser nur dann ein, wenn es wirk\u00adlich not\u00adwen\u00addig ist. Brauchst du ein ande\u00adres Pro\u00adgramm, ach\u00adte auch hier auf eine m\u00f6g\u00adlichst nied\u00adri\u00adge Tem\u00adpe\u00adra\u00adtur.<\/span><span data-ccp-props=\"{}\">&nbsp;<\/span><\/p>\n<p><span data-contrast=\"auto\">Ein wei\u00adte\u00adrer Tipp gilt f\u00fcr alle Elek\u00adtro\u00adge\u00adr\u00e4\u00adte: aus\u00adschal\u00adten. Obwohl der Stand-by-Modus deut\u00adlich weni\u00adger Ener\u00adgie ver\u00adbraucht als der eigent\u00adli\u00adche Betrieb, liegt der Wert nicht bei null. Schal\u00adte dei\u00adne Wasch\u00adma\u00adschi\u00adne also nach jedem Wasch\u00adgang auch wirk\u00adlich aus, um unn\u00f6\u00adti\u00adgen Strom\u00adver\u00adbrauch zu ver\u00adhin\u00addern. F\u00e4llt dir das schwer, dann ste\u00adcke eine smar\u00adte Steck\u00addo\u00adse zwi\u00adschen Wand\u00adan\u00adschluss und Maschi\u00adne. So kannst du jeder\u00adzeit \u00fcber das Smart\u00adphone kon\u00adtrol\u00adlie\u00adren, ob das Ger\u00e4t Strom hat und&nbsp;die\u00adsen&nbsp;aus der Fer\u00adne abdre\u00adhen. Eini\u00adge der smar\u00adten Steck\u00addo\u00adsen z\u00e4h\u00adlen au\u00dfer\u00addem den ver\u00adbrauch\u00adten Strom. So beh\u00e4ltst du auch den bes\u00adser im Auge.<\/span><span data-ccp-props=\"{}\">&nbsp;<\/span><\/p>\n\n\t\t<\/div>\n\t<\/div>\n<\/div><\/div><\/div><\/div><div class=\"vc_row wpb_row vc_row-fluid\"><div class=\"wpb_column vc_column_container vc_col-sm-12\"><div class=\"vc_column-inner\"><div class=\"wpb_wrapper\"><div class=\"headline toc--item\"><a name=\"wasserverbrauch-der-waschmaschine-auf-das-alter-kommt-es-an\"><\/a><h2>Was\u00adser\u00adver\u00adbrauch der Wasch\u00adma\u00adschi\u00adne: Auf das Alter kommt es&nbsp;an<\/h2><\/div><\/div><\/div><\/div><\/div><div class=\"vc_row wpb_row vc_row-fluid\"><div class=\"wpb_column vc_column_container vc_col-sm-12\"><div class=\"vc_column-inner\"><div class=\"wpb_wrapper\">\n\t<div class=\"wpb_text_column wpb_content_element\">\n\t\t<div class=\"wpb_wrapper\">\n\t\t\t<p><span class=\"TextRun SCXW126355271 BCX0\" lang=\"DE-DE\" xml:lang=\"DE-DE\" data-contrast=\"auto\"><span class=\"NormalTextRun SCXW126355271 BCX0\">Der tech\u00adni\u00adsche Fort\u00adschritt hat auch vor Wasch\u00adma\u00adschi\u00adnen nicht Halt gemacht. \u00dcber die Jahr\u00adzehn\u00adte haben Tech\u00adno\u00adlo\u00adgien wie Eco-Modi und Sen\u00adso\u00adren daf\u00fcr gesorgt, dass die Effi\u00adzi\u00adenz der Ger\u00e4\u00adte stark gestie\u00adgen ist. So ver\u00adbraucht eine moder\u00adne Wasch\u00adma\u00adschi\u00adne mit Ener\u00adgie\u00adef\u00adfi\u00adzi\u00adenz\u00adklas\u00adse A oft weni\u00adger als 50 Liter pro Wasch\u00adgang. Vor 30 Jah\u00adren war es noch das Vier\u00adfa\u00adche. M\u00f6g\u00adlich gemacht haben das aber zum Teil auch bes\u00adse\u00adre Wasch\u00admit\u00adtel. Du selbst kannst zum Spa\u00adren von Was\u00adser und Strom bei\u00adtra\u00adgen, wenn du dich an die oben genann\u00adten Tipps h\u00e4ltst. Das ist nicht nur gut f\u00fcr die Umwelt, son\u00addern auch f\u00fcr dei\u00adne Geld\u00adb\u00f6r\u00adse.<\/span><\/span><span class=\"EOP SCXW126355271 BCX0\" data-ccp-props=\"{}\">&nbsp;<\/span><\/p>\n\n\t\t<\/div>\n\t<\/div>\n<\/div><\/div><\/div><\/div>\n<\/div>","protected":false},"excerpt":{"rendered":"Die Wasch\u00adma\u00adschi\u00adne ist meist eines der wich\u00adtigs\u00adten Haus\u00adhalts\u00adge\u00adr\u00e4\u00adte. Mit der Hand zu waschen ist bei den meis\u00adten Tex\u00adti\u00adli\u00aden ohne\u00adhin nicht mehr n\u00f6tig,&nbsp;und der Gang zum Wasch\u00adsa\u00adlon f\u00fcr vie\u00adle Men\u00adschen zu weit oder zu stres\u00adsig. Doch nat\u00fcr\u00adlich bedeu\u00adtet eine Wasch\u00adma\u00adschi\u00adne im Haus auch einen erh\u00f6h\u00adten Ver\u00adbrauch bei Strom und Was\u00adser. Wie genau sich letz\u00adte\u00adrer \u00e4u\u00dfert, ist&nbsp;[\u2026]","protected":false},"author":102,"featured_media":92566,"comment_status":"open","ping_status":"open","sticky":false,"template":"","format":"standard","meta":{"_acf_changed":false,"wp_typography_post_enhancements_disabled":false,"footnotes":""},"categories":[35449,35450,35448],"tags":[306],"class_list":["post-92596","post","type-post","status-publish","format-standard","has-post-thumbnail","hentry","category-haus-garten","category-haushalt","category-live-relax","tag-waschmaschinen"],"acf":[],"yoast_head":"<!-- This site is optimized with the Yoast SEO Premium plugin v25.1 (Yoast SEO v25.1) - https:\/\/yoast.com\/wordpress\/plugins\/seo\/ -->\n<title>Wasserverbrauch Waschmaschine: Das brauchen die Ger\u00e4te | OTTO<\/title>\n<meta name=\"description\" content=\"Deine Waschmaschine ist vermutlich viel in Betrieb. Doch wei\u00dft du auch, wie viel Wasser sie dabei verbraucht? Hier erf\u00e4hrst du alles dazu.\" \/>\n<meta name=\"robots\" content=\"index, follow, max-snippet:-1, max-image-preview:large, max-video-preview:-1\" \/>\n<link rel=\"canonical\" href=\"https:\/\/www.otto.de\/updated\/wasserverbrauch-der-waschmaschine-wie-hoch-er-ist-und-was-du-beachten-musst-92596\/\" \/>\n<meta property=\"og:locale\" content=\"de_DE\" \/>\n<meta property=\"og:type\" content=\"article\" \/>\n<meta property=\"og:title\" content=\"Wasserverbrauch der Waschmaschine: Wie hoch er ist und was du beachten musst\" \/>\n<meta property=\"og:description\" content=\"Deine Waschmaschine ist vermutlich viel in Betrieb. Doch wei\u00dft du auch, wie viel Wasser sie dabei verbraucht? Hier erf\u00e4hrst du alles dazu.\" \/>\n<meta property=\"og:url\" content=\"https:\/\/www.otto.de\/updated\/wasserverbrauch-der-waschmaschine-wie-hoch-er-ist-und-was-du-beachten-musst-92596\/\" \/>\n<meta property=\"og:site_name\" content=\"UPDATED\" \/>\n<meta property=\"article:publisher\" content=\"https:\/\/www.facebook.com\/updated.de\/\" \/>\n<meta property=\"article:published_time\" content=\"2021-10-28T14:00:53+00:00\" \/>\n<meta property=\"article:modified_time\" content=\"2021-11-05T11:08:18+00:00\" \/>\n<meta property=\"og:image\" content=\"https:\/\/www.otto.de\/updated\/app\/uploads\/2021\/10\/Wasserverbrauch-Waschmaschine-Energielabel_01.jpg\" \/>\n\t<meta property=\"og:image:width\" content=\"1920\" \/>\n\t<meta property=\"og:image:height\" content=\"1280\" \/>\n\t<meta property=\"og:image:type\" content=\"image\/jpeg\" \/>\n<meta name=\"author\" content=\"Thomas Bott\" \/>\n<meta name=\"twitter:card\" content=\"summary_large_image\" \/>\n<meta name=\"twitter:creator\" content=\"@updated_de\" \/>\n<meta name=\"twitter:site\" content=\"@updated_de\" \/>\n<meta name=\"twitter:label1\" content=\"Written by\" \/>\n\t<meta name=\"twitter:data1\" content=\"Thomas Bott\" \/>\n\t<meta name=\"twitter:label2\" content=\"Est. reading time\" \/>\n\t<meta name=\"twitter:data2\" content=\"5\u00a0Minuten\" \/>\n<script type=\"application\/ld+json\" class=\"yoast-schema-graph\">{\"@context\":\"https:\/\/schema.org\",\"@graph\":[{\"@type\":\"WebPage\",\"@id\":\"https:\/\/www.otto.de\/updated\/wasserverbrauch-der-waschmaschine-wie-hoch-er-ist-und-was-du-beachten-musst-92596\/\",\"url\":\"https:\/\/www.otto.de\/updated\/wasserverbrauch-der-waschmaschine-wie-hoch-er-ist-und-was-du-beachten-musst-92596\/\",\"name\":\"Wasserverbrauch Waschmaschine: Das brauchen die Ger\u00e4te | OTTO\",\"isPartOf\":{\"@id\":\"https:\/\/www.otto.de\/updated\/#website\"},\"primaryImageOfPage\":{\"@id\":\"https:\/\/www.otto.de\/updated\/wasserverbrauch-der-waschmaschine-wie-hoch-er-ist-und-was-du-beachten-musst-92596\/#primaryimage\"},\"image\":{\"@id\":\"https:\/\/www.otto.de\/updated\/wasserverbrauch-der-waschmaschine-wie-hoch-er-ist-und-was-du-beachten-musst-92596\/#primaryimage\"},\"thumbnailUrl\":\"https:\/\/www.otto.de\/updated\/app\/uploads\/2021\/10\/Wasserverbrauch-Waschmaschine-Energielabel_01.jpg\",\"datePublished\":\"2021-10-28T14:00:53+00:00\",\"dateModified\":\"2021-11-05T11:08:18+00:00\",\"author\":{\"@id\":\"https:\/\/www.otto.de\/updated\/#\/schema\/person\/c789d338d6a16a702d57cb6fbbf44e9d\"},\"description\":\"Deine Waschmaschine ist vermutlich viel in Betrieb. Doch wei\u00dft du auch, wie viel Wasser sie dabei verbraucht? Hier erf\u00e4hrst du alles dazu.\",\"breadcrumb\":{\"@id\":\"https:\/\/www.otto.de\/updated\/wasserverbrauch-der-waschmaschine-wie-hoch-er-ist-und-was-du-beachten-musst-92596\/#breadcrumb\"},\"inLanguage\":\"de\",\"potentialAction\":[{\"@type\":\"ReadAction\",\"target\":[\"https:\/\/www.otto.de\/updated\/wasserverbrauch-der-waschmaschine-wie-hoch-er-ist-und-was-du-beachten-musst-92596\/\"]}]},{\"@type\":\"ImageObject\",\"inLanguage\":\"de\",\"@id\":\"https:\/\/www.otto.de\/updated\/wasserverbrauch-der-waschmaschine-wie-hoch-er-ist-und-was-du-beachten-musst-92596\/#primaryimage\",\"url\":\"https:\/\/www.otto.de\/updated\/app\/uploads\/2021\/10\/Wasserverbrauch-Waschmaschine-Energielabel_01.jpg\",\"contentUrl\":\"https:\/\/www.otto.de\/updated\/app\/uploads\/2021\/10\/Wasserverbrauch-Waschmaschine-Energielabel_01.jpg\",\"width\":1920,\"height\":1280,\"caption\":\"Dass eine Waschmaschine bei jedem Waschgang Wasser verbraucht, ist klar. Aber wie viel eigentlich?\"},{\"@type\":\"BreadcrumbList\",\"@id\":\"https:\/\/www.otto.de\/updated\/wasserverbrauch-der-waschmaschine-wie-hoch-er-ist-und-was-du-beachten-musst-92596\/#breadcrumb\",\"itemListElement\":[{\"@type\":\"ListItem\",\"position\":1,\"name\":\"Startseite\",\"item\":\"\/updated\/\"},{\"@type\":\"ListItem\",\"position\":2,\"name\":\"Live &amp; Relax\",\"item\":\"https:\/\/www.otto.de\/updated\/live-relax\/\"},{\"@type\":\"ListItem\",\"position\":3,\"name\":\"Haus und Garten\",\"item\":\"https:\/\/www.otto.de\/updated\/haus-garten\/\"},{\"@type\":\"ListItem\",\"position\":4,\"name\":\"Haushalt\",\"item\":\"https:\/\/www.otto.de\/updated\/haushalt\/\"},{\"@type\":\"ListItem\",\"position\":5,\"name\":\"Was\u00adser\u00adver\u00adbrauch der Wasch\u00adma\u00adschi\u00adne: Wie hoch er ist und was du beach\u00adten&nbsp;musst\"}]},{\"@type\":\"WebSite\",\"@id\":\"https:\/\/www.otto.de\/updated\/#website\",\"url\":\"https:\/\/www.otto.de\/updated\/\",\"name\":\"UPDATED\",\"description\":\"\",\"potentialAction\":[{\"@type\":\"SearchAction\",\"target\":{\"@type\":\"EntryPoint\",\"urlTemplate\":\"https:\/\/www.otto.de\/updated\/?s={search_term_string}\"},\"query-input\":{\"@type\":\"PropertyValueSpecification\",\"valueRequired\":true,\"valueName\":\"search_term_string\"}}],\"inLanguage\":\"de\"},{\"@type\":\"Person\",\"@id\":\"https:\/\/www.otto.de\/updated\/#\/schema\/person\/c789d338d6a16a702d57cb6fbbf44e9d\",\"name\":\"Thomas Bott\",\"description\":\"Tom ist gelernter Journalist und hat in seinem Beruf mittlerweile fast zwei Jahrzehnte auf dem Buckel. Neben kleinen Ausfl\u00fcgen in die Bereiche Sport und Automotive hat er sich bisher haupts\u00e4chlich mit Games und Technik auseinandergesetzt. Darunter etwa als ehemaliger Teil der Redaktion von COMPUTER BILD. Neue Konsolen, Spiele, Smartphones, Laptops und mehr: Tom ist immer auf dem Laufenden und somit stets erster Ansprechpartner dazu im Familien- und Freundeskreis. Bei UPDATED gibt er diese Expertise gerne an ein noch breiteres Publikum weiter.\",\"url\":\"https:\/\/www.otto.de\/updated\/redaktion\/\",\"image\":null,\"colleague\":[\"https:\/\/www.otto.de\/updated\/redaktion\/alexander-kraft\/\",\"https:\/\/www.otto.de\/updated\/redaktion\/anne-beyer\/\",\"https:\/\/www.otto.de\/updated\/redaktion\/arne-schaetzle\/\",\"https:\/\/www.otto.de\/updated\/redaktion\/jana-janssen\/\",\"https:\/\/www.otto.de\/updated\/redaktion\/pascal-wuttke\/\",\"https:\/\/www.otto.de\/updated\/redaktion\/thomas-bott\/\"],\"worksFor\":[{\"@type\":\"Organization\",\"id\":\"https:\/\/www.otto.de\/updated\/#organization\",\"name\":\"UPDATED\"}]}]}<\/script>\n<!-- \/ Yoast SEO Premium plugin. -->","yoast_head_json":{"title":"Wasserverbrauch Waschmaschine: Das brauchen die Ger\u00e4te | OTTO","description":"Deine Waschmaschine ist vermutlich viel in Betrieb. Doch wei\u00dft du auch, wie viel Wasser sie dabei verbraucht? Hier erf\u00e4hrst du alles dazu.","robots":{"index":"index","follow":"follow","max-snippet":"max-snippet:-1","max-image-preview":"max-image-preview:large","max-video-preview":"max-video-preview:-1"},"canonical":"https:\/\/www.otto.de\/updated\/wasserverbrauch-der-waschmaschine-wie-hoch-er-ist-und-was-du-beachten-musst-92596\/","og_locale":"de_DE","og_type":"article","og_title":"Wasserverbrauch der Waschmaschine: Wie hoch er ist und was du beachten musst","og_description":"Deine Waschmaschine ist vermutlich viel in Betrieb. Doch wei\u00dft du auch, wie viel Wasser sie dabei verbraucht? Hier erf\u00e4hrst du alles dazu.","og_url":"https:\/\/www.otto.de\/updated\/wasserverbrauch-der-waschmaschine-wie-hoch-er-ist-und-was-du-beachten-musst-92596\/","og_site_name":"UPDATED","article_publisher":"https:\/\/www.facebook.com\/updated.de\/","article_published_time":"2021-10-28T14:00:53+00:00","article_modified_time":"2021-11-05T11:08:18+00:00","og_image":[{"width":1920,"height":1280,"url":"https:\/\/www.otto.de\/updated\/app\/uploads\/2021\/10\/Wasserverbrauch-Waschmaschine-Energielabel_01.jpg","type":"image\/jpeg"}],"author":"Thomas Bott","twitter_card":"summary_large_image","twitter_creator":"@updated_de","twitter_site":"@updated_de","twitter_misc":{"Written by":"Thomas Bott","Est. reading time":"5\u00a0Minuten"},"schema":{"@context":"https:\/\/schema.org","@graph":[{"@type":"WebPage","@id":"https:\/\/www.otto.de\/updated\/wasserverbrauch-der-waschmaschine-wie-hoch-er-ist-und-was-du-beachten-musst-92596\/","url":"https:\/\/www.otto.de\/updated\/wasserverbrauch-der-waschmaschine-wie-hoch-er-ist-und-was-du-beachten-musst-92596\/","name":"Wasserverbrauch Waschmaschine: Das brauchen die Ger\u00e4te | OTTO","isPartOf":{"@id":"https:\/\/www.otto.de\/updated\/#website"},"primaryImageOfPage":{"@id":"https:\/\/www.otto.de\/updated\/wasserverbrauch-der-waschmaschine-wie-hoch-er-ist-und-was-du-beachten-musst-92596\/#primaryimage"},"image":{"@id":"https:\/\/www.otto.de\/updated\/wasserverbrauch-der-waschmaschine-wie-hoch-er-ist-und-was-du-beachten-musst-92596\/#primaryimage"},"thumbnailUrl":"https:\/\/www.otto.de\/updated\/app\/uploads\/2021\/10\/Wasserverbrauch-Waschmaschine-Energielabel_01.jpg","datePublished":"2021-10-28T14:00:53+00:00","dateModified":"2021-11-05T11:08:18+00:00","author":{"@id":"https:\/\/www.otto.de\/updated\/#\/schema\/person\/c789d338d6a16a702d57cb6fbbf44e9d"},"description":"Deine Waschmaschine ist vermutlich viel in Betrieb. Doch wei\u00dft du auch, wie viel Wasser sie dabei verbraucht? Hier erf\u00e4hrst du alles dazu.","breadcrumb":{"@id":"https:\/\/www.otto.de\/updated\/wasserverbrauch-der-waschmaschine-wie-hoch-er-ist-und-was-du-beachten-musst-92596\/#breadcrumb"},"inLanguage":"de","potentialAction":[{"@type":"ReadAction","target":["https:\/\/www.otto.de\/updated\/wasserverbrauch-der-waschmaschine-wie-hoch-er-ist-und-was-du-beachten-musst-92596\/"]}]},{"@type":"ImageObject","inLanguage":"de","@id":"https:\/\/www.otto.de\/updated\/wasserverbrauch-der-waschmaschine-wie-hoch-er-ist-und-was-du-beachten-musst-92596\/#primaryimage","url":"https:\/\/www.otto.de\/updated\/app\/uploads\/2021\/10\/Wasserverbrauch-Waschmaschine-Energielabel_01.jpg","contentUrl":"https:\/\/www.otto.de\/updated\/app\/uploads\/2021\/10\/Wasserverbrauch-Waschmaschine-Energielabel_01.jpg","width":1920,"height":1280,"caption":"Dass eine Waschmaschine bei jedem Waschgang Wasser verbraucht, ist klar. Aber wie viel eigentlich?"},{"@type":"BreadcrumbList","@id":"https:\/\/www.otto.de\/updated\/wasserverbrauch-der-waschmaschine-wie-hoch-er-ist-und-was-du-beachten-musst-92596\/#breadcrumb","itemListElement":[{"@type":"ListItem","position":1,"name":"Startseite","item":"\/updated\/"},{"@type":"ListItem","position":2,"name":"Live &amp; Relax","item":"https:\/\/www.otto.de\/updated\/live-relax\/"},{"@type":"ListItem","position":3,"name":"Haus und Garten","item":"https:\/\/www.otto.de\/updated\/haus-garten\/"},{"@type":"ListItem","position":4,"name":"Haushalt","item":"https:\/\/www.otto.de\/updated\/haushalt\/"},{"@type":"ListItem","position":5,"name":"Was\u00adser\u00adver\u00adbrauch der Wasch\u00adma\u00adschi\u00adne: Wie hoch er ist und was du beach\u00adten&nbsp;musst"}]},{"@type":"WebSite","@id":"https:\/\/www.otto.de\/updated\/#website","url":"https:\/\/www.otto.de\/updated\/","name":"UPDATED","description":"","potentialAction":[{"@type":"SearchAction","target":{"@type":"EntryPoint","urlTemplate":"https:\/\/www.otto.de\/updated\/?s={search_term_string}"},"query-input":{"@type":"PropertyValueSpecification","valueRequired":true,"valueName":"search_term_string"}}],"inLanguage":"de"},{"@type":"Person","@id":"https:\/\/www.otto.de\/updated\/#\/schema\/person\/c789d338d6a16a702d57cb6fbbf44e9d","name":"Thomas Bott","description":"Tom ist gelernter Journalist und hat in seinem Beruf mittlerweile fast zwei Jahrzehnte auf dem Buckel. Neben kleinen Ausfl\u00fcgen in die Bereiche Sport und Automotive hat er sich bisher haupts\u00e4chlich mit Games und Technik auseinandergesetzt. Darunter etwa als ehemaliger Teil der Redaktion von COMPUTER BILD. Neue Konsolen, Spiele, Smartphones, Laptops und mehr: Tom ist immer auf dem Laufenden und somit stets erster Ansprechpartner dazu im Familien- und Freundeskreis. Bei UPDATED gibt er diese Expertise gerne an ein noch breiteres Publikum weiter.","url":"https:\/\/www.otto.de\/updated\/redaktion\/","image":null,"colleague":["https:\/\/www.otto.de\/updated\/redaktion\/alexander-kraft\/","https:\/\/www.otto.de\/updated\/redaktion\/anne-beyer\/","https:\/\/www.otto.de\/updated\/redaktion\/arne-schaetzle\/","https:\/\/www.otto.de\/updated\/redaktion\/jana-janssen\/","https:\/\/www.otto.de\/updated\/redaktion\/pascal-wuttke\/","https:\/\/www.otto.de\/updated\/redaktion\/thomas-bott\/"],"worksFor":[{"@type":"Organization","id":"https:\/\/www.otto.de\/updated\/#organization","name":"UPDATED"}]}]}},"_links":{"self":[{"href":"https:\/\/www.otto.de\/updated\/wp-json\/wp\/v2\/posts\/92596","targetHints":{"allow":["GET"]}}],"collection":[{"href":"https:\/\/www.otto.de\/updated\/wp-json\/wp\/v2\/posts"}],"about":[{"href":"https:\/\/www.otto.de\/updated\/wp-json\/wp\/v2\/types\/post"}],"author":[{"embeddable":true,"href":"https:\/\/www.otto.de\/updated\/wp-json\/wp\/v2\/users\/102"}],"replies":[{"embeddable":true,"href":"https:\/\/www.otto.de\/updated\/wp-json\/wp\/v2\/comments?post=92596"}],"version-history":[{"count":3,"href":"https:\/\/www.otto.de\/updated\/wp-json\/wp\/v2\/posts\/92596\/revisions"}],"predecessor-version":[{"id":92673,"href":"https:\/\/www.otto.de\/updated\/wp-json\/wp\/v2\/posts\/92596\/revisions\/92673"}],"wp:featuredmedia":[{"embeddable":true,"href":"https:\/\/www.otto.de\/updated\/wp-json\/wp\/v2\/media\/92566"}],"wp:attachment":[{"href":"https:\/\/www.otto.de\/updated\/wp-json\/wp\/v2\/media?parent=92596"}],"wp:term":[{"taxonomy":"category","embeddable":true,"href":"https:\/\/www.otto.de\/updated\/wp-json\/wp\/v2\/categories?post=92596"},{"taxonomy":"post_tag","embeddable":true,"href":"https:\/\/www.otto.de\/updated\/wp-json\/wp\/v2\/tags?post=92596"}],"curies":[{"name":"wp","href":"https:\/\/api.w.org\/{rel}","templated":true}]}}