
{"id":92465,"date":"2021-10-19T11:05:58","date_gmt":"2021-10-19T09:05:58","guid":{"rendered":"\/updated\/?p=92465"},"modified":"2021-10-19T11:05:58","modified_gmt":"2021-10-19T09:05:58","slug":"macbook-pro-2021-neue-chipsaetze-und-eine-notch","status":"publish","type":"post","link":"https:\/\/www.otto.de\/updated\/macbook-pro-2021-neue-chipsaetze-und-eine-notch-92465\/","title":{"rendered":"Mac\u00adBook Pro (2021): Neue Chip\u00ads\u00e4t\u00adze und eine&nbsp;Notch"},"content":{"rendered":"<div class=\"wpb-content-wrapper\"><div class=\"vc_row wpb_row vc_row-fluid\"><div class=\"wpb_column vc_column_container vc_col-sm-12\"><div class=\"vc_column-inner\"><div class=\"wpb_wrapper\">\n\t<div class=\"wpb_text_column wpb_content_element\">\n\t\t<div class=\"wpb_wrapper\">\n\t\t\t<p><span lang=\"DE-DE\" xml:lang=\"DE-DE\" data-contrast=\"auto\">Nach der Vor\u00adstel\u00adlung der neu\u00aden iPho\u00adnes im Sep\u00adtem\u00adber folg\u00adte im Okto\u00adber noch eine wei\u00adte\u00adre Key\u00adnote von Apple. Bei der ging es, wie bereits im Vor\u00adfeld ver\u00admu\u00adtet, um das&nbsp;Mac\u00adbook Pro. Statt einem klei\u00adnen Update gibt es dabei vie\u00adle Neu\u00adig\u00adkei\u00adten zu ent\u00adde\u00adcken. So bekom\u00admen die Ger\u00e4\u00adte spe\u00adzi\u00adell auf sie zuge\u00adschnit\u00adte\u00adne Chip\u00ads\u00e4t\u00adze, flot\u00adte Dis\u00adplays und ein bekann\u00adtes Merk\u00admal von den iPho\u00adnes: die Notch. Hier fin\u00addest du alle wich\u00adti\u00adgen Infor\u00adma\u00adtio\u00adnen zum Mac\u00adBook Pro (2021).<\/span><\/p>\n\n\t\t<\/div>\n\t<\/div>\n<\/div><\/div><\/div><\/div><div class=\"vc_row wpb_row vc_row-fluid\"><div class=\"wpb_column vc_column_container vc_col-sm-12\"><div class=\"vc_column-inner\"><div class=\"wpb_wrapper\"><nav class=\"toc\"><h2 class=\"toc--headline\">Das erfahrt ihr gleich<\/h2><ul class=\"toc--links\"><li><a href=\"#design-macbook-pro-im-retro-look\">Design: Mac\u00adBook Pro im Retro-Look<\/a><\/li><li><a href=\"#display-neue-groesse-und-hohe-geschwindigkeit\">Dis\u00adplay: Neue Gr\u00f6\u00ad\u00dfe und hohe Geschwindigkeit<\/a><\/li><li><a href=\"#chipsatz-apple-verbessert-den-m1\">Chip\u00adsatz: Apple ver\u00adbes\u00adsert den&nbsp;M1<\/a><\/li><li><a href=\"#kamera-und-audio-fuer-das-homeoffice-geruestet\">Kame\u00adra und Audio: F\u00fcr das Home\u00adof\u00adfice ger\u00fcstet<\/a><\/li><li><a href=\"#keyboard-keine-touch-bar-dafuer-mehr-tasten\">Key\u00adboard: kei\u00adne Touch Bar, daf\u00fcr mehr Tasten<\/a><\/li><li><a href=\"#preis-und-veroeffentlichung-pro-modell-zum-pro-preis\">Preis und Ver\u00ad\u00f6f\u00adfent\u00adli\u00adchung: Pro-Modell zum Pro-Preis<\/a><\/li><\/ul><\/nav><\/div><\/div><\/div><\/div><div class=\"vc_row wpb_row vc_row-fluid\"><div class=\"wpb_column vc_column_container vc_col-sm-12\"><div class=\"vc_column-inner\"><div class=\"wpb_wrapper\"><div class=\"headline toc--item\"><a name=\"design-macbook-pro-im-retro-look\"><\/a><h2>Design: Mac\u00adBook Pro im Retro-Look<\/h2><\/div>\n\t<div class=\"wpb_text_column wpb_content_element\">\n\t\t<div class=\"wpb_wrapper\">\n\t\t\t<p><span data-contrast=\"auto\">Seit eini\u00adgen Jah\u00adren hat sich am Design der Mac\u00adBook-Pro-Rei\u00adhe kaum etwas ver\u00ad\u00e4n\u00addert. Die Ger\u00e4\u00adte sind&nbsp;sehr flach gehal\u00adten, besit\u00adzen recht kla\u00adre Kan\u00adten und klei\u00adne abge\u00adrun\u00adde\u00adte Stand\u00adf\u00fc\u00ad\u00dfe, die optisch kaum wahr\u00adnehm\u00adbar sind. Beim Mac\u00adBook Pro (2021) geht Apple jetzt einen ganz ande\u00adren Weg und ori\u00aden\u00adtiert sich dabei an den Model\u00adlen aus den sp\u00e4\u00adten 2000ern. Das bedeu\u00adtet: Die Ger\u00e4\u00adte sind wie\u00adder etwas dicker, nach unten hin abge\u00adrun\u00addet und die F\u00fc\u00dfe ste\u00adhen mehr her\u00adaus. Das ver\u00adleiht dem Mac\u00adBook Pro (2021) tat\u00ads\u00e4ch\u00adlich einen Retro-Look.<\/span><\/p>\n<p><span data-contrast=\"auto\">Hoffst du dabei auf Far\u00adben, wie es sie in gro\u00ad\u00dfer Aus\u00adwahl beim iMac gibt, dann d\u00fcrf\u00adtest du ent\u00adt\u00e4uscht sein. Auch das Mac\u00adBook Pro (2021) ist nur in den bekann\u00adten Aus\u00adf\u00fch\u00adrun\u00adgen \u201eSpace Grau\u201c und Sil\u00adber erh\u00e4ltlich.<\/span><\/p>\n\n\t\t<\/div>\n\t<\/div>\n  <div class=\"slick-gallery-wrapper gallery-no-padding\" data-number-of-slides=\"1\">\n    <div class=\"slick-gallery should-lightbox \" id=\"slick_gallery_FgAzhVHhdd92RHYAKwqY\">\n              <figure>\n  <div class=\"img-small-container\">\n    <div class=\"img-small-hover-background\"><\/div>\n    <picture>\n                                <source srcset=\"https:\/\/www.otto.de\/updated\/app\/uploads-webp\/uploads\/2021\/10\/Apple_MacBook-Pro_14-16-02-1080x615.jpg.webp\" media=\"(max-width: 360px) and (-webkit-min-device-pixel-ratio: 2.5)\" type=\"image\/webp\">\n                  <source srcset=\"https:\/\/www.otto.de\/updated\/app\/uploads\/2021\/10\/Apple_MacBook-Pro_14-16-02-1080x615.jpg\" media=\"(max-width: 360px) and (-webkit-min-device-pixel-ratio: 2.5)\">\n                  <source srcset=\"https:\/\/www.otto.de\/updated\/app\/uploads-webp\/uploads\/2021\/10\/Apple_MacBook-Pro_14-16-02-720x410.jpg.webp\" media=\"(max-width: 360px) and (-webkit-min-device-pixel-ratio: 1.5)\" type=\"image\/webp\">\n                  <source srcset=\"https:\/\/www.otto.de\/updated\/app\/uploads\/2021\/10\/Apple_MacBook-Pro_14-16-02-720x410.jpg\" media=\"(max-width: 360px) and (-webkit-min-device-pixel-ratio: 1.5)\">\n                  <source srcset=\"https:\/\/www.otto.de\/updated\/app\/uploads-webp\/uploads\/2021\/10\/Apple_MacBook-Pro_14-16-02-360x205.jpg.webp\" media=\"(max-width: 360px)\" type=\"image\/webp\">\n                  <source srcset=\"https:\/\/www.otto.de\/updated\/app\/uploads\/2021\/10\/Apple_MacBook-Pro_14-16-02-360x205.jpg\" media=\"(max-width: 360px)\">\n                    <source srcset=\"https:\/\/www.otto.de\/updated\/app\/uploads-webp\/uploads\/2021\/10\/Apple_MacBook-Pro_14-16-02-1680x945.jpg.webp\" media=\"(max-width: 560px) and (-webkit-min-device-pixel-ratio: 2.5)\" type=\"image\/webp\">\n                  <source srcset=\"https:\/\/www.otto.de\/updated\/app\/uploads\/2021\/10\/Apple_MacBook-Pro_14-16-02-1680x945.jpg\" media=\"(max-width: 560px) and (-webkit-min-device-pixel-ratio: 2.5)\">\n                  <source srcset=\"https:\/\/www.otto.de\/updated\/app\/uploads-webp\/uploads\/2021\/10\/Apple_MacBook-Pro_14-16-02-1120x630.jpg.webp\" media=\"(max-width: 560px) and (-webkit-min-device-pixel-ratio: 1.5)\" type=\"image\/webp\">\n                  <source srcset=\"https:\/\/www.otto.de\/updated\/app\/uploads\/2021\/10\/Apple_MacBook-Pro_14-16-02-1120x630.jpg\" media=\"(max-width: 560px) and (-webkit-min-device-pixel-ratio: 1.5)\">\n                  <source srcset=\"https:\/\/www.otto.de\/updated\/app\/uploads-webp\/uploads\/2021\/10\/Apple_MacBook-Pro_14-16-02-560x315.jpg.webp\" media=\"(max-width: 560px)\" type=\"image\/webp\">\n                  <source srcset=\"https:\/\/www.otto.de\/updated\/app\/uploads\/2021\/10\/Apple_MacBook-Pro_14-16-02-560x315.jpg\" media=\"(max-width: 560px)\">\n                    <source srcset=\"https:\/\/www.otto.de\/updated\/app\/uploads-webp\/uploads\/2021\/10\/Apple_MacBook-Pro_14-16-02.jpg.webp\" media=\"(max-width: 767px) and (-webkit-min-device-pixel-ratio: 2.5)\" type=\"image\/webp\">\n                  <source srcset=\"https:\/\/www.otto.de\/updated\/app\/uploads\/2021\/10\/Apple_MacBook-Pro_14-16-02.jpg\" media=\"(max-width: 767px) and (-webkit-min-device-pixel-ratio: 2.5)\">\n                  <source srcset=\"https:\/\/www.otto.de\/updated\/app\/uploads-webp\/uploads\/2021\/10\/Apple_MacBook-Pro_14-16-02-1536x864.jpg.webp\" media=\"(max-width: 767px) and (-webkit-min-device-pixel-ratio: 1.5)\" type=\"image\/webp\">\n                  <source srcset=\"https:\/\/www.otto.de\/updated\/app\/uploads\/2021\/10\/Apple_MacBook-Pro_14-16-02-1536x864.jpg\" media=\"(max-width: 767px) and (-webkit-min-device-pixel-ratio: 1.5)\">\n                  <source srcset=\"https:\/\/www.otto.de\/updated\/app\/uploads-webp\/uploads\/2021\/10\/Apple_MacBook-Pro_14-16-02-768x432.jpg.webp\" media=\"(max-width: 767px)\" type=\"image\/webp\">\n                  <source srcset=\"https:\/\/www.otto.de\/updated\/app\/uploads\/2021\/10\/Apple_MacBook-Pro_14-16-02-768x432.jpg\" media=\"(max-width: 767px)\">\n                    <source srcset=\"https:\/\/www.otto.de\/updated\/app\/uploads-webp\/uploads\/2021\/10\/Apple_MacBook-Pro_14-16-02-1680x945.jpg.webp\" media=\"(max-width: 991px) and (-webkit-min-device-pixel-ratio: 2.5)\" type=\"image\/webp\">\n                  <source srcset=\"https:\/\/www.otto.de\/updated\/app\/uploads\/2021\/10\/Apple_MacBook-Pro_14-16-02-1680x945.jpg\" media=\"(max-width: 991px) and (-webkit-min-device-pixel-ratio: 2.5)\">\n                  <source srcset=\"https:\/\/www.otto.de\/updated\/app\/uploads-webp\/uploads\/2021\/10\/Apple_MacBook-Pro_14-16-02-1120x630.jpg.webp\" media=\"(max-width: 991px) and (-webkit-min-device-pixel-ratio: 1.5)\" type=\"image\/webp\">\n                  <source srcset=\"https:\/\/www.otto.de\/updated\/app\/uploads\/2021\/10\/Apple_MacBook-Pro_14-16-02-1120x630.jpg\" media=\"(max-width: 991px) and (-webkit-min-device-pixel-ratio: 1.5)\">\n                  <source srcset=\"https:\/\/www.otto.de\/updated\/app\/uploads-webp\/uploads\/2021\/10\/Apple_MacBook-Pro_14-16-02-560x315.jpg.webp\" media=\"(max-width: 991px)\" type=\"image\/webp\">\n                  <source srcset=\"https:\/\/www.otto.de\/updated\/app\/uploads\/2021\/10\/Apple_MacBook-Pro_14-16-02-560x315.jpg\" media=\"(max-width: 991px)\">\n        <source srcset=\"https:\/\/www.otto.de\/updated\/app\/uploads-webp\/uploads\/2021\/10\/Apple_MacBook-Pro_14-16-02.jpg.webp\" media=\"(-webkit-min-device-pixel-ratio: 2.5)\" type=\"image\/webp\">\n  <source srcset=\"https:\/\/www.otto.de\/updated\/app\/uploads\/2021\/10\/Apple_MacBook-Pro_14-16-02.jpg\" media=\"(-webkit-min-device-pixel-ratio: 2.5)\">\n  <source srcset=\"https:\/\/www.otto.de\/updated\/app\/uploads-webp\/uploads\/2021\/10\/Apple_MacBook-Pro_14-16-02-1536x864.jpg.webp\" media=\"(-webkit-min-device-pixel-ratio: 1.5)\" type=\"image\/webp\">\n  <source srcset=\"https:\/\/www.otto.de\/updated\/app\/uploads\/2021\/10\/Apple_MacBook-Pro_14-16-02-1536x864.jpg\" media=\"(-webkit-min-device-pixel-ratio: 1.5)\">\n  <source srcset=\"https:\/\/www.otto.de\/updated\/app\/uploads-webp\/uploads\/2021\/10\/Apple_MacBook-Pro_14-16-02-768x432.jpg.webp\" type=\"image\/webp\">\n  <img loading=\"lazy\" decoding=\"async\" src=\"https:\/\/www.otto.de\/updated\/app\/uploads\/2021\/10\/Apple_MacBook-Pro_14-16-02-768x432.jpg\" width=\"768\" height=\"432\" title=\"Apple MacBook Pro\" alt=\"Produktbild des MacBook Pro in Space Grau und Silber.\" class=\"img-responsive img-small\" data-copyright=\"\u00a9 2021 Apple\" data-post-excerpt=\"Das neue Design erinnert etwas an das erste MacBook Pro aus den sp\u00e4ten 2000ern.\" data-light-value=\"light\" data-zoom-width=\"1920\" data-zoom-height=\"1248\" data-zoom-src=\"https:\/\/www.otto.de\/updated\/app\/uploads\/2021\/10\/Apple_MacBook-Pro_14-16-02.jpg\">\n                    <div class=\"caption light\">\n          <small>\n            \u00a9 2021&nbsp;Apple&nbsp;<\/small>\n        <\/div>\n          <\/picture>\n  <\/div>\n      <figcaption class=\"post-excerpt\">\n      Das neue Design erin\u00adnert etwas an das ers\u00adte Mac\u00adBook Pro aus den sp\u00e4\u00adten 2000ern.&nbsp;<\/figcaption>\n  <\/figure>\n          <\/div>\n    <div class=\"progress-bars\"><\/div>\n    <div class=\"zoom-icon-wrapper\">\n      <div class=\"zoom-icon\"><\/div>\n    <\/div>\n  <\/div>\n<\/div><\/div><\/div><\/div><div class=\"vc_row wpb_row vc_row-fluid\"><div class=\"wpb_column vc_column_container vc_col-sm-12\"><div class=\"vc_column-inner\"><div class=\"wpb_wrapper\"><div class=\"headline toc--item\"><a name=\"display-neue-groesse-und-hohe-geschwindigkeit\"><\/a><h2>Dis\u00adplay: Neue Gr\u00f6\u00ad\u00dfe und hohe Geschwindigkeit<\/h2><\/div>\n\t<div class=\"wpb_text_column wpb_content_element\">\n\t\t<div class=\"wpb_wrapper\">\n\t\t\t<p><span data-contrast=\"auto\">Apple bie\u00adtet das neue Mac\u00adBook Pro (2021) in zwei Gr\u00f6\u00ad\u00dfen an, wovon eine bereits seit 2019 zum Ein\u00adsatz kommt: 16,2 Zoll (41,05 cm). V\u00f6l\u00adlig neu ist hin\u00adge\u00adgen das Dis\u00adplay in 14,2 Zoll (35,97 cm). Damit reiht sich das Modell zwi\u00adschen dem gro\u00ad\u00dfen und dem wei\u00adter\u00adhin erh\u00e4lt\u00adli\u00adchen Mac\u00adBook Pro in 13 Zoll ein. Die Bild\u00adschir\u00adme wer\u00adtet Apple ordent\u00adlich auf. So kommt in den neu\u00aden Ger\u00e4\u00adten ein Liquid Reti\u00adna XDR zum Ein\u00adsatz. Das bedeu\u00adtet: Mini-LEDs statt nor\u00admal\u00adgro\u00ad\u00dfer LEDs f\u00fcr eine noch bes\u00adse\u00adre Beleuch\u00adtung. Das sorgt daf\u00fcr, dass der Bild\u00adschirm mit bis zu 1.600 Nits deut\u00adlich hel\u00adler ist als zuvor (500 Nits im Mac\u00adBook Pro 13 Zoll). Au\u00dfer\u00addem schraubt Apple die Auf\u00adl\u00f6\u00adsung hoch. Das 16-Zoll-Mac\u00adBook kommt auf 3.456 x 2.234 Pixel, das klei\u00adne\u00adre 14-Z\u00f6l\u00adler auf 3.024 x 1.964&nbsp;Pixel.<\/span><\/p>\n<p><span data-contrast=\"auto\">Damit nicht genug, sind jetzt Bild\u00adwie\u00adder\u00adhol\u00adra\u00adten bis zu 120 Hertz m\u00f6g\u00adlich.&nbsp;Ver\u00adant\u00adwort\u00adlich daf\u00fcr ist App\u00adles&nbsp;Pro\u00adMo\u00adti\u00adon-Tech\u00adno\u00adlo\u00adgie, die auch beim iPho\u00adne 13 Pro sowie beim iPad Pro Anwen\u00addung fin\u00addet. Bei man\u00adchen Apps und Spie\u00adlen bedeu\u00adtet das, dass du ein deut\u00adlich fl\u00fcs\u00adsi\u00adge\u00adres Bild zu sehen bekommst.<\/span><\/p>\n<p><span data-contrast=\"auto\">Auf\u00adf\u00e4l\u00adlig beim Betrach\u00adten des Dis\u00adplays ist etwas, was du ver\u00admut\u00adlich vom iPho\u00adne kennst. Apple hat das Ver\u00adh\u00e4lt\u00adnis von Bild\u00adschirm zu Rah\u00admen erneut ver\u00adbes\u00adsert, wodurch eine Notch not\u00adwen\u00addig ist. Sie beher\u00adbergt als Aus\u00adspa\u00adrung oben in der Mit\u00adte die Kame\u00adra sowie die dazu\u00adge\u00adh\u00f6\u00adri\u00adge Kontrollleuchte.<\/span><\/p>\n\n\t\t<\/div>\n\t<\/div>\n  <div class=\"slick-gallery-wrapper gallery-no-padding\" data-number-of-slides=\"1\">\n    <div class=\"slick-gallery should-lightbox \" id=\"slick_gallery_Ujqm0TIwiKSIj08PK5W2\">\n              <figure>\n  <div class=\"img-small-container\">\n    <div class=\"img-small-hover-background\"><\/div>\n    <picture>\n                                <source srcset=\"https:\/\/www.otto.de\/updated\/app\/uploads-webp\/uploads\/2021\/10\/Apple_MacBook-Pro_16-01-1080x615.jpg.webp\" media=\"(max-width: 360px) and (-webkit-min-device-pixel-ratio: 2.5)\" type=\"image\/webp\">\n                  <source srcset=\"https:\/\/www.otto.de\/updated\/app\/uploads\/2021\/10\/Apple_MacBook-Pro_16-01-1080x615.jpg\" media=\"(max-width: 360px) and (-webkit-min-device-pixel-ratio: 2.5)\">\n                  <source srcset=\"https:\/\/www.otto.de\/updated\/app\/uploads-webp\/uploads\/2021\/10\/Apple_MacBook-Pro_16-01-720x410.jpg.webp\" media=\"(max-width: 360px) and (-webkit-min-device-pixel-ratio: 1.5)\" type=\"image\/webp\">\n                  <source srcset=\"https:\/\/www.otto.de\/updated\/app\/uploads\/2021\/10\/Apple_MacBook-Pro_16-01-720x410.jpg\" media=\"(max-width: 360px) and (-webkit-min-device-pixel-ratio: 1.5)\">\n                  <source srcset=\"https:\/\/www.otto.de\/updated\/app\/uploads-webp\/uploads\/2021\/10\/Apple_MacBook-Pro_16-01-360x205.jpg.webp\" media=\"(max-width: 360px)\" type=\"image\/webp\">\n                  <source srcset=\"https:\/\/www.otto.de\/updated\/app\/uploads\/2021\/10\/Apple_MacBook-Pro_16-01-360x205.jpg\" media=\"(max-width: 360px)\">\n                    <source srcset=\"https:\/\/www.otto.de\/updated\/app\/uploads-webp\/uploads\/2021\/10\/Apple_MacBook-Pro_16-01-1680x945.jpg.webp\" media=\"(max-width: 560px) and (-webkit-min-device-pixel-ratio: 2.5)\" type=\"image\/webp\">\n                  <source srcset=\"https:\/\/www.otto.de\/updated\/app\/uploads\/2021\/10\/Apple_MacBook-Pro_16-01-1680x945.jpg\" media=\"(max-width: 560px) and (-webkit-min-device-pixel-ratio: 2.5)\">\n                  <source srcset=\"https:\/\/www.otto.de\/updated\/app\/uploads-webp\/uploads\/2021\/10\/Apple_MacBook-Pro_16-01-1120x630.jpg.webp\" media=\"(max-width: 560px) and (-webkit-min-device-pixel-ratio: 1.5)\" type=\"image\/webp\">\n                  <source srcset=\"https:\/\/www.otto.de\/updated\/app\/uploads\/2021\/10\/Apple_MacBook-Pro_16-01-1120x630.jpg\" media=\"(max-width: 560px) and (-webkit-min-device-pixel-ratio: 1.5)\">\n                  <source srcset=\"https:\/\/www.otto.de\/updated\/app\/uploads-webp\/uploads\/2021\/10\/Apple_MacBook-Pro_16-01-560x315.jpg.webp\" media=\"(max-width: 560px)\" type=\"image\/webp\">\n                  <source srcset=\"https:\/\/www.otto.de\/updated\/app\/uploads\/2021\/10\/Apple_MacBook-Pro_16-01-560x315.jpg\" media=\"(max-width: 560px)\">\n                    <source srcset=\"https:\/\/www.otto.de\/updated\/app\/uploads-webp\/uploads\/2021\/10\/Apple_MacBook-Pro_16-01.jpg.webp\" media=\"(max-width: 767px) and (-webkit-min-device-pixel-ratio: 2.5)\" type=\"image\/webp\">\n                  <source srcset=\"https:\/\/www.otto.de\/updated\/app\/uploads\/2021\/10\/Apple_MacBook-Pro_16-01.jpg\" media=\"(max-width: 767px) and (-webkit-min-device-pixel-ratio: 2.5)\">\n                  <source srcset=\"https:\/\/www.otto.de\/updated\/app\/uploads-webp\/uploads\/2021\/10\/Apple_MacBook-Pro_16-01-1536x864.jpg.webp\" media=\"(max-width: 767px) and (-webkit-min-device-pixel-ratio: 1.5)\" type=\"image\/webp\">\n                  <source srcset=\"https:\/\/www.otto.de\/updated\/app\/uploads\/2021\/10\/Apple_MacBook-Pro_16-01-1536x864.jpg\" media=\"(max-width: 767px) and (-webkit-min-device-pixel-ratio: 1.5)\">\n                  <source srcset=\"https:\/\/www.otto.de\/updated\/app\/uploads-webp\/uploads\/2021\/10\/Apple_MacBook-Pro_16-01-768x432.jpg.webp\" media=\"(max-width: 767px)\" type=\"image\/webp\">\n                  <source srcset=\"https:\/\/www.otto.de\/updated\/app\/uploads\/2021\/10\/Apple_MacBook-Pro_16-01-768x432.jpg\" media=\"(max-width: 767px)\">\n                    <source srcset=\"https:\/\/www.otto.de\/updated\/app\/uploads-webp\/uploads\/2021\/10\/Apple_MacBook-Pro_16-01-1680x945.jpg.webp\" media=\"(max-width: 991px) and (-webkit-min-device-pixel-ratio: 2.5)\" type=\"image\/webp\">\n                  <source srcset=\"https:\/\/www.otto.de\/updated\/app\/uploads\/2021\/10\/Apple_MacBook-Pro_16-01-1680x945.jpg\" media=\"(max-width: 991px) and (-webkit-min-device-pixel-ratio: 2.5)\">\n                  <source srcset=\"https:\/\/www.otto.de\/updated\/app\/uploads-webp\/uploads\/2021\/10\/Apple_MacBook-Pro_16-01-1120x630.jpg.webp\" media=\"(max-width: 991px) and (-webkit-min-device-pixel-ratio: 1.5)\" type=\"image\/webp\">\n                  <source srcset=\"https:\/\/www.otto.de\/updated\/app\/uploads\/2021\/10\/Apple_MacBook-Pro_16-01-1120x630.jpg\" media=\"(max-width: 991px) and (-webkit-min-device-pixel-ratio: 1.5)\">\n                  <source srcset=\"https:\/\/www.otto.de\/updated\/app\/uploads-webp\/uploads\/2021\/10\/Apple_MacBook-Pro_16-01-560x315.jpg.webp\" media=\"(max-width: 991px)\" type=\"image\/webp\">\n                  <source srcset=\"https:\/\/www.otto.de\/updated\/app\/uploads\/2021\/10\/Apple_MacBook-Pro_16-01-560x315.jpg\" media=\"(max-width: 991px)\">\n        <source srcset=\"https:\/\/www.otto.de\/updated\/app\/uploads-webp\/uploads\/2021\/10\/Apple_MacBook-Pro_16-01.jpg.webp\" media=\"(-webkit-min-device-pixel-ratio: 2.5)\" type=\"image\/webp\">\n  <source srcset=\"https:\/\/www.otto.de\/updated\/app\/uploads\/2021\/10\/Apple_MacBook-Pro_16-01.jpg\" media=\"(-webkit-min-device-pixel-ratio: 2.5)\">\n  <source srcset=\"https:\/\/www.otto.de\/updated\/app\/uploads-webp\/uploads\/2021\/10\/Apple_MacBook-Pro_16-01-1536x864.jpg.webp\" media=\"(-webkit-min-device-pixel-ratio: 1.5)\" type=\"image\/webp\">\n  <source srcset=\"https:\/\/www.otto.de\/updated\/app\/uploads\/2021\/10\/Apple_MacBook-Pro_16-01-1536x864.jpg\" media=\"(-webkit-min-device-pixel-ratio: 1.5)\">\n  <source srcset=\"https:\/\/www.otto.de\/updated\/app\/uploads-webp\/uploads\/2021\/10\/Apple_MacBook-Pro_16-01-768x432.jpg.webp\" type=\"image\/webp\">\n  <img loading=\"lazy\" decoding=\"async\" src=\"https:\/\/www.otto.de\/updated\/app\/uploads\/2021\/10\/Apple_MacBook-Pro_16-01-768x432.jpg\" width=\"768\" height=\"432\" title=\"Apple MacBook Pro\" alt=\"Blick auf das Display von einem neuen MacBook Pro.\" class=\"img-responsive img-small\" data-copyright=\"\u00a9 2021 Apple\" data-post-excerpt=\"Das Display ist nicht nur hell, hochaufl\u00f6send und schnell, sondern besitzt jetzt auch eine Notch an der Oberseite.\" data-light-value=\"light\" data-zoom-width=\"1920\" data-zoom-height=\"1080\" data-zoom-src=\"https:\/\/www.otto.de\/updated\/app\/uploads\/2021\/10\/Apple_MacBook-Pro_16-01.jpg\">\n                    <div class=\"caption light\">\n          <small>\n            \u00a9 2021&nbsp;Apple&nbsp;<\/small>\n        <\/div>\n          <\/picture>\n  <\/div>\n      <figcaption class=\"post-excerpt\">\n      Das Dis\u00adplay ist nicht nur hell, hoch\u00adauf\u00adl\u00f6\u00adsend und schnell, son\u00addern besitzt jetzt auch eine Notch an der Oberseite.&nbsp;<\/figcaption>\n  <\/figure>\n          <\/div>\n    <div class=\"progress-bars\"><\/div>\n    <div class=\"zoom-icon-wrapper\">\n      <div class=\"zoom-icon\"><\/div>\n    <\/div>\n  <\/div>\n<\/div><\/div><\/div><\/div><div class=\"vc_row wpb_row vc_row-fluid\"><div class=\"wpb_column vc_column_container vc_col-sm-12\"><div class=\"vc_column-inner\"><div class=\"wpb_wrapper\"><div class=\"headline toc--item\"><a name=\"chipsatz-apple-verbessert-den-m1\"><\/a><h2>Chip\u00adsatz: Apple ver\u00adbes\u00adsert den&nbsp;M1<\/h2><\/div>\n\t<div class=\"wpb_text_column wpb_content_element\">\n\t\t<div class=\"wpb_wrapper\">\n\t\t\t<p><span data-contrast=\"auto\">F\u00fcr eine v\u00f6l\u00adlig neue Gene\u00adra\u00adti\u00adon des im ver\u00adgan\u00adge\u00adnen Jahr vor\u00adge\u00adstell\u00adten M1-Chips scheint es noch zu fr\u00fch zu sein. Statt\u00addes\u00adsen bekommt das Sys\u00adtem-on-Chip (SoC) ein umfang\u00adrei\u00adches Upgrade \u2013 genau\u00ader sogar zwei. Apple nennt die Chips schlicht \u201eM1 Pro\u201c und \u201eM1 Max\u201c und folgt damit der Namens\u00adge\u00adbung bei iPho\u00adnes, iPads und&nbsp;Air\u00adPods. Ganz ein\u00adfach gesagt besit\u00adzen bei\u00adde Chip\u00ads\u00e4t\u00adze mehr Ker\u00adne&nbsp;f\u00fcr CPU sowie GPU und mehr Arbeits\u00adspei\u00adcher als der M1. Der direk\u00adte Ver\u00adgleich zum Chip&nbsp;aus dem Mac\u00adBook Pro 13 Zoll zeigt, dass die Unter\u00adschie\u00adde durch\u00adaus bemerk\u00adbar sind. Acht CPU-Ker\u00adne ste\u00adhen bis zu zehn Ker\u00adnen gegen\u00ad\u00fcber. Bei der GPU ist der Sprung von acht auf maxi\u00admal 32 Ker\u00adne sogar beson\u00adders gro\u00df. Dazu kommt mehr gemein\u00adsa\u00admer Arbeits\u00adspei\u00adcher, n\u00e4m\u00adlich bis zu 64 Giga\u00adbyte (GB).<\/span><\/p>\n<p><span data-contrast=\"auto\">Wie du dir viel\u00adleicht den\u00adken kannst, gel\u00adten die Top-Wer\u00adte nur f\u00fcr den M1 Max. Der klei\u00adne\u00adre M1 Pro kommt aber immer\u00adhin eben\u00adfalls auf zehn CPU-Ker\u00adne, bis zu 16 GPU-Ker\u00adne und 32 GB gemein\u00adsa\u00admen Arbeits\u00adspei\u00adcher. Mehr Power bekommst du hier also in jedem&nbsp;Fall.<\/span><\/p>\n<p><span data-contrast=\"auto\">Beim inter\u00adnen Spei\u00adcher stockt das Unter\u00adneh\u00admen nat\u00fcr\u00adlich auch auf. Reich\u00adte der beim Mac\u00adBook Pro 13 Zoll mit M1 noch bis maxi\u00admal 2 Tera\u00adbyte (TB), bekommst du bei den neu\u00aden Model\u00adlen bis zu 8&nbsp;TB.<\/span><\/p>\n\n\t\t<\/div>\n\t<\/div>\n  <div class=\"slick-gallery-wrapper gallery-no-padding\" data-number-of-slides=\"1\">\n    <div class=\"slick-gallery should-lightbox \" id=\"slick_gallery_AR6VPgrElhmkjF8GVHsP\">\n              <figure>\n  <div class=\"img-small-container\">\n    <div class=\"img-small-hover-background\"><\/div>\n    <picture>\n                                <source srcset=\"https:\/\/www.otto.de\/updated\/app\/uploads-webp\/uploads\/2021\/10\/Apple_M1-Pro-M1-Max_M1-Family-1080x615.jpg.webp\" media=\"(max-width: 360px) and (-webkit-min-device-pixel-ratio: 2.5)\" type=\"image\/webp\">\n                  <source srcset=\"https:\/\/www.otto.de\/updated\/app\/uploads\/2021\/10\/Apple_M1-Pro-M1-Max_M1-Family-1080x615.jpg\" media=\"(max-width: 360px) and (-webkit-min-device-pixel-ratio: 2.5)\">\n                  <source srcset=\"https:\/\/www.otto.de\/updated\/app\/uploads-webp\/uploads\/2021\/10\/Apple_M1-Pro-M1-Max_M1-Family-720x410.jpg.webp\" media=\"(max-width: 360px) and (-webkit-min-device-pixel-ratio: 1.5)\" type=\"image\/webp\">\n                  <source srcset=\"https:\/\/www.otto.de\/updated\/app\/uploads\/2021\/10\/Apple_M1-Pro-M1-Max_M1-Family-720x410.jpg\" media=\"(max-width: 360px) and (-webkit-min-device-pixel-ratio: 1.5)\">\n                  <source srcset=\"https:\/\/www.otto.de\/updated\/app\/uploads-webp\/uploads\/2021\/10\/Apple_M1-Pro-M1-Max_M1-Family-360x205.jpg.webp\" media=\"(max-width: 360px)\" type=\"image\/webp\">\n                  <source srcset=\"https:\/\/www.otto.de\/updated\/app\/uploads\/2021\/10\/Apple_M1-Pro-M1-Max_M1-Family-360x205.jpg\" media=\"(max-width: 360px)\">\n                    <source srcset=\"https:\/\/www.otto.de\/updated\/app\/uploads-webp\/uploads\/2021\/10\/Apple_M1-Pro-M1-Max_M1-Family-1680x945.jpg.webp\" media=\"(max-width: 560px) and (-webkit-min-device-pixel-ratio: 2.5)\" type=\"image\/webp\">\n                  <source srcset=\"https:\/\/www.otto.de\/updated\/app\/uploads\/2021\/10\/Apple_M1-Pro-M1-Max_M1-Family-1680x945.jpg\" media=\"(max-width: 560px) and (-webkit-min-device-pixel-ratio: 2.5)\">\n                  <source srcset=\"https:\/\/www.otto.de\/updated\/app\/uploads-webp\/uploads\/2021\/10\/Apple_M1-Pro-M1-Max_M1-Family-1120x630.jpg.webp\" media=\"(max-width: 560px) and (-webkit-min-device-pixel-ratio: 1.5)\" type=\"image\/webp\">\n                  <source srcset=\"https:\/\/www.otto.de\/updated\/app\/uploads\/2021\/10\/Apple_M1-Pro-M1-Max_M1-Family-1120x630.jpg\" media=\"(max-width: 560px) and (-webkit-min-device-pixel-ratio: 1.5)\">\n                  <source srcset=\"https:\/\/www.otto.de\/updated\/app\/uploads-webp\/uploads\/2021\/10\/Apple_M1-Pro-M1-Max_M1-Family-560x315.jpg.webp\" media=\"(max-width: 560px)\" type=\"image\/webp\">\n                  <source srcset=\"https:\/\/www.otto.de\/updated\/app\/uploads\/2021\/10\/Apple_M1-Pro-M1-Max_M1-Family-560x315.jpg\" media=\"(max-width: 560px)\">\n                    <source srcset=\"https:\/\/www.otto.de\/updated\/app\/uploads-webp\/uploads\/2021\/10\/Apple_M1-Pro-M1-Max_M1-Family.jpg.webp\" media=\"(max-width: 767px) and (-webkit-min-device-pixel-ratio: 2.5)\" type=\"image\/webp\">\n                  <source srcset=\"https:\/\/www.otto.de\/updated\/app\/uploads\/2021\/10\/Apple_M1-Pro-M1-Max_M1-Family.jpg\" media=\"(max-width: 767px) and (-webkit-min-device-pixel-ratio: 2.5)\">\n                  <source srcset=\"https:\/\/www.otto.de\/updated\/app\/uploads-webp\/uploads\/2021\/10\/Apple_M1-Pro-M1-Max_M1-Family-1536x864.jpg.webp\" media=\"(max-width: 767px) and (-webkit-min-device-pixel-ratio: 1.5)\" type=\"image\/webp\">\n                  <source srcset=\"https:\/\/www.otto.de\/updated\/app\/uploads\/2021\/10\/Apple_M1-Pro-M1-Max_M1-Family-1536x864.jpg\" media=\"(max-width: 767px) and (-webkit-min-device-pixel-ratio: 1.5)\">\n                  <source srcset=\"https:\/\/www.otto.de\/updated\/app\/uploads-webp\/uploads\/2021\/10\/Apple_M1-Pro-M1-Max_M1-Family-768x432.jpg.webp\" media=\"(max-width: 767px)\" type=\"image\/webp\">\n                  <source srcset=\"https:\/\/www.otto.de\/updated\/app\/uploads\/2021\/10\/Apple_M1-Pro-M1-Max_M1-Family-768x432.jpg\" media=\"(max-width: 767px)\">\n                    <source srcset=\"https:\/\/www.otto.de\/updated\/app\/uploads-webp\/uploads\/2021\/10\/Apple_M1-Pro-M1-Max_M1-Family-1680x945.jpg.webp\" media=\"(max-width: 991px) and (-webkit-min-device-pixel-ratio: 2.5)\" type=\"image\/webp\">\n                  <source srcset=\"https:\/\/www.otto.de\/updated\/app\/uploads\/2021\/10\/Apple_M1-Pro-M1-Max_M1-Family-1680x945.jpg\" media=\"(max-width: 991px) and (-webkit-min-device-pixel-ratio: 2.5)\">\n                  <source srcset=\"https:\/\/www.otto.de\/updated\/app\/uploads-webp\/uploads\/2021\/10\/Apple_M1-Pro-M1-Max_M1-Family-1120x630.jpg.webp\" media=\"(max-width: 991px) and (-webkit-min-device-pixel-ratio: 1.5)\" type=\"image\/webp\">\n                  <source srcset=\"https:\/\/www.otto.de\/updated\/app\/uploads\/2021\/10\/Apple_M1-Pro-M1-Max_M1-Family-1120x630.jpg\" media=\"(max-width: 991px) and (-webkit-min-device-pixel-ratio: 1.5)\">\n                  <source srcset=\"https:\/\/www.otto.de\/updated\/app\/uploads-webp\/uploads\/2021\/10\/Apple_M1-Pro-M1-Max_M1-Family-560x315.jpg.webp\" media=\"(max-width: 991px)\" type=\"image\/webp\">\n                  <source srcset=\"https:\/\/www.otto.de\/updated\/app\/uploads\/2021\/10\/Apple_M1-Pro-M1-Max_M1-Family-560x315.jpg\" media=\"(max-width: 991px)\">\n        <source srcset=\"https:\/\/www.otto.de\/updated\/app\/uploads-webp\/uploads\/2021\/10\/Apple_M1-Pro-M1-Max_M1-Family.jpg.webp\" media=\"(-webkit-min-device-pixel-ratio: 2.5)\" type=\"image\/webp\">\n  <source srcset=\"https:\/\/www.otto.de\/updated\/app\/uploads\/2021\/10\/Apple_M1-Pro-M1-Max_M1-Family.jpg\" media=\"(-webkit-min-device-pixel-ratio: 2.5)\">\n  <source srcset=\"https:\/\/www.otto.de\/updated\/app\/uploads-webp\/uploads\/2021\/10\/Apple_M1-Pro-M1-Max_M1-Family-1536x864.jpg.webp\" media=\"(-webkit-min-device-pixel-ratio: 1.5)\" type=\"image\/webp\">\n  <source srcset=\"https:\/\/www.otto.de\/updated\/app\/uploads\/2021\/10\/Apple_M1-Pro-M1-Max_M1-Family-1536x864.jpg\" media=\"(-webkit-min-device-pixel-ratio: 1.5)\">\n  <source srcset=\"https:\/\/www.otto.de\/updated\/app\/uploads-webp\/uploads\/2021\/10\/Apple_M1-Pro-M1-Max_M1-Family-768x432.jpg.webp\" type=\"image\/webp\">\n  <img loading=\"lazy\" decoding=\"async\" src=\"https:\/\/www.otto.de\/updated\/app\/uploads\/2021\/10\/Apple_M1-Pro-M1-Max_M1-Family-768x432.jpg\" width=\"768\" height=\"432\" title=\"Apple M1 Pro, M1 Max und M1\" alt=\"Ein Vergleich der Chips\u00e4tze M1, M1 Pro und M1 Max.\" class=\"img-responsive img-small\" data-copyright=\"\u00a9 2021 Apple\" data-post-excerpt=\"Mit der Leistung und dem Speicher w\u00e4chst nat\u00fcrlich auch der Chip selbst. So sind M1 Pro und M1 Pro Max etwas gr\u00f6\u00dfer als der M1.\" data-light-value=\"light\" data-zoom-width=\"1920\" data-zoom-height=\"1248\" data-zoom-src=\"https:\/\/www.otto.de\/updated\/app\/uploads\/2021\/10\/Apple_M1-Pro-M1-Max_M1-Family.jpg\">\n                    <div class=\"caption light\">\n          <small>\n            \u00a9 2021&nbsp;Apple&nbsp;<\/small>\n        <\/div>\n          <\/picture>\n  <\/div>\n      <figcaption class=\"post-excerpt\">\n      Mit der Leis\u00adtung und dem Spei\u00adcher w\u00e4chst nat\u00fcr\u00adlich auch der Chip selbst. So sind M1 Pro und M1 Pro Max etwas gr\u00f6\u00ad\u00dfer als der&nbsp;M1.&nbsp;<\/figcaption>\n  <\/figure>\n          <\/div>\n    <div class=\"progress-bars\"><\/div>\n    <div class=\"zoom-icon-wrapper\">\n      <div class=\"zoom-icon\"><\/div>\n    <\/div>\n  <\/div>\n<\/div><\/div><\/div><\/div><div class=\"vc_row wpb_row vc_row-fluid\"><div class=\"wpb_column vc_column_container vc_col-sm-12\"><div class=\"vc_column-inner\"><div class=\"wpb_wrapper\"><div class=\"headline toc--item\"><a name=\"kamera-und-audio-fuer-das-homeoffice-geruestet\"><\/a><h2>Kame\u00adra und Audio: F\u00fcr das Home\u00adof\u00adfice ger\u00fcstet<\/h2><\/div>\n\t<div class=\"wpb_text_column wpb_content_element\">\n\t\t<div class=\"wpb_wrapper\">\n\t\t\t<p><span data-contrast=\"auto\">Auch Apple hat ver\u00adstan\u00adden, dass die Anfor\u00adde\u00adrun\u00adgen an Note\u00adbooks durch die sich ver\u00ad\u00e4n\u00addern\u00adde Arbeits\u00adwelt etwas anders gela\u00adgert sind als bis\u00adher. Waren Kame\u00adras in Note\u00adbooks lan\u00adge nur ein Mit\u00adtel zum Zweck und eher f\u00fcr den Not\u00adfall geeig\u00adnet, muss die Qua\u00adli\u00adt\u00e4t&nbsp;im Home\u00adof\u00adfice stim\u00admen. Apple wer\u00adtet das Mac\u00adBook Pro (2021) des\u00adhalb mit einem Sen\u00adsor auf, der Bil\u00adder in 1.920 x 1.080 Pixeln (Full-HD) erfasst. Dei\u00adne Stim\u00adme neh\u00admen erneut drei Mikro\u00adfo\u00adne auf, die Hin\u00adter\u00adgrund\u00adge\u00adr\u00e4u\u00adsche wei\u00adtest\u00adge\u00adhend ausklammern.<\/span><\/p>\n<p><span data-contrast=\"auto\">Bei den ver\u00adbau\u00adten Laut\u00adspre\u00adchern hat sich eini\u00adges getan: Sechs davon sit\u00adzen im Mac\u00adBook Pro (2021) und sol\u00adlen f\u00fcr Hi-Fi-Klang sor\u00adgen. Das klappt sogar in 3D-Audio, wie du es ja mitt\u00adler\u00adwei\u00adle \u00fcber Apple Music bekommst. Und h\u00f6rst du doch lie\u00adber \u00fcber Kopf\u00adh\u00f6\u00adrer, dann funk\u00adtio\u00adniert das \u00fcber den 3,5\u2011mm-Anschluss sogar per&nbsp;Kabel.<\/span><\/p>\n\n\t\t<\/div>\n\t<\/div>\n      <a href=\"https:\/\/www.otto.de\/updated\/macos-monterey-version-12-des-betriebssystems-im-ueberblick-87787\/\" target=\"_blank\" data-tracking-category=\"Content Interaction\" data-tracking-action=\"Teaserkachel\" data-tracking-label=\"macOS Monterey: Neue Features des Betriebssystems\">\n  <div class=\"readable-button-container work-connect\">\n    <div class=\"readable-button-outer\">\n      <div class=\"readable-button-inner\">\n        <div class=\"readable-button-text\">\n          <div class=\"readable-button-small-headline-container\">\n            <div class=\"readable-button-small-headline\">\n              <span>\n                Auch lesenswert&nbsp;<\/span>\n            <\/div>\n          <\/div>\n        <\/div>\n        <img loading=\"lazy\" decoding=\"async\" class=\"readable-button-icon work-connect\" src=\"https:\/\/www.otto.de\/updated\/app\/themes\/main\/assets\/images\/relaunch\/icons\/buttonIcons\/link-box-arrow-dark.svg\" width=\"31\" height=\"31\">\n      <\/div>\n      <div class=\"readable-button-headline work-connect\">\n        <span>\n          macOS Mon\u00adterey: Neue Fea\u00adtures des Betriebssystems&nbsp;<\/span>\n      <\/div>\n    <\/div>\n  <\/div>\n<\/a>\n<\/div><\/div><\/div><\/div><div class=\"vc_row wpb_row vc_row-fluid\"><div class=\"wpb_column vc_column_container vc_col-sm-12\"><div class=\"vc_column-inner\"><div class=\"wpb_wrapper\"><div class=\"headline toc--item\"><a name=\"keyboard-keine-touch-bar-dafuer-mehr-tasten\"><\/a><h2>Key\u00adboard: kei\u00adne Touch Bar, daf\u00fcr mehr Tasten<\/h2><\/div>\n\t<div class=\"wpb_text_column wpb_content_element\">\n\t\t<div class=\"wpb_wrapper\">\n\t\t\t<p><span class=\"TextRun SCXW135141683 BCX0\" lang=\"DE-DE\" xml:lang=\"DE-DE\" data-contrast=\"auto\"><span class=\"NormalTextRun SCXW135141683 BCX0\">Apple hat sich f\u00fcr die neue Gene\u00adra\u00adti\u00adon der Mac\u00adBook-Pro-Model\u00adle dazu ent\u00adschie\u00adden, die Touch Bar zu ver\u00adwer\u00adfen. Das sorgt wie\u00adder f\u00fcr mehr Platz f\u00fcr ech\u00adte Tas\u00adten. Das Magic Key\u00adboard kommt in bei\u00adden Gr\u00f6\u00ad\u00dfen auf 79 davon, wovon 12 Funk\u00adti\u00adons\u00adtas\u00adten und vier Pfeil\u00adtas\u00adten sind. Dis\u00adplay- sowie Tas\u00adten\u00adhel\u00adlig\u00adkeit, Laut\u00adst\u00e4r\u00adke und mehr las\u00adsen sich so wie\u00adder deut\u00adlich schnel\u00adler und kom\u00adfor\u00adta\u00adbler anpas\u00adsen. Touch ID bleibt den\u00adnoch erhal\u00adten und wan\u00addert ein\u00adfach in eine Tas\u00adte oben rechts auf dem Keyboard.<\/span><\/span><\/p>\n\n\t\t<\/div>\n\t<\/div>\n  <div class=\"slick-gallery-wrapper gallery-no-padding\" data-number-of-slides=\"1\">\n    <div class=\"slick-gallery should-lightbox \" id=\"slick_gallery_KdjF00C55YBqWuT5uhHc\">\n              <figure>\n  <div class=\"img-small-container\">\n    <div class=\"img-small-hover-background\"><\/div>\n    <picture>\n                                <source srcset=\"https:\/\/www.otto.de\/updated\/app\/uploads-webp\/uploads\/2021\/10\/Apple_MacBook-Pro_16-inch-Keyboard_10182021-1080x615.jpg.webp\" media=\"(max-width: 360px) and (-webkit-min-device-pixel-ratio: 2.5)\" type=\"image\/webp\">\n                  <source srcset=\"https:\/\/www.otto.de\/updated\/app\/uploads\/2021\/10\/Apple_MacBook-Pro_16-inch-Keyboard_10182021-1080x615.jpg\" media=\"(max-width: 360px) and (-webkit-min-device-pixel-ratio: 2.5)\">\n                  <source srcset=\"https:\/\/www.otto.de\/updated\/app\/uploads-webp\/uploads\/2021\/10\/Apple_MacBook-Pro_16-inch-Keyboard_10182021-720x410.jpg.webp\" media=\"(max-width: 360px) and (-webkit-min-device-pixel-ratio: 1.5)\" type=\"image\/webp\">\n                  <source srcset=\"https:\/\/www.otto.de\/updated\/app\/uploads\/2021\/10\/Apple_MacBook-Pro_16-inch-Keyboard_10182021-720x410.jpg\" media=\"(max-width: 360px) and (-webkit-min-device-pixel-ratio: 1.5)\">\n                  <source srcset=\"https:\/\/www.otto.de\/updated\/app\/uploads-webp\/uploads\/2021\/10\/Apple_MacBook-Pro_16-inch-Keyboard_10182021-360x205.jpg.webp\" media=\"(max-width: 360px)\" type=\"image\/webp\">\n                  <source srcset=\"https:\/\/www.otto.de\/updated\/app\/uploads\/2021\/10\/Apple_MacBook-Pro_16-inch-Keyboard_10182021-360x205.jpg\" media=\"(max-width: 360px)\">\n                    <source srcset=\"https:\/\/www.otto.de\/updated\/app\/uploads-webp\/uploads\/2021\/10\/Apple_MacBook-Pro_16-inch-Keyboard_10182021-1680x945.jpg.webp\" media=\"(max-width: 560px) and (-webkit-min-device-pixel-ratio: 2.5)\" type=\"image\/webp\">\n                  <source srcset=\"https:\/\/www.otto.de\/updated\/app\/uploads\/2021\/10\/Apple_MacBook-Pro_16-inch-Keyboard_10182021-1680x945.jpg\" media=\"(max-width: 560px) and (-webkit-min-device-pixel-ratio: 2.5)\">\n                  <source srcset=\"https:\/\/www.otto.de\/updated\/app\/uploads-webp\/uploads\/2021\/10\/Apple_MacBook-Pro_16-inch-Keyboard_10182021-1120x630.jpg.webp\" media=\"(max-width: 560px) and (-webkit-min-device-pixel-ratio: 1.5)\" type=\"image\/webp\">\n                  <source srcset=\"https:\/\/www.otto.de\/updated\/app\/uploads\/2021\/10\/Apple_MacBook-Pro_16-inch-Keyboard_10182021-1120x630.jpg\" media=\"(max-width: 560px) and (-webkit-min-device-pixel-ratio: 1.5)\">\n                  <source srcset=\"https:\/\/www.otto.de\/updated\/app\/uploads-webp\/uploads\/2021\/10\/Apple_MacBook-Pro_16-inch-Keyboard_10182021-560x315.jpg.webp\" media=\"(max-width: 560px)\" type=\"image\/webp\">\n                  <source srcset=\"https:\/\/www.otto.de\/updated\/app\/uploads\/2021\/10\/Apple_MacBook-Pro_16-inch-Keyboard_10182021-560x315.jpg\" media=\"(max-width: 560px)\">\n                    <source srcset=\"https:\/\/www.otto.de\/updated\/app\/uploads-webp\/uploads\/2021\/10\/Apple_MacBook-Pro_16-inch-Keyboard_10182021.jpg.webp\" media=\"(max-width: 767px) and (-webkit-min-device-pixel-ratio: 2.5)\" type=\"image\/webp\">\n                  <source srcset=\"https:\/\/www.otto.de\/updated\/app\/uploads\/2021\/10\/Apple_MacBook-Pro_16-inch-Keyboard_10182021.jpg\" media=\"(max-width: 767px) and (-webkit-min-device-pixel-ratio: 2.5)\">\n                  <source srcset=\"https:\/\/www.otto.de\/updated\/app\/uploads-webp\/uploads\/2021\/10\/Apple_MacBook-Pro_16-inch-Keyboard_10182021-1536x864.jpg.webp\" media=\"(max-width: 767px) and (-webkit-min-device-pixel-ratio: 1.5)\" type=\"image\/webp\">\n                  <source srcset=\"https:\/\/www.otto.de\/updated\/app\/uploads\/2021\/10\/Apple_MacBook-Pro_16-inch-Keyboard_10182021-1536x864.jpg\" media=\"(max-width: 767px) and (-webkit-min-device-pixel-ratio: 1.5)\">\n                  <source srcset=\"https:\/\/www.otto.de\/updated\/app\/uploads-webp\/uploads\/2021\/10\/Apple_MacBook-Pro_16-inch-Keyboard_10182021-768x432.jpg.webp\" media=\"(max-width: 767px)\" type=\"image\/webp\">\n                  <source srcset=\"https:\/\/www.otto.de\/updated\/app\/uploads\/2021\/10\/Apple_MacBook-Pro_16-inch-Keyboard_10182021-768x432.jpg\" media=\"(max-width: 767px)\">\n                    <source srcset=\"https:\/\/www.otto.de\/updated\/app\/uploads-webp\/uploads\/2021\/10\/Apple_MacBook-Pro_16-inch-Keyboard_10182021-1680x945.jpg.webp\" media=\"(max-width: 991px) and (-webkit-min-device-pixel-ratio: 2.5)\" type=\"image\/webp\">\n                  <source srcset=\"https:\/\/www.otto.de\/updated\/app\/uploads\/2021\/10\/Apple_MacBook-Pro_16-inch-Keyboard_10182021-1680x945.jpg\" media=\"(max-width: 991px) and (-webkit-min-device-pixel-ratio: 2.5)\">\n                  <source srcset=\"https:\/\/www.otto.de\/updated\/app\/uploads-webp\/uploads\/2021\/10\/Apple_MacBook-Pro_16-inch-Keyboard_10182021-1120x630.jpg.webp\" media=\"(max-width: 991px) and (-webkit-min-device-pixel-ratio: 1.5)\" type=\"image\/webp\">\n                  <source srcset=\"https:\/\/www.otto.de\/updated\/app\/uploads\/2021\/10\/Apple_MacBook-Pro_16-inch-Keyboard_10182021-1120x630.jpg\" media=\"(max-width: 991px) and (-webkit-min-device-pixel-ratio: 1.5)\">\n                  <source srcset=\"https:\/\/www.otto.de\/updated\/app\/uploads-webp\/uploads\/2021\/10\/Apple_MacBook-Pro_16-inch-Keyboard_10182021-560x315.jpg.webp\" media=\"(max-width: 991px)\" type=\"image\/webp\">\n                  <source srcset=\"https:\/\/www.otto.de\/updated\/app\/uploads\/2021\/10\/Apple_MacBook-Pro_16-inch-Keyboard_10182021-560x315.jpg\" media=\"(max-width: 991px)\">\n        <source srcset=\"https:\/\/www.otto.de\/updated\/app\/uploads-webp\/uploads\/2021\/10\/Apple_MacBook-Pro_16-inch-Keyboard_10182021.jpg.webp\" media=\"(-webkit-min-device-pixel-ratio: 2.5)\" type=\"image\/webp\">\n  <source srcset=\"https:\/\/www.otto.de\/updated\/app\/uploads\/2021\/10\/Apple_MacBook-Pro_16-inch-Keyboard_10182021.jpg\" media=\"(-webkit-min-device-pixel-ratio: 2.5)\">\n  <source srcset=\"https:\/\/www.otto.de\/updated\/app\/uploads-webp\/uploads\/2021\/10\/Apple_MacBook-Pro_16-inch-Keyboard_10182021-1536x864.jpg.webp\" media=\"(-webkit-min-device-pixel-ratio: 1.5)\" type=\"image\/webp\">\n  <source srcset=\"https:\/\/www.otto.de\/updated\/app\/uploads\/2021\/10\/Apple_MacBook-Pro_16-inch-Keyboard_10182021-1536x864.jpg\" media=\"(-webkit-min-device-pixel-ratio: 1.5)\">\n  <source srcset=\"https:\/\/www.otto.de\/updated\/app\/uploads-webp\/uploads\/2021\/10\/Apple_MacBook-Pro_16-inch-Keyboard_10182021-768x432.jpg.webp\" type=\"image\/webp\">\n  <img loading=\"lazy\" decoding=\"async\" src=\"https:\/\/www.otto.de\/updated\/app\/uploads\/2021\/10\/Apple_MacBook-Pro_16-inch-Keyboard_10182021-768x432.jpg\" width=\"768\" height=\"432\" title=\"Apple MacBook Pro 16 Zoll\" alt=\"Blick auf die Tastatur im neuen MacBook Pro.\" class=\"img-responsive img-small\" data-copyright=\"\u00a9 2021 Apple\" data-post-excerpt=\"Die Touch Bar ist Geschichte, stattdessen gibt es im neuen MacBook Pro wieder eine gro\u00dfe Tastatur mit Funktionstasten.\" data-light-value=\"light\" data-zoom-width=\"1920\" data-zoom-height=\"1080\" data-zoom-src=\"https:\/\/www.otto.de\/updated\/app\/uploads\/2021\/10\/Apple_MacBook-Pro_16-inch-Keyboard_10182021.jpg\">\n                    <div class=\"caption light\">\n          <small>\n            \u00a9 2021&nbsp;Apple&nbsp;<\/small>\n        <\/div>\n          <\/picture>\n  <\/div>\n      <figcaption class=\"post-excerpt\">\n      Die Touch Bar ist Geschich\u00adte, statt\u00addes\u00adsen gibt es im neu\u00aden Mac\u00adBook Pro wie\u00adder eine gro\u00ad\u00dfe Tas\u00adta\u00adtur mit Funktionstasten.&nbsp;<\/figcaption>\n  <\/figure>\n          <\/div>\n    <div class=\"progress-bars\"><\/div>\n    <div class=\"zoom-icon-wrapper\">\n      <div class=\"zoom-icon\"><\/div>\n    <\/div>\n  <\/div>\n\n\t<div class=\"wpb_text_column wpb_content_element\">\n\t\t<div class=\"wpb_wrapper\">\n\t\t\t<p><span class=\"TextRun SCXW18668202 BCX0\" lang=\"DE-DE\" xml:lang=\"DE-DE\" data-contrast=\"auto\"><span class=\"NormalTextRun SCXW18668202 BCX0\">\u00dcbri\u00adgens: Die Funk\u00adti\u00adons\u00adtas\u00adten sind nicht etwa klei\u00adner als die rest\u00adli\u00adchen Tas\u00adten. Apple ver\u00adbaut sie erst\u00admals in vol\u00adler Gr\u00f6\u00ad\u00dfe, wodurch sie noch bes\u00adser zu tref\u00adfen&nbsp;sind.<\/span><\/span><\/p>\n\n\t\t<\/div>\n\t<\/div>\n<\/div><\/div><\/div><\/div><div class=\"vc_row wpb_row vc_row-fluid\"><div class=\"wpb_column vc_column_container vc_col-sm-12\"><div class=\"vc_column-inner\"><div class=\"wpb_wrapper\"><div class=\"headline toc--item\"><a name=\"preis-und-veroeffentlichung-pro-modell-zum-pro-preis\"><\/a><h2>Preis und Ver\u00ad\u00f6f\u00adfent\u00adli\u00adchung: Pro-Modell zum Pro-Preis<\/h2><\/div>\n\t<div class=\"wpb_text_column wpb_content_element\">\n\t\t<div class=\"wpb_wrapper\">\n\t\t\t<p><span class=\"TextRun SCXW85025547 BCX0\" lang=\"DE-DE\" xml:lang=\"DE-DE\" data-contrast=\"auto\"><span class=\"NormalTextRun SCXW85025547 BCX0\">Das neue Mac\u00adBook Pro (2021) in 14 und 16 Zoll rich\u00adtet sich in ers\u00adter Linie an Pro\u00adfis. Das galt f\u00fcr die Rei\u00adhe zwar schon immer, bei der Preis\u00adge\u00adstal\u00adtung macht Apple das aber in die\u00adsem Fall umso mehr deut\u00adlich. Das klei\u00adne\u00adre Ger\u00e4t mit dem gerings\u00adten Spei\u00adcher und dem leis\u00adtungs\u00adschw\u00e4chs\u00adten M1 Pro kos\u00adtet bereits 2.249 Euro<\/span><span class=\"NormalTextRun SCXW85025547 BCX0\">&nbsp;UVP<\/span><span class=\"NormalTextRun SCXW85025547 BCX0\">. Das 16-Z\u00f6l\u00adler mit st\u00e4rks\u00adtem Pro\u00adzes\u00adsor, h\u00f6chs\u00adter Kapa\u00adzi\u00adt\u00e4t bei inter\u00adnem und Arbeits\u00adspei\u00adcher kommt auf sat\u00adte 6.839 Euro<\/span><span class=\"NormalTextRun SCXW85025547 BCX0\">&nbsp;UVP<\/span><span class=\"NormalTextRun SCXW85025547 BCX0\">. Bestell\u00adbar sind s\u00e4mt\u00adli\u00adche Vari\u00adan\u00adten bereits jetzt. Der Mark\u00adstart ist f\u00fcr den 26. Okto\u00adber geplant.<\/span><\/span><\/p>\n\n\t\t<\/div>\n\t<\/div>\n<\/div><\/div><\/div><\/div><div class=\"vc_row wpb_row vc_row-fluid\"><div class=\"wpb_column vc_column_container vc_col-sm-12\"><div class=\"vc_column-inner\"><div class=\"wpb_wrapper\"><div class=\"article-author-opinion\">\n  <div class=\"article-author-opinion-header\">\n    <div class=\"author-image-background\">\n      <picture>\n          <source srcset=\"https:\/\/www.otto.de\/updated\/app\/uploads-webp\/uploads\/2025\/02\/Thomas_Bott-1-450x450.jpg.webp?theia_smart_thumbnails_file_version=2\" media=\"(-webkit-min-device-pixel-ratio: 2.5)\" type=\"image\/webp\">\n  <source srcset=\"https:\/\/www.otto.de\/updated\/app\/uploads\/2025\/02\/Thomas_Bott-1-450x450.jpg?theia_smart_thumbnails_file_version=2\" media=\"(-webkit-min-device-pixel-ratio: 2.5)\">\n  <source srcset=\"https:\/\/www.otto.de\/updated\/app\/uploads-webp\/uploads\/2025\/02\/Thomas_Bott-1-300x300.jpg.webp?theia_smart_thumbnails_file_version=2\" media=\"(-webkit-min-device-pixel-ratio: 1.5)\" type=\"image\/webp\">\n  <source srcset=\"https:\/\/www.otto.de\/updated\/app\/uploads\/2025\/02\/Thomas_Bott-1-300x300.jpg?theia_smart_thumbnails_file_version=2\" media=\"(-webkit-min-device-pixel-ratio: 1.5)\">\n  <source srcset=\"https:\/\/www.otto.de\/updated\/app\/uploads-webp\/uploads\/2025\/02\/Thomas_Bott-1-150x150.jpg.webp?theia_smart_thumbnails_file_version=2\" type=\"image\/webp\">\n  <img loading=\"lazy\" decoding=\"async\" src=\"https:\/\/www.otto.de\/updated\/app\/uploads\/2025\/02\/Thomas_Bott-1-150x150.jpg?theia_smart_thumbnails_file_version=2\" width=\"150\" height=\"150\" title=\"Thomas Bott\" alt=\"Portrai-Foto von einer Person mit blauem Cap und schwarzem Shirt.\" class=\"author-image\">\n      <\/picture>\n    <\/div>\n    <div class=\"article-author-opinion-header-text\">\n      <div class=\"author-name\">\n        Tho\u00admas&nbsp;Bott&nbsp;<\/div>\n      <div class=\"opinion-headline\">\n        <h2>\n          Unse\u00adre<br><br>Expert*innen-Meinung        <\/h2>\n      <\/div>\n    <\/div>\n  <\/div>\n  <div class=\"article-author-opinion-separator\"><\/div>\n  <div class=\"article-author-opinion-content\">\n    \n\t<div class=\"wpb_text_column wpb_content_element\">\n\t\t<div class=\"wpb_wrapper\">\n\t\t\t<p><span class=\"TextRun SCXW183797373 BCX0\" lang=\"DE-DE\" xml:lang=\"DE-DE\" data-contrast=\"auto\"><span class=\"NormalTextRun SCXW183797373 BCX0\">Gera\u00adde f\u00fcr pri\u00adva\u00adte Anwen\u00adder l\u00e4sst sich die\u00adser Punkt nicht aus\u00adklam\u00admern: Apple schraubt die Prei\u00adse beim Mac\u00adBook Pro (2021) ordent\u00adlich nach oben. Aller\u00addings gilt es dabei nicht zu ver\u00adges\u00adsen, dass auch die Leis\u00adtung dank der neu\u00aden Chips M1 Pro und M1 Max erneut einen ordent\u00adli\u00adchen Sprung macht. Wer die Power braucht, gibt wohl auch ger\u00adne etwas mehr aus. Das neue Dis\u00adplay mit mehr Hel\u00adlig\u00adkeit und bis zu 120 Hertz Bild\u00adwie\u00adder\u00adhol\u00adra\u00adte steht dem Mac\u00adBook Pro sehr gut. Ob das auch f\u00fcr das neue Design gilt, ist ohne\u00adhin Geschmacks\u00adsa\u00adche. Sehr posi\u00adtiv fin\u00adde ich, dass Apple die Touch Bar ver\u00adwirft und daf\u00fcr wie\u00adder ech\u00adte Funk\u00adti\u00adons\u00adtas\u00adten ver\u00adbaut. Au\u00dfer\u00addem sind die Ver\u00adbes\u00adse\u00adrun\u00adgen bei Kame\u00adra und Audio in Zei\u00adten von Home\u00adof\u00adfice ger\u00adne gese\u00adhen. Jetzt muss ich nur mei\u00adnen Arbeit\u00adge\u00adber davon \u00fcber\u00adzeu\u00adgen, dass mein altes Mac\u00adBook Pro ein\u00adfach nicht mehr aus\u00adrei\u00adchend ist und ich drin\u00adgend ein Exem\u00adplar mit M1 Max brauche.<\/span><\/span><\/p>\n\n\t\t<\/div>\n\t<\/div>\n  <\/div>\n  <div class=\"article-author-opinion-separator\"><\/div>\n<\/div>\n<\/div><\/div><\/div><\/div>\n<\/div>","protected":false},"excerpt":{"rendered":"Nach der Vor\u00adstel\u00adlung der neu\u00aden iPho\u00adnes im Sep\u00adtem\u00adber folg\u00adte im Okto\u00adber noch eine wei\u00adte\u00adre Key\u00adnote von Apple. Bei der ging es, wie bereits im Vor\u00adfeld ver\u00admu\u00adtet, um das&nbsp;Mac\u00adbook Pro. Statt einem klei\u00adnen Update gibt es dabei vie\u00adle Neu\u00adig\u00adkei\u00adten zu ent\u00adde\u00adcken. So bekom\u00admen die Ger\u00e4\u00adte spe\u00adzi\u00adell auf sie zuge\u00adschnit\u00adte\u00adne Chip\u00ads\u00e4t\u00adze, flot\u00adte Dis\u00adplays und ein bekann\u00adtes Merkmal&nbsp;[\u2026]","protected":false},"author":102,"featured_media":92447,"comment_status":"open","ping_status":"open","sticky":false,"template":"","format":"standard","meta":{"_acf_changed":false,"wp_typography_post_enhancements_disabled":false,"footnotes":""},"categories":[35466,35463,35462],"tags":[33,218,219],"class_list":["post-92465","post","type-post","status-publish","format-standard","has-post-thumbnail","hentry","category-laptops","category-mobile-geraete","category-work-connect","tag-apple","tag-mac","tag-macbook"],"acf":[],"yoast_head":"<!-- This site is optimized with the Yoast SEO Premium plugin v25.1 (Yoast SEO v25.1) - https:\/\/yoast.com\/wordpress\/plugins\/seo\/ -->\n<title>MacBook Pro (2021): Alle Informationen zum Notebook | OTTO<\/title>\n<meta name=\"description\" content=\"Mitte Oktober stellte Apple das neue MacBook Pro (2021) vor. Das bekommt einen neuen Chipsatz und ein ikonisches Feature der iPhones.\" \/>\n<meta name=\"robots\" content=\"index, follow, max-snippet:-1, max-image-preview:large, max-video-preview:-1\" \/>\n<link rel=\"canonical\" href=\"https:\/\/www.otto.de\/updated\/macbook-pro-2021-neue-chipsaetze-und-eine-notch-92465\/\" \/>\n<meta property=\"og:locale\" content=\"de_DE\" \/>\n<meta property=\"og:type\" content=\"article\" \/>\n<meta property=\"og:title\" content=\"MacBook Pro (2021): Neue Chips\u00e4tze und eine Notch\" \/>\n<meta property=\"og:description\" content=\"Mitte Oktober stellte Apple das neue MacBook Pro (2021) vor. Das bekommt einen neuen Chipsatz und ein ikonisches Feature der iPhones.\" \/>\n<meta property=\"og:url\" content=\"https:\/\/www.otto.de\/updated\/macbook-pro-2021-neue-chipsaetze-und-eine-notch-92465\/\" \/>\n<meta property=\"og:site_name\" content=\"UPDATED\" \/>\n<meta property=\"article:publisher\" content=\"https:\/\/www.facebook.com\/updated.de\/\" \/>\n<meta property=\"article:published_time\" content=\"2021-10-19T09:05:58+00:00\" \/>\n<meta property=\"og:image\" content=\"https:\/\/www.otto.de\/updated\/app\/uploads\/2021\/10\/Apple_MacBook-Pro_16-04.jpg\" \/>\n\t<meta property=\"og:image:width\" content=\"1920\" \/>\n\t<meta property=\"og:image:height\" content=\"1080\" \/>\n\t<meta property=\"og:image:type\" content=\"image\/jpeg\" \/>\n<meta name=\"author\" content=\"Thomas Bott\" \/>\n<meta name=\"twitter:card\" content=\"summary_large_image\" \/>\n<meta name=\"twitter:creator\" content=\"@updated_de\" \/>\n<meta name=\"twitter:site\" content=\"@updated_de\" \/>\n<meta name=\"twitter:label1\" content=\"Written by\" \/>\n\t<meta name=\"twitter:data1\" content=\"Thomas Bott\" \/>\n\t<meta name=\"twitter:label2\" content=\"Est. reading time\" \/>\n\t<meta name=\"twitter:data2\" content=\"5\u00a0Minuten\" \/>\n<script type=\"application\/ld+json\" class=\"yoast-schema-graph\">{\"@context\":\"https:\/\/schema.org\",\"@graph\":[{\"@type\":\"WebPage\",\"@id\":\"https:\/\/www.otto.de\/updated\/macbook-pro-2021-neue-chipsaetze-und-eine-notch-92465\/\",\"url\":\"https:\/\/www.otto.de\/updated\/macbook-pro-2021-neue-chipsaetze-und-eine-notch-92465\/\",\"name\":\"MacBook Pro (2021): Alle Informationen zum Notebook | OTTO\",\"isPartOf\":{\"@id\":\"https:\/\/www.otto.de\/updated\/#website\"},\"primaryImageOfPage\":{\"@id\":\"https:\/\/www.otto.de\/updated\/macbook-pro-2021-neue-chipsaetze-und-eine-notch-92465\/#primaryimage\"},\"image\":{\"@id\":\"https:\/\/www.otto.de\/updated\/macbook-pro-2021-neue-chipsaetze-und-eine-notch-92465\/#primaryimage\"},\"thumbnailUrl\":\"https:\/\/www.otto.de\/updated\/app\/uploads\/2021\/10\/Apple_MacBook-Pro_16-04.jpg\",\"datePublished\":\"2021-10-19T09:05:58+00:00\",\"author\":{\"@id\":\"https:\/\/www.otto.de\/updated\/#\/schema\/person\/c789d338d6a16a702d57cb6fbbf44e9d\"},\"description\":\"Mitte Oktober stellte Apple das neue MacBook Pro (2021) vor. Das bekommt einen neuen Chipsatz und ein ikonisches Feature der iPhones.\",\"breadcrumb\":{\"@id\":\"https:\/\/www.otto.de\/updated\/macbook-pro-2021-neue-chipsaetze-und-eine-notch-92465\/#breadcrumb\"},\"inLanguage\":\"de\",\"potentialAction\":[{\"@type\":\"ReadAction\",\"target\":[\"https:\/\/www.otto.de\/updated\/macbook-pro-2021-neue-chipsaetze-und-eine-notch-92465\/\"]}]},{\"@type\":\"ImageObject\",\"inLanguage\":\"de\",\"@id\":\"https:\/\/www.otto.de\/updated\/macbook-pro-2021-neue-chipsaetze-und-eine-notch-92465\/#primaryimage\",\"url\":\"https:\/\/www.otto.de\/updated\/app\/uploads\/2021\/10\/Apple_MacBook-Pro_16-04.jpg\",\"contentUrl\":\"https:\/\/www.otto.de\/updated\/app\/uploads\/2021\/10\/Apple_MacBook-Pro_16-04.jpg\",\"width\":1920,\"height\":1080,\"caption\":\"Das neue MacBook Pro (2021) d\u00fcrfte mit mehr Power und neuen Features gerade professionelle Anwender anziehen.\"},{\"@type\":\"BreadcrumbList\",\"@id\":\"https:\/\/www.otto.de\/updated\/macbook-pro-2021-neue-chipsaetze-und-eine-notch-92465\/#breadcrumb\",\"itemListElement\":[{\"@type\":\"ListItem\",\"position\":1,\"name\":\"Startseite\",\"item\":\"\/updated\/\"},{\"@type\":\"ListItem\",\"position\":2,\"name\":\"Work &amp; Connect\",\"item\":\"https:\/\/www.otto.de\/updated\/work-connect\/\"},{\"@type\":\"ListItem\",\"position\":3,\"name\":\"Mobile Ger\u00e4te\",\"item\":\"https:\/\/www.otto.de\/updated\/mobile-geraete\/\"},{\"@type\":\"ListItem\",\"position\":4,\"name\":\"Laptops\",\"item\":\"https:\/\/www.otto.de\/updated\/laptops\/\"},{\"@type\":\"ListItem\",\"position\":5,\"name\":\"Mac\u00adBook Pro (2021): Neue Chip\u00ads\u00e4t\u00adze und eine&nbsp;Notch\"}]},{\"@type\":\"WebSite\",\"@id\":\"https:\/\/www.otto.de\/updated\/#website\",\"url\":\"https:\/\/www.otto.de\/updated\/\",\"name\":\"UPDATED\",\"description\":\"\",\"potentialAction\":[{\"@type\":\"SearchAction\",\"target\":{\"@type\":\"EntryPoint\",\"urlTemplate\":\"https:\/\/www.otto.de\/updated\/?s={search_term_string}\"},\"query-input\":{\"@type\":\"PropertyValueSpecification\",\"valueRequired\":true,\"valueName\":\"search_term_string\"}}],\"inLanguage\":\"de\"},{\"@type\":\"Person\",\"@id\":\"https:\/\/www.otto.de\/updated\/#\/schema\/person\/c789d338d6a16a702d57cb6fbbf44e9d\",\"name\":\"Thomas Bott\",\"description\":\"Tom ist gelernter Journalist und hat in seinem Beruf mittlerweile fast zwei Jahrzehnte auf dem Buckel. Neben kleinen Ausfl\u00fcgen in die Bereiche Sport und Automotive hat er sich bisher haupts\u00e4chlich mit Games und Technik auseinandergesetzt. Darunter etwa als ehemaliger Teil der Redaktion von COMPUTER BILD. Neue Konsolen, Spiele, Smartphones, Laptops und mehr: Tom ist immer auf dem Laufenden und somit stets erster Ansprechpartner dazu im Familien- und Freundeskreis. Bei UPDATED gibt er diese Expertise gerne an ein noch breiteres Publikum weiter.\",\"url\":\"https:\/\/www.otto.de\/updated\/redaktion\/\",\"image\":null,\"colleague\":[\"https:\/\/www.otto.de\/updated\/redaktion\/alexander-kraft\/\",\"https:\/\/www.otto.de\/updated\/redaktion\/anne-beyer\/\",\"https:\/\/www.otto.de\/updated\/redaktion\/arne-schaetzle\/\",\"https:\/\/www.otto.de\/updated\/redaktion\/jana-janssen\/\",\"https:\/\/www.otto.de\/updated\/redaktion\/pascal-wuttke\/\",\"https:\/\/www.otto.de\/updated\/redaktion\/thomas-bott\/\"],\"worksFor\":[{\"@type\":\"Organization\",\"id\":\"https:\/\/www.otto.de\/updated\/#organization\",\"name\":\"UPDATED\"}]}]}<\/script>\n<!-- \/ Yoast SEO Premium plugin. -->","yoast_head_json":{"title":"MacBook Pro (2021): Alle Informationen zum Notebook | OTTO","description":"Mitte Oktober stellte Apple das neue MacBook Pro (2021) vor. Das bekommt einen neuen Chipsatz und ein ikonisches Feature der iPhones.","robots":{"index":"index","follow":"follow","max-snippet":"max-snippet:-1","max-image-preview":"max-image-preview:large","max-video-preview":"max-video-preview:-1"},"canonical":"https:\/\/www.otto.de\/updated\/macbook-pro-2021-neue-chipsaetze-und-eine-notch-92465\/","og_locale":"de_DE","og_type":"article","og_title":"MacBook Pro (2021): Neue Chips\u00e4tze und eine Notch","og_description":"Mitte Oktober stellte Apple das neue MacBook Pro (2021) vor. Das bekommt einen neuen Chipsatz und ein ikonisches Feature der iPhones.","og_url":"https:\/\/www.otto.de\/updated\/macbook-pro-2021-neue-chipsaetze-und-eine-notch-92465\/","og_site_name":"UPDATED","article_publisher":"https:\/\/www.facebook.com\/updated.de\/","article_published_time":"2021-10-19T09:05:58+00:00","og_image":[{"width":1920,"height":1080,"url":"https:\/\/www.otto.de\/updated\/app\/uploads\/2021\/10\/Apple_MacBook-Pro_16-04.jpg","type":"image\/jpeg"}],"author":"Thomas Bott","twitter_card":"summary_large_image","twitter_creator":"@updated_de","twitter_site":"@updated_de","twitter_misc":{"Written by":"Thomas Bott","Est. reading time":"5\u00a0Minuten"},"schema":{"@context":"https:\/\/schema.org","@graph":[{"@type":"WebPage","@id":"https:\/\/www.otto.de\/updated\/macbook-pro-2021-neue-chipsaetze-und-eine-notch-92465\/","url":"https:\/\/www.otto.de\/updated\/macbook-pro-2021-neue-chipsaetze-und-eine-notch-92465\/","name":"MacBook Pro (2021): Alle Informationen zum Notebook | OTTO","isPartOf":{"@id":"https:\/\/www.otto.de\/updated\/#website"},"primaryImageOfPage":{"@id":"https:\/\/www.otto.de\/updated\/macbook-pro-2021-neue-chipsaetze-und-eine-notch-92465\/#primaryimage"},"image":{"@id":"https:\/\/www.otto.de\/updated\/macbook-pro-2021-neue-chipsaetze-und-eine-notch-92465\/#primaryimage"},"thumbnailUrl":"https:\/\/www.otto.de\/updated\/app\/uploads\/2021\/10\/Apple_MacBook-Pro_16-04.jpg","datePublished":"2021-10-19T09:05:58+00:00","author":{"@id":"https:\/\/www.otto.de\/updated\/#\/schema\/person\/c789d338d6a16a702d57cb6fbbf44e9d"},"description":"Mitte Oktober stellte Apple das neue MacBook Pro (2021) vor. Das bekommt einen neuen Chipsatz und ein ikonisches Feature der iPhones.","breadcrumb":{"@id":"https:\/\/www.otto.de\/updated\/macbook-pro-2021-neue-chipsaetze-und-eine-notch-92465\/#breadcrumb"},"inLanguage":"de","potentialAction":[{"@type":"ReadAction","target":["https:\/\/www.otto.de\/updated\/macbook-pro-2021-neue-chipsaetze-und-eine-notch-92465\/"]}]},{"@type":"ImageObject","inLanguage":"de","@id":"https:\/\/www.otto.de\/updated\/macbook-pro-2021-neue-chipsaetze-und-eine-notch-92465\/#primaryimage","url":"https:\/\/www.otto.de\/updated\/app\/uploads\/2021\/10\/Apple_MacBook-Pro_16-04.jpg","contentUrl":"https:\/\/www.otto.de\/updated\/app\/uploads\/2021\/10\/Apple_MacBook-Pro_16-04.jpg","width":1920,"height":1080,"caption":"Das neue MacBook Pro (2021) d\u00fcrfte mit mehr Power und neuen Features gerade professionelle Anwender anziehen."},{"@type":"BreadcrumbList","@id":"https:\/\/www.otto.de\/updated\/macbook-pro-2021-neue-chipsaetze-und-eine-notch-92465\/#breadcrumb","itemListElement":[{"@type":"ListItem","position":1,"name":"Startseite","item":"\/updated\/"},{"@type":"ListItem","position":2,"name":"Work &amp; Connect","item":"https:\/\/www.otto.de\/updated\/work-connect\/"},{"@type":"ListItem","position":3,"name":"Mobile Ger\u00e4te","item":"https:\/\/www.otto.de\/updated\/mobile-geraete\/"},{"@type":"ListItem","position":4,"name":"Laptops","item":"https:\/\/www.otto.de\/updated\/laptops\/"},{"@type":"ListItem","position":5,"name":"Mac\u00adBook Pro (2021): Neue Chip\u00ads\u00e4t\u00adze und eine&nbsp;Notch"}]},{"@type":"WebSite","@id":"https:\/\/www.otto.de\/updated\/#website","url":"https:\/\/www.otto.de\/updated\/","name":"UPDATED","description":"","potentialAction":[{"@type":"SearchAction","target":{"@type":"EntryPoint","urlTemplate":"https:\/\/www.otto.de\/updated\/?s={search_term_string}"},"query-input":{"@type":"PropertyValueSpecification","valueRequired":true,"valueName":"search_term_string"}}],"inLanguage":"de"},{"@type":"Person","@id":"https:\/\/www.otto.de\/updated\/#\/schema\/person\/c789d338d6a16a702d57cb6fbbf44e9d","name":"Thomas Bott","description":"Tom ist gelernter Journalist und hat in seinem Beruf mittlerweile fast zwei Jahrzehnte auf dem Buckel. Neben kleinen Ausfl\u00fcgen in die Bereiche Sport und Automotive hat er sich bisher haupts\u00e4chlich mit Games und Technik auseinandergesetzt. Darunter etwa als ehemaliger Teil der Redaktion von COMPUTER BILD. Neue Konsolen, Spiele, Smartphones, Laptops und mehr: Tom ist immer auf dem Laufenden und somit stets erster Ansprechpartner dazu im Familien- und Freundeskreis. Bei UPDATED gibt er diese Expertise gerne an ein noch breiteres Publikum weiter.","url":"https:\/\/www.otto.de\/updated\/redaktion\/","image":null,"colleague":["https:\/\/www.otto.de\/updated\/redaktion\/alexander-kraft\/","https:\/\/www.otto.de\/updated\/redaktion\/anne-beyer\/","https:\/\/www.otto.de\/updated\/redaktion\/arne-schaetzle\/","https:\/\/www.otto.de\/updated\/redaktion\/jana-janssen\/","https:\/\/www.otto.de\/updated\/redaktion\/pascal-wuttke\/","https:\/\/www.otto.de\/updated\/redaktion\/thomas-bott\/"],"worksFor":[{"@type":"Organization","id":"https:\/\/www.otto.de\/updated\/#organization","name":"UPDATED"}]}]}},"_links":{"self":[{"href":"https:\/\/www.otto.de\/updated\/wp-json\/wp\/v2\/posts\/92465","targetHints":{"allow":["GET"]}}],"collection":[{"href":"https:\/\/www.otto.de\/updated\/wp-json\/wp\/v2\/posts"}],"about":[{"href":"https:\/\/www.otto.de\/updated\/wp-json\/wp\/v2\/types\/post"}],"author":[{"embeddable":true,"href":"https:\/\/www.otto.de\/updated\/wp-json\/wp\/v2\/users\/102"}],"replies":[{"embeddable":true,"href":"https:\/\/www.otto.de\/updated\/wp-json\/wp\/v2\/comments?post=92465"}],"version-history":[{"count":3,"href":"https:\/\/www.otto.de\/updated\/wp-json\/wp\/v2\/posts\/92465\/revisions"}],"predecessor-version":[{"id":92468,"href":"https:\/\/www.otto.de\/updated\/wp-json\/wp\/v2\/posts\/92465\/revisions\/92468"}],"wp:featuredmedia":[{"embeddable":true,"href":"https:\/\/www.otto.de\/updated\/wp-json\/wp\/v2\/media\/92447"}],"wp:attachment":[{"href":"https:\/\/www.otto.de\/updated\/wp-json\/wp\/v2\/media?parent=92465"}],"wp:term":[{"taxonomy":"category","embeddable":true,"href":"https:\/\/www.otto.de\/updated\/wp-json\/wp\/v2\/categories?post=92465"},{"taxonomy":"post_tag","embeddable":true,"href":"https:\/\/www.otto.de\/updated\/wp-json\/wp\/v2\/tags?post=92465"}],"curies":[{"name":"wp","href":"https:\/\/api.w.org\/{rel}","templated":true}]}}