
{"id":91944,"date":"2021-09-13T14:40:49","date_gmt":"2021-09-13T12:40:49","guid":{"rendered":"\/updated\/?p=91944"},"modified":"2022-11-03T11:28:26","modified_gmt":"2022-11-03T10:28:26","slug":"fritzbox-smarthome-geraete-und-moeglichkeiten","status":"publish","type":"post","link":"https:\/\/www.otto.de\/updated\/fritzbox-smarthome-geraete-und-moeglichkeiten-91944\/","title":{"rendered":"Fritz\u00adBox Smar\u00adthome: Ger\u00e4\u00adte und M\u00f6glichkeiten"},"content":{"rendered":"<div class=\"wpb-content-wrapper\"><div class=\"vc_row wpb_row vc_row-fluid\"><div class=\"wpb_column vc_column_container vc_col-sm-12\"><div class=\"vc_column-inner\"><div class=\"wpb_wrapper\">\n\t<div class=\"wpb_text_column wpb_content_element\">\n\t\t<div class=\"wpb_wrapper\">\n\t\t\t<p><strong><span class=\"TextRun Highlight MacChromeBold SCXW220443277 BCX0\" lang=\"DE-DE\" xml:lang=\"DE-DE\" data-contrast=\"none\"><span class=\"NormalTextRun SCXW220443277 BCX0\">Die <\/span><span class=\"NormalTextRun SpellingErrorV2Themed SCXW220443277 BCX0\">Fritz\u00adBox<\/span><span class=\"NormalTextRun SCXW220443277 BCX0\"> kennst du bestimmt als&nbsp;Inter\u00adnet\u00adrou\u00adter. Aber das Ger\u00e4t aus dem Hau\u00adse AVM kann noch mehr: In der <\/span><span class=\"NormalTextRun SpellingErrorV2Themed SCXW220443277 BCX0\">Fritz\u00adBox<\/span><span class=\"NormalTextRun SCXW220443277 BCX0\"> steckt auch eine kom\u00adplet\u00adte <\/span><span class=\"NormalTextRun SpellingErrorV2Themed SCXW220443277 BCX0\">Smar\u00adthome<\/span><span class=\"NormalTextRun SCXW220443277 BCX0\">-Zen\u00adtra\u00adle<\/span><span class=\"NormalTextRun SCXW220443277 BCX0\">,<\/span><span class=\"NormalTextRun SCXW220443277 BCX0\">&nbsp;mit der du bei\u00adspiels\u00adwei\u00adse Lam\u00adpen und Hei\u00adzungs\u00adther\u00admo\u00adsta\u00adte steu\u00adern kannst. Was du daf\u00fcr brauchst, wel\u00adche Ger\u00e4\u00adte es gibt und was Fritz <\/span><span class=\"NormalTextRun SpellingErrorV2Themed SCXW220443277 BCX0\">Smar\u00adthome<\/span><span class=\"NormalTextRun SCXW220443277 BCX0\"> so beson\u00adders macht, erf\u00e4hrst du&nbsp;hier.<\/span><\/span><\/strong><\/p>\n\n\t\t<\/div>\n\t<\/div>\n<\/div><\/div><\/div><\/div><div class=\"vc_row wpb_row vc_row-fluid\"><div class=\"wpb_column vc_column_container vc_col-sm-12\"><div class=\"vc_column-inner\"><div class=\"wpb_wrapper\"><nav class=\"toc\"><h2 class=\"toc--headline\">Das erfahrt ihr gleich<\/h2><ul class=\"toc--links\"><li><a href=\"#avm-fritzbox-die-schaltzentrale-fuer-das-smarthome\">AVM Fritz\u00adbox: Die Schalt\u00adzen\u00adtra\u00adle f\u00fcr das Smarthome<\/a><\/li><li><a href=\"#dect-das-protokoll-hinter-dem-smarthome-von-avm\">DECT: Das Pro\u00adto\u00adkoll hin\u00adter dem Smar\u00adthome von&nbsp;AVM<\/a><\/li><li><a href=\"#smarthome-geraete-von-avm-das-ist-die-aktuelle-auswahl\">Smar\u00adthome-Ger\u00e4\u00adte von AVM: Das ist die aktu\u00adel\u00adle Auswahl<\/a><\/li><li><a href=\"#einrichtung-ein-knopfdruck-genuegt\">Ein\u00adrich\u00adtung: Ein Knopf\u00addruck gen\u00fcgt<\/a><\/li><li><a href=\"#steuerung-des-smarthomes-per-app-und-browser\">Steue\u00adrung des Smar\u00adtho\u00admes: Per App und Browser<\/a><\/li><li><a href=\"#sprachsteuerung-leider-nicht-so-einfach-moeglich\">Sprach\u00adsteue\u00adrung: Lei\u00adder nicht so ein\u00adfach m\u00f6glich<\/a><\/li><li><a href=\"#fritzbox-smarthome-einfach-aber-nicht-sonderlich-umfangreich\">Fritz\u00adbox Smar\u00adthome: Ein\u00adfach, aber nicht son\u00adder\u00adlich umfangreich<\/a><\/li><\/ul><\/nav><\/div><\/div><\/div><\/div><div class=\"vc_row wpb_row vc_row-fluid\"><div class=\"wpb_column vc_column_container vc_col-sm-12\"><div class=\"vc_column-inner\"><div class=\"wpb_wrapper\"><div class=\"headline toc--item\"><a name=\"avm-fritzbox-die-schaltzentrale-fuer-das-smarthome\"><\/a><h2>AVM Fritz\u00adbox: Die Schalt\u00adzen\u00adtra\u00adle f\u00fcr das Smarthome<\/h2><\/div>\n\t<div class=\"wpb_text_column wpb_content_element\">\n\t\t<div class=\"wpb_wrapper\">\n\t\t\t<p><span lang=\"DE-DE\" xml:lang=\"DE-DE\" data-contrast=\"none\">AVM bie\u00adtet kei\u00adne sepa\u00adra\u00adte Steu\u00ader\u00adzen\u00adtra\u00adle f\u00fcr das Smar\u00adthome a<\/span><span lang=\"DE-DE\" xml:lang=\"DE-DE\" data-contrast=\"none\">n, wie das etwa bei Magen\u00adta Smar\u00adthome&nbsp;<\/span><span lang=\"DE-DE\" xml:lang=\"DE-DE\" data-contrast=\"none\">von <\/span><span lang=\"DE-DE\" xml:lang=\"DE-DE\" data-contrast=\"none\">der Tele\u00adkom der Fall ist. Statt\u00addes\u00adsen ver\u00adbaut AVM die not\u00adwen\u00addi\u00adge Tech\u00adnik direkt in sei\u00adnen Rou\u00adtern.&nbsp;<\/span><span lang=\"DE-DE\" xml:lang=\"DE-DE\" data-contrast=\"none\">Das bedeu\u00adtet f\u00fcr dich: M\u00f6ch\u00adtest du dein Zuhau\u00adse smart machen und hast bereits eine Fritz\u00adBox, ben\u00f6\u00adtigst du kei\u00adne wei\u00adte\u00adre Hard\u00adware als Steu\u00ader\u00adzen\u00adtra\u00adle. Eine Bedin\u00adgung gibt es aller\u00addings: Auf dei\u00adner Fritz\u00adBox muss min\u00addes\u00adtens Fritz OS 7.0 als Firm\u00adware lau\u00adfen. Es spielt \u00fcbri\u00adgens kei\u00adne Rol\u00adle, wel\u00adchen Anschluss du hast, denn f\u00fcr jede*n<\/span><span lang=\"DE-DE\" xml:lang=\"DE-DE\" data-contrast=\"none\">&nbsp;gibt es das pas\u00adsen\u00adde Frit\u00adbox-Modell <\/span><span lang=\"DE-DE\" xml:lang=\"DE-DE\" data-contrast=\"none\">inklu\u00adsi\u00adve <\/span><span lang=\"DE-DE\" xml:lang=\"DE-DE\" data-contrast=\"none\">Smar\u00adthome-Funk\u00adtio\u00adnen:<\/span><\/p>\n<p><b><span data-contrast=\"auto\">DSL\/VDSL<\/span><\/b><\/p>\n<ul>\n<li data-leveltext=\"\uf0b7\" data-font=\"Symbol\" data-listid=\"13\" aria-setsize=\"-1\" data-aria-posinset=\"1\" data-aria-level=\"1\"><span data-contrast=\"auto\">Fritz\u00adbox&nbsp;7590 &amp; 7590 AX<\/span><span data-ccp-props=\"{&quot;134233279&quot;:true}\">&nbsp;<\/span><\/li>\n<li data-leveltext=\"\uf0b7\" data-font=\"Symbol\" data-listid=\"13\" aria-setsize=\"-1\" data-aria-posinset=\"2\" data-aria-level=\"1\"><span data-contrast=\"auto\">Fritz\u00adbox&nbsp;7530 &amp; 7530&nbsp;AX<\/span><\/li>\n<li data-leveltext=\"\uf0b7\" data-font=\"Symbol\" data-listid=\"13\" aria-setsize=\"-1\" data-aria-posinset=\"3\" data-aria-level=\"1\"><span data-contrast=\"auto\">Fritz\u00adbox&nbsp;7583<\/span><\/li>\n<li data-leveltext=\"\uf0b7\" data-font=\"Symbol\" data-listid=\"13\" aria-setsize=\"-1\" data-aria-posinset=\"4\" data-aria-level=\"1\"><span data-contrast=\"auto\">Fritz\u00adbox&nbsp;7582<\/span><\/li>\n<\/ul>\n<p><b><span data-contrast=\"auto\">Kabel<\/span><\/b><\/p>\n<ul>\n<li data-leveltext=\"\uf0b7\" data-font=\"Symbol\" data-listid=\"12\" aria-setsize=\"-1\" data-aria-posinset=\"1\" data-aria-level=\"1\"><span data-contrast=\"auto\">Fritz\u00adbox&nbsp;6591 Cable<\/span><span data-ccp-props=\"{&quot;134233279&quot;:true}\">&nbsp;<\/span><\/li>\n<li data-leveltext=\"\uf0b7\" data-font=\"Symbol\" data-listid=\"12\" aria-setsize=\"-1\" data-aria-posinset=\"2\" data-aria-level=\"1\"><span data-contrast=\"auto\">Fritz\u00adbox&nbsp;6660 Cable<\/span><\/li>\n<\/ul>\n\n\t\t<\/div>\n\t<\/div>\n  <div class=\"slick-gallery-wrapper gallery-no-padding\" data-number-of-slides=\"1\">\n    <div class=\"slick-gallery should-lightbox \" id=\"slick_gallery_sLXBVTzONTEqhGJp2DmF\">\n              <figure>\n  <div class=\"img-small-container\">\n    <div class=\"img-small-hover-background\"><\/div>\n    <picture>\n                                <source srcset=\"https:\/\/www.otto.de\/updated\/app\/uploads-webp\/uploads\/2021\/09\/FritzBox-Smarthome-FritzBox-7530-AX-1080x615.jpg.webp\" media=\"(max-width: 360px) and (-webkit-min-device-pixel-ratio: 2.5)\" type=\"image\/webp\">\n                  <source srcset=\"https:\/\/www.otto.de\/updated\/app\/uploads\/2021\/09\/FritzBox-Smarthome-FritzBox-7530-AX-1080x615.jpg\" media=\"(max-width: 360px) and (-webkit-min-device-pixel-ratio: 2.5)\">\n                  <source srcset=\"https:\/\/www.otto.de\/updated\/app\/uploads-webp\/uploads\/2021\/09\/FritzBox-Smarthome-FritzBox-7530-AX-720x410.jpg.webp\" media=\"(max-width: 360px) and (-webkit-min-device-pixel-ratio: 1.5)\" type=\"image\/webp\">\n                  <source srcset=\"https:\/\/www.otto.de\/updated\/app\/uploads\/2021\/09\/FritzBox-Smarthome-FritzBox-7530-AX-720x410.jpg\" media=\"(max-width: 360px) and (-webkit-min-device-pixel-ratio: 1.5)\">\n                  <source srcset=\"https:\/\/www.otto.de\/updated\/app\/uploads-webp\/uploads\/2021\/09\/FritzBox-Smarthome-FritzBox-7530-AX-360x205.jpg.webp\" media=\"(max-width: 360px)\" type=\"image\/webp\">\n                  <source srcset=\"https:\/\/www.otto.de\/updated\/app\/uploads\/2021\/09\/FritzBox-Smarthome-FritzBox-7530-AX-360x205.jpg\" media=\"(max-width: 360px)\">\n                    <source srcset=\"https:\/\/www.otto.de\/updated\/app\/uploads-webp\/uploads\/2021\/09\/FritzBox-Smarthome-FritzBox-7530-AX-1680x945.jpg.webp\" media=\"(max-width: 560px) and (-webkit-min-device-pixel-ratio: 2.5)\" type=\"image\/webp\">\n                  <source srcset=\"https:\/\/www.otto.de\/updated\/app\/uploads\/2021\/09\/FritzBox-Smarthome-FritzBox-7530-AX-1680x945.jpg\" media=\"(max-width: 560px) and (-webkit-min-device-pixel-ratio: 2.5)\">\n                  <source srcset=\"https:\/\/www.otto.de\/updated\/app\/uploads-webp\/uploads\/2021\/09\/FritzBox-Smarthome-FritzBox-7530-AX-1120x630.jpg.webp\" media=\"(max-width: 560px) and (-webkit-min-device-pixel-ratio: 1.5)\" type=\"image\/webp\">\n                  <source srcset=\"https:\/\/www.otto.de\/updated\/app\/uploads\/2021\/09\/FritzBox-Smarthome-FritzBox-7530-AX-1120x630.jpg\" media=\"(max-width: 560px) and (-webkit-min-device-pixel-ratio: 1.5)\">\n                  <source srcset=\"https:\/\/www.otto.de\/updated\/app\/uploads-webp\/uploads\/2021\/09\/FritzBox-Smarthome-FritzBox-7530-AX-560x315.jpg.webp\" media=\"(max-width: 560px)\" type=\"image\/webp\">\n                  <source srcset=\"https:\/\/www.otto.de\/updated\/app\/uploads\/2021\/09\/FritzBox-Smarthome-FritzBox-7530-AX-560x315.jpg\" media=\"(max-width: 560px)\">\n                    <source srcset=\"https:\/\/www.otto.de\/updated\/app\/uploads-webp\/uploads\/2021\/09\/FritzBox-Smarthome-FritzBox-7530-AX.jpg.webp\" media=\"(max-width: 767px) and (-webkit-min-device-pixel-ratio: 2.5)\" type=\"image\/webp\">\n                  <source srcset=\"https:\/\/www.otto.de\/updated\/app\/uploads\/2021\/09\/FritzBox-Smarthome-FritzBox-7530-AX.jpg\" media=\"(max-width: 767px) and (-webkit-min-device-pixel-ratio: 2.5)\">\n                  <source srcset=\"https:\/\/www.otto.de\/updated\/app\/uploads-webp\/uploads\/2021\/09\/FritzBox-Smarthome-FritzBox-7530-AX-1536x864.jpg.webp\" media=\"(max-width: 767px) and (-webkit-min-device-pixel-ratio: 1.5)\" type=\"image\/webp\">\n                  <source srcset=\"https:\/\/www.otto.de\/updated\/app\/uploads\/2021\/09\/FritzBox-Smarthome-FritzBox-7530-AX-1536x864.jpg\" media=\"(max-width: 767px) and (-webkit-min-device-pixel-ratio: 1.5)\">\n                  <source srcset=\"https:\/\/www.otto.de\/updated\/app\/uploads-webp\/uploads\/2021\/09\/FritzBox-Smarthome-FritzBox-7530-AX-768x432.jpg.webp\" media=\"(max-width: 767px)\" type=\"image\/webp\">\n                  <source srcset=\"https:\/\/www.otto.de\/updated\/app\/uploads\/2021\/09\/FritzBox-Smarthome-FritzBox-7530-AX-768x432.jpg\" media=\"(max-width: 767px)\">\n                    <source srcset=\"https:\/\/www.otto.de\/updated\/app\/uploads-webp\/uploads\/2021\/09\/FritzBox-Smarthome-FritzBox-7530-AX-1680x945.jpg.webp\" media=\"(max-width: 991px) and (-webkit-min-device-pixel-ratio: 2.5)\" type=\"image\/webp\">\n                  <source srcset=\"https:\/\/www.otto.de\/updated\/app\/uploads\/2021\/09\/FritzBox-Smarthome-FritzBox-7530-AX-1680x945.jpg\" media=\"(max-width: 991px) and (-webkit-min-device-pixel-ratio: 2.5)\">\n                  <source srcset=\"https:\/\/www.otto.de\/updated\/app\/uploads-webp\/uploads\/2021\/09\/FritzBox-Smarthome-FritzBox-7530-AX-1120x630.jpg.webp\" media=\"(max-width: 991px) and (-webkit-min-device-pixel-ratio: 1.5)\" type=\"image\/webp\">\n                  <source srcset=\"https:\/\/www.otto.de\/updated\/app\/uploads\/2021\/09\/FritzBox-Smarthome-FritzBox-7530-AX-1120x630.jpg\" media=\"(max-width: 991px) and (-webkit-min-device-pixel-ratio: 1.5)\">\n                  <source srcset=\"https:\/\/www.otto.de\/updated\/app\/uploads-webp\/uploads\/2021\/09\/FritzBox-Smarthome-FritzBox-7530-AX-560x315.jpg.webp\" media=\"(max-width: 991px)\" type=\"image\/webp\">\n                  <source srcset=\"https:\/\/www.otto.de\/updated\/app\/uploads\/2021\/09\/FritzBox-Smarthome-FritzBox-7530-AX-560x315.jpg\" media=\"(max-width: 991px)\">\n        <source srcset=\"https:\/\/www.otto.de\/updated\/app\/uploads-webp\/uploads\/2021\/09\/FritzBox-Smarthome-FritzBox-7530-AX.jpg.webp\" media=\"(-webkit-min-device-pixel-ratio: 2.5)\" type=\"image\/webp\">\n  <source srcset=\"https:\/\/www.otto.de\/updated\/app\/uploads\/2021\/09\/FritzBox-Smarthome-FritzBox-7530-AX.jpg\" media=\"(-webkit-min-device-pixel-ratio: 2.5)\">\n  <source srcset=\"https:\/\/www.otto.de\/updated\/app\/uploads-webp\/uploads\/2021\/09\/FritzBox-Smarthome-FritzBox-7530-AX-1536x864.jpg.webp\" media=\"(-webkit-min-device-pixel-ratio: 1.5)\" type=\"image\/webp\">\n  <source srcset=\"https:\/\/www.otto.de\/updated\/app\/uploads\/2021\/09\/FritzBox-Smarthome-FritzBox-7530-AX-1536x864.jpg\" media=\"(-webkit-min-device-pixel-ratio: 1.5)\">\n  <source srcset=\"https:\/\/www.otto.de\/updated\/app\/uploads-webp\/uploads\/2021\/09\/FritzBox-Smarthome-FritzBox-7530-AX-768x432.jpg.webp\" type=\"image\/webp\">\n  <img loading=\"lazy\" decoding=\"async\" src=\"https:\/\/www.otto.de\/updated\/app\/uploads\/2021\/09\/FritzBox-Smarthome-FritzBox-7530-AX-768x432.jpg\" width=\"768\" height=\"432\" title=\"FritzBox 7530 AX\" alt=\"Eine Fritzbox 7530 steht auf einem Sideboard.\" class=\"img-responsive img-small\" data-copyright=\"\u00a9 2021 AVM\" data-post-excerpt=\"Hast du eine Fritzbox 7530 oder ein \u00e4hnlich aktuelles Modell, dann ist der Start ins Smarthome bereits gemacht.\" data-light-value=\"dark\" data-zoom-width=\"1920\" data-zoom-height=\"1280\" data-zoom-src=\"https:\/\/www.otto.de\/updated\/app\/uploads\/2021\/09\/FritzBox-Smarthome-FritzBox-7530-AX.jpg\">\n                    <div class=\"caption dark\">\n          <small>\n            \u00a9 2021&nbsp;AVM&nbsp;<\/small>\n        <\/div>\n          <\/picture>\n  <\/div>\n      <figcaption class=\"post-excerpt\">\n      Hast du eine Fritz\u00adbox 7530 oder ein \u00e4hn\u00adlich aktu\u00adel\u00adles Modell, dann ist der Start ins Smar\u00adthome bereits gemacht.&nbsp;<\/figcaption>\n  <\/figure>\n          <\/div>\n    <div class=\"progress-bars\"><\/div>\n    <div class=\"zoom-icon-wrapper\">\n      <div class=\"zoom-icon\"><\/div>\n    <\/div>\n  <\/div>\n\n\t<div class=\"wpb_text_column wpb_content_element\">\n\t\t<div class=\"wpb_wrapper\">\n\t\t\t<p><b><span data-contrast=\"auto\">Glas\u00adfa\u00adser<\/span><\/b><\/p>\n<ul>\n<li data-leveltext=\"\uf0b7\" data-font=\"Symbol\" data-listid=\"11\" aria-setsize=\"-1\" data-aria-posinset=\"1\" data-aria-level=\"1\"><span data-contrast=\"auto\">Fritz\u00adbox&nbsp;5530 Fiber<\/span><\/li>\n<li data-leveltext=\"\uf0b7\" data-font=\"Symbol\" data-listid=\"11\" aria-setsize=\"-1\" data-aria-posinset=\"1\" data-aria-level=\"1\"><span data-contrast=\"auto\">Fritz\u00adbox&nbsp;5491<\/span><\/li>\n<li data-leveltext=\"\uf0b7\" data-font=\"Symbol\" data-listid=\"11\" aria-setsize=\"-1\" data-aria-posinset=\"2\" data-aria-level=\"1\"><span data-contrast=\"auto\">Fritz\u00adbox&nbsp;5490<\/span><span data-ccp-props=\"{&quot;134233279&quot;:true}\">&nbsp;<\/span><\/li>\n<\/ul>\n<p><b><span data-contrast=\"auto\">LTE\/5G<\/span><\/b><\/p>\n<ul>\n<li data-leveltext=\"\uf0b7\" data-font=\"Symbol\" data-listid=\"10\" aria-setsize=\"-1\" data-aria-posinset=\"2\" data-aria-level=\"1\"><span data-contrast=\"auto\">Fritz\u00adbox&nbsp;6890 LTE<\/span><\/li>\n<li data-leveltext=\"\uf0b7\" data-font=\"Symbol\" data-listid=\"10\" aria-setsize=\"-1\" data-aria-posinset=\"2\" data-aria-level=\"1\"><span data-contrast=\"auto\">Fritz\u00adbox&nbsp;6850 LTE<\/span><\/li>\n<li data-leveltext=\"\uf0b7\" data-font=\"Symbol\" data-listid=\"10\" aria-setsize=\"-1\" data-aria-posinset=\"2\" data-aria-level=\"1\"><span data-contrast=\"auto\">Fritz\u00adbox&nbsp;6820 LTE<\/span><\/li>\n<li data-leveltext=\"\uf0b7\" data-font=\"Symbol\" data-listid=\"10\" aria-setsize=\"-1\" data-aria-posinset=\"2\" data-aria-level=\"1\"><span data-contrast=\"auto\">Fritz\u00adbox&nbsp;6850 5G<\/span><\/li>\n<\/ul>\n<p><b><span data-contrast=\"auto\">Modem\/Netzwerk<\/span><\/b><span data-ccp-props=\"{}\">&nbsp;<\/span><\/p>\n<ul>\n<li><span data-contrast=\"auto\">Fritz\u00adbox&nbsp;4040<\/span><\/li>\n<li>Fritz\u00adbox&nbsp;4020<\/li>\n<\/ul>\n\n\t\t<\/div>\n\t<\/div>\n<div class=\"snippeteer-slider\" data-snippet=\"Updated_7779\">\n  <div class=\"slider\" id=\"slider_Updated_7779\" data-slick=\"{&quot;autoplay&quot;:false,&quot;arrows&quot;:true,&quot;dots&quot;:false,&quot;infinite&quot;:true,&quot;slidesToShow&quot;:3,&quot;slidesToScroll&quot;:1,&quot;centerMode&quot;:true,&quot;centerPadding&quot;:&quot;0px&quot;}\">\n    <div class=\"slider__slide\">\n      <div class=\"teaser-headline-block\">\n        <div class=\"teaser-headline\">\n          Pas\u00adsend&nbsp;dazu&nbsp;<\/div>\n      <\/div>\n      <a class=\"link\" target=\"_blank\">\n        <div class=\"product-image-container\">\n          <img class=\"product-image\">\n        <\/div>\n        <div class=\"brand\"><\/div>\n        <div class=\"title\"><\/div>\n        <div class=\"price-and-button-container\">\n          <div class=\"price\">\n            <div class=\"old-price thousand-seperators\"><\/div>\n            <div class=\"current-price thousand-seperators\"><\/div>\n          <\/div>\n          <div class=\"bottom\">\n            <div class=\"call-to-action\">\n              <div class=\"button\">\n                Jetzt kaufen&nbsp;<\/div>\n            <\/div>\n          <\/div>\n        <\/div>\n      <\/a>\n    <\/div>\n  <\/div>\n<\/div>\n<\/div><\/div><\/div><\/div><div class=\"vc_row wpb_row vc_row-fluid\"><div class=\"wpb_column vc_column_container vc_col-sm-12\"><div class=\"vc_column-inner\"><div class=\"wpb_wrapper\"><div class=\"headline toc--item\"><a name=\"dect-das-protokoll-hinter-dem-smarthome-von-avm\"><\/a><h2>DECT: Das Pro\u00adto\u00adkoll hin\u00adter dem Smar\u00adthome von&nbsp;AVM<\/h2><\/div>\n\t<div class=\"wpb_text_column wpb_content_element\">\n\t\t<div class=\"wpb_wrapper\">\n\t\t\t<p><span data-contrast=\"none\">Damit die Ger\u00e4\u00adte im Smar\u00adthome auch mit\u00adein\u00adan\u00adder kom\u00admu\u00adni\u00adzie\u00adren k\u00f6n\u00adnen, braucht es ein Funk\u00adpro\u00adto\u00adkoll. Beim Fritz-Smar\u00adthome ist das DECT, bezie\u00adhungs\u00adwei\u00adse DECT ULE. Viel\u00adleicht kommt dir das bekannt vor, denn DECT-Tech\u00adnik kommt bevor\u00adzugt bei schnur\u00adlo\u00adsen Tele\u00adfo\u00adnen zum Ein\u00adsatz, also im Fest\u00adnetz. Die Abk\u00fcr\u00adzung steht dabei f\u00fcr \u201eDigi\u00adtal Enhan\u00adced Cord\u00adless Telecommunications\u201c.<\/span><\/p>\n<p><span data-contrast=\"none\">Der Zusatz ULE erwei\u00adtert die\u00adse&nbsp;Tech\u00adno\u00adlo\u00adgie um \u201eUltra Low Ener\u00adgy\u201c, soll hei\u00ad\u00dfen: Die\u00adses Funk\u00adpro\u00adto\u00adkoll ist beson\u00adders ener\u00adgie\u00adspa\u00adrend.<\/span><span data-contrast=\"none\">&nbsp;DECT ULE eig\u00adnet sich des\u00adhalb gut f\u00fcr das Smar\u00adthome,&nbsp;<\/span><span data-contrast=\"none\">in dem auch bat\u00adte\u00adrie\u00adbe\u00adtrie\u00adbe\u00adne Ger\u00e4\u00adte zum Ein\u00adsatz kom\u00admen.<\/span><span data-contrast=\"none\">&nbsp;Lan\u00adge Rede, kur\u00adzer Sinn: DECT ist durch die Tele\u00adfo\u00adnie bei den Frit\u00adbo\u00adxen ohne\u00adhin an<\/span><span data-contrast=\"none\">&nbsp;Bord, die Erwei\u00adte\u00adrung ULE sorgt daf\u00fcr, dass die Fritz\u00adBox ener\u00adgie\u00adspa\u00adrend arbei\u00adtet und dass Smar\u00adthome-Ger\u00e4\u00adte ver\u00adschie\u00adde\u00adner Her\u00adstel\u00adler unter\u00adein\u00adan\u00adder kom\u00adpa\u00adti\u00adbel&nbsp;sind.<\/span><\/p>\n\n\t\t<\/div>\n\t<\/div>\n<\/div><\/div><\/div><\/div><div class=\"vc_row wpb_row vc_row-fluid\"><div class=\"wpb_column vc_column_container vc_col-sm-12\"><div class=\"vc_column-inner\"><div class=\"wpb_wrapper\"><div class=\"headline toc--item\"><a name=\"smarthome-geraete-von-avm-das-ist-die-aktuelle-auswahl\"><\/a><h2>Smar\u00adthome-Ger\u00e4\u00adte von AVM: Das ist die aktu\u00adel\u00adle Auswahl<\/h2><\/div>\n\t<div class=\"wpb_text_column wpb_content_element\">\n\t\t<div class=\"wpb_wrapper\">\n\t\t\t<p><span class=\"TextRun Highlight SCXW26924180 BCX0\" lang=\"DE-DE\" xml:lang=\"DE-DE\" data-contrast=\"none\"><span class=\"NormalTextRun SCXW26924180 BCX0\">Eine <\/span><span class=\"NormalTextRun SpellingErrorV2Themed SCXW26924180 BCX0\">Fritz\u00adBox<\/span><span class=\"NormalTextRun SCXW26924180 BCX0\"> ist also als Basis f\u00fcr die <\/span><span class=\"NormalTextRun SpellingErrorV2Themed SCXW26924180 BCX0\">Smar\u00adthome<\/span><span class=\"NormalTextRun SCXW26924180 BCX0\">-L\u00f6sung von AVM aus\u00adrei\u00adchend, tech\u00adni\u00adsche Vor\u00adaus\u00adset\u00adzung ist<\/span> <span class=\"NormalTextRun SCXW26924180 BCX0\">das Pro\u00adto\u00adkoll DECT ULE.&nbsp;Doch wel\u00adche Ger\u00e4\u00adte des Unter\u00adneh\u00admens las\u00adsen sich damit nun in das smar\u00adte Zuhau\u00adse<\/span><\/span><span class=\"TextRun SCXW26924180 BCX0\" lang=\"DE-DE\" xml:lang=\"DE-DE\" data-contrast=\"none\"><span class=\"NormalTextRun SCXW26924180 BCX0\">&nbsp;ein\u00adbin\u00adden?&nbsp;<\/span><\/span><span class=\"TextRun Highlight SCXW26924180 BCX0\" lang=\"DE-DE\" xml:lang=\"DE-DE\" data-contrast=\"none\"><span class=\"NormalTextRun SCXW26924180 BCX0\">Die Ant\u00adwort lau\u00adtet: Die Aus\u00adwahl an ein\u00adzel\u00adnen Kom\u00adpo\u00adnen\u00adten ist aktu\u00adell lei\u00adder nicht son\u00adder\u00adlich gro\u00df.<\/span><\/span><span class=\"TextRun SCXW26924180 BCX0\" lang=\"DE-DE\" xml:lang=\"DE-DE\" data-contrast=\"none\"><span class=\"NormalTextRun SCXW26924180 BCX0\">&nbsp;So deckt AVM etwa das The\u00adma \u201esmar\u00adte Sicher\u00adheit\u201c selbst gar nicht ab. Willst du dein<\/span> <\/span><span class=\"TextRun Highlight SCXW26924180 BCX0\" lang=\"DE-DE\" xml:lang=\"DE-DE\" data-contrast=\"none\"><span class=\"NormalTextRun SCXW26924180 BCX0\">Zuhau\u00adse aller\u00addings im klei\u00adnen<\/span> <\/span><span class=\"TextRun SCXW26924180 BCX0\" lang=\"DE-DE\" xml:lang=\"DE-DE\" data-contrast=\"none\"><span class=\"NormalTextRun SCXW26924180 BCX0\">Rah\u00admen intel\u00adli\u00adgen\u00adter gestal\u00adten, dann rei\u00adchen dir fol\u00adgen\u00adde Pro\u00adduk\u00adte viel\u00adleicht aus:<\/span><\/span><\/p>\n\n\t\t<\/div>\n\t<\/div>\n<div class=\"headline\"><a name=\"smarte-leuchte-fritzdect-500\"><\/a><h3>Smar\u00adte Leuch\u00adte: Fritz\u00adDECT&nbsp;500<\/h3><\/div>\n\t<div class=\"wpb_text_column wpb_content_element\">\n\t\t<div class=\"wpb_wrapper\">\n\t\t\t<p><span class=\"TextRun SCXW141988592 BCX0\" lang=\"DE-DE\" xml:lang=\"DE-DE\" data-contrast=\"auto\"><span class=\"NormalTextRun SCXW141988592 BCX0\">Eine der j\u00fcngs\u00adten Erg\u00e4n\u00adzun\u00adgen zum <\/span><span class=\"NormalTextRun SpellingErrorV2Themed SCXW141988592 BCX0\">Smar\u00adthome<\/span><span class=\"NormalTextRun SCXW141988592 BCX0\"> von AVM ist die smar\u00adte Gl\u00fch\u00adbir\u00adne <\/span><span class=\"NormalTextRun SpellingErrorV2Themed SCXW141988592 BCX0\">Fritz\u00adDECT<\/span><span class=\"NormalTextRun SCXW141988592 BCX0\"> 500. Sie schl\u00e4gt ganz in die Ker\u00adbe von Kon\u00adkur\u00adrenz\u00adpro\u00adduk\u00adten wie der <\/span><span class=\"NormalTextRun SCXW141988592 BCX0\">Hue<\/span><span class=\"NormalTextRun SCXW141988592 BCX0\"> White &amp; Color <\/span><span class=\"NormalTextRun SCXW141988592 BCX0\">Ambi\u00adance<\/span><span class=\"NormalTextRun SCXW141988592 BCX0\"> von Phil\u00adips (bzw. <\/span><span class=\"NormalTextRun SpellingErrorV2Themed SCXW141988592 BCX0\">Signi\u00adfy<\/span><span class=\"NormalTextRun SCXW141988592 BCX0\">). Das bedeu\u00adtet, du bekommst wahl\u00adwei\u00adse wei\u00ad\u00dfes Licht in ver\u00adschie\u00adde\u00adnen Abstu\u00adfun\u00adgen oder eine stu\u00adfen\u00adlos ein\u00adstell\u00adba\u00adre Far\u00adbe gebo\u00adten. Wel\u00adches Licht du gera\u00adde haben m\u00f6ch\u00adtest, ent\u00adschei\u00addest du also indi\u00advi\u00addu\u00adell nach Situa\u00adti\u00adon. Scha\u00adde ist dabei aller\u00addings, dass es die <\/span><span class=\"NormalTextRun SpellingErrorV2Themed SCXW141988592 BCX0\">Fritz\u00adDECT<\/span><span class=\"NormalTextRun SCXW141988592 BCX0\"> 500 aktu\u00adell nur mit E27-Fas\u00adsung gibt. Vari\u00adan\u00adten f\u00fcr die Fas\u00adsun\u00adgen E14 und GU10, wie es sie bei\u00adspiels\u00adwei\u00adse bei der Kon\u00adkur\u00adrenz von Phil\u00adips und Tele\u00adkom gibt, feh\u00adlen bei AVM bis\u00adher. Daf\u00fcr f\u00e4llt der Preis mit rund 40 Euro mode\u00adrat aus. Im <\/span><span class=\"NormalTextRun SCXW141988592 BCX0\">Hue<\/span><span class=\"NormalTextRun SCXW141988592 BCX0\">-Sor\u00adti\u00adment kos\u00adtet ein ver\u00adgleich\u00adba\u00adres Modell rund 60&nbsp;Euro.<\/span><\/span><\/p>\n\n\t\t<\/div>\n\t<\/div>\n<div class=\"snippeteer-single-product\" data-snippet=\"Updated_7773\">\n  <div class=\"teaser-headline-block\">\n    <div class=\"teaser-headline\">\n      Pas\u00adsend&nbsp;dazu&nbsp;<\/div>\n  <\/div>\n  <div class=\"wrapper\">\n    <a class=\"link\" target=\"_blank\">\n      <div class=\"product-image-container\">\n        <img class=\"product-image\">\n      <\/div>\n      <div class=\"text\">\n        <div class=\"header\">\n          <div class=\"brand\"><\/div>\n          <div class=\"title\"><\/div>\n        <\/div>\n        <div class=\"price-and-button-container\">\n          <div class=\"price\">\n            <div class=\"old-price thousand-seperators\"><\/div>\n            <div class=\"current-price thousand-seperators\"><\/div>\n          <\/div>\n          <div class=\"bottom\">\n            <div class=\"call-to-action\">\n              <div class=\"button\">\n                Jetzt kaufen&nbsp;<\/div>\n            <\/div>\n          <\/div>\n        <\/div>\n      <\/div>\n    <\/a>\n  <\/div>\n<\/div>\n<div class=\"headline\"><a name=\"smartes-thermostat-fritzdect-301\"><\/a><h3>Smar\u00adtes Ther\u00admo\u00adstat: Fritz\u00adDECT&nbsp;301<\/h3><\/div>\n\t<div class=\"wpb_text_column wpb_content_element\">\n\t\t<div class=\"wpb_wrapper\">\n\t\t\t<p><span class=\"TextRun SCXW113079663 BCX0\" lang=\"DE-DE\" xml:lang=\"DE-DE\" data-contrast=\"auto\"><span class=\"NormalTextRun SCXW113079663 BCX0\">Beim&nbsp;<\/span><span class=\"NormalTextRun SpellingErrorV2 SCXW113079663 BCX0\">Fritz\u00adDECT<\/span><span class=\"NormalTextRun SCXW113079663 BCX0\">&nbsp;301 han\u00addelt es sich um ein smar\u00adtes Heiz\u00adk\u00f6r\u00adper-Ther\u00admo\u00adstat. Das schraubst du ein\u00adfach statt dei\u00adnem ana\u00adlo\u00adgen Modell an die Hei\u00adzung. Dadurch bekommst du eine weit\u00adaus genaue\u00adre Tem\u00adpe\u00adra\u00adtur-Steue\u00adrung gebo\u00adten. Hier gibt es n\u00e4m\u00adlich kei\u00adne Stu\u00adfen von 1 bis 5. Willst du 22 Grad im Raum haben, dann stellst du das Ther\u00admo\u00adstat auf eben die\u00adse Tem\u00adpe\u00adra\u00adtur ein. Das geht per Fern\u00adsteue\u00adrung oder direkt am Ger\u00e4t selbst. \u00dcber ein klei\u00adnes E\u2011Pa\u00adper-Dis\u00adplay zeigt es dir die aktu\u00adel\u00adle Ein\u00adstel\u00adlung sowie die Signal\u00adst\u00e4r\u00adke an. Zus\u00e4tz\u00adlich kannst du ein Zeit\u00adpro\u00adgramm anle\u00adgen, nach<\/span><span class=\"NormalTextRun SCXW113079663 BCX0\">&nbsp;<\/span><span class=\"NormalTextRun SCXW113079663 BCX0\">dem die Hei\u00adzung auto\u00adma\u00adtisch zu bestimm\u00adten Zei\u00adten heizt. Das spart im Ide\u00adal\u00adfall sogar etwas Geld. Apro\u00adpos: Das Ther\u00admo\u00adstat&nbsp;<\/span><span class=\"NormalTextRun SpellingErrorV2 SCXW113079663 BCX0\">Fritz\u00adDECT<\/span><span class=\"NormalTextRun SCXW113079663 BCX0\"> 301 bekommst du f\u00fcr rund 60&nbsp;Euro.<\/span><\/span><\/p>\n\n\t\t<\/div>\n\t<\/div>\n<div class=\"snippeteer-single-product\" data-snippet=\"Updated_7774\">\n  <div class=\"teaser-headline-block\">\n    <div class=\"teaser-headline\">\n      Pas\u00adsend&nbsp;dazu&nbsp;<\/div>\n  <\/div>\n  <div class=\"wrapper\">\n    <a class=\"link\" target=\"_blank\">\n      <div class=\"product-image-container\">\n        <img class=\"product-image\">\n      <\/div>\n      <div class=\"text\">\n        <div class=\"header\">\n          <div class=\"brand\"><\/div>\n          <div class=\"title\"><\/div>\n        <\/div>\n        <div class=\"price-and-button-container\">\n          <div class=\"price\">\n            <div class=\"old-price thousand-seperators\"><\/div>\n            <div class=\"current-price thousand-seperators\"><\/div>\n          <\/div>\n          <div class=\"bottom\">\n            <div class=\"call-to-action\">\n              <div class=\"button\">\n                Jetzt kaufen&nbsp;<\/div>\n            <\/div>\n          <\/div>\n        <\/div>\n      <\/div>\n    <\/a>\n  <\/div>\n<\/div>\n  <div class=\"slick-gallery-wrapper \" data-number-of-slides=\"3\">\n    <div class=\"slick-gallery should-lightbox \" id=\"slick_gallery_wtprKI8fcxcC04z4x5AK\">\n              <figure>\n  <div class=\"img-small-container\">\n    <div class=\"img-small-hover-background\"><\/div>\n    <picture>\n                                <source srcset=\"https:\/\/www.otto.de\/updated\/app\/uploads-webp\/uploads\/2021\/09\/FritzBox-Smarthome-AVM-FritzDECT-500-1080x615.jpg.webp\" media=\"(max-width: 360px) and (-webkit-min-device-pixel-ratio: 2.5)\" type=\"image\/webp\">\n                  <source srcset=\"https:\/\/www.otto.de\/updated\/app\/uploads\/2021\/09\/FritzBox-Smarthome-AVM-FritzDECT-500-1080x615.jpg\" media=\"(max-width: 360px) and (-webkit-min-device-pixel-ratio: 2.5)\">\n                  <source srcset=\"https:\/\/www.otto.de\/updated\/app\/uploads-webp\/uploads\/2021\/09\/FritzBox-Smarthome-AVM-FritzDECT-500-720x410.jpg.webp\" media=\"(max-width: 360px) and (-webkit-min-device-pixel-ratio: 1.5)\" type=\"image\/webp\">\n                  <source srcset=\"https:\/\/www.otto.de\/updated\/app\/uploads\/2021\/09\/FritzBox-Smarthome-AVM-FritzDECT-500-720x410.jpg\" media=\"(max-width: 360px) and (-webkit-min-device-pixel-ratio: 1.5)\">\n                  <source srcset=\"https:\/\/www.otto.de\/updated\/app\/uploads-webp\/uploads\/2021\/09\/FritzBox-Smarthome-AVM-FritzDECT-500-360x205.jpg.webp\" media=\"(max-width: 360px)\" type=\"image\/webp\">\n                  <source srcset=\"https:\/\/www.otto.de\/updated\/app\/uploads\/2021\/09\/FritzBox-Smarthome-AVM-FritzDECT-500-360x205.jpg\" media=\"(max-width: 360px)\">\n                    <source srcset=\"https:\/\/www.otto.de\/updated\/app\/uploads-webp\/uploads\/2021\/09\/FritzBox-Smarthome-AVM-FritzDECT-500-1680x945.jpg.webp\" media=\"(max-width: 560px) and (-webkit-min-device-pixel-ratio: 2.5)\" type=\"image\/webp\">\n                  <source srcset=\"https:\/\/www.otto.de\/updated\/app\/uploads\/2021\/09\/FritzBox-Smarthome-AVM-FritzDECT-500-1680x945.jpg\" media=\"(max-width: 560px) and (-webkit-min-device-pixel-ratio: 2.5)\">\n                  <source srcset=\"https:\/\/www.otto.de\/updated\/app\/uploads-webp\/uploads\/2021\/09\/FritzBox-Smarthome-AVM-FritzDECT-500-1120x630.jpg.webp\" media=\"(max-width: 560px) and (-webkit-min-device-pixel-ratio: 1.5)\" type=\"image\/webp\">\n                  <source srcset=\"https:\/\/www.otto.de\/updated\/app\/uploads\/2021\/09\/FritzBox-Smarthome-AVM-FritzDECT-500-1120x630.jpg\" media=\"(max-width: 560px) and (-webkit-min-device-pixel-ratio: 1.5)\">\n                  <source srcset=\"https:\/\/www.otto.de\/updated\/app\/uploads-webp\/uploads\/2021\/09\/FritzBox-Smarthome-AVM-FritzDECT-500-560x315.jpg.webp\" media=\"(max-width: 560px)\" type=\"image\/webp\">\n                  <source srcset=\"https:\/\/www.otto.de\/updated\/app\/uploads\/2021\/09\/FritzBox-Smarthome-AVM-FritzDECT-500-560x315.jpg\" media=\"(max-width: 560px)\">\n                    <source srcset=\"https:\/\/www.otto.de\/updated\/app\/uploads-webp\/uploads\/2021\/09\/FritzBox-Smarthome-AVM-FritzDECT-500.jpg.webp\" media=\"(max-width: 767px) and (-webkit-min-device-pixel-ratio: 2.5)\" type=\"image\/webp\">\n                  <source srcset=\"https:\/\/www.otto.de\/updated\/app\/uploads\/2021\/09\/FritzBox-Smarthome-AVM-FritzDECT-500.jpg\" media=\"(max-width: 767px) and (-webkit-min-device-pixel-ratio: 2.5)\">\n                  <source srcset=\"https:\/\/www.otto.de\/updated\/app\/uploads-webp\/uploads\/2021\/09\/FritzBox-Smarthome-AVM-FritzDECT-500-1536x864.jpg.webp\" media=\"(max-width: 767px) and (-webkit-min-device-pixel-ratio: 1.5)\" type=\"image\/webp\">\n                  <source srcset=\"https:\/\/www.otto.de\/updated\/app\/uploads\/2021\/09\/FritzBox-Smarthome-AVM-FritzDECT-500-1536x864.jpg\" media=\"(max-width: 767px) and (-webkit-min-device-pixel-ratio: 1.5)\">\n                  <source srcset=\"https:\/\/www.otto.de\/updated\/app\/uploads-webp\/uploads\/2021\/09\/FritzBox-Smarthome-AVM-FritzDECT-500-768x432.jpg.webp\" media=\"(max-width: 767px)\" type=\"image\/webp\">\n                  <source srcset=\"https:\/\/www.otto.de\/updated\/app\/uploads\/2021\/09\/FritzBox-Smarthome-AVM-FritzDECT-500-768x432.jpg\" media=\"(max-width: 767px)\">\n                    <source srcset=\"https:\/\/www.otto.de\/updated\/app\/uploads-webp\/uploads\/2021\/09\/FritzBox-Smarthome-AVM-FritzDECT-500-1680x945.jpg.webp\" media=\"(max-width: 991px) and (-webkit-min-device-pixel-ratio: 2.5)\" type=\"image\/webp\">\n                  <source srcset=\"https:\/\/www.otto.de\/updated\/app\/uploads\/2021\/09\/FritzBox-Smarthome-AVM-FritzDECT-500-1680x945.jpg\" media=\"(max-width: 991px) and (-webkit-min-device-pixel-ratio: 2.5)\">\n                  <source srcset=\"https:\/\/www.otto.de\/updated\/app\/uploads-webp\/uploads\/2021\/09\/FritzBox-Smarthome-AVM-FritzDECT-500-1120x630.jpg.webp\" media=\"(max-width: 991px) and (-webkit-min-device-pixel-ratio: 1.5)\" type=\"image\/webp\">\n                  <source srcset=\"https:\/\/www.otto.de\/updated\/app\/uploads\/2021\/09\/FritzBox-Smarthome-AVM-FritzDECT-500-1120x630.jpg\" media=\"(max-width: 991px) and (-webkit-min-device-pixel-ratio: 1.5)\">\n                  <source srcset=\"https:\/\/www.otto.de\/updated\/app\/uploads-webp\/uploads\/2021\/09\/FritzBox-Smarthome-AVM-FritzDECT-500-560x315.jpg.webp\" media=\"(max-width: 991px)\" type=\"image\/webp\">\n                  <source srcset=\"https:\/\/www.otto.de\/updated\/app\/uploads\/2021\/09\/FritzBox-Smarthome-AVM-FritzDECT-500-560x315.jpg\" media=\"(max-width: 991px)\">\n        <source srcset=\"https:\/\/www.otto.de\/updated\/app\/uploads-webp\/uploads\/2021\/09\/FritzBox-Smarthome-AVM-FritzDECT-500.jpg.webp\" media=\"(-webkit-min-device-pixel-ratio: 2.5)\" type=\"image\/webp\">\n  <source srcset=\"https:\/\/www.otto.de\/updated\/app\/uploads\/2021\/09\/FritzBox-Smarthome-AVM-FritzDECT-500.jpg\" media=\"(-webkit-min-device-pixel-ratio: 2.5)\">\n  <source srcset=\"https:\/\/www.otto.de\/updated\/app\/uploads-webp\/uploads\/2021\/09\/FritzBox-Smarthome-AVM-FritzDECT-500-1536x864.jpg.webp\" media=\"(-webkit-min-device-pixel-ratio: 1.5)\" type=\"image\/webp\">\n  <source srcset=\"https:\/\/www.otto.de\/updated\/app\/uploads\/2021\/09\/FritzBox-Smarthome-AVM-FritzDECT-500-1536x864.jpg\" media=\"(-webkit-min-device-pixel-ratio: 1.5)\">\n  <source srcset=\"https:\/\/www.otto.de\/updated\/app\/uploads-webp\/uploads\/2021\/09\/FritzBox-Smarthome-AVM-FritzDECT-500-768x432.jpg.webp\" type=\"image\/webp\">\n  <img loading=\"lazy\" decoding=\"async\" src=\"https:\/\/www.otto.de\/updated\/app\/uploads\/2021\/09\/FritzBox-Smarthome-AVM-FritzDECT-500-768x432.jpg\" width=\"768\" height=\"432\" title=\"FritzDECT 500\" alt=\"Drei Gl\u00fchbirnen des Typs FritzDECT 500 nebeneinander leuchten in unterschiedlichen Farben.\" class=\"img-responsive img-small\" data-copyright=\"\u00a9 2021 AVM\" data-post-excerpt=\"Mit FritzDECT 500 bietet AVM mittlerweile smarte Gl\u00fchbirnen an.\" data-light-value=\"dark\" data-zoom-width=\"1920\" data-zoom-height=\"1080\" data-zoom-src=\"https:\/\/www.otto.de\/updated\/app\/uploads\/2021\/09\/FritzBox-Smarthome-AVM-FritzDECT-500.jpg\">\n                    <div class=\"caption dark\">\n          <small>\n            \u00a9 2021&nbsp;AVM&nbsp;<\/small>\n        <\/div>\n          <\/picture>\n  <\/div>\n      <figcaption class=\"post-excerpt\">\n      Mit Fritz\u00adDECT 500 bie\u00adtet AVM mitt\u00adler\u00adwei\u00adle smar\u00adte Gl\u00fch\u00adbir\u00adnen&nbsp;an.&nbsp;<\/figcaption>\n  <\/figure>\n              <figure>\n  <div class=\"img-small-container\">\n    <div class=\"img-small-hover-background\"><\/div>\n    <picture>\n                                <source srcset=\"https:\/\/www.otto.de\/updated\/app\/uploads-webp\/uploads\/2021\/09\/FritzBox-Smarthome-AVM-FritzDECT-301-1080x615.jpg.webp\" media=\"(max-width: 360px) and (-webkit-min-device-pixel-ratio: 2.5)\" type=\"image\/webp\">\n                  <source srcset=\"https:\/\/www.otto.de\/updated\/app\/uploads\/2021\/09\/FritzBox-Smarthome-AVM-FritzDECT-301-1080x615.jpg\" media=\"(max-width: 360px) and (-webkit-min-device-pixel-ratio: 2.5)\">\n                  <source srcset=\"https:\/\/www.otto.de\/updated\/app\/uploads-webp\/uploads\/2021\/09\/FritzBox-Smarthome-AVM-FritzDECT-301-720x410.jpg.webp\" media=\"(max-width: 360px) and (-webkit-min-device-pixel-ratio: 1.5)\" type=\"image\/webp\">\n                  <source srcset=\"https:\/\/www.otto.de\/updated\/app\/uploads\/2021\/09\/FritzBox-Smarthome-AVM-FritzDECT-301-720x410.jpg\" media=\"(max-width: 360px) and (-webkit-min-device-pixel-ratio: 1.5)\">\n                  <source srcset=\"https:\/\/www.otto.de\/updated\/app\/uploads-webp\/uploads\/2021\/09\/FritzBox-Smarthome-AVM-FritzDECT-301-360x205.jpg.webp\" media=\"(max-width: 360px)\" type=\"image\/webp\">\n                  <source srcset=\"https:\/\/www.otto.de\/updated\/app\/uploads\/2021\/09\/FritzBox-Smarthome-AVM-FritzDECT-301-360x205.jpg\" media=\"(max-width: 360px)\">\n                    <source srcset=\"https:\/\/www.otto.de\/updated\/app\/uploads-webp\/uploads\/2021\/09\/FritzBox-Smarthome-AVM-FritzDECT-301-1680x945.jpg.webp\" media=\"(max-width: 560px) and (-webkit-min-device-pixel-ratio: 2.5)\" type=\"image\/webp\">\n                  <source srcset=\"https:\/\/www.otto.de\/updated\/app\/uploads\/2021\/09\/FritzBox-Smarthome-AVM-FritzDECT-301-1680x945.jpg\" media=\"(max-width: 560px) and (-webkit-min-device-pixel-ratio: 2.5)\">\n                  <source srcset=\"https:\/\/www.otto.de\/updated\/app\/uploads-webp\/uploads\/2021\/09\/FritzBox-Smarthome-AVM-FritzDECT-301-1120x630.jpg.webp\" media=\"(max-width: 560px) and (-webkit-min-device-pixel-ratio: 1.5)\" type=\"image\/webp\">\n                  <source srcset=\"https:\/\/www.otto.de\/updated\/app\/uploads\/2021\/09\/FritzBox-Smarthome-AVM-FritzDECT-301-1120x630.jpg\" media=\"(max-width: 560px) and (-webkit-min-device-pixel-ratio: 1.5)\">\n                  <source srcset=\"https:\/\/www.otto.de\/updated\/app\/uploads-webp\/uploads\/2021\/09\/FritzBox-Smarthome-AVM-FritzDECT-301-560x315.jpg.webp\" media=\"(max-width: 560px)\" type=\"image\/webp\">\n                  <source srcset=\"https:\/\/www.otto.de\/updated\/app\/uploads\/2021\/09\/FritzBox-Smarthome-AVM-FritzDECT-301-560x315.jpg\" media=\"(max-width: 560px)\">\n                    <source srcset=\"https:\/\/www.otto.de\/updated\/app\/uploads-webp\/uploads\/2021\/09\/FritzBox-Smarthome-AVM-FritzDECT-301.jpg.webp\" media=\"(max-width: 767px) and (-webkit-min-device-pixel-ratio: 2.5)\" type=\"image\/webp\">\n                  <source srcset=\"https:\/\/www.otto.de\/updated\/app\/uploads\/2021\/09\/FritzBox-Smarthome-AVM-FritzDECT-301.jpg\" media=\"(max-width: 767px) and (-webkit-min-device-pixel-ratio: 2.5)\">\n                  <source srcset=\"https:\/\/www.otto.de\/updated\/app\/uploads-webp\/uploads\/2021\/09\/FritzBox-Smarthome-AVM-FritzDECT-301-1536x864.jpg.webp\" media=\"(max-width: 767px) and (-webkit-min-device-pixel-ratio: 1.5)\" type=\"image\/webp\">\n                  <source srcset=\"https:\/\/www.otto.de\/updated\/app\/uploads\/2021\/09\/FritzBox-Smarthome-AVM-FritzDECT-301-1536x864.jpg\" media=\"(max-width: 767px) and (-webkit-min-device-pixel-ratio: 1.5)\">\n                  <source srcset=\"https:\/\/www.otto.de\/updated\/app\/uploads-webp\/uploads\/2021\/09\/FritzBox-Smarthome-AVM-FritzDECT-301-768x432.jpg.webp\" media=\"(max-width: 767px)\" type=\"image\/webp\">\n                  <source srcset=\"https:\/\/www.otto.de\/updated\/app\/uploads\/2021\/09\/FritzBox-Smarthome-AVM-FritzDECT-301-768x432.jpg\" media=\"(max-width: 767px)\">\n                    <source srcset=\"https:\/\/www.otto.de\/updated\/app\/uploads-webp\/uploads\/2021\/09\/FritzBox-Smarthome-AVM-FritzDECT-301-1680x945.jpg.webp\" media=\"(max-width: 991px) and (-webkit-min-device-pixel-ratio: 2.5)\" type=\"image\/webp\">\n                  <source srcset=\"https:\/\/www.otto.de\/updated\/app\/uploads\/2021\/09\/FritzBox-Smarthome-AVM-FritzDECT-301-1680x945.jpg\" media=\"(max-width: 991px) and (-webkit-min-device-pixel-ratio: 2.5)\">\n                  <source srcset=\"https:\/\/www.otto.de\/updated\/app\/uploads-webp\/uploads\/2021\/09\/FritzBox-Smarthome-AVM-FritzDECT-301-1120x630.jpg.webp\" media=\"(max-width: 991px) and (-webkit-min-device-pixel-ratio: 1.5)\" type=\"image\/webp\">\n                  <source srcset=\"https:\/\/www.otto.de\/updated\/app\/uploads\/2021\/09\/FritzBox-Smarthome-AVM-FritzDECT-301-1120x630.jpg\" media=\"(max-width: 991px) and (-webkit-min-device-pixel-ratio: 1.5)\">\n                  <source srcset=\"https:\/\/www.otto.de\/updated\/app\/uploads-webp\/uploads\/2021\/09\/FritzBox-Smarthome-AVM-FritzDECT-301-560x315.jpg.webp\" media=\"(max-width: 991px)\" type=\"image\/webp\">\n                  <source srcset=\"https:\/\/www.otto.de\/updated\/app\/uploads\/2021\/09\/FritzBox-Smarthome-AVM-FritzDECT-301-560x315.jpg\" media=\"(max-width: 991px)\">\n        <source srcset=\"https:\/\/www.otto.de\/updated\/app\/uploads-webp\/uploads\/2021\/09\/FritzBox-Smarthome-AVM-FritzDECT-301.jpg.webp\" media=\"(-webkit-min-device-pixel-ratio: 2.5)\" type=\"image\/webp\">\n  <source srcset=\"https:\/\/www.otto.de\/updated\/app\/uploads\/2021\/09\/FritzBox-Smarthome-AVM-FritzDECT-301.jpg\" media=\"(-webkit-min-device-pixel-ratio: 2.5)\">\n  <source srcset=\"https:\/\/www.otto.de\/updated\/app\/uploads-webp\/uploads\/2021\/09\/FritzBox-Smarthome-AVM-FritzDECT-301-1536x864.jpg.webp\" media=\"(-webkit-min-device-pixel-ratio: 1.5)\" type=\"image\/webp\">\n  <source srcset=\"https:\/\/www.otto.de\/updated\/app\/uploads\/2021\/09\/FritzBox-Smarthome-AVM-FritzDECT-301-1536x864.jpg\" media=\"(-webkit-min-device-pixel-ratio: 1.5)\">\n  <source srcset=\"https:\/\/www.otto.de\/updated\/app\/uploads-webp\/uploads\/2021\/09\/FritzBox-Smarthome-AVM-FritzDECT-301-768x432.jpg.webp\" type=\"image\/webp\">\n  <img loading=\"lazy\" decoding=\"async\" src=\"https:\/\/www.otto.de\/updated\/app\/uploads\/2021\/09\/FritzBox-Smarthome-AVM-FritzDECT-301-768x432.jpg\" width=\"768\" height=\"432\" title=\"FritzDECT 301\" alt=\"Ein smartes Heizk\u00f6rperthermostat des Typs FritzDECT301 an einer Heizung.\" class=\"img-responsive img-small\" data-copyright=\"\u00a9 2021 AVM\" data-post-excerpt=\"Das Thermostat FritzDECT 301 l\u00e4sst dich deine Heizung intelligent steuern.\" data-light-value=\"light\" data-zoom-width=\"1920\" data-zoom-height=\"1080\" data-zoom-src=\"https:\/\/www.otto.de\/updated\/app\/uploads\/2021\/09\/FritzBox-Smarthome-AVM-FritzDECT-301.jpg\">\n                    <div class=\"caption light\">\n          <small>\n            \u00a9 2021&nbsp;AVM&nbsp;<\/small>\n        <\/div>\n          <\/picture>\n  <\/div>\n      <figcaption class=\"post-excerpt\">\n      Das Ther\u00admo\u00adstat Fritz\u00adDECT 301 l\u00e4sst dich dei\u00adne Hei\u00adzung intel\u00adli\u00adgent steuern.&nbsp;<\/figcaption>\n  <\/figure>\n              <figure>\n  <div class=\"img-small-container\">\n    <div class=\"img-small-hover-background\"><\/div>\n    <picture>\n                                <source srcset=\"https:\/\/www.otto.de\/updated\/app\/uploads-webp\/uploads\/2021\/09\/FritzBox-Smarthome-AVM-FritzDECT-440-1080x615.jpg.webp\" media=\"(max-width: 360px) and (-webkit-min-device-pixel-ratio: 2.5)\" type=\"image\/webp\">\n                  <source srcset=\"https:\/\/www.otto.de\/updated\/app\/uploads\/2021\/09\/FritzBox-Smarthome-AVM-FritzDECT-440-1080x615.jpg\" media=\"(max-width: 360px) and (-webkit-min-device-pixel-ratio: 2.5)\">\n                  <source srcset=\"https:\/\/www.otto.de\/updated\/app\/uploads-webp\/uploads\/2021\/09\/FritzBox-Smarthome-AVM-FritzDECT-440-720x410.jpg.webp\" media=\"(max-width: 360px) and (-webkit-min-device-pixel-ratio: 1.5)\" type=\"image\/webp\">\n                  <source srcset=\"https:\/\/www.otto.de\/updated\/app\/uploads\/2021\/09\/FritzBox-Smarthome-AVM-FritzDECT-440-720x410.jpg\" media=\"(max-width: 360px) and (-webkit-min-device-pixel-ratio: 1.5)\">\n                  <source srcset=\"https:\/\/www.otto.de\/updated\/app\/uploads-webp\/uploads\/2021\/09\/FritzBox-Smarthome-AVM-FritzDECT-440-360x205.jpg.webp\" media=\"(max-width: 360px)\" type=\"image\/webp\">\n                  <source srcset=\"https:\/\/www.otto.de\/updated\/app\/uploads\/2021\/09\/FritzBox-Smarthome-AVM-FritzDECT-440-360x205.jpg\" media=\"(max-width: 360px)\">\n                    <source srcset=\"https:\/\/www.otto.de\/updated\/app\/uploads-webp\/uploads\/2021\/09\/FritzBox-Smarthome-AVM-FritzDECT-440-1680x945.jpg.webp\" media=\"(max-width: 560px) and (-webkit-min-device-pixel-ratio: 2.5)\" type=\"image\/webp\">\n                  <source srcset=\"https:\/\/www.otto.de\/updated\/app\/uploads\/2021\/09\/FritzBox-Smarthome-AVM-FritzDECT-440-1680x945.jpg\" media=\"(max-width: 560px) and (-webkit-min-device-pixel-ratio: 2.5)\">\n                  <source srcset=\"https:\/\/www.otto.de\/updated\/app\/uploads-webp\/uploads\/2021\/09\/FritzBox-Smarthome-AVM-FritzDECT-440-1120x630.jpg.webp\" media=\"(max-width: 560px) and (-webkit-min-device-pixel-ratio: 1.5)\" type=\"image\/webp\">\n                  <source srcset=\"https:\/\/www.otto.de\/updated\/app\/uploads\/2021\/09\/FritzBox-Smarthome-AVM-FritzDECT-440-1120x630.jpg\" media=\"(max-width: 560px) and (-webkit-min-device-pixel-ratio: 1.5)\">\n                  <source srcset=\"https:\/\/www.otto.de\/updated\/app\/uploads-webp\/uploads\/2021\/09\/FritzBox-Smarthome-AVM-FritzDECT-440-560x315.jpg.webp\" media=\"(max-width: 560px)\" type=\"image\/webp\">\n                  <source srcset=\"https:\/\/www.otto.de\/updated\/app\/uploads\/2021\/09\/FritzBox-Smarthome-AVM-FritzDECT-440-560x315.jpg\" media=\"(max-width: 560px)\">\n                    <source srcset=\"https:\/\/www.otto.de\/updated\/app\/uploads-webp\/uploads\/2021\/09\/FritzBox-Smarthome-AVM-FritzDECT-440.jpg.webp\" media=\"(max-width: 767px) and (-webkit-min-device-pixel-ratio: 2.5)\" type=\"image\/webp\">\n                  <source srcset=\"https:\/\/www.otto.de\/updated\/app\/uploads\/2021\/09\/FritzBox-Smarthome-AVM-FritzDECT-440.jpg\" media=\"(max-width: 767px) and (-webkit-min-device-pixel-ratio: 2.5)\">\n                  <source srcset=\"https:\/\/www.otto.de\/updated\/app\/uploads-webp\/uploads\/2021\/09\/FritzBox-Smarthome-AVM-FritzDECT-440-1536x864.jpg.webp\" media=\"(max-width: 767px) and (-webkit-min-device-pixel-ratio: 1.5)\" type=\"image\/webp\">\n                  <source srcset=\"https:\/\/www.otto.de\/updated\/app\/uploads\/2021\/09\/FritzBox-Smarthome-AVM-FritzDECT-440-1536x864.jpg\" media=\"(max-width: 767px) and (-webkit-min-device-pixel-ratio: 1.5)\">\n                  <source srcset=\"https:\/\/www.otto.de\/updated\/app\/uploads-webp\/uploads\/2021\/09\/FritzBox-Smarthome-AVM-FritzDECT-440-768x432.jpg.webp\" media=\"(max-width: 767px)\" type=\"image\/webp\">\n                  <source srcset=\"https:\/\/www.otto.de\/updated\/app\/uploads\/2021\/09\/FritzBox-Smarthome-AVM-FritzDECT-440-768x432.jpg\" media=\"(max-width: 767px)\">\n                    <source srcset=\"https:\/\/www.otto.de\/updated\/app\/uploads-webp\/uploads\/2021\/09\/FritzBox-Smarthome-AVM-FritzDECT-440-1680x945.jpg.webp\" media=\"(max-width: 991px) and (-webkit-min-device-pixel-ratio: 2.5)\" type=\"image\/webp\">\n                  <source srcset=\"https:\/\/www.otto.de\/updated\/app\/uploads\/2021\/09\/FritzBox-Smarthome-AVM-FritzDECT-440-1680x945.jpg\" media=\"(max-width: 991px) and (-webkit-min-device-pixel-ratio: 2.5)\">\n                  <source srcset=\"https:\/\/www.otto.de\/updated\/app\/uploads-webp\/uploads\/2021\/09\/FritzBox-Smarthome-AVM-FritzDECT-440-1120x630.jpg.webp\" media=\"(max-width: 991px) and (-webkit-min-device-pixel-ratio: 1.5)\" type=\"image\/webp\">\n                  <source srcset=\"https:\/\/www.otto.de\/updated\/app\/uploads\/2021\/09\/FritzBox-Smarthome-AVM-FritzDECT-440-1120x630.jpg\" media=\"(max-width: 991px) and (-webkit-min-device-pixel-ratio: 1.5)\">\n                  <source srcset=\"https:\/\/www.otto.de\/updated\/app\/uploads-webp\/uploads\/2021\/09\/FritzBox-Smarthome-AVM-FritzDECT-440-560x315.jpg.webp\" media=\"(max-width: 991px)\" type=\"image\/webp\">\n                  <source srcset=\"https:\/\/www.otto.de\/updated\/app\/uploads\/2021\/09\/FritzBox-Smarthome-AVM-FritzDECT-440-560x315.jpg\" media=\"(max-width: 991px)\">\n        <source srcset=\"https:\/\/www.otto.de\/updated\/app\/uploads-webp\/uploads\/2021\/09\/FritzBox-Smarthome-AVM-FritzDECT-440.jpg.webp\" media=\"(-webkit-min-device-pixel-ratio: 2.5)\" type=\"image\/webp\">\n  <source srcset=\"https:\/\/www.otto.de\/updated\/app\/uploads\/2021\/09\/FritzBox-Smarthome-AVM-FritzDECT-440.jpg\" media=\"(-webkit-min-device-pixel-ratio: 2.5)\">\n  <source srcset=\"https:\/\/www.otto.de\/updated\/app\/uploads-webp\/uploads\/2021\/09\/FritzBox-Smarthome-AVM-FritzDECT-440-1536x864.jpg.webp\" media=\"(-webkit-min-device-pixel-ratio: 1.5)\" type=\"image\/webp\">\n  <source srcset=\"https:\/\/www.otto.de\/updated\/app\/uploads\/2021\/09\/FritzBox-Smarthome-AVM-FritzDECT-440-1536x864.jpg\" media=\"(-webkit-min-device-pixel-ratio: 1.5)\">\n  <source srcset=\"https:\/\/www.otto.de\/updated\/app\/uploads-webp\/uploads\/2021\/09\/FritzBox-Smarthome-AVM-FritzDECT-440-768x432.jpg.webp\" type=\"image\/webp\">\n  <img loading=\"lazy\" decoding=\"async\" src=\"https:\/\/www.otto.de\/updated\/app\/uploads\/2021\/09\/FritzBox-Smarthome-AVM-FritzDECT-440-768x432.jpg\" width=\"768\" height=\"432\" title=\"FritzDECT 440\" alt=\"Eine Person bedient den Schalter FritzDECT 440, der an einer Wand angebracht ist.\" class=\"img-responsive img-small\" data-copyright=\"\u00a9 2021 AVM\" data-post-excerpt=\"Statt mit dem Smartphone, kannst du die Ger\u00e4te auch \u00fcber den Schalter FritzDECT 440 steuern.\" data-light-value=\"dark\" data-zoom-width=\"1920\" data-zoom-height=\"1080\" data-zoom-src=\"https:\/\/www.otto.de\/updated\/app\/uploads\/2021\/09\/FritzBox-Smarthome-AVM-FritzDECT-440.jpg\">\n                    <div class=\"caption dark\">\n          <small>\n            \u00a9 2021&nbsp;AVM&nbsp;<\/small>\n        <\/div>\n          <\/picture>\n  <\/div>\n      <figcaption class=\"post-excerpt\">\n      Statt mit dem Smart\u00adphone, kannst du die Ger\u00e4\u00adte auch \u00fcber den Schal\u00adter Fritz\u00adDECT 440 steuern.&nbsp;<\/figcaption>\n  <\/figure>\n          <\/div>\n    <div class=\"progress-bars\"><\/div>\n    <div class=\"zoom-icon-wrapper\">\n      <div class=\"zoom-icon\"><\/div>\n    <\/div>\n  <\/div>\n<div class=\"headline\"><a name=\"smarte-zwischenstecker-fritzdect-200-und-210\"><\/a><h3>Smar\u00adte Zwi\u00adschen\u00adste\u00adcker: Fritz\u00adDECT 200 und&nbsp;210<\/h3><\/div>\n\t<div class=\"wpb_text_column wpb_content_element\">\n\t\t<div class=\"wpb_wrapper\">\n\t\t\t<p><span class=\"TextRun SCXW238568575 BCX0\" lang=\"DE-DE\" xml:lang=\"DE-DE\" data-contrast=\"auto\"><span class=\"NormalTextRun SCXW238568575 BCX0\">Zu den Basics des&nbsp;<\/span><span class=\"NormalTextRun SpellingErrorV2 SCXW238568575 BCX0\">Smar\u00adtho\u00admes<\/span><span class=\"NormalTextRun SCXW238568575 BCX0\">&nbsp;geh\u00f6\u00adren intel\u00adli\u00adgen\u00adte Steck\u00addo\u00adsen. Davon gibt es bei AVM gleich zwei Model\u00adle: die&nbsp;<\/span><span class=\"NormalTextRun SpellingErrorV2 SCXW238568575 BCX0\">Fritz\u00adDECT<\/span><span class=\"NormalTextRun SCXW238568575 BCX0\">&nbsp;200 und die&nbsp;<\/span><span class=\"NormalTextRun SpellingErrorV2 SCXW238568575 BCX0\">Fritz\u00adDECT<\/span><span class=\"NormalTextRun SCXW238568575 BCX0\">&nbsp;210. Im Grun\u00adde sind sich die bei\u00adden Vari\u00adan\u00adten sehr \u00e4hn\u00adlich. Sie las\u00adsen sich per Fern\u00adsteue\u00adrung ganz ein\u00adfach ein- und aus\u00adschal\u00adten. Per Zeit\u00adschal\u00adtung legst du alter\u00adna\u00adtiv fest, wann der Strom flie\u00dft und wann nicht. Sogar eine Aus\u00adrich\u00adtung am&nbsp;<\/span><span class=\"NormalTextRun SpellingErrorV2 SCXW238568575 BCX0\">Son\u00adnen\u00adauf<\/span><span class=\"NormalTextRun SCXW238568575 BCX0\">- und \u2011unter\u00adgang ist m\u00f6g\u00adlich. Der Zwi\u00adschen\u00adste\u00adcker&nbsp;<\/span><span class=\"NormalTextRun SpellingErrorV2 SCXW238568575 BCX0\">Fritz\u00adDECT<\/span><span class=\"NormalTextRun SCXW238568575 BCX0\">&nbsp;200 ist dabei nur f\u00fcr Innen\u00adr\u00e4u\u00adme geeig\u00adnet und kos\u00adtet rund 45 Euro. Das Modell&nbsp;<\/span><span class=\"NormalTextRun SpellingErrorV2 SCXW238568575 BCX0\">Fritz\u00adDECT<\/span><span class=\"NormalTextRun SCXW238568575 BCX0\"> 210 ist spritz\u00adwas\u00adser\u00adge\u00adsch\u00fctzt und somit f\u00fcr den Au\u00dfen\u00adbe\u00adreich gemacht. Preis\u00adlich liegt es bei etwa 55&nbsp;Euro.<\/span><\/span><\/p>\n\n\t\t<\/div>\n\t<\/div>\n<div class=\"snippeteer-single-product\" data-snippet=\"Updated_7775\">\n  <div class=\"teaser-headline-block\">\n    <div class=\"teaser-headline\">\n      Pas\u00adsend&nbsp;dazu&nbsp;<\/div>\n  <\/div>\n  <div class=\"wrapper\">\n    <a class=\"link\" target=\"_blank\">\n      <div class=\"product-image-container\">\n        <img class=\"product-image\">\n      <\/div>\n      <div class=\"text\">\n        <div class=\"header\">\n          <div class=\"brand\"><\/div>\n          <div class=\"title\"><\/div>\n        <\/div>\n        <div class=\"price-and-button-container\">\n          <div class=\"price\">\n            <div class=\"old-price thousand-seperators\"><\/div>\n            <div class=\"current-price thousand-seperators\"><\/div>\n          <\/div>\n          <div class=\"bottom\">\n            <div class=\"call-to-action\">\n              <div class=\"button\">\n                Jetzt kaufen&nbsp;<\/div>\n            <\/div>\n          <\/div>\n        <\/div>\n      <\/div>\n    <\/a>\n  <\/div>\n<\/div>\n<div class=\"headline\"><a name=\"smarte-schalter-fritzdect-400-und-440\"><\/a><h3>Smar\u00adte Schal\u00adter: Fritz\u00adDECT 400 und&nbsp;440<\/h3><\/div>\n\t<div class=\"wpb_text_column wpb_content_element\">\n\t\t<div class=\"wpb_wrapper\">\n\t\t\t<p><span class=\"TextRun SCXW22721628 BCX0\" lang=\"DE-DE\" xml:lang=\"DE-DE\" data-contrast=\"auto\"><span class=\"NormalTextRun SCXW22721628 BCX0\">Bei einem&nbsp;<\/span><span class=\"NormalTextRun SpellingErrorV2 SCXW22721628 BCX0\">Smar\u00adthome<\/span><span class=\"NormalTextRun SCXW22721628 BCX0\">&nbsp;geht es dar\u00adum, die Ger\u00e4\u00adte m\u00f6g\u00adlichst immer und \u00fcber\u00adall steu\u00adern zu k\u00f6n\u00adnen. Aller\u00addings ist es manch\u00admal durch\u00adaus prak\u00adti\u00adscher, einen rich\u00adti\u00adgen Schal\u00adter zu haben. Bei AVM gibt es derer gleich zwei: den&nbsp;<\/span><span class=\"NormalTextRun SpellingErrorV2 SCXW22721628 BCX0\">Fritz\u00adDECT<\/span><span class=\"NormalTextRun SCXW22721628 BCX0\">&nbsp;400 und den&nbsp;<\/span><span class=\"NormalTextRun SpellingErrorV2 SCXW22721628 BCX0\">Fritz\u00adDECT<\/span><span class=\"NormalTextRun SCXW22721628 BCX0\">&nbsp;440. Ers\u00adte\u00adrer ist wirk\u00adlich ein ganz simp\u00adles Steu\u00ader\u00adge\u00adr\u00e4t. Per Knopf\u00addruck schal\u00adtest du etwa Licht, Hei\u00adzung oder Steck\u00addo\u00adsen ein und aus. Das war es auch schon an Funk\u00adtio\u00adna\u00adli\u00adt\u00e4t. Etwas umfang\u00adrei\u00adcher f\u00e4llt die beim&nbsp;<\/span><span class=\"NormalTextRun SpellingErrorV2 SCXW22721628 BCX0\">Fritz\u00adDECT<\/span><span class=\"NormalTextRun SCXW22721628 BCX0\">&nbsp;440 aus. Dar\u00adin steckt n\u00e4m\u00adlich ein Tem\u00adpe\u00adra\u00adtur\u00adsen\u00adsor, der dir \u00fcber das E\u2011Pa\u00adper-Dis\u00adplay stets die aktu\u00adel\u00adle Tem\u00adpe\u00adra\u00adtur anzeigt. \u00dcber vier frei beleg\u00adba\u00adre Tas\u00adten kannst du Licht, Hei\u00adzung und Zwi\u00adschen\u00adste\u00adcker steu\u00adern. Prak\u00adtisch: Das smar\u00adte Ther\u00admo\u00adstat&nbsp;<\/span><span class=\"NormalTextRun SpellingErrorV2 SCXW22721628 BCX0\">Fritz\u00adDECT<\/span><span class=\"NormalTextRun SCXW22721628 BCX0\">&nbsp;301 rich\u00adtet sich auf Wunsch an der gemes\u00adse\u00adnen Tem\u00adpe\u00adra\u00adtur des Schal\u00adters aus. Der&nbsp;<\/span><span class=\"NormalTextRun SpellingErrorV2 SCXW22721628 BCX0\">Fritz\u00adDECT<\/span><span class=\"NormalTextRun SCXW22721628 BCX0\">&nbsp;400 kos\u00adtet rund 35 Euro, der&nbsp;<\/span><span class=\"NormalTextRun SpellingErrorV2 SCXW22721628 BCX0\">Fritz\u00adDECT<\/span><span class=\"NormalTextRun SCXW22721628 BCX0\"> 440 ist f\u00fcr etwa 60 Euro zu&nbsp;haben.<\/span><\/span><\/p>\n\n\t\t<\/div>\n\t<\/div>\n<div class=\"snippeteer-slider\" data-snippet=\"Updated_7776\">\n  <div class=\"slider\" id=\"slider_Updated_7776\" data-slick=\"{&quot;autoplay&quot;:false,&quot;arrows&quot;:true,&quot;dots&quot;:false,&quot;infinite&quot;:true,&quot;slidesToShow&quot;:3,&quot;slidesToScroll&quot;:1,&quot;centerMode&quot;:true,&quot;centerPadding&quot;:&quot;0px&quot;}\">\n    <div class=\"slider__slide\">\n      <div class=\"teaser-headline-block\">\n        <div class=\"teaser-headline\">\n          Pas\u00adsend&nbsp;dazu&nbsp;<\/div>\n      <\/div>\n      <a class=\"link\" target=\"_blank\">\n        <div class=\"product-image-container\">\n          <img class=\"product-image\">\n        <\/div>\n        <div class=\"brand\"><\/div>\n        <div class=\"title\"><\/div>\n        <div class=\"price-and-button-container\">\n          <div class=\"price\">\n            <div class=\"old-price thousand-seperators\"><\/div>\n            <div class=\"current-price thousand-seperators\"><\/div>\n          <\/div>\n          <div class=\"bottom\">\n            <div class=\"call-to-action\">\n              <div class=\"button\">\n                Jetzt kaufen&nbsp;<\/div>\n            <\/div>\n          <\/div>\n        <\/div>\n      <\/a>\n    <\/div>\n  <\/div>\n<\/div>\n<div class=\"headline\"><a name=\"signale-verstaerken-fritzdect-repeater-100\"><\/a><h3>Signa\u00adle ver\u00adst\u00e4r\u00adken: Fritz\u00adDECT Repea\u00adter&nbsp;100<\/h3><\/div>\n\t<div class=\"wpb_text_column wpb_content_element\">\n\t\t<div class=\"wpb_wrapper\">\n\t\t\t<p><span class=\"TextRun SCXW64069481 BCX0\" lang=\"DE-DE\" xml:lang=\"DE-DE\" data-contrast=\"auto\"><span class=\"NormalTextRun SCXW64069481 BCX0\">Du kennst es viel\u00adleicht vom hei\u00admi\u00adschen WLAN: Manch\u00admal ist das Signal an bestimm\u00adten Stel\u00adlen im Haus ein\u00adfach zu schwach. In die\u00adsem Fall hilft ein Repea\u00adter auf hal\u00adbem Weg, der das WLAN ver\u00adst\u00e4rkt. Ein sol\u00adches Ger\u00e4t gibt es mit dem&nbsp;<\/span><span class=\"NormalTextRun SpellingErrorV2 SCXW64069481 BCX0\">Fritz\u00adDECT<\/span><span class=\"NormalTextRun SCXW64069481 BCX0\">&nbsp;Repea\u00adter 100 auch f\u00fcr das Funk\u00adpro\u00adto\u00adkoll DECT. Am rich\u00adti\u00adgen Platz ange\u00adbracht, bringt es das Signal auch zu&nbsp;<\/span><span class=\"NormalTextRun SpellingErrorV2 SCXW64069481 BCX0\">Smar\u00adthome<\/span><span class=\"NormalTextRun SCXW64069481 BCX0\">-Ger\u00e4\u00adten, die weit vom Rou\u00adter ent\u00adfernt sind. Alles was du daf\u00fcr brauchst, ist eine freie Steck\u00addo\u00adse. Doch kei\u00adne Angst, denn die\u00adse belegt der Repea\u00adter nicht ein\u00adfach, denn \u00fcber den&nbsp;<\/span><span class=\"NormalTextRun SCXW64069481 BCX0\">ein\u00adge\u00adbau\u00adten Schu\u00adko-Anschluss steckst du Ger\u00e4\u00adte ein\u00adfach am Repea\u00adter an.&nbsp;<\/span><span class=\"NormalTextRun SCXW64069481 BCX0\">Der&nbsp;<\/span><span class=\"NormalTextRun SpellingErrorV2 SCXW64069481 BCX0\">Fritz\u00adDECT<\/span><span class=\"NormalTextRun SCXW64069481 BCX0\">&nbsp;Repea\u00adter 100<\/span><span class=\"NormalTextRun SCXW64069481 BCX0\"> kos\u00adtet dich rund 75&nbsp;Euro.<\/span><\/span><\/p>\n\n\t\t<\/div>\n\t<\/div>\n<div class=\"snippeteer-single-product\" data-snippet=\"Updated_7777\">\n  <div class=\"teaser-headline-block\">\n    <div class=\"teaser-headline\">\n      Pas\u00adsend&nbsp;dazu&nbsp;<\/div>\n  <\/div>\n  <div class=\"wrapper\">\n    <a class=\"link\" target=\"_blank\">\n      <div class=\"product-image-container\">\n        <img class=\"product-image\">\n      <\/div>\n      <div class=\"text\">\n        <div class=\"header\">\n          <div class=\"brand\"><\/div>\n          <div class=\"title\"><\/div>\n        <\/div>\n        <div class=\"price-and-button-container\">\n          <div class=\"price\">\n            <div class=\"old-price thousand-seperators\"><\/div>\n            <div class=\"current-price thousand-seperators\"><\/div>\n          <\/div>\n          <div class=\"bottom\">\n            <div class=\"call-to-action\">\n              <div class=\"button\">\n                Jetzt kaufen&nbsp;<\/div>\n            <\/div>\n          <\/div>\n        <\/div>\n      <\/div>\n    <\/a>\n  <\/div>\n<\/div>\n  <div class=\"slick-gallery-wrapper gallery-no-padding\" data-number-of-slides=\"1\">\n    <div class=\"slick-gallery should-lightbox \" id=\"slick_gallery_qPvt5LDCByAEgfoArbNF\">\n              <figure>\n  <div class=\"img-small-container\">\n    <div class=\"img-small-hover-background\"><\/div>\n    <picture>\n                                <source srcset=\"https:\/\/www.otto.de\/updated\/app\/uploads-webp\/uploads\/2021\/09\/FritzBox-Smarthome-FritzDECT-Repeater-100-1080x615.jpg.webp\" media=\"(max-width: 360px) and (-webkit-min-device-pixel-ratio: 2.5)\" type=\"image\/webp\">\n                  <source srcset=\"https:\/\/www.otto.de\/updated\/app\/uploads\/2021\/09\/FritzBox-Smarthome-FritzDECT-Repeater-100-1080x615.jpg\" media=\"(max-width: 360px) and (-webkit-min-device-pixel-ratio: 2.5)\">\n                  <source srcset=\"https:\/\/www.otto.de\/updated\/app\/uploads-webp\/uploads\/2021\/09\/FritzBox-Smarthome-FritzDECT-Repeater-100-720x410.jpg.webp\" media=\"(max-width: 360px) and (-webkit-min-device-pixel-ratio: 1.5)\" type=\"image\/webp\">\n                  <source srcset=\"https:\/\/www.otto.de\/updated\/app\/uploads\/2021\/09\/FritzBox-Smarthome-FritzDECT-Repeater-100-720x410.jpg\" media=\"(max-width: 360px) and (-webkit-min-device-pixel-ratio: 1.5)\">\n                  <source srcset=\"https:\/\/www.otto.de\/updated\/app\/uploads-webp\/uploads\/2021\/09\/FritzBox-Smarthome-FritzDECT-Repeater-100-360x205.jpg.webp\" media=\"(max-width: 360px)\" type=\"image\/webp\">\n                  <source srcset=\"https:\/\/www.otto.de\/updated\/app\/uploads\/2021\/09\/FritzBox-Smarthome-FritzDECT-Repeater-100-360x205.jpg\" media=\"(max-width: 360px)\">\n                    <source srcset=\"https:\/\/www.otto.de\/updated\/app\/uploads-webp\/uploads\/2021\/09\/FritzBox-Smarthome-FritzDECT-Repeater-100-1680x945.jpg.webp\" media=\"(max-width: 560px) and (-webkit-min-device-pixel-ratio: 2.5)\" type=\"image\/webp\">\n                  <source srcset=\"https:\/\/www.otto.de\/updated\/app\/uploads\/2021\/09\/FritzBox-Smarthome-FritzDECT-Repeater-100-1680x945.jpg\" media=\"(max-width: 560px) and (-webkit-min-device-pixel-ratio: 2.5)\">\n                  <source srcset=\"https:\/\/www.otto.de\/updated\/app\/uploads-webp\/uploads\/2021\/09\/FritzBox-Smarthome-FritzDECT-Repeater-100-1120x630.jpg.webp\" media=\"(max-width: 560px) and (-webkit-min-device-pixel-ratio: 1.5)\" type=\"image\/webp\">\n                  <source srcset=\"https:\/\/www.otto.de\/updated\/app\/uploads\/2021\/09\/FritzBox-Smarthome-FritzDECT-Repeater-100-1120x630.jpg\" media=\"(max-width: 560px) and (-webkit-min-device-pixel-ratio: 1.5)\">\n                  <source srcset=\"https:\/\/www.otto.de\/updated\/app\/uploads-webp\/uploads\/2021\/09\/FritzBox-Smarthome-FritzDECT-Repeater-100-560x315.jpg.webp\" media=\"(max-width: 560px)\" type=\"image\/webp\">\n                  <source srcset=\"https:\/\/www.otto.de\/updated\/app\/uploads\/2021\/09\/FritzBox-Smarthome-FritzDECT-Repeater-100-560x315.jpg\" media=\"(max-width: 560px)\">\n                    <source srcset=\"https:\/\/www.otto.de\/updated\/app\/uploads-webp\/uploads\/2021\/09\/FritzBox-Smarthome-FritzDECT-Repeater-100.jpg.webp\" media=\"(max-width: 767px) and (-webkit-min-device-pixel-ratio: 2.5)\" type=\"image\/webp\">\n                  <source srcset=\"https:\/\/www.otto.de\/updated\/app\/uploads\/2021\/09\/FritzBox-Smarthome-FritzDECT-Repeater-100.jpg\" media=\"(max-width: 767px) and (-webkit-min-device-pixel-ratio: 2.5)\">\n                  <source srcset=\"https:\/\/www.otto.de\/updated\/app\/uploads-webp\/uploads\/2021\/09\/FritzBox-Smarthome-FritzDECT-Repeater-100-1536x864.jpg.webp\" media=\"(max-width: 767px) and (-webkit-min-device-pixel-ratio: 1.5)\" type=\"image\/webp\">\n                  <source srcset=\"https:\/\/www.otto.de\/updated\/app\/uploads\/2021\/09\/FritzBox-Smarthome-FritzDECT-Repeater-100-1536x864.jpg\" media=\"(max-width: 767px) and (-webkit-min-device-pixel-ratio: 1.5)\">\n                  <source srcset=\"https:\/\/www.otto.de\/updated\/app\/uploads-webp\/uploads\/2021\/09\/FritzBox-Smarthome-FritzDECT-Repeater-100-768x432.jpg.webp\" media=\"(max-width: 767px)\" type=\"image\/webp\">\n                  <source srcset=\"https:\/\/www.otto.de\/updated\/app\/uploads\/2021\/09\/FritzBox-Smarthome-FritzDECT-Repeater-100-768x432.jpg\" media=\"(max-width: 767px)\">\n                    <source srcset=\"https:\/\/www.otto.de\/updated\/app\/uploads-webp\/uploads\/2021\/09\/FritzBox-Smarthome-FritzDECT-Repeater-100-1680x945.jpg.webp\" media=\"(max-width: 991px) and (-webkit-min-device-pixel-ratio: 2.5)\" type=\"image\/webp\">\n                  <source srcset=\"https:\/\/www.otto.de\/updated\/app\/uploads\/2021\/09\/FritzBox-Smarthome-FritzDECT-Repeater-100-1680x945.jpg\" media=\"(max-width: 991px) and (-webkit-min-device-pixel-ratio: 2.5)\">\n                  <source srcset=\"https:\/\/www.otto.de\/updated\/app\/uploads-webp\/uploads\/2021\/09\/FritzBox-Smarthome-FritzDECT-Repeater-100-1120x630.jpg.webp\" media=\"(max-width: 991px) and (-webkit-min-device-pixel-ratio: 1.5)\" type=\"image\/webp\">\n                  <source srcset=\"https:\/\/www.otto.de\/updated\/app\/uploads\/2021\/09\/FritzBox-Smarthome-FritzDECT-Repeater-100-1120x630.jpg\" media=\"(max-width: 991px) and (-webkit-min-device-pixel-ratio: 1.5)\">\n                  <source srcset=\"https:\/\/www.otto.de\/updated\/app\/uploads-webp\/uploads\/2021\/09\/FritzBox-Smarthome-FritzDECT-Repeater-100-560x315.jpg.webp\" media=\"(max-width: 991px)\" type=\"image\/webp\">\n                  <source srcset=\"https:\/\/www.otto.de\/updated\/app\/uploads\/2021\/09\/FritzBox-Smarthome-FritzDECT-Repeater-100-560x315.jpg\" media=\"(max-width: 991px)\">\n        <source srcset=\"https:\/\/www.otto.de\/updated\/app\/uploads-webp\/uploads\/2021\/09\/FritzBox-Smarthome-FritzDECT-Repeater-100.jpg.webp\" media=\"(-webkit-min-device-pixel-ratio: 2.5)\" type=\"image\/webp\">\n  <source srcset=\"https:\/\/www.otto.de\/updated\/app\/uploads\/2021\/09\/FritzBox-Smarthome-FritzDECT-Repeater-100.jpg\" media=\"(-webkit-min-device-pixel-ratio: 2.5)\">\n  <source srcset=\"https:\/\/www.otto.de\/updated\/app\/uploads-webp\/uploads\/2021\/09\/FritzBox-Smarthome-FritzDECT-Repeater-100-1536x864.jpg.webp\" media=\"(-webkit-min-device-pixel-ratio: 1.5)\" type=\"image\/webp\">\n  <source srcset=\"https:\/\/www.otto.de\/updated\/app\/uploads\/2021\/09\/FritzBox-Smarthome-FritzDECT-Repeater-100-1536x864.jpg\" media=\"(-webkit-min-device-pixel-ratio: 1.5)\">\n  <source srcset=\"https:\/\/www.otto.de\/updated\/app\/uploads-webp\/uploads\/2021\/09\/FritzBox-Smarthome-FritzDECT-Repeater-100-768x432.jpg.webp\" type=\"image\/webp\">\n  <img loading=\"lazy\" decoding=\"async\" src=\"https:\/\/www.otto.de\/updated\/app\/uploads\/2021\/09\/FritzBox-Smarthome-FritzDECT-Repeater-100-768x432.jpg\" width=\"768\" height=\"432\" title=\"FritzDECT Repeater 100\" alt=\"Ein FritzDECT Repeater 100 steckt in der K\u00fcche. Am Strom-Durchgang h\u00e4ngt eine Kaffeemaschine.\" class=\"img-responsive img-small\" data-copyright=\"\u00a9 2021 AVM\" data-post-excerpt=\"Mit dem FritzDECT Repeater 100 verst\u00e4rkst du das DECT-Signal im Haus.\" data-light-value=\"dark\" data-zoom-width=\"1920\" data-zoom-height=\"1280\" data-zoom-src=\"https:\/\/www.otto.de\/updated\/app\/uploads\/2021\/09\/FritzBox-Smarthome-FritzDECT-Repeater-100.jpg\">\n                    <div class=\"caption dark\">\n          <small>\n            \u00a9 2021&nbsp;AVM&nbsp;<\/small>\n        <\/div>\n          <\/picture>\n  <\/div>\n      <figcaption class=\"post-excerpt\">\n      Mit dem Fritz\u00adDECT Repea\u00adter 100 ver\u00adst\u00e4rkst du das DECT-Signal im&nbsp;Haus.&nbsp;<\/figcaption>\n  <\/figure>\n          <\/div>\n    <div class=\"progress-bars\"><\/div>\n    <div class=\"zoom-icon-wrapper\">\n      <div class=\"zoom-icon\"><\/div>\n    <\/div>\n  <\/div>\n<div class=\"headline\"><a name=\"andere-hersteller-erweiterung-faellt-duerftig-aus\"><\/a><h3>Ande\u00adre Her\u00adstel\u00adler: Erwei\u00adte\u00adrung f\u00e4llt d\u00fcrf\u00adtig&nbsp;aus<\/h3><\/div>\n\t<div class=\"wpb_text_column wpb_content_element\">\n\t\t<div class=\"wpb_wrapper\">\n\t\t\t<p><span class=\"TextRun SCXW194835603 BCX0\" lang=\"DE-DE\" xml:lang=\"DE-DE\" data-contrast=\"auto\"><span class=\"NormalTextRun SCXW194835603 BCX0\">F\u00fcr DECT ULE gibt es noch eine Erwei\u00adte\u00adrung namens HAN FUN, was eine Abk\u00fcr\u00adzung f\u00fcr \u201e<\/span><\/span><span class=\"TextRun MacChromeBold SCXW194835603 BCX0\" lang=\"DE-DE\" xml:lang=\"DE-DE\" data-contrast=\"auto\"><span class=\"NormalTextRun SCXW194835603 BCX0\">H<\/span><\/span><span class=\"TextRun SCXW194835603 BCX0\" lang=\"DE-DE\" xml:lang=\"DE-DE\" data-contrast=\"auto\"><span class=\"NormalTextRun SCXW194835603 BCX0\">ome&nbsp;<\/span><\/span><span class=\"TextRun MacChromeBold SCXW194835603 BCX0\" lang=\"DE-DE\" xml:lang=\"DE-DE\" data-contrast=\"auto\"><span class=\"NormalTextRun SCXW194835603 BCX0\">A<\/span><\/span><span class=\"TextRun SCXW194835603 BCX0\" lang=\"DE-DE\" xml:lang=\"DE-DE\" data-contrast=\"auto\"><span class=\"NormalTextRun SCXW194835603 BCX0\">rea&nbsp;<\/span><\/span><span class=\"TextRun MacChromeBold SCXW194835603 BCX0\" lang=\"DE-DE\" xml:lang=\"DE-DE\" data-contrast=\"auto\"><span class=\"NormalTextRun SCXW194835603 BCX0\">N<\/span><\/span><span class=\"TextRun SCXW194835603 BCX0\" lang=\"DE-DE\" xml:lang=\"DE-DE\" data-contrast=\"auto\"><span class=\"NormalTextRun SCXW194835603 BCX0\">etwork&nbsp;<\/span><\/span><span class=\"TextRun MacChromeBold SCXW194835603 BCX0\" lang=\"DE-DE\" xml:lang=\"DE-DE\" data-contrast=\"auto\"><span class=\"NormalTextRun SpellingErrorV2 SCXW194835603 BCX0\">Fun<\/span><\/span><span class=\"TextRun SCXW194835603 BCX0\" lang=\"DE-DE\" xml:lang=\"DE-DE\" data-contrast=\"auto\"><span class=\"NormalTextRun SpellingErrorV2 SCXW194835603 BCX0\">ction\u00adal<\/span><span class=\"NormalTextRun SCXW194835603 BCX0\">&nbsp;Pro\u00adto\u00adcol\u201c ist. Das soll die Kom\u00admu\u00adni\u00adka\u00adti\u00adon zwi\u00adschen DECT-ULE-Pro\u00adduk\u00adten unter\u00adschied\u00adli\u00adcher Her\u00adstel\u00adler erleich\u00adtern. AVM unter\u00adst\u00fctzt die\u00adse Erwei\u00adte\u00adrung, wodurch sich grund\u00ads\u00e4tz\u00adlich auch Ger\u00e4\u00adte ande\u00adrer Unter\u00adneh\u00admen ins&nbsp;<\/span><span class=\"NormalTextRun SpellingErrorV2 SCXW194835603 BCX0\">Fritz\u00adbox<\/span><span class=\"NormalTextRun SCXW194835603 BCX0\">&nbsp;<\/span><span class=\"NormalTextRun SpellingErrorV2 SCXW194835603 BCX0\">Smar\u00adthome<\/span><span class=\"NormalTextRun SCXW194835603 BCX0\">&nbsp;ein\u00adbin\u00adden las\u00adsen. Aller\u00addings gibt es davon noch nicht gera\u00adde vie\u00adle.&nbsp;<\/span><span class=\"NormalTextRun SCXW194835603 BCX0\">Am nen\u00adnens\u00adwer\u00adtes\u00adten<\/span><span class=\"NormalTextRun SCXW194835603 BCX0\">&nbsp;sind hier wohl eini\u00adge Ger\u00e4\u00adte von Magen\u00adta&nbsp;<\/span><span class=\"NormalTextRun SpellingErrorV2 SCXW194835603 BCX0\">Smar\u00adthome<\/span><span class=\"NormalTextRun SCXW194835603 BCX0\">&nbsp;wie Lam\u00adpen, Sen\u00adso\u00adren und Zwi\u00adschen\u00adste\u00adcker. Eine voll\u00adst\u00e4n\u00addi\u00adge, jedoch noch sehr kur\u00adze<\/span><span class=\"NormalTextRun SCXW194835603 BCX0\">&nbsp;<\/span><span class=\"NormalTextRun SCXW194835603 BCX0\">Lis\u00adte unter\u00adst\u00fctz\u00adter Ger\u00e4\u00adte fin\u00addest du&nbsp;hier:<\/span><\/span><\/p>\n\n\t\t<\/div>\n\t<\/div>\n      <a href=\"https:\/\/avm.de\/smarthome\/mit-fritz-kompatible-geraete\/\" target=\"_blank\">\n  <div class=\"readable-button-container colorful\">\n    <div class=\"readable-button-outer\">\n      <div class=\"readable-button-inner\">\n        <div class=\"readable-button-text\">\n          <div class=\"readable-button-small-headline-container\">\n            <div class=\"readable-button-small-headline\">\n              <span>\n                Fritz\u00adbox Smarthome&nbsp;<\/span>\n            <\/div>\n          <\/div>\n        <\/div>\n        <img loading=\"lazy\" decoding=\"async\" class=\"readable-button-icon colorful\" src=\"https:\/\/www.otto.de\/updated\/app\/themes\/main\/assets\/images\/relaunch\/icons\/buttonIcons\/link-box-arrow.svg\" width=\"31\" height=\"30\">\n      <\/div>\n      <div class=\"readable-button-headline colorful\">\n        <span>\n          \u00dcber\u00adsicht der unter\u00adst\u00fct\u00adzen Pro\u00adduk\u00adte von Fremdanbietern&nbsp;<\/span>\n      <\/div>\n    <\/div>\n  <\/div>\n<\/a>\n<\/div><\/div><\/div><\/div><div class=\"vc_row wpb_row vc_row-fluid\"><div class=\"wpb_column vc_column_container vc_col-sm-12\"><div class=\"vc_column-inner\"><div class=\"wpb_wrapper\"><div class=\"headline toc--item\"><a name=\"einrichtung-ein-knopfdruck-genuegt\"><\/a><h2>Ein\u00adrich\u00adtung: Ein Knopf\u00addruck gen\u00fcgt<\/h2><\/div>\n\t<div class=\"wpb_text_column wpb_content_element\">\n\t\t<div class=\"wpb_wrapper\">\n\t\t\t<p><span class=\"TextRun SCXW223410899 BCX0\" lang=\"DE-DE\" xml:lang=\"DE-DE\" data-contrast=\"auto\"><span class=\"NormalTextRun SCXW223410899 BCX0\">Das Ein\u00adbin\u00adden neu\u00ader Ger\u00e4\u00adte in das&nbsp;<\/span><span class=\"NormalTextRun SpellingErrorV2 SCXW223410899 BCX0\">Smar\u00adthome<\/span><span class=\"NormalTextRun SCXW223410899 BCX0\">&nbsp;von AVM funk\u00adtio\u00adniert ganz ein\u00adfach. Du brauchst nur jeweils eine Tas\u00adte auf dem Ger\u00e4t und eine auf dem Rou\u00adter zu dr\u00fc\u00adcken, schon star\u00adtet die Ver\u00adbin\u00addung, die nach weni\u00adgen Sekun\u00adden abge\u00adschlos\u00adsen sein soll\u00adte. Das neue Ger\u00e4t taucht dann in der App oder in den Ein\u00adstel\u00adlun\u00adgen dei\u00adner&nbsp;<\/span><span class=\"NormalTextRun SpellingErrorV2 SCXW223410899 BCX0\">Fritz\u00adbox<\/span><span class=\"NormalTextRun SCXW223410899 BCX0\"> auf und l\u00e4sst sich pro\u00adgram\u00admie\u00adren. Mehr zur Soft\u00adware aber im Folgenden.<\/span><\/span><\/p>\n\n\t\t<\/div>\n\t<\/div>\n<\/div><\/div><\/div><\/div><div class=\"vc_row wpb_row vc_row-fluid\"><div class=\"wpb_column vc_column_container vc_col-sm-12\"><div class=\"vc_column-inner\"><div class=\"wpb_wrapper\"><div class=\"headline toc--item\"><a name=\"steuerung-des-smarthomes-per-app-und-browser\"><\/a><h2>Steue\u00adrung des Smar\u00adtho\u00admes: Per App und Browser<\/h2><\/div>\n\t<div class=\"wpb_text_column wpb_content_element\">\n\t\t<div class=\"wpb_wrapper\">\n\t\t\t<p><span class=\"TextRun SCXW25870250 BCX0\" lang=\"DE-DE\" xml:lang=\"DE-DE\" data-contrast=\"auto\"><span class=\"NormalTextRun SCXW25870250 BCX0\">Hast du dir dein&nbsp;<\/span><span class=\"NormalTextRun SpellingErrorV2 SCXW25870250 BCX0\">Smar\u00adthome<\/span><span class=\"NormalTextRun SCXW25870250 BCX0\">&nbsp;von AVM zusam\u00admen\u00adge\u00adstellt, bleibt nat\u00fcr\u00adlich noch die Fra\u00adge nach der Steue\u00adrung. Wie du dir viel\u00adleicht schon denkst, gibt es daf\u00fcr eine App. Die\u00adse hei\u00dft schlicht \u201e<\/span><span class=\"NormalTextRun SpellingErrorV2 SCXW25870250 BCX0\">Fritz\u00adApp<\/span><span class=\"NormalTextRun SCXW25870250 BCX0\">&nbsp;Smart Home\u201c und b\u00fcn\u00addelt alle Funk\u00adtio\u00adnen des Sys\u00adtems. In der \u00dcber\u00adsicht legst du Ger\u00e4\u00adte und R\u00e4u\u00adme fest, die du steu\u00adern m\u00f6ch\u00adtest. Anschlie\u00ad\u00dfend w\u00e4hlst du ein\u00adfach per&nbsp;<\/span><span class=\"NormalTextRun SCXW25870250 BCX0\">Touch&nbsp;<\/span><span class=\"NormalTextRun SCXW25870250 BCX0\">aus, was pas\u00adsie\u00adren soll. Das klappt auch von unter\u00adwegs, also au\u00dfer\u00adhalb des hei\u00admi\u00adschen Netz\u00adwerks. Alter\u00adna\u00adtiv dazu kannst du dein&nbsp;<\/span><span class=\"NormalTextRun SpellingErrorV2 SCXW25870250 BCX0\">Smar\u00adthome<\/span><span class=\"NormalTextRun SCXW25870250 BCX0\">&nbsp;\u00fcber den Brow\u00adser steu\u00adern, wenn du die Ein\u00adstel\u00adlun\u00adgen dei\u00adner&nbsp;<\/span><span class=\"NormalTextRun SpellingErrorV2 SCXW25870250 BCX0\">Fritz\u00adbox<\/span><span class=\"NormalTextRun SCXW25870250 BCX0\">&nbsp;auf\u00adrufst. Hast du&nbsp;<\/span><span class=\"NormalTextRun SCXW25870250 BCX0\">ein&nbsp;<\/span><span class=\"NormalTextRun SpellingErrorV2 SCXW25870250 BCX0\">Fritz\u00adFon<\/span><span class=\"NormalTextRun SCXW25870250 BCX0\">&nbsp;<\/span><span class=\"NormalTextRun SCXW25870250 BCX0\">mit&nbsp;<\/span><span class=\"NormalTextRun SCXW25870250 BCX0\">Farb\u00addis\u00adplay (aktu\u00adell C5 und C6), las\u00adsen sich die Ger\u00e4\u00adte sogar dar\u00ad\u00fcber ansteuern.<\/span><\/span><\/p>\n\n\t\t<\/div>\n\t<\/div>\n  <div class=\"slick-gallery-wrapper gallery-no-padding\" data-number-of-slides=\"1\">\n    <div class=\"slick-gallery should-lightbox \" id=\"slick_gallery_0bg8wf3lhfLUb55wfPX1\">\n              <figure>\n  <div class=\"img-small-container\">\n    <div class=\"img-small-hover-background\"><\/div>\n    <picture>\n                                <source srcset=\"https:\/\/www.otto.de\/updated\/app\/uploads-webp\/uploads\/2021\/09\/Fritzbox-Smarthome-FritzBox-7590-AX-1080x615.jpg.webp\" media=\"(max-width: 360px) and (-webkit-min-device-pixel-ratio: 2.5)\" type=\"image\/webp\">\n                  <source srcset=\"https:\/\/www.otto.de\/updated\/app\/uploads\/2021\/09\/Fritzbox-Smarthome-FritzBox-7590-AX-1080x615.jpg\" media=\"(max-width: 360px) and (-webkit-min-device-pixel-ratio: 2.5)\">\n                  <source srcset=\"https:\/\/www.otto.de\/updated\/app\/uploads-webp\/uploads\/2021\/09\/Fritzbox-Smarthome-FritzBox-7590-AX-720x410.jpg.webp\" media=\"(max-width: 360px) and (-webkit-min-device-pixel-ratio: 1.5)\" type=\"image\/webp\">\n                  <source srcset=\"https:\/\/www.otto.de\/updated\/app\/uploads\/2021\/09\/Fritzbox-Smarthome-FritzBox-7590-AX-720x410.jpg\" media=\"(max-width: 360px) and (-webkit-min-device-pixel-ratio: 1.5)\">\n                  <source srcset=\"https:\/\/www.otto.de\/updated\/app\/uploads-webp\/uploads\/2021\/09\/Fritzbox-Smarthome-FritzBox-7590-AX-360x205.jpg.webp\" media=\"(max-width: 360px)\" type=\"image\/webp\">\n                  <source srcset=\"https:\/\/www.otto.de\/updated\/app\/uploads\/2021\/09\/Fritzbox-Smarthome-FritzBox-7590-AX-360x205.jpg\" media=\"(max-width: 360px)\">\n                    <source srcset=\"https:\/\/www.otto.de\/updated\/app\/uploads-webp\/uploads\/2021\/09\/Fritzbox-Smarthome-FritzBox-7590-AX-1680x945.jpg.webp\" media=\"(max-width: 560px) and (-webkit-min-device-pixel-ratio: 2.5)\" type=\"image\/webp\">\n                  <source srcset=\"https:\/\/www.otto.de\/updated\/app\/uploads\/2021\/09\/Fritzbox-Smarthome-FritzBox-7590-AX-1680x945.jpg\" media=\"(max-width: 560px) and (-webkit-min-device-pixel-ratio: 2.5)\">\n                  <source srcset=\"https:\/\/www.otto.de\/updated\/app\/uploads-webp\/uploads\/2021\/09\/Fritzbox-Smarthome-FritzBox-7590-AX-1120x630.jpg.webp\" media=\"(max-width: 560px) and (-webkit-min-device-pixel-ratio: 1.5)\" type=\"image\/webp\">\n                  <source srcset=\"https:\/\/www.otto.de\/updated\/app\/uploads\/2021\/09\/Fritzbox-Smarthome-FritzBox-7590-AX-1120x630.jpg\" media=\"(max-width: 560px) and (-webkit-min-device-pixel-ratio: 1.5)\">\n                  <source srcset=\"https:\/\/www.otto.de\/updated\/app\/uploads-webp\/uploads\/2021\/09\/Fritzbox-Smarthome-FritzBox-7590-AX-560x315.jpg.webp\" media=\"(max-width: 560px)\" type=\"image\/webp\">\n                  <source srcset=\"https:\/\/www.otto.de\/updated\/app\/uploads\/2021\/09\/Fritzbox-Smarthome-FritzBox-7590-AX-560x315.jpg\" media=\"(max-width: 560px)\">\n                    <source srcset=\"https:\/\/www.otto.de\/updated\/app\/uploads-webp\/uploads\/2021\/09\/Fritzbox-Smarthome-FritzBox-7590-AX.jpg.webp\" media=\"(max-width: 767px) and (-webkit-min-device-pixel-ratio: 2.5)\" type=\"image\/webp\">\n                  <source srcset=\"https:\/\/www.otto.de\/updated\/app\/uploads\/2021\/09\/Fritzbox-Smarthome-FritzBox-7590-AX.jpg\" media=\"(max-width: 767px) and (-webkit-min-device-pixel-ratio: 2.5)\">\n                  <source srcset=\"https:\/\/www.otto.de\/updated\/app\/uploads-webp\/uploads\/2021\/09\/Fritzbox-Smarthome-FritzBox-7590-AX-1536x864.jpg.webp\" media=\"(max-width: 767px) and (-webkit-min-device-pixel-ratio: 1.5)\" type=\"image\/webp\">\n                  <source srcset=\"https:\/\/www.otto.de\/updated\/app\/uploads\/2021\/09\/Fritzbox-Smarthome-FritzBox-7590-AX-1536x864.jpg\" media=\"(max-width: 767px) and (-webkit-min-device-pixel-ratio: 1.5)\">\n                  <source srcset=\"https:\/\/www.otto.de\/updated\/app\/uploads-webp\/uploads\/2021\/09\/Fritzbox-Smarthome-FritzBox-7590-AX-768x432.jpg.webp\" media=\"(max-width: 767px)\" type=\"image\/webp\">\n                  <source srcset=\"https:\/\/www.otto.de\/updated\/app\/uploads\/2021\/09\/Fritzbox-Smarthome-FritzBox-7590-AX-768x432.jpg\" media=\"(max-width: 767px)\">\n                    <source srcset=\"https:\/\/www.otto.de\/updated\/app\/uploads-webp\/uploads\/2021\/09\/Fritzbox-Smarthome-FritzBox-7590-AX-1680x945.jpg.webp\" media=\"(max-width: 991px) and (-webkit-min-device-pixel-ratio: 2.5)\" type=\"image\/webp\">\n                  <source srcset=\"https:\/\/www.otto.de\/updated\/app\/uploads\/2021\/09\/Fritzbox-Smarthome-FritzBox-7590-AX-1680x945.jpg\" media=\"(max-width: 991px) and (-webkit-min-device-pixel-ratio: 2.5)\">\n                  <source srcset=\"https:\/\/www.otto.de\/updated\/app\/uploads-webp\/uploads\/2021\/09\/Fritzbox-Smarthome-FritzBox-7590-AX-1120x630.jpg.webp\" media=\"(max-width: 991px) and (-webkit-min-device-pixel-ratio: 1.5)\" type=\"image\/webp\">\n                  <source srcset=\"https:\/\/www.otto.de\/updated\/app\/uploads\/2021\/09\/Fritzbox-Smarthome-FritzBox-7590-AX-1120x630.jpg\" media=\"(max-width: 991px) and (-webkit-min-device-pixel-ratio: 1.5)\">\n                  <source srcset=\"https:\/\/www.otto.de\/updated\/app\/uploads-webp\/uploads\/2021\/09\/Fritzbox-Smarthome-FritzBox-7590-AX-560x315.jpg.webp\" media=\"(max-width: 991px)\" type=\"image\/webp\">\n                  <source srcset=\"https:\/\/www.otto.de\/updated\/app\/uploads\/2021\/09\/Fritzbox-Smarthome-FritzBox-7590-AX-560x315.jpg\" media=\"(max-width: 991px)\">\n        <source srcset=\"https:\/\/www.otto.de\/updated\/app\/uploads-webp\/uploads\/2021\/09\/Fritzbox-Smarthome-FritzBox-7590-AX.jpg.webp\" media=\"(-webkit-min-device-pixel-ratio: 2.5)\" type=\"image\/webp\">\n  <source srcset=\"https:\/\/www.otto.de\/updated\/app\/uploads\/2021\/09\/Fritzbox-Smarthome-FritzBox-7590-AX.jpg\" media=\"(-webkit-min-device-pixel-ratio: 2.5)\">\n  <source srcset=\"https:\/\/www.otto.de\/updated\/app\/uploads-webp\/uploads\/2021\/09\/Fritzbox-Smarthome-FritzBox-7590-AX-1536x864.jpg.webp\" media=\"(-webkit-min-device-pixel-ratio: 1.5)\" type=\"image\/webp\">\n  <source srcset=\"https:\/\/www.otto.de\/updated\/app\/uploads\/2021\/09\/Fritzbox-Smarthome-FritzBox-7590-AX-1536x864.jpg\" media=\"(-webkit-min-device-pixel-ratio: 1.5)\">\n  <source srcset=\"https:\/\/www.otto.de\/updated\/app\/uploads-webp\/uploads\/2021\/09\/Fritzbox-Smarthome-FritzBox-7590-AX-768x432.jpg.webp\" type=\"image\/webp\">\n  <img loading=\"lazy\" decoding=\"async\" src=\"https:\/\/www.otto.de\/updated\/app\/uploads\/2021\/09\/Fritzbox-Smarthome-FritzBox-7590-AX-768x432.jpg\" width=\"768\" height=\"432\" title=\"Fritzbox Smarthome\" alt=\"Zwei Personen sitzen in einem Wohnzimmer und schauen auf ein Smartphone. Neben ihnen steht eine Fritzbox 7590 AX auf einem kleinen Tisch.\" class=\"img-responsive img-small\" data-copyright=\"\u00a9 2021 AVM\" data-post-excerpt=\"Die Steuerung des Smarthomes erfolgt per Smartphone-App oder \u00fcber die Router-Einstellungen im Browser.\" data-light-value=\"dark\" data-zoom-width=\"1920\" data-zoom-height=\"1280\" data-zoom-src=\"https:\/\/www.otto.de\/updated\/app\/uploads\/2021\/09\/Fritzbox-Smarthome-FritzBox-7590-AX.jpg\">\n                    <div class=\"caption dark\">\n          <small>\n            \u00a9 2021&nbsp;AVM&nbsp;<\/small>\n        <\/div>\n          <\/picture>\n  <\/div>\n      <figcaption class=\"post-excerpt\">\n      Die Steue\u00adrung des Smar\u00adtho\u00admes erfolgt per Smart\u00adphone-App oder \u00fcber die Rou\u00adter-Ein\u00adstel\u00adlun\u00adgen im Browser.&nbsp;<\/figcaption>\n  <\/figure>\n          <\/div>\n    <div class=\"progress-bars\"><\/div>\n    <div class=\"zoom-icon-wrapper\">\n      <div class=\"zoom-icon\"><\/div>\n    <\/div>\n  <\/div>\n<\/div><\/div><\/div><\/div><div class=\"vc_row wpb_row vc_row-fluid\"><div class=\"wpb_column vc_column_container vc_col-sm-12\"><div class=\"vc_column-inner\"><div class=\"wpb_wrapper\"><div class=\"headline toc--item\"><a name=\"sprachsteuerung-leider-nicht-so-einfach-moeglich\"><\/a><h2>Sprach\u00adsteue\u00adrung: Lei\u00adder nicht so ein\u00adfach m\u00f6glich<\/h2><\/div>\n\t<div class=\"wpb_text_column wpb_content_element\">\n\t\t<div class=\"wpb_wrapper\">\n\t\t\t<p><span class=\"TextRun SCXW94168320 BCX0\" lang=\"DE-DE\" xml:lang=\"DE-DE\" data-contrast=\"auto\"><span class=\"NormalTextRun SCXW94168320 BCX0\">AVM schreibt das The\u00adma Daten\u00adschutz gro\u00df. Im Fall des&nbsp;<\/span><span class=\"NormalTextRun SpellingErrorV2 SCXW94168320 BCX0\">Smar\u00adthome<\/span><span class=\"NormalTextRun SCXW94168320 BCX0\">-Sys\u00adtems bedeu\u00adtet das, dass eine Anbin\u00addung an Cloud-Diens\u00adte nicht m\u00f6g\u00adlich ist. S\u00e4mt\u00adli\u00adche Daten sol\u00adlen immer inner\u00adhalb des Sys\u00adtems blei\u00adben, m\u00f6g\u00adlichst lokal. Aller\u00addings f\u00fchrt das zu einem klei\u00adnen Kom\u00adfort-Pro\u00adblem, denn es schlie\u00dft die Steue\u00adrung \u00fcber Sprach\u00adas\u00adsis\u00adtenz\u00adsys\u00adte\u00adme aus. Ale\u00adxa, Siri &amp; Co. d\u00fcr\u00adfen hier also nicht mit\u00admi\u00adschen. \u00dcber einen kur\u00adzen Umweg geht es aber<\/span><span class=\"NormalTextRun SCXW94168320 BCX0\">&nbsp;doch<\/span><span class=\"NormalTextRun SCXW94168320 BCX0\">, zumin\u00addest in gewis\u00adsem Umfang: Das Tool <\/span><\/span><a class=\"Hyperlink SCXW94168320 BCX0\" href=\"https:\/\/www.fbsmarthome.site\/\" target=\"_blank\" rel=\"noreferrer noopener nofollow\"><span class=\"TextRun Underlined SCXW94168320 BCX0\" lang=\"DE-DE\" xml:lang=\"DE-DE\" data-contrast=\"none\"><span class=\"NormalTextRun SCXW94168320 BCX0\" data-ccp-charstyle=\"Hyperlink\">FB Smart Home<\/span><\/span><\/a> <span class=\"TextRun SCXW94168320 BCX0\" lang=\"DE-DE\" xml:lang=\"DE-DE\" data-contrast=\"auto\"><span class=\"NormalTextRun SCXW94168320 BCX0\">l\u00e4sst dich dei\u00adne Fritz-Ger\u00e4\u00adte per Ale\u00adxa und Goog\u00adle&nbsp;<\/span><span class=\"NormalTextRun SpellingErrorV2 SCXW94168320 BCX0\">Assistant<\/span><span class=\"NormalTextRun SCXW94168320 BCX0\"> steuern.<\/span><\/span><\/p>\n\n\t\t<\/div>\n\t<\/div>\n<\/div><\/div><\/div><\/div><div class=\"vc_row wpb_row vc_row-fluid\"><div class=\"wpb_column vc_column_container vc_col-sm-12\"><div class=\"vc_column-inner\"><div class=\"wpb_wrapper\"><div class=\"headline toc--item\"><a name=\"fritzbox-smarthome-einfach-aber-nicht-sonderlich-umfangreich\"><\/a><h2>Fritz\u00adbox Smar\u00adthome: Ein\u00adfach, aber nicht son\u00adder\u00adlich umfangreich<\/h2><\/div>\n\t<div class=\"wpb_text_column wpb_content_element\">\n\t\t<div class=\"wpb_wrapper\">\n\t\t\t<p><span class=\"TextRun SCXW69622984 BCX0\" lang=\"DE-DE\" xml:lang=\"DE-DE\" data-contrast=\"auto\"><span class=\"NormalTextRun SCXW69622984 BCX0\">Mit einer&nbsp;<\/span><span class=\"NormalTextRun SpellingErrorV2 SCXW69622984 BCX0\">Fritz\u00adbox<\/span><span class=\"NormalTextRun SCXW69622984 BCX0\">&nbsp;im Haus ist der Ein\u00adstieg ins&nbsp;<\/span><span class=\"NormalTextRun SpellingErrorV2 SCXW69622984 BCX0\">Smar\u00adthome<\/span><span class=\"NormalTextRun SCXW69622984 BCX0\">&nbsp;von AVM bereits gemacht. Ger\u00e4\u00adte las\u00adsen sich dann dazu\u00adkau\u00adfen und inner\u00adhalb kur\u00adzer Zeit ein\u00adbin\u00adden&nbsp;<\/span><span class=\"NormalTextRun SCXW69622984 BCX0\">sowie<\/span><span class=\"NormalTextRun SCXW69622984 BCX0\">&nbsp;pro\u00adgram\u00admie\u00adren. Das macht die L\u00f6sung aus Ber\u00adlin sehr ein\u00adfach. Aller\u00addings ist sie nur inter\u00ades\u00adsant, wenn du eher klei\u00adne\u00adre Tei\u00adle dei\u00adnes Zuhau\u00adses smart machen m\u00f6ch\u00adtest. Dem Sys\u00adtem fehlt es n\u00e4m\u00adlich vor allem an Aus\u00adwahl. Das The\u00adma Sicher\u00adheit deckt AVM bei\u00adspiels\u00adwei\u00adse gar nicht ab. Licht und Schat\u00adten bie\u00adtet der Daten\u00adschutz: Nat\u00fcr\u00adlich ist es gut, wenn dei\u00adne Daten m\u00f6g\u00adlichst bei dir blei\u00adben, aller\u00addings fal\u00adlen so Kom\u00adfort-Funk\u00adtio\u00adnen wie die Sprach\u00adsteue\u00adrung oder das&nbsp;<\/span><span class=\"NormalTextRun SpellingErrorV2 SCXW69622984 BCX0\">Geo\u00adfen\u00adcing<\/span><span class=\"NormalTextRun SCXW69622984 BCX0\"> weg. Mit letz\u00adte\u00adrem&nbsp;k\u00f6nn\u00adtest du etwa fest\u00adle\u00adgen, dass sich Zwi\u00adschen\u00adste\u00adcker auto\u00adma\u00adtisch aus\u00adschal\u00adten, sobald du das Haus ver\u00adl\u00e4sst. Immer\u00adhin: Preis\u00adlich liegt die Tech\u00adnik daf\u00fcr auf einem ver\u00adn\u00fcnf\u00adti\u00adgen Niveau.<\/span><\/span><\/p>\n\n\t\t<\/div>\n\t<\/div>\n<\/div><\/div><\/div><\/div>\n<\/div>","protected":false},"excerpt":{"rendered":"Die Fritz\u00adBox kennst du bestimmt als&nbsp;Inter\u00adnet\u00adrou\u00adter. Aber das Ger\u00e4t aus dem Hau\u00adse AVM kann noch mehr: In der Fritz\u00adBox steckt auch eine kom\u00adplet\u00adte Smar\u00adthome-Zen\u00adtra\u00adle,&nbsp;mit der du bei\u00adspiels\u00adwei\u00adse Lam\u00adpen und Hei\u00adzungs\u00adther\u00admo\u00adsta\u00adte steu\u00adern kannst. Was du daf\u00fcr brauchst, wel\u00adche Ger\u00e4\u00adte es gibt und was Fritz Smar\u00adthome so beson\u00adders macht, erf\u00e4hrst du hier. Das erfahrt ihr gleichAVM Fritzbox:&nbsp;[\u2026]","protected":false},"author":102,"featured_media":91870,"comment_status":"open","ping_status":"open","sticky":false,"template":"","format":"standard","meta":{"_acf_changed":false,"wp_typography_post_enhancements_disabled":false,"footnotes":""},"categories":[35479,35478,35477,35462],"tags":[272],"class_list":["post-91944","post","type-post","status-publish","format-standard","has-post-thumbnail","hentry","category-smart-heizen","category-smartes-licht","category-smarthome","category-work-connect","tag-smart-home"],"acf":[],"yoast_head":"<!-- This site is optimized with the Yoast SEO Premium plugin v25.1 (Yoast SEO v25.1) - https:\/\/yoast.com\/wordpress\/plugins\/seo\/ -->\n<title>FritzBox Smarthome: Ger\u00e4te und M\u00f6glichkeiten | OTTO<\/title>\n<meta name=\"description\" content=\"Unter der Marke Fritz Smarthome bietet AVM eine Reihe von Smarthome-L\u00f6sungen an. Welche das sind und was du damit machen kannst, erf\u00e4hrst du hier.\" \/>\n<meta name=\"robots\" content=\"index, follow, max-snippet:-1, max-image-preview:large, max-video-preview:-1\" \/>\n<link rel=\"canonical\" href=\"https:\/\/www.otto.de\/updated\/fritzbox-smarthome-geraete-und-moeglichkeiten-91944\/\" \/>\n<meta property=\"og:locale\" content=\"de_DE\" \/>\n<meta property=\"og:type\" content=\"article\" \/>\n<meta property=\"og:title\" content=\"FritzBox Smarthome: Ger\u00e4te und M\u00f6glichkeiten\" \/>\n<meta property=\"og:description\" content=\"Unter der Marke Fritz Smarthome bietet AVM eine Reihe von Smarthome-L\u00f6sungen an. Welche das sind und was du damit machen kannst, erf\u00e4hrst du hier.\" \/>\n<meta property=\"og:url\" content=\"https:\/\/www.otto.de\/updated\/fritzbox-smarthome-geraete-und-moeglichkeiten-91944\/\" \/>\n<meta property=\"og:site_name\" content=\"UPDATED\" \/>\n<meta property=\"article:publisher\" content=\"https:\/\/www.facebook.com\/updated.de\/\" \/>\n<meta property=\"article:published_time\" content=\"2021-09-13T12:40:49+00:00\" \/>\n<meta property=\"article:modified_time\" content=\"2022-11-03T10:28:26+00:00\" \/>\n<meta property=\"og:image\" content=\"https:\/\/www.otto.de\/updated\/app\/uploads\/2021\/09\/AVM-FritzBox-Smarthome_01.jpg\" \/>\n\t<meta property=\"og:image:width\" content=\"1920\" \/>\n\t<meta property=\"og:image:height\" content=\"1280\" \/>\n\t<meta property=\"og:image:type\" content=\"image\/jpeg\" \/>\n<meta name=\"author\" content=\"Thomas Bott\" \/>\n<meta name=\"twitter:card\" content=\"summary_large_image\" \/>\n<meta name=\"twitter:creator\" content=\"@updated_de\" \/>\n<meta name=\"twitter:site\" content=\"@updated_de\" \/>\n<meta name=\"twitter:label1\" content=\"Written by\" \/>\n\t<meta name=\"twitter:data1\" content=\"Thomas Bott\" \/>\n\t<meta name=\"twitter:label2\" content=\"Est. reading time\" \/>\n\t<meta name=\"twitter:data2\" content=\"9\u00a0Minuten\" \/>\n<script type=\"application\/ld+json\" class=\"yoast-schema-graph\">{\"@context\":\"https:\/\/schema.org\",\"@graph\":[{\"@type\":\"WebPage\",\"@id\":\"https:\/\/www.otto.de\/updated\/fritzbox-smarthome-geraete-und-moeglichkeiten-91944\/\",\"url\":\"https:\/\/www.otto.de\/updated\/fritzbox-smarthome-geraete-und-moeglichkeiten-91944\/\",\"name\":\"FritzBox Smarthome: Ger\u00e4te und M\u00f6glichkeiten | OTTO\",\"isPartOf\":{\"@id\":\"https:\/\/www.otto.de\/updated\/#website\"},\"primaryImageOfPage\":{\"@id\":\"https:\/\/www.otto.de\/updated\/fritzbox-smarthome-geraete-und-moeglichkeiten-91944\/#primaryimage\"},\"image\":{\"@id\":\"https:\/\/www.otto.de\/updated\/fritzbox-smarthome-geraete-und-moeglichkeiten-91944\/#primaryimage\"},\"thumbnailUrl\":\"https:\/\/www.otto.de\/updated\/app\/uploads\/2021\/09\/AVM-FritzBox-Smarthome_01.jpg\",\"datePublished\":\"2021-09-13T12:40:49+00:00\",\"dateModified\":\"2022-11-03T10:28:26+00:00\",\"author\":{\"@id\":\"https:\/\/www.otto.de\/updated\/#\/schema\/person\/c789d338d6a16a702d57cb6fbbf44e9d\"},\"description\":\"Unter der Marke Fritz Smarthome bietet AVM eine Reihe von Smarthome-L\u00f6sungen an. Welche das sind und was du damit machen kannst, erf\u00e4hrst du hier.\",\"breadcrumb\":{\"@id\":\"https:\/\/www.otto.de\/updated\/fritzbox-smarthome-geraete-und-moeglichkeiten-91944\/#breadcrumb\"},\"inLanguage\":\"de\",\"potentialAction\":[{\"@type\":\"ReadAction\",\"target\":[\"https:\/\/www.otto.de\/updated\/fritzbox-smarthome-geraete-und-moeglichkeiten-91944\/\"]}]},{\"@type\":\"ImageObject\",\"inLanguage\":\"de\",\"@id\":\"https:\/\/www.otto.de\/updated\/fritzbox-smarthome-geraete-und-moeglichkeiten-91944\/#primaryimage\",\"url\":\"https:\/\/www.otto.de\/updated\/app\/uploads\/2021\/09\/AVM-FritzBox-Smarthome_01.jpg\",\"contentUrl\":\"https:\/\/www.otto.de\/updated\/app\/uploads\/2021\/09\/AVM-FritzBox-Smarthome_01.jpg\",\"width\":1920,\"height\":1280,\"caption\":\"Mit Fritzbox Smarthome bekommst du ein paar Ger\u00e4te f\u00fcr dein Smarthome geboten, die du ganz einfach in dein heimisches Netz einbindest.\"},{\"@type\":\"BreadcrumbList\",\"@id\":\"https:\/\/www.otto.de\/updated\/fritzbox-smarthome-geraete-und-moeglichkeiten-91944\/#breadcrumb\",\"itemListElement\":[{\"@type\":\"ListItem\",\"position\":1,\"name\":\"Startseite\",\"item\":\"\/updated\/\"},{\"@type\":\"ListItem\",\"position\":2,\"name\":\"Work &amp; Connect\",\"item\":\"https:\/\/www.otto.de\/updated\/work-connect\/\"},{\"@type\":\"ListItem\",\"position\":3,\"name\":\"Smarthome\",\"item\":\"https:\/\/www.otto.de\/updated\/smarthome\/\"},{\"@type\":\"ListItem\",\"position\":4,\"name\":\"Fritz\u00adBox Smar\u00adthome: Ger\u00e4\u00adte und M\u00f6glichkeiten\"}]},{\"@type\":\"WebSite\",\"@id\":\"https:\/\/www.otto.de\/updated\/#website\",\"url\":\"https:\/\/www.otto.de\/updated\/\",\"name\":\"UPDATED\",\"description\":\"\",\"potentialAction\":[{\"@type\":\"SearchAction\",\"target\":{\"@type\":\"EntryPoint\",\"urlTemplate\":\"https:\/\/www.otto.de\/updated\/?s={search_term_string}\"},\"query-input\":{\"@type\":\"PropertyValueSpecification\",\"valueRequired\":true,\"valueName\":\"search_term_string\"}}],\"inLanguage\":\"de\"},{\"@type\":\"Person\",\"@id\":\"https:\/\/www.otto.de\/updated\/#\/schema\/person\/c789d338d6a16a702d57cb6fbbf44e9d\",\"name\":\"Thomas Bott\",\"description\":\"Tom ist gelernter Journalist und hat in seinem Beruf mittlerweile fast zwei Jahrzehnte auf dem Buckel. Neben kleinen Ausfl\u00fcgen in die Bereiche Sport und Automotive hat er sich bisher haupts\u00e4chlich mit Games und Technik auseinandergesetzt. Darunter etwa als ehemaliger Teil der Redaktion von COMPUTER BILD. Neue Konsolen, Spiele, Smartphones, Laptops und mehr: Tom ist immer auf dem Laufenden und somit stets erster Ansprechpartner dazu im Familien- und Freundeskreis. Bei UPDATED gibt er diese Expertise gerne an ein noch breiteres Publikum weiter.\",\"url\":\"https:\/\/www.otto.de\/updated\/redaktion\/\",\"image\":null,\"colleague\":[\"https:\/\/www.otto.de\/updated\/redaktion\/alexander-kraft\/\",\"https:\/\/www.otto.de\/updated\/redaktion\/anne-beyer\/\",\"https:\/\/www.otto.de\/updated\/redaktion\/arne-schaetzle\/\",\"https:\/\/www.otto.de\/updated\/redaktion\/jana-janssen\/\",\"https:\/\/www.otto.de\/updated\/redaktion\/pascal-wuttke\/\",\"https:\/\/www.otto.de\/updated\/redaktion\/thomas-bott\/\"],\"worksFor\":[{\"@type\":\"Organization\",\"id\":\"https:\/\/www.otto.de\/updated\/#organization\",\"name\":\"UPDATED\"}]}]}<\/script>\n<!-- \/ Yoast SEO Premium plugin. -->","yoast_head_json":{"title":"FritzBox Smarthome: Ger\u00e4te und M\u00f6glichkeiten | OTTO","description":"Unter der Marke Fritz Smarthome bietet AVM eine Reihe von Smarthome-L\u00f6sungen an. Welche das sind und was du damit machen kannst, erf\u00e4hrst du hier.","robots":{"index":"index","follow":"follow","max-snippet":"max-snippet:-1","max-image-preview":"max-image-preview:large","max-video-preview":"max-video-preview:-1"},"canonical":"https:\/\/www.otto.de\/updated\/fritzbox-smarthome-geraete-und-moeglichkeiten-91944\/","og_locale":"de_DE","og_type":"article","og_title":"FritzBox Smarthome: Ger\u00e4te und M\u00f6glichkeiten","og_description":"Unter der Marke Fritz Smarthome bietet AVM eine Reihe von Smarthome-L\u00f6sungen an. Welche das sind und was du damit machen kannst, erf\u00e4hrst du hier.","og_url":"https:\/\/www.otto.de\/updated\/fritzbox-smarthome-geraete-und-moeglichkeiten-91944\/","og_site_name":"UPDATED","article_publisher":"https:\/\/www.facebook.com\/updated.de\/","article_published_time":"2021-09-13T12:40:49+00:00","article_modified_time":"2022-11-03T10:28:26+00:00","og_image":[{"width":1920,"height":1280,"url":"https:\/\/www.otto.de\/updated\/app\/uploads\/2021\/09\/AVM-FritzBox-Smarthome_01.jpg","type":"image\/jpeg"}],"author":"Thomas Bott","twitter_card":"summary_large_image","twitter_creator":"@updated_de","twitter_site":"@updated_de","twitter_misc":{"Written by":"Thomas Bott","Est. reading time":"9\u00a0Minuten"},"schema":{"@context":"https:\/\/schema.org","@graph":[{"@type":"WebPage","@id":"https:\/\/www.otto.de\/updated\/fritzbox-smarthome-geraete-und-moeglichkeiten-91944\/","url":"https:\/\/www.otto.de\/updated\/fritzbox-smarthome-geraete-und-moeglichkeiten-91944\/","name":"FritzBox Smarthome: Ger\u00e4te und M\u00f6glichkeiten | OTTO","isPartOf":{"@id":"https:\/\/www.otto.de\/updated\/#website"},"primaryImageOfPage":{"@id":"https:\/\/www.otto.de\/updated\/fritzbox-smarthome-geraete-und-moeglichkeiten-91944\/#primaryimage"},"image":{"@id":"https:\/\/www.otto.de\/updated\/fritzbox-smarthome-geraete-und-moeglichkeiten-91944\/#primaryimage"},"thumbnailUrl":"https:\/\/www.otto.de\/updated\/app\/uploads\/2021\/09\/AVM-FritzBox-Smarthome_01.jpg","datePublished":"2021-09-13T12:40:49+00:00","dateModified":"2022-11-03T10:28:26+00:00","author":{"@id":"https:\/\/www.otto.de\/updated\/#\/schema\/person\/c789d338d6a16a702d57cb6fbbf44e9d"},"description":"Unter der Marke Fritz Smarthome bietet AVM eine Reihe von Smarthome-L\u00f6sungen an. Welche das sind und was du damit machen kannst, erf\u00e4hrst du hier.","breadcrumb":{"@id":"https:\/\/www.otto.de\/updated\/fritzbox-smarthome-geraete-und-moeglichkeiten-91944\/#breadcrumb"},"inLanguage":"de","potentialAction":[{"@type":"ReadAction","target":["https:\/\/www.otto.de\/updated\/fritzbox-smarthome-geraete-und-moeglichkeiten-91944\/"]}]},{"@type":"ImageObject","inLanguage":"de","@id":"https:\/\/www.otto.de\/updated\/fritzbox-smarthome-geraete-und-moeglichkeiten-91944\/#primaryimage","url":"https:\/\/www.otto.de\/updated\/app\/uploads\/2021\/09\/AVM-FritzBox-Smarthome_01.jpg","contentUrl":"https:\/\/www.otto.de\/updated\/app\/uploads\/2021\/09\/AVM-FritzBox-Smarthome_01.jpg","width":1920,"height":1280,"caption":"Mit Fritzbox Smarthome bekommst du ein paar Ger\u00e4te f\u00fcr dein Smarthome geboten, die du ganz einfach in dein heimisches Netz einbindest."},{"@type":"BreadcrumbList","@id":"https:\/\/www.otto.de\/updated\/fritzbox-smarthome-geraete-und-moeglichkeiten-91944\/#breadcrumb","itemListElement":[{"@type":"ListItem","position":1,"name":"Startseite","item":"\/updated\/"},{"@type":"ListItem","position":2,"name":"Work &amp; Connect","item":"https:\/\/www.otto.de\/updated\/work-connect\/"},{"@type":"ListItem","position":3,"name":"Smarthome","item":"https:\/\/www.otto.de\/updated\/smarthome\/"},{"@type":"ListItem","position":4,"name":"Fritz\u00adBox Smar\u00adthome: Ger\u00e4\u00adte und M\u00f6glichkeiten"}]},{"@type":"WebSite","@id":"https:\/\/www.otto.de\/updated\/#website","url":"https:\/\/www.otto.de\/updated\/","name":"UPDATED","description":"","potentialAction":[{"@type":"SearchAction","target":{"@type":"EntryPoint","urlTemplate":"https:\/\/www.otto.de\/updated\/?s={search_term_string}"},"query-input":{"@type":"PropertyValueSpecification","valueRequired":true,"valueName":"search_term_string"}}],"inLanguage":"de"},{"@type":"Person","@id":"https:\/\/www.otto.de\/updated\/#\/schema\/person\/c789d338d6a16a702d57cb6fbbf44e9d","name":"Thomas Bott","description":"Tom ist gelernter Journalist und hat in seinem Beruf mittlerweile fast zwei Jahrzehnte auf dem Buckel. Neben kleinen Ausfl\u00fcgen in die Bereiche Sport und Automotive hat er sich bisher haupts\u00e4chlich mit Games und Technik auseinandergesetzt. Darunter etwa als ehemaliger Teil der Redaktion von COMPUTER BILD. Neue Konsolen, Spiele, Smartphones, Laptops und mehr: Tom ist immer auf dem Laufenden und somit stets erster Ansprechpartner dazu im Familien- und Freundeskreis. Bei UPDATED gibt er diese Expertise gerne an ein noch breiteres Publikum weiter.","url":"https:\/\/www.otto.de\/updated\/redaktion\/","image":null,"colleague":["https:\/\/www.otto.de\/updated\/redaktion\/alexander-kraft\/","https:\/\/www.otto.de\/updated\/redaktion\/anne-beyer\/","https:\/\/www.otto.de\/updated\/redaktion\/arne-schaetzle\/","https:\/\/www.otto.de\/updated\/redaktion\/jana-janssen\/","https:\/\/www.otto.de\/updated\/redaktion\/pascal-wuttke\/","https:\/\/www.otto.de\/updated\/redaktion\/thomas-bott\/"],"worksFor":[{"@type":"Organization","id":"https:\/\/www.otto.de\/updated\/#organization","name":"UPDATED"}]}]}},"_links":{"self":[{"href":"https:\/\/www.otto.de\/updated\/wp-json\/wp\/v2\/posts\/91944","targetHints":{"allow":["GET"]}}],"collection":[{"href":"https:\/\/www.otto.de\/updated\/wp-json\/wp\/v2\/posts"}],"about":[{"href":"https:\/\/www.otto.de\/updated\/wp-json\/wp\/v2\/types\/post"}],"author":[{"embeddable":true,"href":"https:\/\/www.otto.de\/updated\/wp-json\/wp\/v2\/users\/102"}],"replies":[{"embeddable":true,"href":"https:\/\/www.otto.de\/updated\/wp-json\/wp\/v2\/comments?post=91944"}],"version-history":[{"count":6,"href":"https:\/\/www.otto.de\/updated\/wp-json\/wp\/v2\/posts\/91944\/revisions"}],"predecessor-version":[{"id":96031,"href":"https:\/\/www.otto.de\/updated\/wp-json\/wp\/v2\/posts\/91944\/revisions\/96031"}],"wp:featuredmedia":[{"embeddable":true,"href":"https:\/\/www.otto.de\/updated\/wp-json\/wp\/v2\/media\/91870"}],"wp:attachment":[{"href":"https:\/\/www.otto.de\/updated\/wp-json\/wp\/v2\/media?parent=91944"}],"wp:term":[{"taxonomy":"category","embeddable":true,"href":"https:\/\/www.otto.de\/updated\/wp-json\/wp\/v2\/categories?post=91944"},{"taxonomy":"post_tag","embeddable":true,"href":"https:\/\/www.otto.de\/updated\/wp-json\/wp\/v2\/tags?post=91944"}],"curies":[{"name":"wp","href":"https:\/\/api.w.org\/{rel}","templated":true}]}}