
{"id":106826,"date":"2026-03-04T15:38:08","date_gmt":"2026-03-04T14:38:08","guid":{"rendered":"\/updated\/?p=106826"},"modified":"2026-03-04T15:38:08","modified_gmt":"2026-03-04T14:38:08","slug":"apple-updates-2026-macbook-air-macbook-pro-und-chips","status":"publish","type":"post","link":"https:\/\/www.otto.de\/updated\/apple-updates-2026-macbook-air-macbook-pro-und-chips-106826\/","title":{"rendered":"Apple frischt die MacRei\u00adhe auf: Neu\u00ades Mac\u00adBook Air, Mac\u00adBook Pro und Stu\u00addio Display"},"content":{"rendered":"<div class=\"wpb-content-wrapper\"><div class=\"vc_row wpb_row vc_row-fluid\"><div class=\"wpb_column vc_column_container vc_col-sm-12\"><div class=\"vc_column-inner\"><div class=\"wpb_wrapper\">\n\t<div class=\"wpb_text_column wpb_content_element\">\n\t\t<div class=\"wpb_wrapper\">\n\t\t\t<p><strong><span class=\"TextRun MacChromeBold SCXW117738073 BCX0\" lang=\"DE-DE\" xml:lang=\"DE-DE\" data-contrast=\"auto\"><span class=\"NormalTextRun SCXW117738073 BCX0\">Apple<\/span><span class=\"NormalTextRun SCXW117738073 BCX0\">&nbsp;<\/span><span class=\"NormalTextRun SCXW117738073 BCX0\">nutzt den M\u00e4rz um<\/span><span class=\"NormalTextRun SCXW117738073 BCX0\">&nbsp;nach dem neu\u00aden iPho\u00adne 17e und dem iPad Air M4&nbsp;<\/span><span class=\"NormalTextRun SCXW117738073 BCX0\">wei\u00adte\u00adre Update<\/span><span class=\"NormalTextRun SCXW117738073 BCX0\">s<\/span><span class=\"NormalTextRun SCXW117738073 BCX0\">&nbsp;f\u00fcr die&nbsp;<\/span><span class=\"NormalTextRun SCXW117738073 BCX0\">Mac<\/span><\/span><span class=\"TextRun MacChromeBold SCXW117738073 BCX0\" lang=\"DE-DE\" xml:lang=\"DE-DE\" data-contrast=\"auto\"><span class=\"NormalTextRun SCXW117738073 BCX0\">\u2011<\/span><\/span><span class=\"TextRun MacChromeBold SCXW117738073 BCX0\" lang=\"DE-DE\" xml:lang=\"DE-DE\" data-contrast=\"auto\"><span class=\"NormalTextRun SCXW117738073 BCX0\">Pro\u00adduk\u00adte<\/span><span class=\"NormalTextRun SCXW117738073 BCX0\">&nbsp;anzu\u00adk\u00fcn\u00addi\u00adgen<\/span><span class=\"NormalTextRun SCXW117738073 BCX0\">. Mit dem neu\u00aden Mac\u00adBook Air mit M5, dem Mac\u00adBook Pro mit M5 Pro und M5 Max sowie einem \u00fcber\u00adar\u00adbei\u00adte\u00adten Stu\u00addio Dis\u00adplay bringt Apple mehr Leis\u00adtung, moder\u00adne Kon\u00adnek\u00adti\u00advi\u00adt\u00e4t und sp\u00fcr\u00adba\u00adre Ver\u00adbes\u00adse\u00adrun\u00adgen f\u00fcr den All\u00adtag und pro\u00adfes\u00adsio\u00adnel\u00adle Work\u00adflows. Beson\u00adders f\u00fcr Nut\u00adzer<\/span><span class=\"NormalTextRun SCXW117738073 BCX0\">*<\/span><span class=\"NormalTextRun SCXW117738073 BCX0\">innen \u00e4lte\u00adrer Macs lohnt sich ein Blick.<\/span><\/span><span class=\"EOP SCXW117738073 BCX0\" data-ccp-props=\"{}\">&nbsp;<\/span><\/strong><\/p>\n\n\t\t<\/div>\n\t<\/div>\n<\/div><\/div><\/div><\/div><div class=\"vc_row wpb_row vc_row-fluid\"><div class=\"wpb_column vc_column_container vc_col-sm-12\"><div class=\"vc_column-inner\"><div class=\"wpb_wrapper\"><nav class=\"toc\"><h2 class=\"toc--headline\">Das erfahrt ihr gleich<\/h2><ul class=\"toc--links\"><li><a href=\"#macbook-air-mit-m5-mehr-leistung-im-mobilen-allround-laptop\">Mac\u00adBook Air mit M5: Mehr Leis\u00adtung im mobi\u00adlen Allround-Laptop&nbsp;<\/a><\/li><li><a href=\"#m5-m5-pro-und-m5-max-die-neue-chip-generation-von-apple\">M5, M5 Pro und M5 Max: die neue Chip-Gene\u00adra\u00adti\u00adon von&nbsp;Apple&nbsp;<\/a><\/li><li><a href=\"#macbook-pro-mit-m5-pro-und-m5-max-maximale-power-fuer-profis\">Mac\u00adBook Pro mit M5 Pro und M5 Max: Maxi\u00adma\u00adle Power f\u00fcr Profis&nbsp;<\/a><\/li><li><a href=\"#neues-studio-display-die-passende-ergaenzung-fuer-den-mac\">Neu\u00ades Stu\u00addio Dis\u00adplay: Die pas\u00adsen\u00adde Erg\u00e4n\u00adzung f\u00fcr den&nbsp;Mac&nbsp;<\/a><\/li><\/ul><\/nav><\/div><\/div><\/div><\/div><div class=\"vc_row wpb_row vc_row-fluid\"><div class=\"wpb_column vc_column_container vc_col-sm-12\"><div class=\"vc_column-inner\"><div class=\"wpb_wrapper\"><div class=\"headline toc--item\"><a name=\"macbook-air-mit-m5-mehr-leistung-im-mobilen-allround-laptop\"><\/a><h2>Mac\u00adBook Air mit M5: Mehr Leis\u00adtung im mobi\u00adlen Allround-Laptop&nbsp;<\/h2><\/div><\/div><\/div><\/div><\/div><div class=\"vc_row wpb_row vc_row-fluid\"><div class=\"wpb_column vc_column_container vc_col-sm-12\"><div class=\"vc_column-inner\"><div class=\"wpb_wrapper\">\n\t<div class=\"wpb_text_column wpb_content_element\">\n\t\t<div class=\"wpb_wrapper\">\n\t\t\t<p><span class=\"TextRun SCXW120399645 BCX0\" lang=\"DE-DE\" xml:lang=\"DE-DE\" data-contrast=\"auto\"><span class=\"NormalTextRun SCXW120399645 BCX0\">Das Mac\u00adBook Air bleibt&nbsp;<\/span><span class=\"NormalTextRun SCXW120399645 BCX0\">mit nur 1,23<\/span><span class=\"NormalTextRun SCXW120399645 BCX0\">&nbsp;kg&nbsp;<\/span><span class=\"NormalTextRun SCXW120399645 BCX0\">auch wei\u00adter\u00adhin&nbsp;<\/span><span class=\"NormalTextRun SCXW120399645 BCX0\">App\u00adles leich\u00adtes\u00adte<\/span><span class=\"NormalTextRun SCXW120399645 BCX0\">s<\/span><span class=\"NormalTextRun SCXW120399645 BCX0\">&nbsp;Lap\u00adtop<\/span><span class=\"NormalTextRun SCXW120399645 BCX0\">. Es bekommt aber mit&nbsp;<\/span><span class=\"NormalTextRun SCXW120399645 BCX0\">dem M5<\/span><\/span><span class=\"TextRun SCXW120399645 BCX0\" lang=\"DE-DE\" xml:lang=\"DE-DE\" data-contrast=\"auto\"><span class=\"NormalTextRun SCXW120399645 BCX0\">\u2011<\/span><\/span><span class=\"TextRun SCXW120399645 BCX0\" lang=\"DE-DE\" xml:lang=\"DE-DE\" data-contrast=\"auto\"><span class=\"NormalTextRun SCXW120399645 BCX0\">Chip aber einen deut\u00adli\u00adchen Leis\u00adtungs\u00adschub. Dabei bleibt alles, was das Air aus\u00admacht: ein d\u00fcn\u00adnes,&nbsp;<\/span><span class=\"NormalTextRun SpellingErrorV2Themed SCXW120399645 BCX0\">l\u00fcf\u00adter\u00adlo\u00adses<\/span><span class=\"NormalTextRun SCXW120399645 BCX0\">&nbsp;Design, hohe Mobi\u00adli\u00adt\u00e4t und eine lan\u00adge Akku\u00adlauf\u00adzeit.<\/span><\/span><span class=\"EOP SCXW120399645 BCX0\" data-ccp-props=\"{}\">&nbsp;<\/span><\/p>\n\n\t\t<\/div>\n\t<\/div>\n<\/div><\/div><\/div><\/div><div class=\"vc_row wpb_row vc_row-fluid\"><div class=\"wpb_column vc_column_container vc_col-sm-12\"><div class=\"vc_column-inner\"><div class=\"wpb_wrapper\">  <div class=\"slick-gallery-wrapper gallery-no-padding\" data-number-of-slides=\"1\">\n    <div class=\"slick-gallery should-lightbox \" id=\"slick_gallery_3YiNEApU8LCUMJsmwSxT\">\n              <figure>\n  <div class=\"img-small-container\">\n    <div class=\"img-small-hover-background\"><\/div>\n    <picture>\n                                <source srcset=\"https:\/\/www.otto.de\/updated\/app\/uploads-webp\/uploads\/2026\/03\/Apple-MacBook-Air-1080x615.jpg.webp?theia_smart_thumbnails_file_version=2\" media=\"(max-width: 360px) and (-webkit-min-device-pixel-ratio: 2.5)\" type=\"image\/webp\">\n                  <source srcset=\"https:\/\/www.otto.de\/updated\/app\/uploads\/2026\/03\/Apple-MacBook-Air-1080x615.jpg?theia_smart_thumbnails_file_version=2\" media=\"(max-width: 360px) and (-webkit-min-device-pixel-ratio: 2.5)\">\n                  <source srcset=\"https:\/\/www.otto.de\/updated\/app\/uploads-webp\/uploads\/2026\/03\/Apple-MacBook-Air-720x410.jpg.webp?theia_smart_thumbnails_file_version=2\" media=\"(max-width: 360px) and (-webkit-min-device-pixel-ratio: 1.5)\" type=\"image\/webp\">\n                  <source srcset=\"https:\/\/www.otto.de\/updated\/app\/uploads\/2026\/03\/Apple-MacBook-Air-720x410.jpg?theia_smart_thumbnails_file_version=2\" media=\"(max-width: 360px) and (-webkit-min-device-pixel-ratio: 1.5)\">\n                  <source srcset=\"https:\/\/www.otto.de\/updated\/app\/uploads-webp\/uploads\/2026\/03\/Apple-MacBook-Air-360x205.jpg.webp?theia_smart_thumbnails_file_version=2\" media=\"(max-width: 360px)\" type=\"image\/webp\">\n                  <source srcset=\"https:\/\/www.otto.de\/updated\/app\/uploads\/2026\/03\/Apple-MacBook-Air-360x205.jpg?theia_smart_thumbnails_file_version=2\" media=\"(max-width: 360px)\">\n                    <source srcset=\"https:\/\/www.otto.de\/updated\/app\/uploads-webp\/uploads\/2026\/03\/Apple-MacBook-Air-1680x945.jpg.webp?theia_smart_thumbnails_file_version=2\" media=\"(max-width: 560px) and (-webkit-min-device-pixel-ratio: 2.5)\" type=\"image\/webp\">\n                  <source srcset=\"https:\/\/www.otto.de\/updated\/app\/uploads\/2026\/03\/Apple-MacBook-Air-1680x945.jpg?theia_smart_thumbnails_file_version=2\" media=\"(max-width: 560px) and (-webkit-min-device-pixel-ratio: 2.5)\">\n                  <source srcset=\"https:\/\/www.otto.de\/updated\/app\/uploads-webp\/uploads\/2026\/03\/Apple-MacBook-Air-1120x630.jpg.webp?theia_smart_thumbnails_file_version=2\" media=\"(max-width: 560px) and (-webkit-min-device-pixel-ratio: 1.5)\" type=\"image\/webp\">\n                  <source srcset=\"https:\/\/www.otto.de\/updated\/app\/uploads\/2026\/03\/Apple-MacBook-Air-1120x630.jpg?theia_smart_thumbnails_file_version=2\" media=\"(max-width: 560px) and (-webkit-min-device-pixel-ratio: 1.5)\">\n                  <source srcset=\"https:\/\/www.otto.de\/updated\/app\/uploads-webp\/uploads\/2026\/03\/Apple-MacBook-Air-560x315.jpg.webp?theia_smart_thumbnails_file_version=2\" media=\"(max-width: 560px)\" type=\"image\/webp\">\n                  <source srcset=\"https:\/\/www.otto.de\/updated\/app\/uploads\/2026\/03\/Apple-MacBook-Air-560x315.jpg?theia_smart_thumbnails_file_version=2\" media=\"(max-width: 560px)\">\n                    <source srcset=\"https:\/\/www.otto.de\/updated\/app\/uploads-webp\/uploads\/2026\/03\/Apple-MacBook-Air-2304x1296.jpg.webp?theia_smart_thumbnails_file_version=2\" media=\"(max-width: 767px) and (-webkit-min-device-pixel-ratio: 2.5)\" type=\"image\/webp\">\n                  <source srcset=\"https:\/\/www.otto.de\/updated\/app\/uploads\/2026\/03\/Apple-MacBook-Air-2304x1296.jpg?theia_smart_thumbnails_file_version=2\" media=\"(max-width: 767px) and (-webkit-min-device-pixel-ratio: 2.5)\">\n                  <source srcset=\"https:\/\/www.otto.de\/updated\/app\/uploads-webp\/uploads\/2026\/03\/Apple-MacBook-Air-1536x864.jpg.webp?theia_smart_thumbnails_file_version=2\" media=\"(max-width: 767px) and (-webkit-min-device-pixel-ratio: 1.5)\" type=\"image\/webp\">\n                  <source srcset=\"https:\/\/www.otto.de\/updated\/app\/uploads\/2026\/03\/Apple-MacBook-Air-1536x864.jpg?theia_smart_thumbnails_file_version=2\" media=\"(max-width: 767px) and (-webkit-min-device-pixel-ratio: 1.5)\">\n                  <source srcset=\"https:\/\/www.otto.de\/updated\/app\/uploads-webp\/uploads\/2026\/03\/Apple-MacBook-Air-768x432.jpg.webp?theia_smart_thumbnails_file_version=2\" media=\"(max-width: 767px)\" type=\"image\/webp\">\n                  <source srcset=\"https:\/\/www.otto.de\/updated\/app\/uploads\/2026\/03\/Apple-MacBook-Air-768x432.jpg?theia_smart_thumbnails_file_version=2\" media=\"(max-width: 767px)\">\n                    <source srcset=\"https:\/\/www.otto.de\/updated\/app\/uploads-webp\/uploads\/2026\/03\/Apple-MacBook-Air-1680x945.jpg.webp?theia_smart_thumbnails_file_version=2\" media=\"(max-width: 991px) and (-webkit-min-device-pixel-ratio: 2.5)\" type=\"image\/webp\">\n                  <source srcset=\"https:\/\/www.otto.de\/updated\/app\/uploads\/2026\/03\/Apple-MacBook-Air-1680x945.jpg?theia_smart_thumbnails_file_version=2\" media=\"(max-width: 991px) and (-webkit-min-device-pixel-ratio: 2.5)\">\n                  <source srcset=\"https:\/\/www.otto.de\/updated\/app\/uploads-webp\/uploads\/2026\/03\/Apple-MacBook-Air-1120x630.jpg.webp?theia_smart_thumbnails_file_version=2\" media=\"(max-width: 991px) and (-webkit-min-device-pixel-ratio: 1.5)\" type=\"image\/webp\">\n                  <source srcset=\"https:\/\/www.otto.de\/updated\/app\/uploads\/2026\/03\/Apple-MacBook-Air-1120x630.jpg?theia_smart_thumbnails_file_version=2\" media=\"(max-width: 991px) and (-webkit-min-device-pixel-ratio: 1.5)\">\n                  <source srcset=\"https:\/\/www.otto.de\/updated\/app\/uploads-webp\/uploads\/2026\/03\/Apple-MacBook-Air-560x315.jpg.webp?theia_smart_thumbnails_file_version=2\" media=\"(max-width: 991px)\" type=\"image\/webp\">\n                  <source srcset=\"https:\/\/www.otto.de\/updated\/app\/uploads\/2026\/03\/Apple-MacBook-Air-560x315.jpg?theia_smart_thumbnails_file_version=2\" media=\"(max-width: 991px)\">\n        <source srcset=\"https:\/\/www.otto.de\/updated\/app\/uploads-webp\/uploads\/2026\/03\/Apple-MacBook-Air-2304x1296.jpg.webp?theia_smart_thumbnails_file_version=2\" media=\"(-webkit-min-device-pixel-ratio: 2.5)\" type=\"image\/webp\">\n  <source srcset=\"https:\/\/www.otto.de\/updated\/app\/uploads\/2026\/03\/Apple-MacBook-Air-2304x1296.jpg?theia_smart_thumbnails_file_version=2\" media=\"(-webkit-min-device-pixel-ratio: 2.5)\">\n  <source srcset=\"https:\/\/www.otto.de\/updated\/app\/uploads-webp\/uploads\/2026\/03\/Apple-MacBook-Air-1536x864.jpg.webp?theia_smart_thumbnails_file_version=2\" media=\"(-webkit-min-device-pixel-ratio: 1.5)\" type=\"image\/webp\">\n  <source srcset=\"https:\/\/www.otto.de\/updated\/app\/uploads\/2026\/03\/Apple-MacBook-Air-1536x864.jpg?theia_smart_thumbnails_file_version=2\" media=\"(-webkit-min-device-pixel-ratio: 1.5)\">\n  <source srcset=\"https:\/\/www.otto.de\/updated\/app\/uploads-webp\/uploads\/2026\/03\/Apple-MacBook-Air-768x432.jpg.webp?theia_smart_thumbnails_file_version=2\" type=\"image\/webp\">\n  <img loading=\"lazy\" decoding=\"async\" src=\"https:\/\/www.otto.de\/updated\/app\/uploads\/2026\/03\/Apple-MacBook-Air-768x432.jpg?theia_smart_thumbnails_file_version=2\" width=\"768\" height=\"432\" title=\"Apple frischt die MacReihe auf, Neues MacBook Air, MacBook Pro und Studio Display\" alt=\"Eine Person steht in einem relativ dunklen Schulflur an einer Treppe und packt das MacBook Air in ihren Rucksack.\" class=\"img-responsive img-small\" data-copyright=\"\u00a9 2026 Apple\" data-post-excerpt=\"Das neue MacBook Air \u00fcberzeugt durch bessere Performance, l\u00e4ngere Akkulaufzeit und ein d\u00fcnneres Design f\u00fcr mobiles Arbeiten, Studium oder Schule.\" data-light-value=\"dark\" data-zoom-width=\"2560\" data-zoom-height=\"1707\" data-zoom-src=\"https:\/\/www.otto.de\/updated\/app\/uploads\/2026\/03\/Apple-MacBook-Air.jpg\">\n                    <div class=\"caption dark\">\n          <small>\n            \u00a9 2026&nbsp;Apple&nbsp;<\/small>\n        <\/div>\n          <\/picture>\n  <\/div>\n      <figcaption class=\"post-excerpt\">\n      Das neue Mac\u00adBook Air \u00fcber\u00adzeugt durch bes\u00adse\u00adre Per\u00adfor\u00admance, l\u00e4n\u00adge\u00adre Akku\u00adlauf\u00adzeit und ein d\u00fcn\u00adne\u00adres Design f\u00fcr mobi\u00adles Arbei\u00adten, Stu\u00addi\u00adum oder Schule.&nbsp;<\/figcaption>\n  <\/figure>\n          <\/div>\n    <div class=\"progress-bars\"><\/div>\n    <div class=\"zoom-icon-wrapper\">\n      <div class=\"zoom-icon\"><\/div>\n    <\/div>\n  <\/div>\n<\/div><\/div><\/div><\/div><div class=\"vc_row wpb_row vc_row-fluid\"><div class=\"wpb_column vc_column_container vc_col-sm-12\"><div class=\"vc_column-inner\"><div class=\"wpb_wrapper\"><div class=\"headline\"><a name=\"neuer-chip-m5-mit-fokus-auf-ki\"><\/a><h3>Neu\u00ader Chip: M5 mit Fokus auf&nbsp;KI&nbsp;<\/h3><\/div><\/div><\/div><\/div><\/div><div class=\"vc_row wpb_row vc_row-fluid\"><div class=\"wpb_column vc_column_container vc_col-sm-12\"><div class=\"vc_column-inner\"><div class=\"wpb_wrapper\">\n\t<div class=\"wpb_text_column wpb_content_element\">\n\t\t<div class=\"wpb_wrapper\">\n\t\t\t<p><span data-contrast=\"auto\">Im Zen\u00adtrum steht der neue M5<\/span><span data-contrast=\"auto\">\u2011<\/span><span data-contrast=\"auto\">Chip, der&nbsp;jetzt&nbsp;eine schnel\u00adle\u00adre&nbsp;10-Core-CPU und eine&nbsp;10-Core-GPU&nbsp;mit&nbsp;Neu\u00adral&nbsp;Acce\u00adle\u00adra\u00adtors&nbsp;in jedem Gra\u00adfik<\/span><span data-contrast=\"auto\">\u2011<\/span><span data-contrast=\"auto\">Kern kom\u00adbi\u00adniert. Das sorgt daf\u00fcr, dass KI<\/span><span data-contrast=\"auto\">\u2011<\/span><span data-contrast=\"auto\">Auf\u00adga\u00adben, Bild\u00adbe\u00adar\u00adbei\u00adtung oder Video<\/span><span data-contrast=\"auto\">\u2011<\/span><span data-contrast=\"auto\">Work\u00adflows sp\u00fcr\u00adbar schnel\u00adler lau\u00adfen \u2013&nbsp;und das ohne Umwe\u00adge \u00fcber die Cloud&nbsp;direkt auf dem Ger\u00e4t.<\/span><span data-ccp-props=\"{}\">&nbsp;<\/span><\/p>\n\n\t\t<\/div>\n\t<\/div>\n<\/div><\/div><\/div><\/div><div class=\"vc_row wpb_row vc_row-fluid\"><div class=\"wpb_column vc_column_container vc_col-sm-12\"><div class=\"vc_column-inner\"><div class=\"wpb_wrapper\"><div class=\"headline\"><a name=\"leistung-speicher\"><\/a><h3>Leis\u00adtung &amp; Speicher&nbsp;<\/h3><\/div><\/div><\/div><\/div><\/div><div class=\"vc_row wpb_row vc_row-fluid\"><div class=\"wpb_column vc_column_container vc_col-sm-12\"><div class=\"vc_column-inner\"><div class=\"wpb_wrapper\">\n\t<div class=\"wpb_text_column wpb_content_element\">\n\t\t<div class=\"wpb_wrapper\">\n\t\t\t<p><span class=\"TextRun SCXW3046958 BCX0\" lang=\"DE-DE\" xml:lang=\"DE-DE\" data-contrast=\"auto\"><span class=\"NormalTextRun SCXW3046958 BCX0\">Apple ver\u00addop\u00adpelt den Spei\u00adcher in der Stan\u00addard\u00adkon\u00adfi\u00adgu\u00adra\u00adti\u00adon<\/span><span class=\"NormalTextRun SCXW3046958 BCX0\">&nbsp;von&nbsp;<\/span><span class=\"NormalTextRun SCXW3046958 BCX0\">256 GB<\/span><span class=\"NormalTextRun SCXW3046958 BCX0\">&nbsp;auf 512\u202fGB<\/span><span class=\"NormalTextRun SCXW3046958 BCX0\">&nbsp;und&nbsp;<\/span><span class=\"NormalTextRun SCXW3046958 BCX0\">erg\u00e4nzt&nbsp;<\/span><span class=\"NormalTextRun SCXW3046958 BCX0\">das Gan\u00adze&nbsp;<\/span><span class=\"NormalTextRun SCXW3046958 BCX0\">durch eine deut\u00adlich schnel\u00adle\u00adre SSD.&nbsp;<\/span><span class=\"NormalTextRun SCXW3046958 BCX0\">Das soll\u00adte&nbsp;<\/span><span class=\"NormalTextRun AdvancedProofingIssueV2Themed SCXW3046958 BCX0\">die<\/span><span class=\"NormalTextRun AdvancedProofingIssueV2Themed SCXW3046958 BCX0\">&nbsp;ver\u00adgleichs\u00adwei\u00adse<\/span><span class=\"NormalTextRun SCXW3046958 BCX0\">&nbsp;lang\u00adsa\u00adme Arbeits\u00adge\u00adschwin\u00addig\u00adkeit des Vor\u00adg\u00e4n\u00adger\u00admo\u00addells mit M4&nbsp;<\/span><span class=\"NormalTextRun SCXW3046958 BCX0\">behe\u00adben.&nbsp;<\/span><span class=\"NormalTextRun SCXW3046958 BCX0\">Damit&nbsp;<\/span><span class=\"NormalTextRun SCXW3046958 BCX0\">hast<\/span><span class=\"NormalTextRun SCXW3046958 BCX0\">&nbsp;du&nbsp;<\/span><span class=\"NormalTextRun SCXW3046958 BCX0\">im All\u00adtag defi\u00adni\u00adtiv&nbsp;<\/span><span class=\"NormalTextRun SCXW3046958 BCX0\">mehr Platz f\u00fcr gro\u00ad\u00dfe Datei\u00aden, Apps und Pro\u00adjek\u00adte<\/span><span class=\"NormalTextRun SCXW3046958 BCX0\">&nbsp;<\/span><span class=\"NormalTextRun SCXW3046958 BCX0\">und pro\u00adfi\u00adtierst&nbsp;<\/span><span class=\"NormalTextRun SCXW3046958 BCX0\">zudem&nbsp;<\/span><span class=\"NormalTextRun SCXW3046958 BCX0\">von k\u00fcr\u00adze\u00adren Lade\u00adzei\u00adten.<\/span><\/span><span class=\"EOP SCXW3046958 BCX0\" data-ccp-props=\"{}\">&nbsp;<\/span><\/p>\n\n\t\t<\/div>\n\t<\/div>\n<\/div><\/div><\/div><\/div><div class=\"vc_row wpb_row vc_row-fluid\"><div class=\"wpb_column vc_column_container vc_col-sm-12\"><div class=\"vc_column-inner\"><div class=\"wpb_wrapper\"><div class=\"headline\"><a name=\"funktionen-ausstattung\"><\/a><h3>Funk\u00adtio\u00adnen &amp; Ausstattung&nbsp;<\/h3><\/div><\/div><\/div><\/div><\/div><div class=\"vc_row wpb_row vc_row-fluid\"><div class=\"wpb_column vc_column_container vc_col-sm-12\"><div class=\"vc_column-inner\"><div class=\"wpb_wrapper\">\n\t<div class=\"wpb_text_column wpb_content_element\">\n\t\t<div class=\"wpb_wrapper\">\n\t\t\t<p><span data-contrast=\"auto\">Zur Aus\u00adstat\u00adtung geh\u00f6\u00adren ein hel\u00adles Liquid<\/span><span data-contrast=\"auto\">\u2011<\/span><span data-contrast=\"auto\">Reti\u00adna<\/span><span data-contrast=\"auto\">\u2011<\/span><span data-contrast=\"auto\">Dis\u00adplay&nbsp;mit 500 Nits, eine 12<\/span><span data-contrast=\"auto\">\u2011<\/span><span data-contrast=\"auto\">MP<\/span><span data-contrast=\"auto\">\u2011<\/span><span data-contrast=\"auto\">Cen\u00adter<\/span><span data-contrast=\"auto\">\u2011<\/span><span data-contrast=\"auto\">Stage<\/span><span data-contrast=\"auto\">\u2011<\/span><span data-contrast=\"auto\">Kame\u00adra, ein immersi\u00adves Laut\u00adspre\u00adcher\u00adsys\u00adtem mit 3D Audio und Unter\u00adst\u00fct\u00adzung f\u00fcr bis&nbsp;zu zwei exter\u00adne Dis\u00adplays. Trotz der h\u00f6he\u00adren Leis\u00adtung&nbsp;soll&nbsp;das Mac\u00adBook Air kom\u00adplett laut\u00adlos&nbsp;blei\u00adben.<\/span><span data-ccp-props=\"{}\">&nbsp;<\/span><\/p>\n\n\t\t<\/div>\n\t<\/div>\n<\/div><\/div><\/div><\/div><div class=\"vc_row wpb_row vc_row-fluid\"><div class=\"wpb_column vc_column_container vc_col-sm-12\"><div class=\"vc_column-inner\"><div class=\"wpb_wrapper\"><div class=\"headline\"><a name=\"akku-anschluesse-konnektivitaet\"><\/a><h3>Akku, Anschl\u00fcs\u00adse &amp; Konnektivit\u00e4t&nbsp;<\/h3><\/div><\/div><\/div><\/div><\/div><div class=\"vc_row wpb_row vc_row-fluid\"><div class=\"wpb_column vc_column_container vc_col-sm-12\"><div class=\"vc_column-inner\"><div class=\"wpb_wrapper\">\n\t<div class=\"wpb_text_column wpb_content_element\">\n\t\t<div class=\"wpb_wrapper\">\n\t\t\t<p><span data-contrast=\"auto\">Apple spricht von&nbsp;bis zu 18 Stun\u00adden Akku\u00adlauf\u00adzeit, womit&nbsp;sich das Mac\u00adBook Air pro\u00adblem\u00adlos f\u00fcr einen gan\u00adzen Arbeits\u00adtag&nbsp;eig\u00adnet. Neu ist, wie beim iPad Air&nbsp;M4 auch,&nbsp;der N1<\/span><span data-contrast=\"auto\">\u2011<\/span><span data-contrast=\"auto\">Chip f\u00fcr draht\u00adlo\u00adse Ver\u00adbin\u00addun\u00adgen, der WLAN&nbsp;7 und Blue\u00adtooth&nbsp;6 erm\u00f6g\u00adlicht. Dazu kom\u00admen zwei Thun\u00adder\u00adbolt<\/span><span data-contrast=\"auto\">\u2011<\/span><span data-contrast=\"auto\">4<\/span><span data-contrast=\"auto\">\u2011<\/span><span data-contrast=\"auto\">Anschl\u00fcs\u00adse sowie MagSafe zum siche\u00adren Laden.<\/span><span data-ccp-props=\"{}\">&nbsp;<\/span><\/p>\n\n\t\t<\/div>\n\t<\/div>\n<\/div><\/div><\/div><\/div><div class=\"vc_row wpb_row vc_row-fluid\"><div class=\"wpb_column vc_column_container vc_col-sm-12\"><div class=\"vc_column-inner\"><div class=\"wpb_wrapper\"><div class=\"headline\"><a name=\"preise-verkaufsstart\"><\/a><h3>Prei\u00adse &amp; Verkaufsstart&nbsp;<\/h3><\/div><\/div><\/div><\/div><\/div><div class=\"vc_row wpb_row vc_row-fluid\"><div class=\"wpb_column vc_column_container vc_col-sm-12\"><div class=\"vc_column-inner\"><div class=\"wpb_wrapper\">\n\t<div class=\"wpb_text_column wpb_content_element\">\n\t\t<div class=\"wpb_wrapper\">\n\t\t\t<p><span class=\"TextRun SCXW237612471 BCX0\" lang=\"DE-DE\" xml:lang=\"DE-DE\" data-contrast=\"auto\"><span class=\"NormalTextRun SCXW237612471 BCX0\">Das Mac\u00adBook Air mit M5 ist als 13<\/span><\/span><span class=\"TextRun SCXW237612471 BCX0\" lang=\"DE-DE\" xml:lang=\"DE-DE\" data-contrast=\"auto\"><span class=\"NormalTextRun SCXW237612471 BCX0\">\u2011<\/span><\/span><span class=\"TextRun SCXW237612471 BCX0\" lang=\"DE-DE\" xml:lang=\"DE-DE\" data-contrast=\"auto\"><span class=\"NormalTextRun SCXW237612471 BCX0\">Zoll<\/span><\/span><span class=\"TextRun SCXW237612471 BCX0\" lang=\"DE-DE\" xml:lang=\"DE-DE\" data-contrast=\"auto\"><span class=\"NormalTextRun SCXW237612471 BCX0\">\u2011<\/span><\/span><span class=\"TextRun SCXW237612471 BCX0\" lang=\"DE-DE\" xml:lang=\"DE-DE\" data-contrast=\"auto\"><span class=\"NormalTextRun SCXW237612471 BCX0\">&nbsp;und 15<\/span><\/span><span class=\"TextRun SCXW237612471 BCX0\" lang=\"DE-DE\" xml:lang=\"DE-DE\" data-contrast=\"auto\"><span class=\"NormalTextRun SCXW237612471 BCX0\">\u2011<\/span><\/span><span class=\"TextRun SCXW237612471 BCX0\" lang=\"DE-DE\" xml:lang=\"DE-DE\" data-contrast=\"auto\"><span class=\"NormalTextRun SCXW237612471 BCX0\">Zoll<\/span><\/span><span class=\"TextRun SCXW237612471 BCX0\" lang=\"DE-DE\" xml:lang=\"DE-DE\" data-contrast=\"auto\"><span class=\"NormalTextRun SCXW237612471 BCX0\">\u2011<\/span><\/span><span class=\"TextRun SCXW237612471 BCX0\" lang=\"DE-DE\" xml:lang=\"DE-DE\" data-contrast=\"auto\"><span class=\"NormalTextRun SCXW237612471 BCX0\">Modell erh\u00e4lt\u00adlich<\/span><span class=\"NormalTextRun SCXW237612471 BCX0\">&nbsp;und&nbsp;<\/span><span class=\"NormalTextRun SCXW237612471 BCX0\">kommt in den vier Far\u00adben Him\u00admel\u00adblau, Mit\u00adter\u00adnacht, Polar\u00adstern und Sil\u00adber. In der 13-Zoll-Ver\u00adsi\u00adon star\u00adten<\/span><span class=\"NormalTextRun SCXW237612471 BCX0\">&nbsp;die Prei\u00adse in der Stan\u00addard\u00adkon\u00adfi\u00adgu\u00adra\u00adti\u00adon bei 1.199 Euro und in der&nbsp;<\/span><span class=\"NormalTextRun SCXW237612471 BCX0\">15-Zoll-Ver\u00adsi\u00adon bei 1.499 Euro. Ab dem 4. M\u00e4rz las\u00adsen sich die Ger\u00e4\u00adte vor\u00adbe\u00adstel\u00adlen und der&nbsp;<\/span><span class=\"NormalTextRun SCXW237612471 BCX0\">Ver\u00adkaufs\u00adstart ist&nbsp;<\/span><span class=\"NormalTextRun SCXW237612471 BCX0\">f\u00fcr den<\/span><span class=\"NormalTextRun SCXW237612471 BCX0\">&nbsp;11. M\u00e4rz<\/span><span class=\"NormalTextRun SCXW237612471 BCX0\">&nbsp;ange\u00adk\u00fcn\u00addigt<\/span><span class=\"NormalTextRun SCXW237612471 BCX0\">.<\/span><\/span><span class=\"EOP SCXW237612471 BCX0\" data-ccp-props=\"{}\">&nbsp;<\/span><\/p>\n\n\t\t<\/div>\n\t<\/div>\n<\/div><\/div><\/div><\/div><div class=\"vc_row wpb_row vc_row-fluid\"><div class=\"wpb_column vc_column_container vc_col-sm-12\"><div class=\"vc_column-inner\"><div class=\"wpb_wrapper\">      <a href=\"https:\/\/www.otto.de\/updated\/apple-legt-nach-iphone-17e-ipad-air-mit-m4-106805\/\" target=\"_blank\" data-tracking-category=\"Content Interaction\" data-tracking-action=\"Teaserkachel\" data-tracking-label=\"Apple legt nach: iPhone 17e &amp;amp; iPad Air mit M4\">\n  <div class=\"readable-button-container work-connect\">\n    <div class=\"readable-button-outer\">\n      <div class=\"readable-button-inner\">\n        <div class=\"readable-button-text\">\n          <div class=\"readable-button-small-headline-container\">\n            <div class=\"readable-button-small-headline\">\n              <span>\n                Auch lesenswert&nbsp;<\/span>\n            <\/div>\n          <\/div>\n        <\/div>\n        <img loading=\"lazy\" decoding=\"async\" class=\"readable-button-icon work-connect\" src=\"https:\/\/www.otto.de\/updated\/app\/themes\/main\/assets\/images\/relaunch\/icons\/buttonIcons\/link-box-arrow-dark.svg\" width=\"31\" height=\"31\">\n      <\/div>\n      <div class=\"readable-button-headline work-connect\">\n        <span>\n          Apple legt nach: iPho\u00adne 17e &amp; iPad Air mit&nbsp;M4&nbsp;<\/span>\n      <\/div>\n    <\/div>\n  <\/div>\n<\/a>\n<\/div><\/div><\/div><\/div><div class=\"vc_row wpb_row vc_row-fluid\"><div class=\"wpb_column vc_column_container vc_col-sm-12\"><div class=\"vc_column-inner\"><div class=\"wpb_wrapper\"><div class=\"headline toc--item\"><a name=\"m5-m5-pro-und-m5-max-die-neue-chip-generation-von-apple\"><\/a><h2>M5, M5 Pro und M5 Max: die neue Chip-Gene\u00adra\u00adti\u00adon von&nbsp;Apple&nbsp;<\/h2><\/div><\/div><\/div><\/div><\/div><div class=\"vc_row wpb_row vc_row-fluid\"><div class=\"wpb_column vc_column_container vc_col-sm-12\"><div class=\"vc_column-inner\"><div class=\"wpb_wrapper\"><div class=\"headline\"><a name=\"m5-was-steckt-dahinter\"><\/a><h3>M5 \u2013 Was steckt dahinter?&nbsp;<\/h3><\/div><\/div><\/div><\/div><\/div><div class=\"vc_row wpb_row vc_row-fluid\"><div class=\"wpb_column vc_column_container vc_col-sm-12\"><div class=\"vc_column-inner\"><div class=\"wpb_wrapper\">\n\t<div class=\"wpb_text_column wpb_content_element\">\n\t\t<div class=\"wpb_wrapper\">\n\t\t\t<p><span data-contrast=\"auto\">Der M5 ist App\u00adles neu\u00ades\u00adte Chip<\/span><span data-contrast=\"auto\">\u2011<\/span><span data-contrast=\"auto\">Gene\u00adra\u00adti\u00adon f\u00fcr beson\u00adders effi\u00adzi\u00aden\u00adte Per\u00adfor\u00admance. Er kom\u00adbi\u00adniert eine schnel\u00adle CPU mit einer GPU der n\u00e4chs\u00adten Gene\u00adra\u00adti\u00adon, bei der jeder Gra\u00adfik<\/span><span data-contrast=\"auto\">\u2011<\/span><span data-contrast=\"auto\">Kern einen eige\u00adnen&nbsp;Neu\u00adral&nbsp;Acce\u00adle\u00adra\u00adtor&nbsp;besitzt. Das sorgt daf\u00fcr, dass KI<\/span><span data-contrast=\"auto\">\u2011<\/span><span data-contrast=\"auto\">Auf\u00adga\u00adben wie Bild\u00adver\u00adbes\u00adse\u00adrung, Video\u00adana\u00adly\u00adse oder loka\u00adle KI<\/span><span data-contrast=\"auto\">\u2011<\/span><span data-contrast=\"auto\">Model\u00adle deut\u00adlich schnel\u00adler lau\u00adfen \u2013 direkt auf dem Ger\u00e4t.<\/span><span data-ccp-props=\"{}\">&nbsp;<\/span><\/p>\n<p><span data-contrast=\"auto\">Gleich\u00adzei\u00adtig bleibt der Ener\u00adgie\u00adver\u00adbrauch nied\u00adrig, was sich vor allem in der star\u00adken Akku\u00adlauf\u00adzeit des Mac\u00adBook Air bemerk\u00adbar macht. Der M5 ist damit ein ech\u00adter&nbsp;All\u00adround<\/span><span data-contrast=\"auto\">\u2011<\/span><span data-contrast=\"auto\">Chip f\u00fcr All\u00adtag, Krea\u00adti\u00advi\u00adt\u00e4t und KI.<\/span><span data-ccp-props=\"{}\">&nbsp;<\/span><\/p>\n\n\t\t<\/div>\n\t<\/div>\n<\/div><\/div><\/div><\/div><div class=\"vc_row wpb_row vc_row-fluid\"><div class=\"wpb_column vc_column_container vc_col-sm-12\"><div class=\"vc_column-inner\"><div class=\"wpb_wrapper\"><div class=\"headline\"><a name=\"m5-pro-vs-m5-max-wo-liegt-der-unterschied\"><\/a><h3>M5 Pro vs. M5 Max \u2013 Wo liegt der Unterschied?&nbsp;<\/h3><\/div><\/div><\/div><\/div><\/div><div class=\"vc_row wpb_row vc_row-fluid\"><div class=\"wpb_column vc_column_container vc_col-sm-12\"><div class=\"vc_column-inner\"><div class=\"wpb_wrapper\">\n\t<div class=\"wpb_text_column wpb_content_element\">\n\t\t<div class=\"wpb_wrapper\">\n\t\t\t<p><span data-contrast=\"auto\">M5 Pro und M5 Max basie\u00adren auf App\u00adles neu\u00ader Fusi\u00adon<\/span><span data-contrast=\"auto\">\u2011<\/span><span data-contrast=\"auto\">Archi\u00adtek\u00adtur, bei der zwei Chips zu einem leis\u00adtungs\u00adstar\u00adken Sys\u00adtem<\/span><span data-contrast=\"auto\">\u2011<\/span><span data-contrast=\"auto\">on<\/span><span data-contrast=\"auto\">\u2011<\/span><span data-contrast=\"auto\">a<\/span><span data-contrast=\"auto\">\u2011<\/span><span data-contrast=\"auto\">Chip kom\u00adbi\u00adniert wer\u00adden. Bei\u00adde set\u00adzen auf beson\u00adders schnel\u00adle CPU<\/span><span data-contrast=\"auto\">\u2011<\/span><span data-contrast=\"auto\">Ker\u00adne, eine GPU mit Neu\u00adral Acce\u00adle\u00adra\u00adtors und eine extrem hohe Spei\u00adcher\u00adband\u00adbrei\u00adte.<\/span><span data-ccp-props=\"{}\">&nbsp;<\/span><\/p>\n<ul>\n<li><span data-contrast=\"auto\">M5 Pro rich\u00adtet sich an Nutzer*innen mit anspruchs\u00advol\u00adlen Work\u00adflows wie Pro\u00adgram\u00admie\u00adrung, Foto\u00adbe\u00adar\u00adbei\u00adtung oder wis\u00adsen\u00adschaft\u00adli\u00adcher Ana\u00adly\u00adse und unter\u00adst\u00fctzt bis zu 64&nbsp;GB Arbeits\u00adspei\u00adcher.<\/span><span data-ccp-props=\"{}\">&nbsp;<\/span><\/li>\n<li><span data-contrast=\"auto\">M5 Max geht noch einen Schritt wei\u00adter und ist f\u00fcr maxi\u00adma\u00adle GPU<\/span><span data-contrast=\"auto\">\u2011<\/span><span data-contrast=\"auto\">Leis\u00adtung, gro\u00ad\u00dfe 3D<\/span><span data-contrast=\"auto\">\u2011<\/span><span data-contrast=\"auto\">Sze\u00adnen und KI<\/span><span data-contrast=\"auto\">\u2011<\/span><span data-contrast=\"auto\">Model\u00adle gedacht. Hier sind bis zu 128&nbsp;GB gemein\u00adsa\u00admer Arbeits\u00adspei\u00adcher m\u00f6g\u00adlich.<\/span><span data-ccp-props=\"{}\">&nbsp;<\/span><\/li>\n<\/ul>\n\n\t\t<\/div>\n\t<\/div>\n<\/div><\/div><\/div><\/div><div class=\"vc_row wpb_row vc_row-fluid\"><div class=\"wpb_column vc_column_container vc_col-sm-12\"><div class=\"vc_column-inner\"><div class=\"wpb_wrapper\">  <div class=\"slick-gallery-wrapper gallery-no-padding\" data-number-of-slides=\"1\">\n    <div class=\"slick-gallery should-lightbox \" id=\"slick_gallery_Wxi6qaau6fFaD6NFnQ26\">\n              <figure>\n  <div class=\"img-small-container\">\n    <div class=\"img-small-hover-background\"><\/div>\n    <picture>\n                                <source srcset=\"https:\/\/www.otto.de\/updated\/app\/uploads-webp\/uploads\/2026\/03\/Apple-MacBook-Pro-M5-Pro-and-M5-Max-1080x615.jpg.webp\" media=\"(max-width: 360px) and (-webkit-min-device-pixel-ratio: 2.5)\" type=\"image\/webp\">\n                  <source srcset=\"https:\/\/www.otto.de\/updated\/app\/uploads\/2026\/03\/Apple-MacBook-Pro-M5-Pro-and-M5-Max-1080x615.jpg\" media=\"(max-width: 360px) and (-webkit-min-device-pixel-ratio: 2.5)\">\n                  <source srcset=\"https:\/\/www.otto.de\/updated\/app\/uploads-webp\/uploads\/2026\/03\/Apple-MacBook-Pro-M5-Pro-and-M5-Max-720x410.jpg.webp\" media=\"(max-width: 360px) and (-webkit-min-device-pixel-ratio: 1.5)\" type=\"image\/webp\">\n                  <source srcset=\"https:\/\/www.otto.de\/updated\/app\/uploads\/2026\/03\/Apple-MacBook-Pro-M5-Pro-and-M5-Max-720x410.jpg\" media=\"(max-width: 360px) and (-webkit-min-device-pixel-ratio: 1.5)\">\n                  <source srcset=\"https:\/\/www.otto.de\/updated\/app\/uploads-webp\/uploads\/2026\/03\/Apple-MacBook-Pro-M5-Pro-and-M5-Max-360x205.jpg.webp\" media=\"(max-width: 360px)\" type=\"image\/webp\">\n                  <source srcset=\"https:\/\/www.otto.de\/updated\/app\/uploads\/2026\/03\/Apple-MacBook-Pro-M5-Pro-and-M5-Max-360x205.jpg\" media=\"(max-width: 360px)\">\n                    <source srcset=\"https:\/\/www.otto.de\/updated\/app\/uploads-webp\/uploads\/2026\/03\/Apple-MacBook-Pro-M5-Pro-and-M5-Max-1680x945.jpg.webp\" media=\"(max-width: 560px) and (-webkit-min-device-pixel-ratio: 2.5)\" type=\"image\/webp\">\n                  <source srcset=\"https:\/\/www.otto.de\/updated\/app\/uploads\/2026\/03\/Apple-MacBook-Pro-M5-Pro-and-M5-Max-1680x945.jpg\" media=\"(max-width: 560px) and (-webkit-min-device-pixel-ratio: 2.5)\">\n                  <source srcset=\"https:\/\/www.otto.de\/updated\/app\/uploads-webp\/uploads\/2026\/03\/Apple-MacBook-Pro-M5-Pro-and-M5-Max-1120x630.jpg.webp\" media=\"(max-width: 560px) and (-webkit-min-device-pixel-ratio: 1.5)\" type=\"image\/webp\">\n                  <source srcset=\"https:\/\/www.otto.de\/updated\/app\/uploads\/2026\/03\/Apple-MacBook-Pro-M5-Pro-and-M5-Max-1120x630.jpg\" media=\"(max-width: 560px) and (-webkit-min-device-pixel-ratio: 1.5)\">\n                  <source srcset=\"https:\/\/www.otto.de\/updated\/app\/uploads-webp\/uploads\/2026\/03\/Apple-MacBook-Pro-M5-Pro-and-M5-Max-560x315.jpg.webp\" media=\"(max-width: 560px)\" type=\"image\/webp\">\n                  <source srcset=\"https:\/\/www.otto.de\/updated\/app\/uploads\/2026\/03\/Apple-MacBook-Pro-M5-Pro-and-M5-Max-560x315.jpg\" media=\"(max-width: 560px)\">\n                    <source srcset=\"https:\/\/www.otto.de\/updated\/app\/uploads-webp\/uploads\/2026\/03\/Apple-MacBook-Pro-M5-Pro-and-M5-Max-2304x1296.jpg.webp\" media=\"(max-width: 767px) and (-webkit-min-device-pixel-ratio: 2.5)\" type=\"image\/webp\">\n                  <source srcset=\"https:\/\/www.otto.de\/updated\/app\/uploads\/2026\/03\/Apple-MacBook-Pro-M5-Pro-and-M5-Max-2304x1296.jpg\" media=\"(max-width: 767px) and (-webkit-min-device-pixel-ratio: 2.5)\">\n                  <source srcset=\"https:\/\/www.otto.de\/updated\/app\/uploads-webp\/uploads\/2026\/03\/Apple-MacBook-Pro-M5-Pro-and-M5-Max-1536x864.jpg.webp\" media=\"(max-width: 767px) and (-webkit-min-device-pixel-ratio: 1.5)\" type=\"image\/webp\">\n                  <source srcset=\"https:\/\/www.otto.de\/updated\/app\/uploads\/2026\/03\/Apple-MacBook-Pro-M5-Pro-and-M5-Max-1536x864.jpg\" media=\"(max-width: 767px) and (-webkit-min-device-pixel-ratio: 1.5)\">\n                  <source srcset=\"https:\/\/www.otto.de\/updated\/app\/uploads-webp\/uploads\/2026\/03\/Apple-MacBook-Pro-M5-Pro-and-M5-Max-768x432.jpg.webp\" media=\"(max-width: 767px)\" type=\"image\/webp\">\n                  <source srcset=\"https:\/\/www.otto.de\/updated\/app\/uploads\/2026\/03\/Apple-MacBook-Pro-M5-Pro-and-M5-Max-768x432.jpg\" media=\"(max-width: 767px)\">\n                    <source srcset=\"https:\/\/www.otto.de\/updated\/app\/uploads-webp\/uploads\/2026\/03\/Apple-MacBook-Pro-M5-Pro-and-M5-Max-1680x945.jpg.webp\" media=\"(max-width: 991px) and (-webkit-min-device-pixel-ratio: 2.5)\" type=\"image\/webp\">\n                  <source srcset=\"https:\/\/www.otto.de\/updated\/app\/uploads\/2026\/03\/Apple-MacBook-Pro-M5-Pro-and-M5-Max-1680x945.jpg\" media=\"(max-width: 991px) and (-webkit-min-device-pixel-ratio: 2.5)\">\n                  <source srcset=\"https:\/\/www.otto.de\/updated\/app\/uploads-webp\/uploads\/2026\/03\/Apple-MacBook-Pro-M5-Pro-and-M5-Max-1120x630.jpg.webp\" media=\"(max-width: 991px) and (-webkit-min-device-pixel-ratio: 1.5)\" type=\"image\/webp\">\n                  <source srcset=\"https:\/\/www.otto.de\/updated\/app\/uploads\/2026\/03\/Apple-MacBook-Pro-M5-Pro-and-M5-Max-1120x630.jpg\" media=\"(max-width: 991px) and (-webkit-min-device-pixel-ratio: 1.5)\">\n                  <source srcset=\"https:\/\/www.otto.de\/updated\/app\/uploads-webp\/uploads\/2026\/03\/Apple-MacBook-Pro-M5-Pro-and-M5-Max-560x315.jpg.webp\" media=\"(max-width: 991px)\" type=\"image\/webp\">\n                  <source srcset=\"https:\/\/www.otto.de\/updated\/app\/uploads\/2026\/03\/Apple-MacBook-Pro-M5-Pro-and-M5-Max-560x315.jpg\" media=\"(max-width: 991px)\">\n        <source srcset=\"https:\/\/www.otto.de\/updated\/app\/uploads-webp\/uploads\/2026\/03\/Apple-MacBook-Pro-M5-Pro-and-M5-Max-2304x1296.jpg.webp\" media=\"(-webkit-min-device-pixel-ratio: 2.5)\" type=\"image\/webp\">\n  <source srcset=\"https:\/\/www.otto.de\/updated\/app\/uploads\/2026\/03\/Apple-MacBook-Pro-M5-Pro-and-M5-Max-2304x1296.jpg\" media=\"(-webkit-min-device-pixel-ratio: 2.5)\">\n  <source srcset=\"https:\/\/www.otto.de\/updated\/app\/uploads-webp\/uploads\/2026\/03\/Apple-MacBook-Pro-M5-Pro-and-M5-Max-1536x864.jpg.webp\" media=\"(-webkit-min-device-pixel-ratio: 1.5)\" type=\"image\/webp\">\n  <source srcset=\"https:\/\/www.otto.de\/updated\/app\/uploads\/2026\/03\/Apple-MacBook-Pro-M5-Pro-and-M5-Max-1536x864.jpg\" media=\"(-webkit-min-device-pixel-ratio: 1.5)\">\n  <source srcset=\"https:\/\/www.otto.de\/updated\/app\/uploads-webp\/uploads\/2026\/03\/Apple-MacBook-Pro-M5-Pro-and-M5-Max-768x432.jpg.webp\" type=\"image\/webp\">\n  <img loading=\"lazy\" decoding=\"async\" src=\"https:\/\/www.otto.de\/updated\/app\/uploads\/2026\/03\/Apple-MacBook-Pro-M5-Pro-and-M5-Max-768x432.jpg\" width=\"768\" height=\"432\" title=\"Apple frischt die MacReihe auf, Neues MacBook Air, MacBook Pro und Studio Display\" alt=\"Eine Person arbeitet unter dem Nachthimmel auf ihrem MacBook Pro.\" class=\"img-responsive img-small\" data-copyright=\"\u00a9 2026 Apple\" data-post-excerpt=\"Mit einer Akkulaufzeit von bis zu 24 Stunden, kannst du mit mit dem neuen MacBook Pro ganz sorgenlos von \u00fcberall arbeiten.\" data-light-value=\"dark\" data-zoom-width=\"2560\" data-zoom-height=\"1707\" data-zoom-src=\"https:\/\/www.otto.de\/updated\/app\/uploads\/2026\/03\/Apple-MacBook-Pro-M5-Pro-and-M5-Max.jpg\">\n                    <div class=\"caption dark\">\n          <small>\n            \u00a9 2026&nbsp;Apple&nbsp;<\/small>\n        <\/div>\n          <\/picture>\n  <\/div>\n      <figcaption class=\"post-excerpt\">\n      Mit einer Akku\u00adlauf\u00adzeit von bis zu 24 Stun\u00adden, kannst du mit mit dem neu\u00aden Mac\u00adBook Pro ganz sor\u00adgen\u00adlos von \u00fcber\u00adall arbeiten.&nbsp;<\/figcaption>\n  <\/figure>\n          <\/div>\n    <div class=\"progress-bars\"><\/div>\n    <div class=\"zoom-icon-wrapper\">\n      <div class=\"zoom-icon\"><\/div>\n    <\/div>\n  <\/div>\n<\/div><\/div><\/div><\/div><div class=\"vc_row wpb_row vc_row-fluid\"><div class=\"wpb_column vc_column_container vc_col-sm-12\"><div class=\"vc_column-inner\"><div class=\"wpb_wrapper\"><div class=\"headline toc--item\"><a name=\"macbook-pro-mit-m5-pro-und-m5-max-maximale-power-fuer-profis\"><\/a><h2>Mac\u00adBook Pro mit M5 Pro und M5 Max: Maxi\u00adma\u00adle Power f\u00fcr Profis&nbsp;<\/h2><\/div><\/div><\/div><\/div><\/div><div class=\"vc_row wpb_row vc_row-fluid\"><div class=\"wpb_column vc_column_container vc_col-sm-12\"><div class=\"vc_column-inner\"><div class=\"wpb_wrapper\">\n\t<div class=\"wpb_text_column wpb_content_element\">\n\t\t<div class=\"wpb_wrapper\">\n\t\t\t<p><span data-contrast=\"auto\">Mit dem neu\u00aden Mac\u00adBook Pro rich\u00adtet sich Apple, mitt\u00adler\u00adwei\u00adle wirk\u00adlich dem Namen ent\u00adspre\u00adchend, eher&nbsp;an pro\u00adfes\u00adsio\u00adnel\u00adle Nutzer*innen. Die Model\u00adle mit M5 Pro und M5 Max lie\u00adfern deut\u00adlich mehr Leis\u00adtung f\u00fcr anspruchs\u00advol\u00adle Auf\u00adga\u00adben wie Video\u00adbe\u00adar\u00adbei\u00adtung, 3D<\/span><span data-contrast=\"auto\">\u2011<\/span><span data-contrast=\"auto\">Ren\u00adde\u00adring, Soft\u00adware<\/span><span data-contrast=\"auto\">\u2011<\/span><span data-contrast=\"auto\">Ent\u00adwick\u00adlung oder KI<\/span><span data-contrast=\"auto\">\u2011<\/span><span data-contrast=\"auto\">Work\u00adflows.<\/span><span data-ccp-props=\"{}\">&nbsp;<\/span><\/p>\n\n\t\t<\/div>\n\t<\/div>\n<\/div><\/div><\/div><\/div><div class=\"vc_row wpb_row vc_row-fluid\"><div class=\"wpb_column vc_column_container vc_col-sm-12\"><div class=\"vc_column-inner\"><div class=\"wpb_wrapper\"><div class=\"headline\"><a name=\"neue-chips-m5-pro-und-m5-max\"><\/a><h3>Neue Chips: M5 Pro und M5&nbsp;Max&nbsp;<\/h3><\/div><\/div><\/div><\/div><\/div><div class=\"vc_row wpb_row vc_row-fluid\"><div class=\"wpb_column vc_column_container vc_col-sm-12\"><div class=\"vc_column-inner\"><div class=\"wpb_wrapper\">\n\t<div class=\"wpb_text_column wpb_content_element\">\n\t\t<div class=\"wpb_wrapper\">\n\t\t\t<p><span data-contrast=\"auto\">Bei\u00adde Chips basie\u00adren auf App\u00adles neu\u00ader&nbsp;soge\u00adnann\u00adter&nbsp;\u201eFusi\u00adon<\/span><span data-contrast=\"auto\">\u2011<\/span><span data-contrast=\"auto\">Archi\u00adtek\u00adtur\u201c. Dabei&nbsp;wer\u00adden&nbsp;zwei Chip<\/span><span data-contrast=\"auto\">\u2011<\/span><span data-contrast=\"auto\">Dies zu einem leis\u00adtungs\u00adstar\u00adken Sys\u00adtem<\/span><span data-contrast=\"auto\">\u2011<\/span><span data-contrast=\"auto\">on<\/span><span data-contrast=\"auto\">\u2011<\/span><span data-contrast=\"auto\">a<\/span><span data-contrast=\"auto\">\u2011<\/span><span data-contrast=\"auto\">Chip&nbsp;(SoC)&nbsp;kom\u00adbi\u00adniert. Das Ergeb\u00adnis: h\u00f6he\u00adre CPU<\/span><span data-contrast=\"auto\">\u2011<\/span><span data-contrast=\"auto\">&nbsp;und GPU<\/span><span data-contrast=\"auto\">\u2011<\/span><span data-contrast=\"auto\">Per\u00adfor\u00admance, schnel\u00adle\u00adre KI<\/span><span data-contrast=\"auto\">\u2011<\/span><span data-contrast=\"auto\">Berech\u00adnun\u00adgen und eine enor\u00adme Spei\u00adcher\u00adband\u00adbrei\u00adte&nbsp;durch die von Apple&nbsp;neu&nbsp;als \u201eSuper\u00adker\u00adne\u201c bezeich\u00adne\u00adten&nbsp;CPU-Ker\u00adne.<\/span><span data-ccp-props=\"{}\">&nbsp;<\/span><\/p>\n\n\t\t<\/div>\n\t<\/div>\n<\/div><\/div><\/div><\/div><div class=\"vc_row wpb_row vc_row-fluid\"><div class=\"wpb_column vc_column_container vc_col-sm-12\"><div class=\"vc_column-inner\"><div class=\"wpb_wrapper\"><div class=\"headline\"><a name=\"leistung-speicher\"><\/a><h3>Leis\u00adtung &amp; Speicher&nbsp;<\/h3><\/div>\n\t<div class=\"wpb_text_column wpb_content_element\">\n\t\t<div class=\"wpb_wrapper\">\n\t\t\t<p><span data-contrast=\"auto\">Schon die Basis\u00adaus\u00adstat\u00adtung f\u00e4llt deut\u00adlich gro\u00df\u00adz\u00fc\u00adgi\u00adger aus:&nbsp;Mit&nbsp;1&nbsp;TB Spei\u00adcher beim Mac\u00adBook Pro mit M5 Pro&nbsp;und&nbsp;2&nbsp;TB Spei\u00adcher beim Mac\u00adBook Pro mit M5 Max&nbsp;soll\u00adtest du auch in einem anspruchs\u00advol\u00adlen Arbeits\u00adall\u00adtag&nbsp;aus\u00adrei\u00adchend&nbsp;Spei\u00adcher f\u00fcr dei\u00adne&nbsp;Daten\u00admen\u00adgen haben.&nbsp;<\/span><span data-ccp-props=\"{}\">&nbsp;<\/span><\/p>\n<p><span data-contrast=\"auto\">Dazu kom\u00admen deut\u00adlich schnel\u00adle\u00adre SSD<\/span><span data-contrast=\"auto\">\u2011<\/span><span data-contrast=\"auto\">Geschwin\u00addig\u00adkei\u00adten, die gro\u00ad\u00dfe Pro\u00adjek\u00adte und Daten\u00admen\u00adgen sp\u00fcr\u00adbar beschleu\u00adni\u00adgen&nbsp;sol\u00adlen.<\/span><span data-ccp-props=\"{}\">&nbsp;<\/span><\/p>\n\n\t\t<\/div>\n\t<\/div>\n<\/div><\/div><\/div><\/div><div class=\"vc_row wpb_row vc_row-fluid\"><div class=\"wpb_column vc_column_container vc_col-sm-12\"><div class=\"vc_column-inner\"><div class=\"wpb_wrapper\"><div class=\"headline\"><a name=\"funktionen-ausstattung\"><\/a><h3>Funk\u00adtio\u00adnen &amp; Ausstattung&nbsp;<\/h3><\/div>\n\t<div class=\"wpb_text_column wpb_content_element\">\n\t\t<div class=\"wpb_wrapper\">\n\t\t\t<p><span class=\"TextRun SCXW146069130 BCX0\" lang=\"DE-DE\" xml:lang=\"DE-DE\" data-contrast=\"auto\"><span class=\"NormalTextRun SCXW146069130 BCX0\">Das Liquid Reti\u00adna XDR Dis\u00adplay bie\u00adtet&nbsp;<\/span><span class=\"NormalTextRun SCXW146069130 BCX0\">eine durch\u00adge\u00adhend&nbsp;<\/span><span class=\"NormalTextRun SCXW146069130 BCX0\">hohe Hel\u00adlig\u00adkeit<\/span><span class=\"NormalTextRun SCXW146069130 BCX0\">&nbsp;von 1.000 Nits und ver\u00adf\u00fcgt \u00fcber eine Spit\u00adzen\u00adhel\u00adlig\u00adkeit von 1.600 Nits.&nbsp;<\/span><span class=\"NormalTextRun SCXW146069130 BCX0\">Damit l\u00e4sst sich auch im Frei\u00aden ordent\u00adlich arbei\u00adten. S<\/span><span class=\"NormalTextRun SCXW146069130 BCX0\">tar\u00adke Kon\u00adtras\u00adte und optio\u00adnal Nanotex\u00adtur\u00adglas<\/span><span class=\"NormalTextRun SCXW146069130 BCX0\">&nbsp;sor\u00adgen f\u00fcr weni\u00adger Spie\u00adge\u00adlun\u00adgen<\/span><span class=\"NormalTextRun SCXW146069130 BCX0\">. Erg\u00e4nzt wird das Gan\u00adze durch eine 12<\/span><\/span><span class=\"TextRun SCXW146069130 BCX0\" lang=\"DE-DE\" xml:lang=\"DE-DE\" data-contrast=\"auto\"><span class=\"NormalTextRun SCXW146069130 BCX0\">\u2011<\/span><\/span><span class=\"TextRun SCXW146069130 BCX0\" lang=\"DE-DE\" xml:lang=\"DE-DE\" data-contrast=\"auto\"><span class=\"NormalTextRun SCXW146069130 BCX0\">MP<\/span><\/span><span class=\"TextRun SCXW146069130 BCX0\" lang=\"DE-DE\" xml:lang=\"DE-DE\" data-contrast=\"auto\"><span class=\"NormalTextRun SCXW146069130 BCX0\">\u2011<\/span><\/span><span class=\"TextRun SCXW146069130 BCX0\" lang=\"DE-DE\" xml:lang=\"DE-DE\" data-contrast=\"auto\"><span class=\"NormalTextRun SCXW146069130 BCX0\">Cen\u00adter<\/span><\/span><span class=\"TextRun SCXW146069130 BCX0\" lang=\"DE-DE\" xml:lang=\"DE-DE\" data-contrast=\"auto\"><span class=\"NormalTextRun SCXW146069130 BCX0\">\u2011<\/span><\/span><span class=\"TextRun SCXW146069130 BCX0\" lang=\"DE-DE\" xml:lang=\"DE-DE\" data-contrast=\"auto\"><span class=\"NormalTextRun SCXW146069130 BCX0\">Stage<\/span><\/span><span class=\"TextRun SCXW146069130 BCX0\" lang=\"DE-DE\" xml:lang=\"DE-DE\" data-contrast=\"auto\"><span class=\"NormalTextRun SCXW146069130 BCX0\">\u2011<\/span><\/span><span class=\"TextRun SCXW146069130 BCX0\" lang=\"DE-DE\" xml:lang=\"DE-DE\" data-contrast=\"auto\"><span class=\"NormalTextRun SCXW146069130 BCX0\">Kame\u00adra, Mikro\u00adfo\u00adne in Stu\u00addio\u00adqua\u00adli\u00adt\u00e4t und ein leis\u00adtungs\u00adstar\u00adkes Laut\u00adspre\u00adcher\u00adsys\u00adtem mit 3D Audio.<\/span><span class=\"NormalTextRun SCXW146069130 BCX0\">&nbsp;Nicht zu ver\u00adges\u00adsen&nbsp;<\/span><span class=\"NormalTextRun AdvancedProofingIssueV2Themed SCXW146069130 BCX0\">nat\u00fcr\u00adlich die<\/span><span class=\"NormalTextRun SCXW146069130 BCX0\">&nbsp;Apple&nbsp;<\/span><span class=\"NormalTextRun SpellingErrorV2Themed SCXW146069130 BCX0\">I<\/span><span class=\"NormalTextRun SpellingErrorV2Themed SCXW146069130 BCX0\">n<\/span><span class=\"NormalTextRun SpellingErrorV2Themed SCXW146069130 BCX0\">tel\u00adli\u00adgence<\/span><span class=\"NormalTextRun SCXW146069130 BCX0\">&nbsp;Funk\u00adtio\u00adnen<\/span><span class=\"NormalTextRun SCXW146069130 BCX0\">&nbsp;mit&nbsp;<\/span><span class=\"NormalTextRun SCXW146069130 BCX0\">3,7\u2011mal schnel\u00adle\u00adrer Bild\u00adge\u00adne\u00adrie\u00adrung und 3,9\u2011mal schnel\u00adle\u00adrer Ver\u00adar\u00adbei\u00adtung von LLM-Prompts im Ver\u00adgleich zum Vor\u00adg\u00e4n\u00adger\u00admo\u00addell mit M<\/span><span class=\"NormalTextRun SCXW146069130 BCX0\">4 Pro Chip.<\/span><\/span><span class=\"EOP SCXW146069130 BCX0\" data-ccp-props=\"{}\">&nbsp;<\/span><\/p>\n\n\t\t<\/div>\n\t<\/div>\n<\/div><\/div><\/div><\/div><div class=\"vc_row wpb_row vc_row-fluid\"><div class=\"wpb_column vc_column_container vc_col-sm-12\"><div class=\"vc_column-inner\"><div class=\"wpb_wrapper\"><div class=\"headline\"><a name=\"akku-anschluesse-konnektivitaet\"><\/a><h3>Akku, Anschl\u00fcs\u00adse &amp; Konnektivit\u00e4t&nbsp;<\/h3><\/div>\n\t<div class=\"wpb_text_column wpb_content_element\">\n\t\t<div class=\"wpb_wrapper\">\n\t\t\t<p><span data-contrast=\"auto\">Trotz der hohen Leis\u00adtung&nbsp;spricht Apple&nbsp;beim&nbsp;Mac\u00adBook Pro&nbsp;von&nbsp;bis zu 24 Stun\u00adden Akku\u00adlauf\u00adzeit.&nbsp;Bei den Anschl\u00fcs\u00adsen gibt es eine Aus\u00adwahl an&nbsp;Thun\u00adder\u00adbolt&nbsp;5, HDMI, SD<\/span><span data-contrast=\"auto\">\u2011<\/span><span data-contrast=\"auto\">Kar\u00adten\u00adle\u00adser und MagSafe. Auch hier sorgt der&nbsp;neue haus\u00adei\u00adge\u00adne&nbsp;N1<\/span><span data-contrast=\"auto\">\u2011<\/span><span data-contrast=\"auto\">Chip f\u00fcr WLAN&nbsp;7 und Blue\u00adtooth&nbsp;6. Je nach Chip, also M5 Pro oder M5 Max,&nbsp;las\u00adsen sich meh\u00adre\u00adre hoch\u00adauf\u00adl\u00f6\u00adsen\u00adde exter\u00adne Dis\u00adplays anschlie\u00ad\u00dfen.<\/span><span data-ccp-props=\"{}\">&nbsp;<\/span><\/p>\n\n\t\t<\/div>\n\t<\/div>\n<\/div><\/div><\/div><\/div><div class=\"vc_row wpb_row vc_row-fluid\"><div class=\"wpb_column vc_column_container vc_col-sm-12\"><div class=\"vc_column-inner\"><div class=\"wpb_wrapper\"><div class=\"headline\"><a name=\"preise-verkaufsstart\"><\/a><h3>Prei\u00adse &amp; Verkaufsstart&nbsp;<\/h3><\/div>\n\t<div class=\"wpb_text_column wpb_content_element\">\n\t\t<div class=\"wpb_wrapper\">\n\t\t\t<p><span class=\"TextRun SCXW218307907 BCX0\" lang=\"DE-DE\" xml:lang=\"DE-DE\" data-contrast=\"auto\"><span class=\"NormalTextRun SCXW218307907 BCX0\">Das Mac\u00adBook Pro ist als 14<\/span><\/span><span class=\"TextRun SCXW218307907 BCX0\" lang=\"DE-DE\" xml:lang=\"DE-DE\" data-contrast=\"auto\"><span class=\"NormalTextRun SCXW218307907 BCX0\">\u2011<\/span><\/span><span class=\"TextRun SCXW218307907 BCX0\" lang=\"DE-DE\" xml:lang=\"DE-DE\" data-contrast=\"auto\"><span class=\"NormalTextRun SCXW218307907 BCX0\">Zoll<\/span><\/span><span class=\"TextRun SCXW218307907 BCX0\" lang=\"DE-DE\" xml:lang=\"DE-DE\" data-contrast=\"auto\"><span class=\"NormalTextRun SCXW218307907 BCX0\">\u2011<\/span><\/span><span class=\"TextRun SCXW218307907 BCX0\" lang=\"DE-DE\" xml:lang=\"DE-DE\" data-contrast=\"auto\"><span class=\"NormalTextRun SCXW218307907 BCX0\">&nbsp;und 16<\/span><\/span><span class=\"TextRun SCXW218307907 BCX0\" lang=\"DE-DE\" xml:lang=\"DE-DE\" data-contrast=\"auto\"><span class=\"NormalTextRun SCXW218307907 BCX0\">\u2011<\/span><\/span><span class=\"TextRun SCXW218307907 BCX0\" lang=\"DE-DE\" xml:lang=\"DE-DE\" data-contrast=\"auto\"><span class=\"NormalTextRun SCXW218307907 BCX0\">Zoll<\/span><\/span><span class=\"TextRun SCXW218307907 BCX0\" lang=\"DE-DE\" xml:lang=\"DE-DE\" data-contrast=\"auto\"><span class=\"NormalTextRun SCXW218307907 BCX0\">\u2011<\/span><\/span><span class=\"TextRun SCXW218307907 BCX0\" lang=\"DE-DE\" xml:lang=\"DE-DE\" data-contrast=\"auto\"><span class=\"NormalTextRun SCXW218307907 BCX0\">Modell erh\u00e4lt\u00adlic<\/span><span class=\"NormalTextRun SCXW218307907 BCX0\">h und kommt in den Far\u00adben&nbsp;<\/span><span class=\"NormalTextRun SCXW218307907 BCX0\">Space Schwarz und Sil\u00adber.&nbsp;<\/span><span class=\"NormalTextRun SCXW218307907 BCX0\">Mit&nbsp;<\/span><span class=\"NormalTextRun SCXW218307907 BCX0\">dem M5 Pro Chip star\u00adten die neu\u00aden Model\u00adle in der 14-Zoll-Ver\u00adsi\u00adon bei&nbsp;<\/span><span class=\"NormalTextRun SCXW218307907 BCX0\">2.499 Euro und in der 16-Zoll-Ver\u00adsi\u00adon bei 2.999 Euro. Deut\u00adlich h\u00f6her sind die Ein\u00adstiegs\u00adprei\u00adse bei de<\/span><span class=\"NormalTextRun SCXW218307907 BCX0\">n Model\u00adlen mit M5 Max Chip. Hier star\u00adtet die 14-Zoll-Ver\u00adsi\u00adon bei 4.199 Euro und die 16-Zoll-Ver\u00adsi\u00adon bei<\/span><span class=\"NormalTextRun SCXW218307907 BCX0\">&nbsp;4.499 Euro.&nbsp;<\/span><\/span><span class=\"EOP SCXW218307907 BCX0\" data-ccp-props=\"{}\">&nbsp;<\/span><\/p>\n\n\t\t<\/div>\n\t<\/div>\n<\/div><\/div><\/div><\/div><div class=\"vc_row wpb_row vc_row-fluid\"><div class=\"wpb_column vc_column_container vc_col-sm-12\"><div class=\"vc_column-inner\"><div class=\"wpb_wrapper\">  <div class=\"slick-gallery-wrapper gallery-no-padding\" data-number-of-slides=\"1\">\n    <div class=\"slick-gallery should-lightbox \" id=\"slick_gallery_mQpzWs1dQmlMXPRwIww1\">\n              <figure>\n  <div class=\"img-small-container\">\n    <div class=\"img-small-hover-background\"><\/div>\n    <picture>\n                                <source srcset=\"https:\/\/www.otto.de\/updated\/app\/uploads-webp\/uploads\/2026\/03\/Apple-Studio-Display-XDR-stand-1080x615.jpg.webp?theia_smart_thumbnails_file_version=2\" media=\"(max-width: 360px) and (-webkit-min-device-pixel-ratio: 2.5)\" type=\"image\/webp\">\n                  <source srcset=\"https:\/\/www.otto.de\/updated\/app\/uploads\/2026\/03\/Apple-Studio-Display-XDR-stand-1080x615.jpg?theia_smart_thumbnails_file_version=2\" media=\"(max-width: 360px) and (-webkit-min-device-pixel-ratio: 2.5)\">\n                  <source srcset=\"https:\/\/www.otto.de\/updated\/app\/uploads-webp\/uploads\/2026\/03\/Apple-Studio-Display-XDR-stand-720x410.jpg.webp?theia_smart_thumbnails_file_version=2\" media=\"(max-width: 360px) and (-webkit-min-device-pixel-ratio: 1.5)\" type=\"image\/webp\">\n                  <source srcset=\"https:\/\/www.otto.de\/updated\/app\/uploads\/2026\/03\/Apple-Studio-Display-XDR-stand-720x410.jpg?theia_smart_thumbnails_file_version=2\" media=\"(max-width: 360px) and (-webkit-min-device-pixel-ratio: 1.5)\">\n                  <source srcset=\"https:\/\/www.otto.de\/updated\/app\/uploads-webp\/uploads\/2026\/03\/Apple-Studio-Display-XDR-stand-360x205.jpg.webp?theia_smart_thumbnails_file_version=2\" media=\"(max-width: 360px)\" type=\"image\/webp\">\n                  <source srcset=\"https:\/\/www.otto.de\/updated\/app\/uploads\/2026\/03\/Apple-Studio-Display-XDR-stand-360x205.jpg?theia_smart_thumbnails_file_version=2\" media=\"(max-width: 360px)\">\n                    <source srcset=\"https:\/\/www.otto.de\/updated\/app\/uploads-webp\/uploads\/2026\/03\/Apple-Studio-Display-XDR-stand-1680x945.jpg.webp?theia_smart_thumbnails_file_version=2\" media=\"(max-width: 560px) and (-webkit-min-device-pixel-ratio: 2.5)\" type=\"image\/webp\">\n                  <source srcset=\"https:\/\/www.otto.de\/updated\/app\/uploads\/2026\/03\/Apple-Studio-Display-XDR-stand-1680x945.jpg?theia_smart_thumbnails_file_version=2\" media=\"(max-width: 560px) and (-webkit-min-device-pixel-ratio: 2.5)\">\n                  <source srcset=\"https:\/\/www.otto.de\/updated\/app\/uploads-webp\/uploads\/2026\/03\/Apple-Studio-Display-XDR-stand-1120x630.jpg.webp?theia_smart_thumbnails_file_version=2\" media=\"(max-width: 560px) and (-webkit-min-device-pixel-ratio: 1.5)\" type=\"image\/webp\">\n                  <source srcset=\"https:\/\/www.otto.de\/updated\/app\/uploads\/2026\/03\/Apple-Studio-Display-XDR-stand-1120x630.jpg?theia_smart_thumbnails_file_version=2\" media=\"(max-width: 560px) and (-webkit-min-device-pixel-ratio: 1.5)\">\n                  <source srcset=\"https:\/\/www.otto.de\/updated\/app\/uploads-webp\/uploads\/2026\/03\/Apple-Studio-Display-XDR-stand-560x315.jpg.webp?theia_smart_thumbnails_file_version=2\" media=\"(max-width: 560px)\" type=\"image\/webp\">\n                  <source srcset=\"https:\/\/www.otto.de\/updated\/app\/uploads\/2026\/03\/Apple-Studio-Display-XDR-stand-560x315.jpg?theia_smart_thumbnails_file_version=2\" media=\"(max-width: 560px)\">\n                    <source srcset=\"https:\/\/www.otto.de\/updated\/app\/uploads-webp\/uploads\/2026\/03\/Apple-Studio-Display-XDR-stand-2304x1296.jpg.webp?theia_smart_thumbnails_file_version=2\" media=\"(max-width: 767px) and (-webkit-min-device-pixel-ratio: 2.5)\" type=\"image\/webp\">\n                  <source srcset=\"https:\/\/www.otto.de\/updated\/app\/uploads\/2026\/03\/Apple-Studio-Display-XDR-stand-2304x1296.jpg?theia_smart_thumbnails_file_version=2\" media=\"(max-width: 767px) and (-webkit-min-device-pixel-ratio: 2.5)\">\n                  <source srcset=\"https:\/\/www.otto.de\/updated\/app\/uploads-webp\/uploads\/2026\/03\/Apple-Studio-Display-XDR-stand-1536x864.jpg.webp?theia_smart_thumbnails_file_version=2\" media=\"(max-width: 767px) and (-webkit-min-device-pixel-ratio: 1.5)\" type=\"image\/webp\">\n                  <source srcset=\"https:\/\/www.otto.de\/updated\/app\/uploads\/2026\/03\/Apple-Studio-Display-XDR-stand-1536x864.jpg?theia_smart_thumbnails_file_version=2\" media=\"(max-width: 767px) and (-webkit-min-device-pixel-ratio: 1.5)\">\n                  <source srcset=\"https:\/\/www.otto.de\/updated\/app\/uploads-webp\/uploads\/2026\/03\/Apple-Studio-Display-XDR-stand-768x432.jpg.webp?theia_smart_thumbnails_file_version=2\" media=\"(max-width: 767px)\" type=\"image\/webp\">\n                  <source srcset=\"https:\/\/www.otto.de\/updated\/app\/uploads\/2026\/03\/Apple-Studio-Display-XDR-stand-768x432.jpg?theia_smart_thumbnails_file_version=2\" media=\"(max-width: 767px)\">\n                    <source srcset=\"https:\/\/www.otto.de\/updated\/app\/uploads-webp\/uploads\/2026\/03\/Apple-Studio-Display-XDR-stand-1680x945.jpg.webp?theia_smart_thumbnails_file_version=2\" media=\"(max-width: 991px) and (-webkit-min-device-pixel-ratio: 2.5)\" type=\"image\/webp\">\n                  <source srcset=\"https:\/\/www.otto.de\/updated\/app\/uploads\/2026\/03\/Apple-Studio-Display-XDR-stand-1680x945.jpg?theia_smart_thumbnails_file_version=2\" media=\"(max-width: 991px) and (-webkit-min-device-pixel-ratio: 2.5)\">\n                  <source srcset=\"https:\/\/www.otto.de\/updated\/app\/uploads-webp\/uploads\/2026\/03\/Apple-Studio-Display-XDR-stand-1120x630.jpg.webp?theia_smart_thumbnails_file_version=2\" media=\"(max-width: 991px) and (-webkit-min-device-pixel-ratio: 1.5)\" type=\"image\/webp\">\n                  <source srcset=\"https:\/\/www.otto.de\/updated\/app\/uploads\/2026\/03\/Apple-Studio-Display-XDR-stand-1120x630.jpg?theia_smart_thumbnails_file_version=2\" media=\"(max-width: 991px) and (-webkit-min-device-pixel-ratio: 1.5)\">\n                  <source srcset=\"https:\/\/www.otto.de\/updated\/app\/uploads-webp\/uploads\/2026\/03\/Apple-Studio-Display-XDR-stand-560x315.jpg.webp?theia_smart_thumbnails_file_version=2\" media=\"(max-width: 991px)\" type=\"image\/webp\">\n                  <source srcset=\"https:\/\/www.otto.de\/updated\/app\/uploads\/2026\/03\/Apple-Studio-Display-XDR-stand-560x315.jpg?theia_smart_thumbnails_file_version=2\" media=\"(max-width: 991px)\">\n        <source srcset=\"https:\/\/www.otto.de\/updated\/app\/uploads-webp\/uploads\/2026\/03\/Apple-Studio-Display-XDR-stand-2304x1296.jpg.webp?theia_smart_thumbnails_file_version=2\" media=\"(-webkit-min-device-pixel-ratio: 2.5)\" type=\"image\/webp\">\n  <source srcset=\"https:\/\/www.otto.de\/updated\/app\/uploads\/2026\/03\/Apple-Studio-Display-XDR-stand-2304x1296.jpg?theia_smart_thumbnails_file_version=2\" media=\"(-webkit-min-device-pixel-ratio: 2.5)\">\n  <source srcset=\"https:\/\/www.otto.de\/updated\/app\/uploads-webp\/uploads\/2026\/03\/Apple-Studio-Display-XDR-stand-1536x864.jpg.webp?theia_smart_thumbnails_file_version=2\" media=\"(-webkit-min-device-pixel-ratio: 1.5)\" type=\"image\/webp\">\n  <source srcset=\"https:\/\/www.otto.de\/updated\/app\/uploads\/2026\/03\/Apple-Studio-Display-XDR-stand-1536x864.jpg?theia_smart_thumbnails_file_version=2\" media=\"(-webkit-min-device-pixel-ratio: 1.5)\">\n  <source srcset=\"https:\/\/www.otto.de\/updated\/app\/uploads-webp\/uploads\/2026\/03\/Apple-Studio-Display-XDR-stand-768x432.jpg.webp?theia_smart_thumbnails_file_version=2\" type=\"image\/webp\">\n  <img loading=\"lazy\" decoding=\"async\" src=\"https:\/\/www.otto.de\/updated\/app\/uploads\/2026\/03\/Apple-Studio-Display-XDR-stand-768x432.jpg?theia_smart_thumbnails_file_version=2\" width=\"768\" height=\"432\" title=\"Apple frischt die MacReihe auf, Neues MacBook Air, MacBook Pro und Studio Display\" alt=\"Seit- und R\u00fcckansicht des Studio Display XDR freigestellt auf wei\u00dfem Hintergrund.\" class=\"img-responsive img-small\" data-copyright=\"\u00a9 2026 Apple\" data-post-excerpt=\"Mach(t)\u2019s dir bequem: Dank neigungs- und h\u00f6henverstellbarem Standfu\u00df kannst du mit dem Studio Display XDR deine Arbeit komfortabel und flexibel verrichten. \" data-light-value=\"light\" data-zoom-width=\"2560\" data-zoom-height=\"1707\" data-zoom-src=\"https:\/\/www.otto.de\/updated\/app\/uploads\/2026\/03\/Apple-Studio-Display-XDR-stand.jpg\">\n                    <div class=\"caption light\">\n          <small>\n            \u00a9 2026&nbsp;Apple&nbsp;<\/small>\n        <\/div>\n          <\/picture>\n  <\/div>\n      <figcaption class=\"post-excerpt\">\n      Mach(t)\u2019s dir bequem: Dank nei\u00adgungs- und h\u00f6hen\u00adver\u00adstell\u00adba\u00adrem Stand\u00adfu\u00df kannst du mit dem Stu\u00addio Dis\u00adplay XDR dei\u00adne Arbeit kom\u00adfor\u00adta\u00adbel und fle\u00adxi\u00adbel verrichten.&nbsp;<\/figcaption>\n  <\/figure>\n          <\/div>\n    <div class=\"progress-bars\"><\/div>\n    <div class=\"zoom-icon-wrapper\">\n      <div class=\"zoom-icon\"><\/div>\n    <\/div>\n  <\/div>\n<\/div><\/div><\/div><\/div><div class=\"vc_row wpb_row vc_row-fluid\"><div class=\"wpb_column vc_column_container vc_col-sm-12\"><div class=\"vc_column-inner\"><div class=\"wpb_wrapper\"><div class=\"headline toc--item\"><a name=\"neues-studio-display-die-passende-ergaenzung-fuer-den-mac\"><\/a><h2>Neu\u00ades Stu\u00addio Dis\u00adplay: Die pas\u00adsen\u00adde Erg\u00e4n\u00adzung f\u00fcr den&nbsp;Mac&nbsp;<\/h2><\/div>\n\t<div class=\"wpb_text_column wpb_content_element\">\n\t\t<div class=\"wpb_wrapper\">\n\t\t\t<p><span data-contrast=\"auto\">Abge\u00adrun\u00addet wird das&nbsp;aktu\u00adel\u00adle Apple-Update durch das neue Stu\u00addio Dis\u00adplay.&nbsp;Das&nbsp;bie\u00adtet ein 5K<\/span><span data-contrast=\"auto\">\u2011<\/span><span data-contrast=\"auto\">Reti\u00adna<\/span><span data-contrast=\"auto\">\u2011<\/span><span data-contrast=\"auto\">Dis\u00adplay&nbsp;und&nbsp;eine ver\u00adbes\u00adser\u00adte Cen\u00adter<\/span><span data-contrast=\"auto\">\u2011<\/span><span data-contrast=\"auto\">Stage<\/span><span data-contrast=\"auto\">\u2011<\/span><span data-contrast=\"auto\">Kame\u00adra&nbsp;und kommt zus\u00e4tz\u00adlich mit einem&nbsp;hoch\u00adwer\u00adti\u00adgen&nbsp;Sound\u00adsys\u00adtem&nbsp;mit einem Ring aus drei Mikro\u00adfo\u00adnen in Stu\u00addio\u00adqua\u00adli\u00adt\u00e4t.&nbsp;&nbsp;Als Plus gibt es&nbsp;zus\u00e4tz\u00adlich&nbsp;Thun\u00adder\u00adbolt<\/span><span data-contrast=\"auto\">\u2011<\/span><span data-contrast=\"auto\">5<\/span><span data-contrast=\"auto\">\u2011<\/span><span data-contrast=\"auto\">Anschl\u00fcs\u00adse.&nbsp;Das neue Stu\u00addio&nbsp;Dis\u00adplay star\u00adtet bei 1.699 Euro und ist ab 4. M\u00e4rz vor\u00adbe\u00adstell\u00adbar und&nbsp;ab 11. M\u00e4rz erh\u00e4lt\u00adlich.&nbsp;<\/span><span data-ccp-props=\"{}\">&nbsp;<\/span><\/p>\n<p><span data-contrast=\"auto\">F\u00fcr&nbsp;Men\u00adschen mit&nbsp;pro\u00adfes\u00adsio\u00adnel\u00adlen&nbsp;Anspr\u00fc\u00adchen&nbsp;bringt Apple zus\u00e4tz\u00adlich das Stu\u00addio Dis\u00adplay XDR&nbsp;in 27 Zoll. Das punk\u00adtet&nbsp;mit Mini<\/span><span data-contrast=\"auto\">\u2011<\/span><span data-contrast=\"auto\">LED<\/span><span data-contrast=\"auto\">\u2011<\/span><span data-contrast=\"auto\">Tech\u00adno\u00adlo\u00adgie&nbsp;f\u00fcr Hin\u00adter\u00adgrund\u00adbe\u00adleuch\u00adtung,&nbsp;extrem hoher&nbsp;Hel\u00adlig\u00adkeit&nbsp;von 2.000 Nits&nbsp;HDR&nbsp;Spit\u00adzen\u00adhel\u00adlig\u00adkeit&nbsp;und&nbsp;eine&nbsp;120&nbsp;Hz Bild\u00adwie\u00adder\u00adhol\u00adra\u00adte.&nbsp;Das sorgt f\u00fcr noch schnel\u00adle\u00adre&nbsp;Reak\u00adti\u00adons\u00adge\u00adschwin\u00addig\u00adkeit bei beweg\u00adten Inhal\u00adten und mit Adap\u00adti\u00adve&nbsp;Sync&nbsp;wer\u00adden die Bild\u00adra\u00adten&nbsp;f\u00fcr Inhal\u00adte, wie Vide\u00ados oder&nbsp;Spie\u00adle, auto\u00adma\u00adtisch ange\u00adpasst.&nbsp;Preis\u00adlich beginnt das Stu\u00addio Dis\u00adplay XDR bei 3.499 Euro. Vor\u00adbe\u00adstell\u00adbar ist es, wie das regu\u00adl\u00e4\u00adre Stu\u00addio Dis\u00adplay, ab 4. M\u00e4rz und dann ab 11. M\u00e4rz erh\u00e4lt\u00adlich.<\/span><span data-ccp-props=\"{}\">&nbsp;<\/span><\/p>\n\n\t\t<\/div>\n\t<\/div>\n<\/div><\/div><\/div><\/div><div class=\"vc_row wpb_row vc_row-fluid\"><div class=\"wpb_column vc_column_container vc_col-sm-12\"><div class=\"vc_column-inner\"><div class=\"wpb_wrapper\"><div class=\"headline\"><a name=\"starke-updates-fuer-viele-ansprueche\"><\/a><h2>Star\u00adke Updates f\u00fcr vie\u00adle Anspr\u00fcche&nbsp;<\/h2><\/div>\n\t<div class=\"wpb_text_column wpb_content_element\">\n\t\t<div class=\"wpb_wrapper\">\n\t\t\t<p><span class=\"TextRun SCXW214003896 BCX0\" data-contrast=\"auto\"><span class=\"NormalTextRun SCXW214003896 BCX0\">Mit dem neu\u00aden Mac\u00adBook Air, dem leis\u00adtungs\u00adstar\u00adken Mac\u00adBook Pro&nbsp;<\/span><span class=\"NormalTextRun SCXW214003896 BCX0\">mit zwei\u00ader\u00adlei Chip\u00ads\u00e4t\u00adzen&nbsp;<\/span><span class=\"NormalTextRun SCXW214003896 BCX0\">und den \u00fcber\u00adar\u00adbei\u00adte\u00adten Stu\u00addio Dis\u00adplays zeigt Apple, wie geziel\u00adte Updates<\/span><span class=\"NormalTextRun SCXW214003896 BCX0\">&nbsp;f\u00fcr pro\u00adfes\u00adsio\u00adnel\u00adle Leis\u00adtungs\u00adan\u00adspr\u00fc\u00adche<\/span><span class=\"NormalTextRun SCXW214003896 BCX0\">&nbsp;aus\u00adse\u00adhen k\u00f6n\u00adnen: mehr Leis\u00adtung<\/span><span class=\"NormalTextRun SCXW214003896 BCX0\">&nbsp;intern ver\u00adbaut<\/span><span class=\"NormalTextRun SCXW214003896 BCX0\">, moder\u00adne Kon\u00adnek\u00adti\u00advi\u00adt\u00e4t&nbsp;<\/span><span class=\"NormalTextRun SCXW214003896 BCX0\">durch den haus\u00adei\u00adge\u00adnen N1-Chip&nbsp;<\/span><span class=\"NormalTextRun SCXW214003896 BCX0\">und sinn\u00advol\u00adle Ver\u00adbes\u00adse\u00adrun\u00adgen an genau den Stel\u00adlen, die im All\u00adtag und im pro\u00adfes\u00adsio\u00adnel\u00adlen Ein\u00adsatz z\u00e4h\u00adlen. Egal ob du mobil arbei\u00adten, krea\u00adtiv pro\u00addu\u00adzie\u00adren oder maxi\u00adma\u00adle Rechen\u00adpower abru\u00adfen willst \u2013&nbsp;<\/span><span class=\"NormalTextRun SCXW214003896 BCX0\">mit den aktu\u00adel\u00adlen&nbsp;<\/span><span class=\"NormalTextRun SCXW214003896 BCX0\">Mac<\/span><\/span><span class=\"TextRun SCXW214003896 BCX0\" data-contrast=\"auto\"><span class=\"NormalTextRun SCXW214003896 BCX0\">\u2011<\/span><\/span><span class=\"TextRun SCXW214003896 BCX0\" data-contrast=\"auto\"><span class=\"NormalTextRun SCXW214003896 BCX0\">Updates&nbsp;<\/span><span class=\"NormalTextRun SCXW214003896 BCX0\">von Apple gibt es<\/span><span class=\"NormalTextRun SCXW214003896 BCX0\">&nbsp;f\u00fcr unter\u00adschied\u00adli\u00adche Anfor\u00adde\u00adrun\u00adgen pas\u00adsen\u00adde Optio\u00adnen und&nbsp;<\/span><span class=\"NormalTextRun SCXW214003896 BCX0\">vor allem<\/span><span class=\"NormalTextRun SCXW214003896 BCX0\">&nbsp;de<\/span><span class=\"NormalTextRun SCXW214003896 BCX0\">r<\/span><span class=\"NormalTextRun SCXW214003896 BCX0\">&nbsp;Umstieg von \u00e4lte\u00adren Model\u00adlen&nbsp;<\/span><span class=\"NormalTextRun SCXW214003896 BCX0\">k\u00f6nn\u00adte&nbsp;<\/span><span class=\"NormalTextRun SCXW214003896 BCX0\">beson\u00adders attrak\u00adtiv<\/span><span class=\"NormalTextRun SCXW214003896 BCX0\">&nbsp;sein<\/span><span class=\"NormalTextRun SCXW214003896 BCX0\">.<\/span><\/span><span class=\"EOP SCXW214003896 BCX0\" data-ccp-props=\"{}\">&nbsp;<\/span><\/p>\n\n\t\t<\/div>\n\t<\/div>\n<\/div><\/div><\/div><\/div>\n<\/div>","protected":false},"excerpt":{"rendered":"Apple&nbsp;nutzt den M\u00e4rz um&nbsp;nach dem neu\u00aden iPho\u00adne 17e und dem iPad Air M4&nbsp;wei\u00adte\u00adre Updates&nbsp;f\u00fcr die&nbsp;Mac\u2011Produkte&nbsp;anzu\u00adk\u00fcn\u00addi\u00adgen. Mit dem neu\u00aden Mac\u00adBook Air mit M5, dem Mac\u00adBook Pro mit M5 Pro und M5 Max sowie einem \u00fcber\u00adar\u00adbei\u00adte\u00adten Stu\u00addio Dis\u00adplay bringt Apple mehr Leis\u00adtung, moder\u00adne Kon\u00adnek\u00adti\u00advi\u00adt\u00e4t und sp\u00fcr\u00adba\u00adre Ver\u00adbes\u00adse\u00adrun\u00adgen f\u00fcr den All\u00adtag und pro\u00adfes\u00adsio\u00adnel\u00adle Work\u00adflows. Beson\u00adders f\u00fcr Nutzer*innen \u00e4lterer&nbsp;[\u2026]","protected":false},"author":132,"featured_media":106825,"comment_status":"closed","ping_status":"open","sticky":false,"template":"","format":"standard","meta":{"_acf_changed":false,"wp_typography_post_enhancements_disabled":false,"footnotes":""},"categories":[35466,35463,35462],"tags":[33,218,219],"class_list":["post-106826","post","type-post","status-publish","format-standard","has-post-thumbnail","hentry","category-laptops","category-mobile-geraete","category-work-connect","tag-apple","tag-mac","tag-macbook"],"acf":[],"yoast_head":"<!-- This site is optimized with the Yoast SEO Premium plugin v25.1 (Yoast SEO v25.1) - https:\/\/yoast.com\/wordpress\/plugins\/seo\/ -->\n<title>Apple Updates 2026: MacBook Air, MacBook Pro &amp; neue Chips | OTTO<\/title>\n<meta name=\"description\" content=\"Apple News: neues MacBook Air mit M5, MacBook Pro mit M5 Pro &amp; M5 Max und neues Studio Display. Alle Infos zu Features, Preisen &amp; Verkaufsstart.\" \/>\n<meta name=\"robots\" content=\"index, follow, max-snippet:-1, max-image-preview:large, max-video-preview:-1\" \/>\n<link rel=\"canonical\" href=\"https:\/\/www.otto.de\/updated\/apple-updates-2026-macbook-air-macbook-pro-und-chips-106826\/\" \/>\n<meta property=\"og:locale\" content=\"de_DE\" \/>\n<meta property=\"og:type\" content=\"article\" \/>\n<meta property=\"og:title\" content=\"Apple frischt die MacReihe auf: Neues MacBook Air, MacBook Pro und Studio Display\" \/>\n<meta property=\"og:description\" content=\"Apple News: neues MacBook Air mit M5, MacBook Pro mit M5 Pro &amp; M5 Max und neues Studio Display. Alle Infos zu Features, Preisen &amp; Verkaufsstart.\" \/>\n<meta property=\"og:url\" content=\"https:\/\/www.otto.de\/updated\/apple-updates-2026-macbook-air-macbook-pro-und-chips-106826\/\" \/>\n<meta property=\"og:site_name\" content=\"UPDATED\" \/>\n<meta property=\"article:publisher\" content=\"https:\/\/www.facebook.com\/updated.de\/\" \/>\n<meta property=\"article:published_time\" content=\"2026-03-04T14:38:08+00:00\" \/>\n<meta property=\"og:image\" content=\"https:\/\/www.otto.de\/updated\/app\/uploads\/2026\/03\/Apple-Studio-Display-XDR.jpg\" \/>\n\t<meta property=\"og:image:width\" content=\"2560\" \/>\n\t<meta property=\"og:image:height\" content=\"1707\" \/>\n\t<meta property=\"og:image:type\" content=\"image\/jpeg\" \/>\n<meta name=\"author\" content=\"Lukas M\u00fcller\" \/>\n<meta name=\"twitter:card\" content=\"summary_large_image\" \/>\n<meta name=\"twitter:creator\" content=\"@updated_de\" \/>\n<meta name=\"twitter:site\" content=\"@updated_de\" \/>\n<meta name=\"twitter:label1\" content=\"Written by\" \/>\n\t<meta name=\"twitter:data1\" content=\"Lukas M\u00fcller\" \/>\n\t<meta name=\"twitter:label2\" content=\"Est. reading time\" \/>\n\t<meta name=\"twitter:data2\" content=\"9\u00a0Minuten\" \/>\n<script type=\"application\/ld+json\" class=\"yoast-schema-graph\">{\"@context\":\"https:\/\/schema.org\",\"@graph\":[{\"@type\":\"Article\",\"@id\":\"https:\/\/www.otto.de\/updated\/apple-updates-2026-macbook-air-macbook-pro-und-chips-106826\/#article\",\"isPartOf\":{\"@id\":\"https:\/\/www.otto.de\/updated\/apple-updates-2026-macbook-air-macbook-pro-und-chips-106826\/\"},\"author\":{\"name\":\"Lukas M\u00fcller\",\"@id\":\"https:\/\/www.otto.de\/updated\/#\/schema\/person\/d940a00747cdf717c65617b0559b230c\"},\"headline\":\"Apple frischt die MacRei\u00adhe auf: Neu\u00ades Mac\u00adBook Air, Mac\u00adBook Pro und Stu\u00addio Display\",\"datePublished\":\"2026-03-04T14:38:08+00:00\",\"mainEntityOfPage\":{\"@id\":\"https:\/\/www.otto.de\/updated\/apple-updates-2026-macbook-air-macbook-pro-und-chips-106826\/\"},\"wordCount\":1851,\"image\":{\"@id\":\"https:\/\/www.otto.de\/updated\/apple-updates-2026-macbook-air-macbook-pro-und-chips-106826\/#primaryimage\"},\"thumbnailUrl\":\"https:\/\/www.otto.de\/updated\/app\/uploads\/2026\/03\/Apple-Studio-Display-XDR.jpg\",\"keywords\":[\"Apple\",\"Mac\",\"MacBook\"],\"articleSection\":[\"Laptops\",\"Mobile Ger\u00e4te\",\"Work &amp; Connect\"],\"inLanguage\":\"de\"},{\"@type\":\"WebPage\",\"@id\":\"https:\/\/www.otto.de\/updated\/apple-updates-2026-macbook-air-macbook-pro-und-chips-106826\/\",\"url\":\"https:\/\/www.otto.de\/updated\/apple-updates-2026-macbook-air-macbook-pro-und-chips-106826\/\",\"name\":\"Apple Updates 2026: MacBook Air, MacBook Pro & neue Chips | OTTO\",\"isPartOf\":{\"@id\":\"https:\/\/www.otto.de\/updated\/#website\"},\"primaryImageOfPage\":{\"@id\":\"https:\/\/www.otto.de\/updated\/apple-updates-2026-macbook-air-macbook-pro-und-chips-106826\/#primaryimage\"},\"image\":{\"@id\":\"https:\/\/www.otto.de\/updated\/apple-updates-2026-macbook-air-macbook-pro-und-chips-106826\/#primaryimage\"},\"thumbnailUrl\":\"https:\/\/www.otto.de\/updated\/app\/uploads\/2026\/03\/Apple-Studio-Display-XDR.jpg\",\"datePublished\":\"2026-03-04T14:38:08+00:00\",\"author\":{\"@id\":\"https:\/\/www.otto.de\/updated\/#\/schema\/person\/d940a00747cdf717c65617b0559b230c\"},\"description\":\"Apple News: neues MacBook Air mit M5, MacBook Pro mit M5 Pro & M5 Max und neues Studio Display. Alle Infos zu Features, Preisen & Verkaufsstart.\",\"breadcrumb\":{\"@id\":\"https:\/\/www.otto.de\/updated\/apple-updates-2026-macbook-air-macbook-pro-und-chips-106826\/#breadcrumb\"},\"inLanguage\":\"de\",\"potentialAction\":[{\"@type\":\"ReadAction\",\"target\":[\"https:\/\/www.otto.de\/updated\/apple-updates-2026-macbook-air-macbook-pro-und-chips-106826\/\"]}]},{\"@type\":\"ImageObject\",\"inLanguage\":\"de\",\"@id\":\"https:\/\/www.otto.de\/updated\/apple-updates-2026-macbook-air-macbook-pro-und-chips-106826\/#primaryimage\",\"url\":\"https:\/\/www.otto.de\/updated\/app\/uploads\/2026\/03\/Apple-Studio-Display-XDR.jpg\",\"contentUrl\":\"https:\/\/www.otto.de\/updated\/app\/uploads\/2026\/03\/Apple-Studio-Display-XDR.jpg\",\"width\":2560,\"height\":1707,\"caption\":\"Apple pr\u00e4sentiert sein neues MacBook-Line Up und bringt neuen Schwung in seine Laptop-Reihe.\"},{\"@type\":\"BreadcrumbList\",\"@id\":\"https:\/\/www.otto.de\/updated\/apple-updates-2026-macbook-air-macbook-pro-und-chips-106826\/#breadcrumb\",\"itemListElement\":[{\"@type\":\"ListItem\",\"position\":1,\"name\":\"Startseite\",\"item\":\"\/updated\/\"},{\"@type\":\"ListItem\",\"position\":2,\"name\":\"Work &amp; Connect\",\"item\":\"https:\/\/www.otto.de\/updated\/work-connect\/\"},{\"@type\":\"ListItem\",\"position\":3,\"name\":\"Mobile Ger\u00e4te\",\"item\":\"https:\/\/www.otto.de\/updated\/mobile-geraete\/\"},{\"@type\":\"ListItem\",\"position\":4,\"name\":\"Laptops\",\"item\":\"https:\/\/www.otto.de\/updated\/laptops\/\"},{\"@type\":\"ListItem\",\"position\":5,\"name\":\"Apple frischt die MacReihe auf: Neues MacBook Air, MacBook Pro und Studio Display\"}]},{\"@type\":\"WebSite\",\"@id\":\"https:\/\/www.otto.de\/updated\/#website\",\"url\":\"https:\/\/www.otto.de\/updated\/\",\"name\":\"UPDATED\",\"description\":\"\",\"potentialAction\":[{\"@type\":\"SearchAction\",\"target\":{\"@type\":\"EntryPoint\",\"urlTemplate\":\"https:\/\/www.otto.de\/updated\/?s={search_term_string}\"},\"query-input\":{\"@type\":\"PropertyValueSpecification\",\"valueRequired\":true,\"valueName\":\"search_term_string\"}}],\"inLanguage\":\"de\"},{\"@type\":\"Person\",\"@id\":\"https:\/\/www.otto.de\/updated\/#\/schema\/person\/d940a00747cdf717c65617b0559b230c\",\"name\":\"Lukas M\u00fcller\",\"description\":\"Lukas ist ein Allrounder was Technik angeht. Von den neuesten Haushaltsger\u00e4ten, \u00fcber Audio bis hin zu Gadgets und Spielereien - er testet und informiert sich gern \u00fcber die neuesten Trends. Besonders toll findet Lukas wirkliche Helferlein und effektiv konzipierte Ger\u00e4te. Bei UPDATED teilt er seine Tipps und Tricks.\",\"url\":\"https:\/\/www.otto.de\/updated\/redaktion\/\",\"image\":null,\"colleague\":[\"https:\/\/www.otto.de\/updated\/redaktion\/alexander-kraft\/\",\"https:\/\/www.otto.de\/updated\/redaktion\/anne-beyer\/\",\"https:\/\/www.otto.de\/updated\/redaktion\/arne-schaetzle\/\",\"https:\/\/www.otto.de\/updated\/redaktion\/jana-janssen\/\",\"https:\/\/www.otto.de\/updated\/redaktion\/pascal-wuttke\/\",\"https:\/\/www.otto.de\/updated\/redaktion\/thomas-bott\/\"],\"worksFor\":[{\"@type\":\"Organization\",\"id\":\"https:\/\/www.otto.de\/updated\/#organization\",\"name\":\"UPDATED\"}]}]}<\/script>\n<!-- \/ Yoast SEO Premium plugin. -->","yoast_head_json":{"title":"Apple Updates 2026: MacBook Air, MacBook Pro & neue Chips | OTTO","description":"Apple News: neues MacBook Air mit M5, MacBook Pro mit M5 Pro & M5 Max und neues Studio Display. Alle Infos zu Features, Preisen & Verkaufsstart.","robots":{"index":"index","follow":"follow","max-snippet":"max-snippet:-1","max-image-preview":"max-image-preview:large","max-video-preview":"max-video-preview:-1"},"canonical":"https:\/\/www.otto.de\/updated\/apple-updates-2026-macbook-air-macbook-pro-und-chips-106826\/","og_locale":"de_DE","og_type":"article","og_title":"Apple frischt die MacReihe auf: Neues MacBook Air, MacBook Pro und Studio Display","og_description":"Apple News: neues MacBook Air mit M5, MacBook Pro mit M5 Pro & M5 Max und neues Studio Display. Alle Infos zu Features, Preisen & Verkaufsstart.","og_url":"https:\/\/www.otto.de\/updated\/apple-updates-2026-macbook-air-macbook-pro-und-chips-106826\/","og_site_name":"UPDATED","article_publisher":"https:\/\/www.facebook.com\/updated.de\/","article_published_time":"2026-03-04T14:38:08+00:00","og_image":[{"width":2560,"height":1707,"url":"https:\/\/www.otto.de\/updated\/app\/uploads\/2026\/03\/Apple-Studio-Display-XDR.jpg","type":"image\/jpeg"}],"author":"Lukas M\u00fcller","twitter_card":"summary_large_image","twitter_creator":"@updated_de","twitter_site":"@updated_de","twitter_misc":{"Written by":"Lukas M\u00fcller","Est. reading time":"9\u00a0Minuten"},"schema":{"@context":"https:\/\/schema.org","@graph":[{"@type":"Article","@id":"https:\/\/www.otto.de\/updated\/apple-updates-2026-macbook-air-macbook-pro-und-chips-106826\/#article","isPartOf":{"@id":"https:\/\/www.otto.de\/updated\/apple-updates-2026-macbook-air-macbook-pro-und-chips-106826\/"},"author":{"name":"Lukas M\u00fcller","@id":"https:\/\/www.otto.de\/updated\/#\/schema\/person\/d940a00747cdf717c65617b0559b230c"},"headline":"Apple frischt die MacRei\u00adhe auf: Neu\u00ades Mac\u00adBook Air, Mac\u00adBook Pro und Stu\u00addio Display","datePublished":"2026-03-04T14:38:08+00:00","mainEntityOfPage":{"@id":"https:\/\/www.otto.de\/updated\/apple-updates-2026-macbook-air-macbook-pro-und-chips-106826\/"},"wordCount":1851,"image":{"@id":"https:\/\/www.otto.de\/updated\/apple-updates-2026-macbook-air-macbook-pro-und-chips-106826\/#primaryimage"},"thumbnailUrl":"https:\/\/www.otto.de\/updated\/app\/uploads\/2026\/03\/Apple-Studio-Display-XDR.jpg","keywords":["Apple","Mac","MacBook"],"articleSection":["Laptops","Mobile Ger\u00e4te","Work &amp; Connect"],"inLanguage":"de"},{"@type":"WebPage","@id":"https:\/\/www.otto.de\/updated\/apple-updates-2026-macbook-air-macbook-pro-und-chips-106826\/","url":"https:\/\/www.otto.de\/updated\/apple-updates-2026-macbook-air-macbook-pro-und-chips-106826\/","name":"Apple Updates 2026: MacBook Air, MacBook Pro & neue Chips | OTTO","isPartOf":{"@id":"https:\/\/www.otto.de\/updated\/#website"},"primaryImageOfPage":{"@id":"https:\/\/www.otto.de\/updated\/apple-updates-2026-macbook-air-macbook-pro-und-chips-106826\/#primaryimage"},"image":{"@id":"https:\/\/www.otto.de\/updated\/apple-updates-2026-macbook-air-macbook-pro-und-chips-106826\/#primaryimage"},"thumbnailUrl":"https:\/\/www.otto.de\/updated\/app\/uploads\/2026\/03\/Apple-Studio-Display-XDR.jpg","datePublished":"2026-03-04T14:38:08+00:00","author":{"@id":"https:\/\/www.otto.de\/updated\/#\/schema\/person\/d940a00747cdf717c65617b0559b230c"},"description":"Apple News: neues MacBook Air mit M5, MacBook Pro mit M5 Pro & M5 Max und neues Studio Display. Alle Infos zu Features, Preisen & Verkaufsstart.","breadcrumb":{"@id":"https:\/\/www.otto.de\/updated\/apple-updates-2026-macbook-air-macbook-pro-und-chips-106826\/#breadcrumb"},"inLanguage":"de","potentialAction":[{"@type":"ReadAction","target":["https:\/\/www.otto.de\/updated\/apple-updates-2026-macbook-air-macbook-pro-und-chips-106826\/"]}]},{"@type":"ImageObject","inLanguage":"de","@id":"https:\/\/www.otto.de\/updated\/apple-updates-2026-macbook-air-macbook-pro-und-chips-106826\/#primaryimage","url":"https:\/\/www.otto.de\/updated\/app\/uploads\/2026\/03\/Apple-Studio-Display-XDR.jpg","contentUrl":"https:\/\/www.otto.de\/updated\/app\/uploads\/2026\/03\/Apple-Studio-Display-XDR.jpg","width":2560,"height":1707,"caption":"Apple pr\u00e4sentiert sein neues MacBook-Line Up und bringt neuen Schwung in seine Laptop-Reihe."},{"@type":"BreadcrumbList","@id":"https:\/\/www.otto.de\/updated\/apple-updates-2026-macbook-air-macbook-pro-und-chips-106826\/#breadcrumb","itemListElement":[{"@type":"ListItem","position":1,"name":"Startseite","item":"\/updated\/"},{"@type":"ListItem","position":2,"name":"Work &amp; Connect","item":"https:\/\/www.otto.de\/updated\/work-connect\/"},{"@type":"ListItem","position":3,"name":"Mobile Ger\u00e4te","item":"https:\/\/www.otto.de\/updated\/mobile-geraete\/"},{"@type":"ListItem","position":4,"name":"Laptops","item":"https:\/\/www.otto.de\/updated\/laptops\/"},{"@type":"ListItem","position":5,"name":"Apple frischt die MacReihe auf: Neues MacBook Air, MacBook Pro und Studio Display"}]},{"@type":"WebSite","@id":"https:\/\/www.otto.de\/updated\/#website","url":"https:\/\/www.otto.de\/updated\/","name":"UPDATED","description":"","potentialAction":[{"@type":"SearchAction","target":{"@type":"EntryPoint","urlTemplate":"https:\/\/www.otto.de\/updated\/?s={search_term_string}"},"query-input":{"@type":"PropertyValueSpecification","valueRequired":true,"valueName":"search_term_string"}}],"inLanguage":"de"},{"@type":"Person","@id":"https:\/\/www.otto.de\/updated\/#\/schema\/person\/d940a00747cdf717c65617b0559b230c","name":"Lukas M\u00fcller","description":"Lukas ist ein Allrounder was Technik angeht. Von den neuesten Haushaltsger\u00e4ten, \u00fcber Audio bis hin zu Gadgets und Spielereien - er testet und informiert sich gern \u00fcber die neuesten Trends. Besonders toll findet Lukas wirkliche Helferlein und effektiv konzipierte Ger\u00e4te. Bei UPDATED teilt er seine Tipps und Tricks.","url":"https:\/\/www.otto.de\/updated\/redaktion\/","image":null,"colleague":["https:\/\/www.otto.de\/updated\/redaktion\/alexander-kraft\/","https:\/\/www.otto.de\/updated\/redaktion\/anne-beyer\/","https:\/\/www.otto.de\/updated\/redaktion\/arne-schaetzle\/","https:\/\/www.otto.de\/updated\/redaktion\/jana-janssen\/","https:\/\/www.otto.de\/updated\/redaktion\/pascal-wuttke\/","https:\/\/www.otto.de\/updated\/redaktion\/thomas-bott\/"],"worksFor":[{"@type":"Organization","id":"https:\/\/www.otto.de\/updated\/#organization","name":"UPDATED"}]}]}},"_links":{"self":[{"href":"https:\/\/www.otto.de\/updated\/wp-json\/wp\/v2\/posts\/106826","targetHints":{"allow":["GET"]}}],"collection":[{"href":"https:\/\/www.otto.de\/updated\/wp-json\/wp\/v2\/posts"}],"about":[{"href":"https:\/\/www.otto.de\/updated\/wp-json\/wp\/v2\/types\/post"}],"author":[{"embeddable":true,"href":"https:\/\/www.otto.de\/updated\/wp-json\/wp\/v2\/users\/132"}],"replies":[{"embeddable":true,"href":"https:\/\/www.otto.de\/updated\/wp-json\/wp\/v2\/comments?post=106826"}],"version-history":[{"count":5,"href":"https:\/\/www.otto.de\/updated\/wp-json\/wp\/v2\/posts\/106826\/revisions"}],"predecessor-version":[{"id":106849,"href":"https:\/\/www.otto.de\/updated\/wp-json\/wp\/v2\/posts\/106826\/revisions\/106849"}],"wp:featuredmedia":[{"embeddable":true,"href":"https:\/\/www.otto.de\/updated\/wp-json\/wp\/v2\/media\/106825"}],"wp:attachment":[{"href":"https:\/\/www.otto.de\/updated\/wp-json\/wp\/v2\/media?parent=106826"}],"wp:term":[{"taxonomy":"category","embeddable":true,"href":"https:\/\/www.otto.de\/updated\/wp-json\/wp\/v2\/categories?post=106826"},{"taxonomy":"post_tag","embeddable":true,"href":"https:\/\/www.otto.de\/updated\/wp-json\/wp\/v2\/tags?post=106826"}],"curies":[{"name":"wp","href":"https:\/\/api.w.org\/{rel}","templated":true}]}}