
{"id":105054,"date":"2025-08-13T15:40:34","date_gmt":"2025-08-13T13:40:34","guid":{"rendered":"\/updated\/?p=105054"},"modified":"2026-07-08T13:23:30","modified_gmt":"2026-07-08T11:23:30","slug":"luftqualitaet-verbessern-durchatmen-fuer-allergikerinnen","status":"publish","type":"post","link":"https:\/\/www.otto.de\/updated\/luftqualitaet-verbessern-durchatmen-fuer-allergikerinnen-105054\/","title":{"rendered":"Luft\u00adqua\u00adli\u00adt\u00e4t ver\u00adbes\u00adsern: Durch\u00adat\u00admen f\u00fcr Allergiker*innen"},"content":{"rendered":"<div class=\"wpb-content-wrapper\"><div class=\"vc_row wpb_row vc_row-fluid\"><div class=\"wpb_column vc_column_container vc_col-sm-12\"><div class=\"vc_column-inner\"><div class=\"wpb_wrapper\">\n\t<div class=\"wpb_text_column wpb_content_element\">\n\t\t<div class=\"wpb_wrapper\">\n\t\t\t<p><strong><span class=\"TextRun MacChromeBold SCXW30690707 BCX0\" lang=\"EN-US\" xml:lang=\"EN-US\" data-contrast=\"auto\"><span class=\"NormalTextRun SpellingErrorV2Themed SCXW30690707 BCX0\">Nies\u00adreiz<\/span><span class=\"NormalTextRun SCXW30690707 BCX0\">, <\/span><span class=\"NormalTextRun SpellingErrorV2Themed SCXW30690707 BCX0\">jucken\u00adde<\/span><span class=\"NormalTextRun SCXW30690707 BCX0\"> Augen, <\/span><span class=\"NormalTextRun SpellingErrorV2Themed SCXW30690707 BCX0\">tro\u00adcke\u00adne<\/span> <span class=\"NormalTextRun SpellingErrorV2Themed SCXW30690707 BCX0\">Schleim\u00adh\u00e4u\u00adte<\/span><span class=\"NormalTextRun SCXW30690707 BCX0\"> \u2013 all das <\/span><span class=\"NormalTextRun SpellingErrorV2Themed SCXW30690707 BCX0\">kann<\/span><span class=\"NormalTextRun SCXW30690707 BCX0\"> an der Luft <\/span><span class=\"NormalTextRun SpellingErrorV2Themed SCXW30690707 BCX0\">lie\u00adgen<\/span><span class=\"NormalTextRun SCXW30690707 BCX0\">, die du <\/span><span class=\"NormalTextRun SpellingErrorV2Themed SCXW30690707 BCX0\">zu<\/span><span class=\"NormalTextRun SCXW30690707 BCX0\"> Hau\u00adse <\/span><span class=\"NormalTextRun SpellingErrorV2Themed SCXW30690707 BCX0\">atmest<\/span><span class=\"NormalTextRun SCXW30690707 BCX0\">. <\/span><span class=\"NormalTextRun SpellingErrorV2Themed SCXW30690707 BCX0\">Gera\u00adde<\/span><span class=\"NormalTextRun SCXW30690707 BCX0\"> f\u00fcr <\/span><span class=\"NormalTextRun SpellingErrorV2Themed SCXW30690707 BCX0\">All\u00ader\u00adgi\u00adker<\/span><span class=\"NormalTextRun SCXW30690707 BCX0\">*<\/span><span class=\"NormalTextRun SpellingErrorV2Themed SCXW30690707 BCX0\">innen<\/span> <span class=\"NormalTextRun SpellingErrorV2Themed SCXW30690707 BCX0\">wird<\/span> <span class=\"NormalTextRun SpellingErrorV2Themed SCXW30690707 BCX0\">schlech\u00adte<\/span> <span class=\"NormalTextRun SpellingErrorV2Themed SCXW30690707 BCX0\">Raum\u00adluft<\/span><span class=\"NormalTextRun SCXW30690707 BCX0\"> schnell <\/span><span class=\"NormalTextRun SpellingErrorV2Themed SCXW30690707 BCX0\">zur<\/span> <span class=\"NormalTextRun SpellingErrorV2Themed SCXW30690707 BCX0\">ech\u00adten<\/span> <span class=\"NormalTextRun SpellingErrorV2Themed SCXW30690707 BCX0\">Belas\u00adtung<\/span><span class=\"NormalTextRun SCXW30690707 BCX0\">: Pol\u00adlen, <\/span><span class=\"NormalTextRun SpellingErrorV2Themed SCXW30690707 BCX0\">Haus\u00adstaub<\/span><span class=\"NormalTextRun SCXW30690707 BCX0\">, <\/span><span class=\"NormalTextRun SpellingErrorV2Themed SCXW30690707 BCX0\">Tier\u00adhaa\u00adre<\/span> <span class=\"NormalTextRun SpellingErrorV2Themed SCXW30690707 BCX0\">oder<\/span> <span class=\"NormalTextRun SpellingErrorV2Themed SCXW30690707 BCX0\">Schim\u00admel\u00adspo\u00adren<\/span> <span class=\"NormalTextRun SpellingErrorV2Themed SCXW30690707 BCX0\">ver\u00adschlech\u00adtern<\/span> <span class=\"NormalTextRun SpellingErrorV2Themed SCXW30690707 BCX0\">nicht<\/span> <span class=\"NormalTextRun SpellingErrorV2Themed SCXW30690707 BCX0\">nur<\/span><span class=\"NormalTextRun SCXW30690707 BCX0\"> das <\/span><span class=\"NormalTextRun SpellingErrorV2Themed SCXW30690707 BCX0\">Wohl\u00adbe\u00adfin\u00adden<\/span><span class=\"NormalTextRun SCXW30690707 BCX0\">, <\/span><span class=\"NormalTextRun SpellingErrorV2Themed SCXW30690707 BCX0\">son\u00addern<\/span> <span class=\"NormalTextRun SpellingErrorV2Themed SCXW30690707 BCX0\">k\u00f6n\u00adnen<\/span> <span class=\"NormalTextRun SpellingErrorV2Themed SCXW30690707 BCX0\">auch<\/span><span class=\"NormalTextRun SCXW30690707 BCX0\"> die Gesund\u00adheit <\/span><span class=\"NormalTextRun SpellingErrorV2Themed SCXW30690707 BCX0\">lang\u00adfris\u00adtig<\/span> <span class=\"NormalTextRun SpellingErrorV2Themed SCXW30690707 BCX0\">beein\u00adtr\u00e4ch\u00adti\u00adgen<\/span><span class=\"NormalTextRun SCXW30690707 BCX0\">. Die <\/span><span class=\"NormalTextRun SpellingErrorV2Themed SCXW30690707 BCX0\">gute<\/span> <span class=\"NormalTextRun SpellingErrorV2Themed SCXW30690707 BCX0\">Nach\u00adricht<\/span><span class=\"NormalTextRun SCXW30690707 BCX0\">: Du <\/span><span class=\"NormalTextRun SpellingErrorV2Themed SCXW30690707 BCX0\">bist<\/span><span class=\"NormalTextRun SCXW30690707 BCX0\"> dem <\/span><span class=\"NormalTextRun SpellingErrorV2Themed SCXW30690707 BCX0\">nicht<\/span> <span class=\"NormalTextRun SpellingErrorV2Themed SCXW30690707 BCX0\">hilf\u00adlos<\/span> <span class=\"NormalTextRun SpellingErrorV2Themed SCXW30690707 BCX0\">aus\u00adge\u00adlie\u00adfert<\/span><span class=\"NormalTextRun SCXW30690707 BCX0\">. Mit <\/span><span class=\"NormalTextRun SpellingErrorV2Themed SCXW30690707 BCX0\">geziel\u00adten<\/span> <span class=\"NormalTextRun SpellingErrorV2Themed SCXW30690707 BCX0\">Ma\u00df\u00adnah\u00admen<\/span><span class=\"NormalTextRun SCXW30690707 BCX0\">, dem <\/span><span class=\"NormalTextRun SpellingErrorV2Themed SCXW30690707 BCX0\">rich\u00adti\u00adgen<\/span> <span class=\"NormalTextRun SpellingErrorV2Themed SCXW30690707 BCX0\">L\u00fcf\u00adtungs\u00adver\u00adhal\u00adten<\/span><span class=\"NormalTextRun SCXW30690707 BCX0\"> und moder\u00adner Tech\u00adnik <\/span><span class=\"NormalTextRun SpellingErrorV2Themed SCXW30690707 BCX0\">kannst<\/span><span class=\"NormalTextRun SCXW30690707 BCX0\"> du <\/span><span class=\"NormalTextRun SpellingErrorV2Themed SCXW30690707 BCX0\">dei\u00adne<\/span> <span class=\"NormalTextRun SpellingErrorV2Themed SCXW30690707 BCX0\">Raum\u00adluft<\/span> <span class=\"NormalTextRun SpellingErrorV2Themed SCXW30690707 BCX0\">effek\u00adtiv<\/span> <span class=\"NormalTextRun SpellingErrorV2Themed SCXW30690707 BCX0\">ver\u00adbes\u00adsern<\/span><span class=\"NormalTextRun SCXW30690707 BCX0\">. Ob <\/span><span class=\"NormalTextRun SpellingErrorV2Themed SCXW30690707 BCX0\">Luft\u00adrei\u00adni\u00adger<\/span><span class=\"NormalTextRun SCXW30690707 BCX0\">, <\/span><span class=\"NormalTextRun SpellingErrorV2Themed SCXW30690707 BCX0\">smar\u00adte<\/span> <span class=\"NormalTextRun SpellingErrorV2Themed SCXW30690707 BCX0\">Sen\u00adso\u00adren<\/span> <span class=\"NormalTextRun SpellingErrorV2Themed SCXW30690707 BCX0\">oder<\/span> <span class=\"NormalTextRun SpellingErrorV2Themed SCXW30690707 BCX0\">nat\u00fcr\u00adli\u00adche<\/span> <span class=\"NormalTextRun SpellingErrorV2Themed SCXW30690707 BCX0\">pflanz\u00adli\u00adche<\/span> <span class=\"NormalTextRun SCXW30690707 BCX0\">Hel\u00adfer<\/span><span class=\"NormalTextRun SCXW30690707 BCX0\">*<\/span><span class=\"NormalTextRun SpellingErrorV2Themed SCXW30690707 BCX0\">innen<\/span> <span class=\"NormalTextRun SCXW30690707 BCX0\">\u2013 <\/span><span class=\"NormalTextRun SpellingErrorV2Themed SCXW30690707 BCX0\">die\u00adser<\/span><span class=\"NormalTextRun SCXW30690707 BCX0\"> Arti\u00adkel <\/span><span class=\"NormalTextRun SpellingErrorV2Themed SCXW30690707 BCX0\">zeigt<\/span> <span class=\"NormalTextRun SpellingErrorV2Themed SCXW30690707 BCX0\">dir<\/span><span class=\"NormalTextRun SCXW30690707 BCX0\"> Schritt f\u00fcr Schritt, <\/span><span class=\"NormalTextRun SpellingErrorV2Themed SCXW30690707 BCX0\">wie<\/span><span class=\"NormalTextRun SCXW30690707 BCX0\"> du All\u00ader\u00adge\u00adne <\/span><span class=\"NormalTextRun SpellingErrorV2Themed SCXW30690707 BCX0\">redu\u00adzierst<\/span><span class=\"NormalTextRun SCXW30690707 BCX0\"> und <\/span><span class=\"NormalTextRun SpellingErrorV2Themed SCXW30690707 BCX0\">ein<\/span> <span class=\"NormalTextRun SpellingErrorV2Themed SCXW30690707 BCX0\">gesun\u00addes<\/span> <span class=\"NormalTextRun SpellingErrorV2Themed SCXW30690707 BCX0\">Raum\u00adkli\u00adma<\/span> <span class=\"NormalTextRun SpellingErrorV2Themed SCXW30690707 BCX0\">schaffst<\/span><span class=\"NormalTextRun SCXW30690707 BCX0\">. So <\/span><span class=\"NormalTextRun SpellingErrorV2Themed SCXW30690707 BCX0\">atmest<\/span><span class=\"NormalTextRun SCXW30690707 BCX0\"> du <\/span><span class=\"NormalTextRun SpellingErrorV2Themed SCXW30690707 BCX0\">wie\u00adder<\/span> <span class=\"NormalTextRun SpellingErrorV2Themed SCXW30690707 BCX0\">frei<\/span> <span class=\"NormalTextRun SpellingErrorV2Themed SCXW30690707 BCX0\">durch<\/span><span class=\"NormalTextRun SCXW30690707 BCX0\"> \u2013 <\/span><span class=\"NormalTextRun SpellingErrorV2Themed SCXW30690707 BCX0\">ganz<\/span> <span class=\"NormalTextRun SpellingErrorV2Themed SCXW30690707 BCX0\">ohne<\/span> <span class=\"NormalTextRun SpellingErrorV2Themed SCXW30690707 BCX0\">Tr\u00e4\u00adnen<\/span><span class=\"NormalTextRun SCXW30690707 BCX0\"> in den Augen.<\/span><\/span><span class=\"EOP SCXW30690707 BCX0\" data-ccp-props=\"{&quot;134233117&quot;:false,&quot;134233118&quot;:false,&quot;335559738&quot;:240,&quot;335559739&quot;:240}\">&nbsp;<\/span><\/strong><\/p>\n\n\t\t<\/div>\n\t<\/div>\n<\/div><\/div><\/div><\/div><div class=\"vc_row wpb_row vc_row-fluid\"><div class=\"wpb_column vc_column_container vc_col-sm-12\"><div class=\"vc_column-inner\"><div class=\"wpb_wrapper\"><nav class=\"toc\"><h2 class=\"toc--headline\">Das erfahrt ihr gleich<\/h2><ul class=\"toc--links\"><li><a href=\"#warum-gute-luftqualitaet-so-wichtig-ist\">War\u00adum gute Luft\u00adqua\u00adli\u00adt\u00e4t so wich\u00adtig&nbsp;ist<\/a><\/li><li><a href=\"#typische-luftschadstoffe-in-innenraeumen\">Typi\u00adsche Luft\u00adschad\u00adstof\u00adfe in Innenr\u00e4umen<\/a><\/li><li><a href=\"#wie-schlechte-luft-die-gesundheit-beeinflusst\">Wie schlech\u00adte Luft die Gesund\u00adheit beeinflusst<\/a><\/li><li><a href=\"#luftqualitaet-verbessern-so-gehts-schritt-fuer-schritt\">Luft\u00adqua\u00adli\u00adt\u00e4t ver\u00adbes\u00adsern: So geht\u2019s Schritt f\u00fcr Schritt<\/a><\/li><li><a href=\"#worauf-du-beim-kauf-achten-solltest\">Wor\u00adauf du beim Kauf ach\u00adten solltest:<\/a><\/li><li><a href=\"#technik-die-hilft-smart-home-fuer-saubere-luft\">Tech\u00adnik, die hilft: Smart-Home f\u00fcr sau\u00adbe\u00adre&nbsp;Luft<\/a><\/li><li><a href=\"#alltagstipps-fuer-bessere-luftqualitaet\">All\u00adtags\u00adtipps f\u00fcr bes\u00adse\u00adre Luftqualit\u00e4t<\/a><\/li><li><a href=\"#bessere-luft-fuer-mehr-lebensqualitaet\">Bes\u00adse\u00adre Luft f\u00fcr mehr Lebensqualit\u00e4t<\/a><\/li><\/ul><\/nav><\/div><\/div><\/div><\/div><div class=\"vc_row wpb_row vc_row-fluid\"><div class=\"wpb_column vc_column_container vc_col-sm-12\"><div class=\"vc_column-inner\"><div class=\"wpb_wrapper\"><div class=\"headline toc--item\"><a name=\"warum-gute-luftqualitaet-so-wichtig-ist\"><\/a><h2>War\u00adum gute Luft\u00adqua\u00adli\u00adt\u00e4t so wich\u00adtig&nbsp;ist<\/h2><\/div><\/div><\/div><\/div><\/div><div class=\"vc_row wpb_row vc_row-fluid\"><div class=\"wpb_column vc_column_container vc_col-sm-12\"><div class=\"vc_column-inner\"><div class=\"wpb_wrapper\">\n\t<div class=\"wpb_text_column wpb_content_element\">\n\t\t<div class=\"wpb_wrapper\">\n\t\t\t<p><span data-contrast=\"auto\">Im All\u00adtag den\u00adken wir sel\u00adten dar\u00ad\u00fcber nach, was in der Luft um uns her\u00adum alles her\u00adum\u00adschwirrt. Dabei ist sie vol\u00adler Par\u00adti\u00adkel, die unse\u00adren K\u00f6r\u00adper rei\u00adzen k\u00f6n\u00adnen: Fein\u00adstaub, Haus\u00adstaub\u00admil\u00adben, Pol\u00adlen, Tier\u00adhaa\u00adre, Schim\u00admel\u00adspo\u00adren, fl\u00fcch\u00adti\u00adge orga\u00adni\u00adsche Ver\u00adbin\u00addun\u00adgen (VOC) oder schlicht tro\u00adcke\u00adne Hei\u00adzungs\u00adluft im Win\u00adter.<\/span><span data-ccp-props=\"{&quot;134233117&quot;:false,&quot;134233118&quot;:false,&quot;335559738&quot;:240,&quot;335559739&quot;:240}\">&nbsp;<\/span><\/p>\n<p><span data-contrast=\"auto\">Gera\u00adde in Innen\u00adr\u00e4u\u00admen k\u00f6n\u00adnen sich die\u00adse Stof\u00adfe sam\u00admeln und die Atem\u00adwe\u00adge belas\u00adten \u2013 beson\u00adders bei Men\u00adschen mit All\u00ader\u00adgien oder Atem\u00adwegs\u00ader\u00adkran\u00adkun\u00adgen. Da wir laut Stu\u00addi\u00aden rund 90&nbsp;% unse\u00adrer Zeit in geschlos\u00adse\u00adnen R\u00e4u\u00admen ver\u00adbrin\u00adgen, lohnt es sich, die Luft\u00adqua\u00adli\u00adt\u00e4t aktiv zu ver\u00adbes\u00adsern.<\/span><span data-ccp-props=\"{&quot;134233117&quot;:false,&quot;134233118&quot;:false,&quot;335559738&quot;:240,&quot;335559739&quot;:240}\">&nbsp;<\/span><\/p>\n\n\t\t<\/div>\n\t<\/div>\n<\/div><\/div><\/div><\/div><div class=\"vc_row wpb_row vc_row-fluid\"><div class=\"wpb_column vc_column_container vc_col-sm-12\"><div class=\"vc_column-inner\"><div class=\"wpb_wrapper\">  <div class=\"slick-gallery-wrapper gallery-no-padding\" data-number-of-slides=\"1\">\n    <div class=\"slick-gallery should-lightbox \" id=\"slick_gallery_4fwViZ29ZattG03xmKvw\">\n              <figure>\n  <div class=\"img-small-container\">\n    <div class=\"img-small-hover-background\"><\/div>\n    <picture>\n                                <source srcset=\"https:\/\/www.otto.de\/updated\/app\/uploads-webp\/uploads\/2025\/07\/Luftqualitaet-3-1080x615.jpg.webp?theia_smart_thumbnails_file_version=2\" media=\"(max-width: 360px) and (-webkit-min-device-pixel-ratio: 2.5)\" type=\"image\/webp\">\n                  <source srcset=\"https:\/\/www.otto.de\/updated\/app\/uploads\/2025\/07\/Luftqualitaet-3-1080x615.jpg?theia_smart_thumbnails_file_version=2\" media=\"(max-width: 360px) and (-webkit-min-device-pixel-ratio: 2.5)\">\n                  <source srcset=\"https:\/\/www.otto.de\/updated\/app\/uploads-webp\/uploads\/2025\/07\/Luftqualitaet-3-720x410.jpg.webp?theia_smart_thumbnails_file_version=2\" media=\"(max-width: 360px) and (-webkit-min-device-pixel-ratio: 1.5)\" type=\"image\/webp\">\n                  <source srcset=\"https:\/\/www.otto.de\/updated\/app\/uploads\/2025\/07\/Luftqualitaet-3-720x410.jpg?theia_smart_thumbnails_file_version=2\" media=\"(max-width: 360px) and (-webkit-min-device-pixel-ratio: 1.5)\">\n                  <source srcset=\"https:\/\/www.otto.de\/updated\/app\/uploads-webp\/uploads\/2025\/07\/Luftqualitaet-3-360x205.jpg.webp?theia_smart_thumbnails_file_version=2\" media=\"(max-width: 360px)\" type=\"image\/webp\">\n                  <source srcset=\"https:\/\/www.otto.de\/updated\/app\/uploads\/2025\/07\/Luftqualitaet-3-360x205.jpg?theia_smart_thumbnails_file_version=2\" media=\"(max-width: 360px)\">\n                    <source srcset=\"https:\/\/www.otto.de\/updated\/app\/uploads-webp\/uploads\/2025\/07\/Luftqualitaet-3-1680x945.jpg.webp?theia_smart_thumbnails_file_version=2\" media=\"(max-width: 560px) and (-webkit-min-device-pixel-ratio: 2.5)\" type=\"image\/webp\">\n                  <source srcset=\"https:\/\/www.otto.de\/updated\/app\/uploads\/2025\/07\/Luftqualitaet-3-1680x945.jpg?theia_smart_thumbnails_file_version=2\" media=\"(max-width: 560px) and (-webkit-min-device-pixel-ratio: 2.5)\">\n                  <source srcset=\"https:\/\/www.otto.de\/updated\/app\/uploads-webp\/uploads\/2025\/07\/Luftqualitaet-3-1120x630.jpg.webp?theia_smart_thumbnails_file_version=2\" media=\"(max-width: 560px) and (-webkit-min-device-pixel-ratio: 1.5)\" type=\"image\/webp\">\n                  <source srcset=\"https:\/\/www.otto.de\/updated\/app\/uploads\/2025\/07\/Luftqualitaet-3-1120x630.jpg?theia_smart_thumbnails_file_version=2\" media=\"(max-width: 560px) and (-webkit-min-device-pixel-ratio: 1.5)\">\n                  <source srcset=\"https:\/\/www.otto.de\/updated\/app\/uploads-webp\/uploads\/2025\/07\/Luftqualitaet-3-560x315.jpg.webp?theia_smart_thumbnails_file_version=2\" media=\"(max-width: 560px)\" type=\"image\/webp\">\n                  <source srcset=\"https:\/\/www.otto.de\/updated\/app\/uploads\/2025\/07\/Luftqualitaet-3-560x315.jpg?theia_smart_thumbnails_file_version=2\" media=\"(max-width: 560px)\">\n                    <source srcset=\"https:\/\/www.otto.de\/updated\/app\/uploads-webp\/uploads\/2025\/07\/Luftqualitaet-3-2304x1296.jpg.webp?theia_smart_thumbnails_file_version=2\" media=\"(max-width: 767px) and (-webkit-min-device-pixel-ratio: 2.5)\" type=\"image\/webp\">\n                  <source srcset=\"https:\/\/www.otto.de\/updated\/app\/uploads\/2025\/07\/Luftqualitaet-3-2304x1296.jpg?theia_smart_thumbnails_file_version=2\" media=\"(max-width: 767px) and (-webkit-min-device-pixel-ratio: 2.5)\">\n                  <source srcset=\"https:\/\/www.otto.de\/updated\/app\/uploads-webp\/uploads\/2025\/07\/Luftqualitaet-3-1536x864.jpg.webp?theia_smart_thumbnails_file_version=2\" media=\"(max-width: 767px) and (-webkit-min-device-pixel-ratio: 1.5)\" type=\"image\/webp\">\n                  <source srcset=\"https:\/\/www.otto.de\/updated\/app\/uploads\/2025\/07\/Luftqualitaet-3-1536x864.jpg?theia_smart_thumbnails_file_version=2\" media=\"(max-width: 767px) and (-webkit-min-device-pixel-ratio: 1.5)\">\n                  <source srcset=\"https:\/\/www.otto.de\/updated\/app\/uploads-webp\/uploads\/2025\/07\/Luftqualitaet-3-768x432.jpg.webp?theia_smart_thumbnails_file_version=2\" media=\"(max-width: 767px)\" type=\"image\/webp\">\n                  <source srcset=\"https:\/\/www.otto.de\/updated\/app\/uploads\/2025\/07\/Luftqualitaet-3-768x432.jpg?theia_smart_thumbnails_file_version=2\" media=\"(max-width: 767px)\">\n                    <source srcset=\"https:\/\/www.otto.de\/updated\/app\/uploads-webp\/uploads\/2025\/07\/Luftqualitaet-3-1680x945.jpg.webp?theia_smart_thumbnails_file_version=2\" media=\"(max-width: 991px) and (-webkit-min-device-pixel-ratio: 2.5)\" type=\"image\/webp\">\n                  <source srcset=\"https:\/\/www.otto.de\/updated\/app\/uploads\/2025\/07\/Luftqualitaet-3-1680x945.jpg?theia_smart_thumbnails_file_version=2\" media=\"(max-width: 991px) and (-webkit-min-device-pixel-ratio: 2.5)\">\n                  <source srcset=\"https:\/\/www.otto.de\/updated\/app\/uploads-webp\/uploads\/2025\/07\/Luftqualitaet-3-1120x630.jpg.webp?theia_smart_thumbnails_file_version=2\" media=\"(max-width: 991px) and (-webkit-min-device-pixel-ratio: 1.5)\" type=\"image\/webp\">\n                  <source srcset=\"https:\/\/www.otto.de\/updated\/app\/uploads\/2025\/07\/Luftqualitaet-3-1120x630.jpg?theia_smart_thumbnails_file_version=2\" media=\"(max-width: 991px) and (-webkit-min-device-pixel-ratio: 1.5)\">\n                  <source srcset=\"https:\/\/www.otto.de\/updated\/app\/uploads-webp\/uploads\/2025\/07\/Luftqualitaet-3-560x315.jpg.webp?theia_smart_thumbnails_file_version=2\" media=\"(max-width: 991px)\" type=\"image\/webp\">\n                  <source srcset=\"https:\/\/www.otto.de\/updated\/app\/uploads\/2025\/07\/Luftqualitaet-3-560x315.jpg?theia_smart_thumbnails_file_version=2\" media=\"(max-width: 991px)\">\n        <source srcset=\"https:\/\/www.otto.de\/updated\/app\/uploads-webp\/uploads\/2025\/07\/Luftqualitaet-3-2304x1296.jpg.webp?theia_smart_thumbnails_file_version=2\" media=\"(-webkit-min-device-pixel-ratio: 2.5)\" type=\"image\/webp\">\n  <source srcset=\"https:\/\/www.otto.de\/updated\/app\/uploads\/2025\/07\/Luftqualitaet-3-2304x1296.jpg?theia_smart_thumbnails_file_version=2\" media=\"(-webkit-min-device-pixel-ratio: 2.5)\">\n  <source srcset=\"https:\/\/www.otto.de\/updated\/app\/uploads-webp\/uploads\/2025\/07\/Luftqualitaet-3-1536x864.jpg.webp?theia_smart_thumbnails_file_version=2\" media=\"(-webkit-min-device-pixel-ratio: 1.5)\" type=\"image\/webp\">\n  <source srcset=\"https:\/\/www.otto.de\/updated\/app\/uploads\/2025\/07\/Luftqualitaet-3-1536x864.jpg?theia_smart_thumbnails_file_version=2\" media=\"(-webkit-min-device-pixel-ratio: 1.5)\">\n  <source srcset=\"https:\/\/www.otto.de\/updated\/app\/uploads-webp\/uploads\/2025\/07\/Luftqualitaet-3-768x432.jpg.webp?theia_smart_thumbnails_file_version=2\" type=\"image\/webp\">\n  <img loading=\"lazy\" decoding=\"async\" src=\"https:\/\/www.otto.de\/updated\/app\/uploads\/2025\/07\/Luftqualitaet-3-768x432.jpg?theia_smart_thumbnails_file_version=2\" width=\"768\" height=\"432\" title=\"LuftqualiLuftqualit\u00e4t verbessern, Durchatmen f\u00fcr Allergiker*innen taet-5\" alt=\"In einem Kinderzimmer ist das Fenster weit ge\u00f6ffnet. An einer Seite des Fensters klebt ein Regenbogen. Vor dem Fenster sind B\u00e4ume zu sehen.\" class=\"img-responsive img-small\" data-copyright=\"\u00a9 2025 Getty Images\" data-post-excerpt=\"Hausstaubmilben, Tierhaare, Schimmelsporen: Unsichtbare Luftbestandteile k\u00f6nnen gro\u00dfe Auswirkungen auf unsere Gesundheit haben. \" data-light-value=\"dark\" data-zoom-width=\"2560\" data-zoom-height=\"1707\" data-zoom-src=\"https:\/\/www.otto.de\/updated\/app\/uploads\/2025\/07\/Luftqualitaet-3.jpg\">\n                    <div class=\"caption dark\">\n          <small>\n            \u00a9 2025 Get\u00adty Images&nbsp;<\/small>\n        <\/div>\n          <\/picture>\n  <\/div>\n      <figcaption class=\"post-excerpt\">\n      Haus\u00adstaub\u00admil\u00adben, Tier\u00adhaa\u00adre, Schim\u00admel\u00adspo\u00adren: Unsicht\u00adba\u00adre Luft\u00adbe\u00adstand\u00adtei\u00adle k\u00f6n\u00adnen gro\u00ad\u00dfe Aus\u00adwir\u00adkun\u00adgen auf unse\u00adre Gesund\u00adheit&nbsp;haben.&nbsp;<\/figcaption>\n  <\/figure>\n          <\/div>\n    <div class=\"progress-bars\"><\/div>\n    <div class=\"zoom-icon-wrapper\">\n      <div class=\"zoom-icon\"><\/div>\n    <\/div>\n  <\/div>\n<\/div><\/div><\/div><\/div><div class=\"vc_row wpb_row vc_row-fluid\"><div class=\"wpb_column vc_column_container vc_col-sm-12\"><div class=\"vc_column-inner\"><div class=\"wpb_wrapper\"><div class=\"headline toc--item\"><a name=\"typische-luftschadstoffe-in-innenraeumen\"><\/a><h2>Typi\u00adsche Luft\u00adschad\u00adstof\u00adfe in Innenr\u00e4umen<\/h2><\/div><\/div><\/div><\/div><\/div><div class=\"vc_row wpb_row vc_row-fluid\"><div class=\"wpb_column vc_column_container vc_col-sm-12\"><div class=\"vc_column-inner\"><div class=\"wpb_wrapper\">\n\t<div class=\"wpb_text_column wpb_content_element\">\n\t\t<div class=\"wpb_wrapper\">\n\t\t\t<p><span data-contrast=\"auto\">Die h\u00e4u\u00adfigs\u00adten Luft\u00adschad\u00adstof\u00adfe, die in Woh\u00adnun\u00adgen und H\u00e4u\u00adsern vor\u00adkom\u00admen sind meist mit blo\u00ad\u00dfem Auge nicht sicht\u00adbar, aber sp\u00fcr\u00adbar f\u00fcr dei\u00adne Gesund\u00adheit.<\/span><span data-ccp-props=\"{&quot;134233117&quot;:false,&quot;134233118&quot;:false,&quot;335559738&quot;:240,&quot;335559739&quot;:240}\">&nbsp;<\/span><\/p>\n<ul>\n<li data-leveltext=\"\uf0b7\" data-font=\"Symbol\" data-listid=\"10\" data-list-defn-props=\"{&quot;335552541&quot;:1,&quot;335559685&quot;:720,&quot;335559991&quot;:360,&quot;469769226&quot;:&quot;Symbol&quot;,&quot;469769242&quot;:[8226],&quot;469777803&quot;:&quot;left&quot;,&quot;469777804&quot;:&quot;\uf0b7&quot;,&quot;469777815&quot;:&quot;hybridMultilevel&quot;}\" data-aria-posinset=\"1\" data-aria-level=\"1\"><b><span data-contrast=\"auto\">Pol\u00adlen<\/span><\/b><span data-contrast=\"auto\"> (z.&nbsp;B. von Gr\u00e4\u00adsern, Bir\u00adke, Hasel): Gelan\u00adgen durch offe\u00adne Fens\u00adter und T\u00fcren ins Haus und set\u00adzen sich auf Ober\u00adfl\u00e4\u00adchen ab.<\/span><span data-ccp-props=\"{&quot;134233117&quot;:false,&quot;134233118&quot;:false,&quot;335559738&quot;:240,&quot;335559739&quot;:240}\">&nbsp;<\/span><\/li>\n<li data-leveltext=\"\uf0b7\" data-font=\"Symbol\" data-listid=\"10\" data-list-defn-props=\"{&quot;335552541&quot;:1,&quot;335559685&quot;:720,&quot;335559991&quot;:360,&quot;469769226&quot;:&quot;Symbol&quot;,&quot;469769242&quot;:[8226],&quot;469777803&quot;:&quot;left&quot;,&quot;469777804&quot;:&quot;\uf0b7&quot;,&quot;469777815&quot;:&quot;hybridMultilevel&quot;}\" data-aria-posinset=\"1\" data-aria-level=\"1\"><b><span data-contrast=\"auto\">Haus\u00adstaub\u00admil\u00adben &amp; ihre Aus\u00adschei\u00addun\u00adgen<\/span><\/b><span data-contrast=\"auto\">: Fin\u00adden sich vor allem in Matrat\u00adzen, Tep\u00adpi\u00adchen, Pols\u00adter\u00adm\u00f6\u00adbeln und Kuscheltieren.<\/span><\/li>\n<li data-leveltext=\"\uf0b7\" data-font=\"Symbol\" data-listid=\"10\" data-list-defn-props=\"{&quot;335552541&quot;:1,&quot;335559685&quot;:720,&quot;335559991&quot;:360,&quot;469769226&quot;:&quot;Symbol&quot;,&quot;469769242&quot;:[8226],&quot;469777803&quot;:&quot;left&quot;,&quot;469777804&quot;:&quot;\uf0b7&quot;,&quot;469777815&quot;:&quot;hybridMultilevel&quot;}\" data-aria-posinset=\"1\" data-aria-level=\"1\"><b><span data-contrast=\"auto\">Tier\u00adhaa\u00adre &amp; Haut\u00adschup\u00adpen<\/span><\/b><span data-contrast=\"auto\">: Beson\u00adders rele\u00advant, wenn du mit Hund, Kat\u00adze oder ande\u00adren Tie\u00adren&nbsp;lebst.<\/span><\/li>\n<li data-leveltext=\"\uf0b7\" data-font=\"Symbol\" data-listid=\"10\" data-list-defn-props=\"{&quot;335552541&quot;:1,&quot;335559685&quot;:720,&quot;335559991&quot;:360,&quot;469769226&quot;:&quot;Symbol&quot;,&quot;469769242&quot;:[8226],&quot;469777803&quot;:&quot;left&quot;,&quot;469777804&quot;:&quot;\uf0b7&quot;,&quot;469777815&quot;:&quot;hybridMultilevel&quot;}\" data-aria-posinset=\"1\" data-aria-level=\"1\"><b><span data-contrast=\"auto\">Schim\u00admel\u00adspo\u00adren<\/span><\/b><span data-contrast=\"auto\">: Bil\u00adden sich bei hoher Luft\u00adfeuch\u00adtig\u00adkeit, etwa im Bad, Kel\u00adler oder hin\u00adter M\u00f6beln.<\/span><\/li>\n<li data-leveltext=\"\uf0b7\" data-font=\"Symbol\" data-listid=\"10\" data-list-defn-props=\"{&quot;335552541&quot;:1,&quot;335559685&quot;:720,&quot;335559991&quot;:360,&quot;469769226&quot;:&quot;Symbol&quot;,&quot;469769242&quot;:[8226],&quot;469777803&quot;:&quot;left&quot;,&quot;469777804&quot;:&quot;\uf0b7&quot;,&quot;469777815&quot;:&quot;hybridMultilevel&quot;}\" data-aria-posinset=\"1\" data-aria-level=\"1\"><b><span data-contrast=\"auto\">Fein\u00adstaub &amp; Ziga\u00adret\u00adten\u00adrauch<\/span><\/b><span data-contrast=\"auto\">: Belas\u00adten die Atem\u00adwe\u00adge und lagern sich auf Ober\u00adfl\u00e4\u00adchen und in Tex\u00adti\u00adli\u00aden&nbsp;ab.<\/span><\/li>\n<li data-leveltext=\"\uf0b7\" data-font=\"Symbol\" data-listid=\"10\" data-list-defn-props=\"{&quot;335552541&quot;:1,&quot;335559685&quot;:720,&quot;335559991&quot;:360,&quot;469769226&quot;:&quot;Symbol&quot;,&quot;469769242&quot;:[8226],&quot;469777803&quot;:&quot;left&quot;,&quot;469777804&quot;:&quot;\uf0b7&quot;,&quot;469777815&quot;:&quot;hybridMultilevel&quot;}\" data-aria-posinset=\"1\" data-aria-level=\"1\"><b><span data-contrast=\"auto\">VOC (fl\u00fcch\u00adti\u00adge orga\u00adni\u00adsche Ver\u00adbin\u00addun\u00adgen)<\/span><\/b><span data-contrast=\"auto\">: Ent\u00adwei\u00adchen aus Far\u00adben, Lacken, Rei\u00adni\u00adgungs\u00admit\u00adteln oder M\u00f6beln, oft unbe\u00admerkt, aber rei\u00adzend.<\/span><span data-ccp-props=\"{&quot;134233117&quot;:false,&quot;134233118&quot;:false,&quot;335559738&quot;:240,&quot;335559739&quot;:240}\">&nbsp;<\/span><\/li>\n<\/ul>\n<p><span class=\"TextRun SCXW76403402 BCX0\" lang=\"EN-US\" xml:lang=\"EN-US\" data-contrast=\"auto\"><span class=\"NormalTextRun SpellingErrorV2Themed SpellingErrorHighlight SCXW76403402 BCX0\">Die\u00adse<\/span> <span class=\"NormalTextRun SpellingErrorV2Themed SCXW76403402 BCX0\">Schad\u00adstof\u00adfe<\/span> <span class=\"NormalTextRun SpellingErrorV2Themed SCXW76403402 BCX0\">k\u00f6n\u00adnen<\/span> <span class=\"NormalTextRun SpellingErrorV2Themed SCXW76403402 BCX0\">all\u00ader\u00adgi\u00adsche<\/span> <span class=\"NormalTextRun SpellingErrorV2Themed SCXW76403402 BCX0\">Reak\u00adtio\u00adnen<\/span> <span class=\"NormalTextRun SpellingErrorV2Themed SCXW76403402 BCX0\">aus\u00adl\u00f6\u00adsen<\/span> <span class=\"NormalTextRun SpellingErrorV2Themed SCXW76403402 BCX0\">oder<\/span> <span class=\"NormalTextRun SpellingErrorV2Themed SCXW76403402 BCX0\">bestehen\u00adde<\/span> <span class=\"NormalTextRun SpellingErrorV2Themed SCXW76403402 BCX0\">Sym\u00adpto\u00adme<\/span> <span class=\"NormalTextRun SpellingErrorV2Themed SCXW76403402 BCX0\">ver\u00adst\u00e4r\u00adken<\/span><span class=\"NormalTextRun SCXW76403402 BCX0\"> \u2013 von <\/span><span class=\"NormalTextRun SpellingErrorV2Themed SCXW76403402 BCX0\">tr\u00e4\u00adnen\u00adden<\/span><span class=\"NormalTextRun SCXW76403402 BCX0\"> Augen bis <\/span><span class=\"NormalTextRun SpellingErrorV2Themed SCXW76403402 BCX0\">hin<\/span> <span class=\"NormalTextRun SpellingErrorV2Themed SCXW76403402 BCX0\">zu<\/span> <span class=\"NormalTextRun SpellingErrorV2Themed SCXW76403402 BCX0\">Atem\u00adbe\u00adschwer\u00adden<\/span><span class=\"NormalTextRun SCXW76403402 BCX0\">.<\/span><\/span><span class=\"EOP SCXW76403402 BCX0\" data-ccp-props=\"{&quot;134233117&quot;:false,&quot;134233118&quot;:false,&quot;335559738&quot;:240,&quot;335559739&quot;:240}\">&nbsp;<\/span><\/p>\n\n\t\t<\/div>\n\t<\/div>\n<\/div><\/div><\/div><\/div><div class=\"vc_row wpb_row vc_row-fluid\"><div class=\"wpb_column vc_column_container vc_col-sm-12\"><div class=\"vc_column-inner\"><div class=\"wpb_wrapper\"><div class=\"headline toc--item\"><a name=\"wie-schlechte-luft-die-gesundheit-beeinflusst\"><\/a><h2>Wie schlech\u00adte Luft die Gesund\u00adheit beeinflusst<\/h2><\/div><\/div><\/div><\/div><\/div><div class=\"vc_row wpb_row vc_row-fluid\"><div class=\"wpb_column vc_column_container vc_col-sm-12\"><div class=\"vc_column-inner\"><div class=\"wpb_wrapper\">\n\t<div class=\"wpb_text_column wpb_content_element\">\n\t\t<div class=\"wpb_wrapper\">\n\t\t\t<p><span data-contrast=\"auto\">F\u00fcr gesun\u00adde Men\u00adschen ist schlech\u00adte Luft meist \u201cnur\u201d unan\u00adge\u00adnehm. Sie kann zum Bei\u00adspiel Kopf\u00adschmer\u00adzen ver\u00adur\u00adsa\u00adchen oder m\u00fcde machen. Doch f\u00fcr Allergiker*innen sowie Per\u00adso\u00adnen mit Asth\u00adma, COPD oder gene\u00adrell emp\u00adfind\u00adli\u00adchen Atem\u00adwe\u00adgen kann sie zur ech\u00adten Belas\u00adtung wer\u00adden.<\/span><span data-ccp-props=\"{&quot;134233117&quot;:false,&quot;134233118&quot;:false,&quot;335559738&quot;:240,&quot;335559739&quot;:240}\">&nbsp;<\/span><\/p>\n<ul>\n<li data-leveltext=\"\uf0b7\" data-font=\"Symbol\" data-listid=\"11\" data-list-defn-props=\"{&quot;335552541&quot;:1,&quot;335559685&quot;:720,&quot;335559991&quot;:360,&quot;469769226&quot;:&quot;Symbol&quot;,&quot;469769242&quot;:[8226],&quot;469777803&quot;:&quot;left&quot;,&quot;469777804&quot;:&quot;\uf0b7&quot;,&quot;469777815&quot;:&quot;hybridMultilevel&quot;}\" data-aria-posinset=\"1\" data-aria-level=\"1\"><span data-contrast=\"auto\">All\u00ader\u00adgien k\u00f6n\u00adnen sich ver\u00adschlim\u00admern: Der h\u00e4u\u00adfi\u00adge Kon\u00adtakt mit Pol\u00adlen, Mil\u00adben oder Tier\u00adhaa\u00adren senkt die Reiz\u00adschwel\u00adle und f\u00fchrt zu inten\u00adsi\u00adve\u00adren Sym\u00adpto\u00admen wie Nie\u00adsen, Atem\u00adnot oder Hautausschl\u00e4gen.<\/span><\/li>\n<li data-leveltext=\"\uf0b7\" data-font=\"Symbol\" data-listid=\"11\" data-list-defn-props=\"{&quot;335552541&quot;:1,&quot;335559685&quot;:720,&quot;335559991&quot;:360,&quot;469769226&quot;:&quot;Symbol&quot;,&quot;469769242&quot;:[8226],&quot;469777803&quot;:&quot;left&quot;,&quot;469777804&quot;:&quot;\uf0b7&quot;,&quot;469777815&quot;:&quot;hybridMultilevel&quot;}\" data-aria-posinset=\"1\" data-aria-level=\"1\"><span data-contrast=\"auto\">Chro\u00adni\u00adsche Erkran\u00adkun\u00adgen wer\u00adden ver\u00adst\u00e4rkt: Schad\u00adstof\u00adfe und tro\u00adcke\u00adne Luft f\u00f6r\u00addern Ent\u00adz\u00fcn\u00addun\u00adgen in den Bron\u00adchi\u00aden und erschwe\u00adren die Atmung.<\/span><\/li>\n<li data-leveltext=\"\uf0b7\" data-font=\"Symbol\" data-listid=\"11\" data-list-defn-props=\"{&quot;335552541&quot;:1,&quot;335559685&quot;:720,&quot;335559991&quot;:360,&quot;469769226&quot;:&quot;Symbol&quot;,&quot;469769242&quot;:[8226],&quot;469777803&quot;:&quot;left&quot;,&quot;469777804&quot;:&quot;\uf0b7&quot;,&quot;469777815&quot;:&quot;hybridMultilevel&quot;}\" data-aria-posinset=\"1\" data-aria-level=\"1\"><span data-contrast=\"auto\">Kon\u00adzen\u00adtra\u00adti\u00adon und Schlaf\u00adqua\u00adli\u00adt\u00e4t lei\u00adden: Eine zu tro\u00adcke\u00adne oder belas\u00adte\u00adte Raum\u00adluft kann zu Schlaf\u00adst\u00f6\u00adrun\u00adgen f\u00fch\u00adren und die Leis\u00adtungs\u00adf\u00e4\u00adhig\u00adkeit am Tag senken.<\/span><\/li>\n<li data-leveltext=\"\uf0b7\" data-font=\"Symbol\" data-listid=\"11\" data-list-defn-props=\"{&quot;335552541&quot;:1,&quot;335559685&quot;:720,&quot;335559991&quot;:360,&quot;469769226&quot;:&quot;Symbol&quot;,&quot;469769242&quot;:[8226],&quot;469777803&quot;:&quot;left&quot;,&quot;469777804&quot;:&quot;\uf0b7&quot;,&quot;469777815&quot;:&quot;hybridMultilevel&quot;}\" data-aria-posinset=\"1\" data-aria-level=\"1\"><span data-contrast=\"auto\">Kin\u00adder sind beson\u00adders emp\u00adfind\u00adlich: Ihre Atem\u00adwe\u00adge sind klei\u00adner und ihr Immun\u00adsys\u00adtem noch nicht aus\u00adge\u00adreift. Die Schad\u00adstof\u00adfe wir\u00adken bei ihnen also schnel\u00adler und st\u00e4r\u00adker.<\/span><span data-ccp-props=\"{&quot;134233117&quot;:false,&quot;134233118&quot;:false,&quot;335559738&quot;:240,&quot;335559739&quot;:240}\">&nbsp;<\/span><\/li>\n<\/ul>\n<p><span data-contrast=\"auto\">Kurz gesagt: Gute Luft ist kein Luxus, son\u00addern eine wich\u00adti\u00adge Vor\u00adaus\u00adset\u00adzung f\u00fcr Gesund\u00adheit, Wohl\u00adbe\u00adfin\u00adden und Lebens\u00adqua\u00adli\u00adt\u00e4t f\u00fcr alle Alters\u00adgrup\u00adpen.<\/span><span data-ccp-props=\"{&quot;134233117&quot;:false,&quot;134233118&quot;:false,&quot;335559738&quot;:240,&quot;335559739&quot;:240}\">&nbsp;<\/span><\/p>\n\n\t\t<\/div>\n\t<\/div>\n<\/div><\/div><\/div><\/div><div class=\"vc_row wpb_row vc_row-fluid\"><div class=\"wpb_column vc_column_container vc_col-sm-12\"><div class=\"vc_column-inner\"><div class=\"wpb_wrapper\"><div class=\"headline toc--item\"><a name=\"luftqualitaet-verbessern-so-gehts-schritt-fuer-schritt\"><\/a><h2>Luft\u00adqua\u00adli\u00adt\u00e4t ver\u00adbes\u00adsern: So geht\u2019s Schritt f\u00fcr Schritt<\/h2><\/div><\/div><\/div><\/div><\/div><div class=\"vc_row wpb_row vc_row-fluid\"><div class=\"wpb_column vc_column_container vc_col-sm-12\"><div class=\"vc_column-inner\"><div class=\"wpb_wrapper\">\n\t<div class=\"wpb_text_column wpb_content_element\">\n\t\t<div class=\"wpb_wrapper\">\n\t\t\t\n\t\t<\/div>\n\t<\/div>\n<\/div><\/div><\/div><\/div><div class=\"vc_row wpb_row vc_row-fluid\"><div class=\"wpb_column vc_column_container vc_col-sm-12\"><div class=\"vc_column-inner\"><div class=\"wpb_wrapper\"><div class=\"headline\"><a name=\"1-regelmaessig-richtig-lueften\"><\/a><h3>1. Regel\u00adm\u00e4\u00ad\u00dfig &amp; rich\u00adtig l\u00fcften<\/h3><\/div><\/div><\/div><\/div><\/div><div class=\"vc_row wpb_row vc_row-fluid\"><div class=\"wpb_column vc_column_container vc_col-sm-12\"><div class=\"vc_column-inner\"><div class=\"wpb_wrapper\">\n\t<div class=\"wpb_text_column wpb_content_element\">\n\t\t<div class=\"wpb_wrapper\">\n\t\t\t<p><span data-contrast=\"auto\">Fri\u00adsche Luft ist die ein\u00adfachs\u00adte und zugleich effek\u00adtivs\u00adte Metho\u00adde, um die Raum\u00adluft zu ver\u00adbes\u00adsern. Vie\u00adle Men\u00adschen kip\u00adpen tags\u00ad\u00fcber das Fens\u00adter, doch das sorgt kaum f\u00fcr gen\u00fc\u00adgend Luft\u00adaus\u00adtausch. Rich\u00adti\u00adges L\u00fcf\u00adten hei\u00dft: kurz, aber inten\u00adsiv.<\/span><span data-ccp-props=\"{&quot;134233117&quot;:false,&quot;134233118&quot;:false,&quot;335559685&quot;:0,&quot;335559738&quot;:240,&quot;335559739&quot;:240}\">&nbsp;<\/span><\/p>\n<p><span data-contrast=\"auto\">So geht\u2019s rich\u00adtig:<\/span><span data-ccp-props=\"{}\">&nbsp;<\/span><\/p>\n<ul>\n<li data-leveltext=\"\uf0b7\" data-font=\"Symbol\" data-listid=\"3\" data-list-defn-props=\"{&quot;335552541&quot;:1,&quot;335559685&quot;:720,&quot;335559991&quot;:360,&quot;469769226&quot;:&quot;Symbol&quot;,&quot;469769242&quot;:[8226],&quot;469777803&quot;:&quot;left&quot;,&quot;469777804&quot;:&quot;\uf0b7&quot;,&quot;469777815&quot;:&quot;hybridMultilevel&quot;}\" data-aria-posinset=\"1\" data-aria-level=\"1\"><b><span data-contrast=\"auto\">Sto\u00df\u00adl\u00fcf\u00adten mehr\u00admals t\u00e4g\u00adlich:<\/span><\/b><span data-contrast=\"auto\"> \u00d6ff\u00adne die Fens\u00adter 5\u201310 Minu\u00adten weit, um ver\u00adbrauch\u00adte Luft auszutauschen.<\/span><\/li>\n<li data-leveltext=\"\uf0b7\" data-font=\"Symbol\" data-listid=\"3\" data-list-defn-props=\"{&quot;335552541&quot;:1,&quot;335559685&quot;:720,&quot;335559991&quot;:360,&quot;469769226&quot;:&quot;Symbol&quot;,&quot;469769242&quot;:[8226],&quot;469777803&quot;:&quot;left&quot;,&quot;469777804&quot;:&quot;\uf0b7&quot;,&quot;469777815&quot;:&quot;hybridMultilevel&quot;}\" data-aria-posinset=\"1\" data-aria-level=\"1\"><b><span data-contrast=\"auto\">Quer\u00adl\u00fcf\u00adten:<\/span><\/b><span data-contrast=\"auto\"> Zwei gegen\u00ad\u00fcber\u00adlie\u00adgen\u00adde Fens\u00adter oder T\u00fcren gleich\u00adzei\u00adtig \u00f6ff\u00adnen, damit Durch\u00adzug entsteht.<\/span><\/li>\n<li data-leveltext=\"\uf0b7\" data-font=\"Symbol\" data-listid=\"3\" data-list-defn-props=\"{&quot;335552541&quot;:1,&quot;335559685&quot;:720,&quot;335559991&quot;:360,&quot;469769226&quot;:&quot;Symbol&quot;,&quot;469769242&quot;:[8226],&quot;469777803&quot;:&quot;left&quot;,&quot;469777804&quot;:&quot;\uf0b7&quot;,&quot;469777815&quot;:&quot;hybridMultilevel&quot;}\" data-aria-posinset=\"1\" data-aria-level=\"1\"><b><span data-contrast=\"auto\">Mor\u00adgens und abends l\u00fcf\u00adten:<\/span><\/b><span data-contrast=\"auto\"> Dann ist die Au\u00dfen\u00adluft meist sau\u00adbe\u00adrer und frischer.<\/span><\/li>\n<li data-leveltext=\"\uf0b7\" data-font=\"Symbol\" data-listid=\"3\" data-list-defn-props=\"{&quot;335552541&quot;:1,&quot;335559685&quot;:720,&quot;335559991&quot;:360,&quot;469769226&quot;:&quot;Symbol&quot;,&quot;469769242&quot;:[8226],&quot;469777803&quot;:&quot;left&quot;,&quot;469777804&quot;:&quot;\uf0b7&quot;,&quot;469777815&quot;:&quot;hybridMultilevel&quot;}\" data-aria-posinset=\"1\" data-aria-level=\"1\"><b><span data-contrast=\"auto\">Bei Pol\u00adlen\u00adall\u00ader\u00adgie:<\/span><\/b><span data-contrast=\"auto\"> Am bes\u00adten nachts oder nach Regen l\u00fcf\u00adten. Die Pol\u00adlen\u00adbe\u00adlas\u00adtung ist dann deut\u00adlich gerin\u00adger.<\/span><span data-ccp-props=\"{&quot;134233117&quot;:false,&quot;134233118&quot;:false,&quot;335559738&quot;:240,&quot;335559739&quot;:240}\">&nbsp;<\/span><\/li>\n<\/ul>\n<p><span data-contrast=\"auto\">Rich\u00adti\u00adges L\u00fcf\u00adten senkt die Schad\u00adstoff\u00adkon\u00adzen\u00adtra\u00adti\u00adon, regu\u00adliert die Luft\u00adfeuch\u00adtig\u00adkeit und schafft ein gesun\u00addes Raum\u00adkli\u00adma.<\/span><span data-ccp-props=\"{&quot;134233117&quot;:false,&quot;134233118&quot;:false,&quot;335559685&quot;:0,&quot;335559738&quot;:240,&quot;335559739&quot;:240}\">&nbsp;<\/span><\/p>\n\n\t\t<\/div>\n\t<\/div>\n<\/div><\/div><\/div><\/div><div class=\"vc_row wpb_row vc_row-fluid\"><div class=\"wpb_column vc_column_container vc_col-sm-12\"><div class=\"vc_column-inner\"><div class=\"wpb_wrapper\"><div class=\"headline\"><a name=\"2-luftreiniger-technik-gegen-allergene\"><\/a><h3>2. Luft\u00adrei\u00adni\u00adger: Tech\u00adnik gegen Allergene<\/h3><\/div><\/div><\/div><\/div><\/div><div class=\"vc_row wpb_row vc_row-fluid\"><div class=\"wpb_column vc_column_container vc_col-sm-12\"><div class=\"vc_column-inner\"><div class=\"wpb_wrapper\">\n\t<div class=\"wpb_text_column wpb_content_element\">\n\t\t<div class=\"wpb_wrapper\">\n\t\t\t<p><span class=\"TextRun SCXW249561282 BCX0\" lang=\"DE-DE\" xml:lang=\"DE-DE\" data-contrast=\"auto\"><span class=\"NormalTextRun SCXW249561282 BCX0\">Luft\u00adrei\u00adni\u00adger mit HEPA-Fil\u00adtern (High Effi\u00adci\u00aden\u00adcy <\/span><span class=\"NormalTextRun SpellingErrorV2Themed SCXW249561282 BCX0\">Par\u00adti\u00adcu\u00adla\u00adte<\/span><span class=\"NormalTextRun SCXW249561282 BCX0\"> Air) sind eine wirk\u00adsa\u00adme <\/span><span class=\"NormalTextRun SCXW249561282 BCX0\">Metho\u00adde, um<\/span><span class=\"NormalTextRun SCXW249561282 BCX0\"> gegen All\u00ader\u00adge\u00adne in Innen\u00adr\u00e4u\u00admen<\/span><span class=\"NormalTextRun SCXW249561282 BCX0\"> vor\u00adzu\u00adge\u00adhen<\/span><span class=\"NormalTextRun SCXW249561282 BCX0\">. Sie fil\u00adtern bis zu 99,97&nbsp;% der Par\u00adti\u00adkel ab 0,3 Mikro\u00adme\u00adtern aus der Luft \u2013 dar\u00adun\u00adter Pol\u00adlen, Fein\u00adstaub, Haus\u00adstaub\u00admil\u00adben, Tier\u00adhaa\u00adre und sogar eini\u00adge Viren. F\u00fcr Allergiker*innen bedeu\u00adtet das: deut\u00adlich weni\u00adger Reiz\u00adstof\u00adfe in der Luft und sp\u00fcr\u00adba\u00adre Erleich\u00adte\u00adrung im All\u00adtag. <\/span><\/span><span class=\"TextRun SCXW249561282 BCX0\" lang=\"EN-US\" xml:lang=\"EN-US\" data-contrast=\"auto\"><span class=\"NormalTextRun SCXW249561282 BCX0\">Ein <\/span><span class=\"NormalTextRun SpellingErrorV2Themed SCXW249561282 BCX0\">Luf<\/span><span class=\"NormalTextRun SpellingErrorV2Themed SCXW249561282 BCX0\">trei\u00adni\u00adger<\/span> <span class=\"NormalTextRun SpellingErrorV2Themed SCXW249561282 BCX0\">so<\/span><span class=\"NormalTextRun SpellingErrorV2Themed SCXW249561282 BCX0\">r<\/span><span class=\"NormalTextRun SpellingErrorV2Themed SCXW249561282 BCX0\">gt<\/span> <span class=\"NormalTextRun SpellingErrorV2Themed SCXW249561282 BCX0\">ko<\/span><span class=\"NormalTextRun SpellingErrorV2Themed SCXW249561282 BCX0\">n<\/span><span class=\"NormalTextRun SpellingErrorV2Themed SCXW249561282 BCX0\">tinu\u00adier\u00adlich<\/span><span class=\"NormalTextRun SCXW249561282 BCX0\"> f\u00fc<\/span><span class=\"NormalTextRun SCXW249561282 BCX0\">r <\/span><span class=\"NormalTextRun SpellingErrorV2Themed SCXW249561282 BCX0\">sau<\/span><span class=\"NormalTextRun SpellingErrorV2Themed SCXW249561282 BCX0\">bere<\/span> <span class=\"NormalTextRun SpellingErrorV2Themed SCXW249561282 BCX0\">Ra<\/span><span class=\"NormalTextRun SpellingErrorV2Themed SCXW249561282 BCX0\">u<\/span><span class=\"NormalTextRun SpellingErrorV2Themed SCXW249561282 BCX0\">mluft<\/span><span class=\"NormalTextRun SCXW249561282 BCX0\">, <\/span><span class=\"NormalTextRun SpellingErrorV2Themed SCXW249561282 BCX0\">b<\/span><span class=\"NormalTextRun SpellingErrorV2Themed SCXW249561282 BCX0\">es<\/span><span class=\"NormalTextRun SpellingErrorV2Themed SCXW249561282 BCX0\">onders<\/span><span class=\"NormalTextRun SCXW249561282 BCX0\"> in<\/span> <span class=\"NormalTextRun SpellingErrorV2Themed SCXW249561282 BCX0\">Sch<\/span><span class=\"NormalTextRun SpellingErrorV2Themed SCXW249561282 BCX0\">laf\u00adzim\u00admern<\/span> <span class=\"NormalTextRun SpellingErrorV2Themed SCXW249561282 BCX0\">od<\/span><span class=\"NormalTextRun SpellingErrorV2Themed SCXW249561282 BCX0\">e<\/span><span class=\"NormalTextRun SpellingErrorV2Themed SCXW249561282 BCX0\">r<\/span> <span class=\"NormalTextRun SpellingErrorV2Themed SCXW249561282 BCX0\">Wo<\/span><span class=\"NormalTextRun SpellingErrorV2Themed SCXW249561282 BCX0\">h<\/span><span class=\"NormalTextRun SpellingErrorV2Themed SCXW249561282 BCX0\">nbe\u00adrei\u00adchen<\/span> <span class=\"NormalTextRun SpellingErrorV2Themed SCXW249561282 BCX0\">mi<\/span><span class=\"NormalTextRun SpellingErrorV2Themed SCXW249561282 BCX0\">t<\/span> <span class=\"NormalTextRun SpellingErrorV2Themed SCXW249561282 BCX0\">Te<\/span><span class=\"NormalTextRun SpellingErrorV2Themed SCXW249561282 BCX0\">p<\/span><span class=\"NormalTextRun SpellingErrorV2Themed SCXW249561282 BCX0\">pichen<\/span> <span class=\"NormalTextRun SpellingErrorV2Themed SCXW249561282 BCX0\">od<\/span><span class=\"NormalTextRun SpellingErrorV2Themed SCXW249561282 BCX0\">e<\/span><span class=\"NormalTextRun SpellingErrorV2Themed SCXW249561282 BCX0\">r<\/span> <span class=\"NormalTextRun SpellingErrorV2Themed SCXW249561282 BCX0\">Ha<\/span><span class=\"NormalTextRun SpellingErrorV2Themed SCXW249561282 BCX0\">u<\/span><span class=\"NormalTextRun SpellingErrorV2Themed SCXW249561282 BCX0\">stie\u00adren<\/span><span class=\"NormalTextRun SCXW249561282 BCX0\">.<\/span><\/span><span class=\"EOP SCXW249561282 BCX0\" data-ccp-props=\"{&quot;134233117&quot;:false,&quot;134233118&quot;:false,&quot;201341983&quot;:0,&quot;335551550&quot;:1,&quot;335551620&quot;:1,&quot;335559685&quot;:0,&quot;335559737&quot;:0,&quot;335559738&quot;:240,&quot;335559739&quot;:240,&quot;335559740&quot;:279}\">&nbsp;<\/span><\/p>\n\n\t\t<\/div>\n\t<\/div>\n<\/div><\/div><\/div><\/div><div class=\"vc_row wpb_row vc_row-fluid\"><div class=\"wpb_column vc_column_container vc_col-sm-12\"><div class=\"vc_column-inner\"><div class=\"wpb_wrapper\">  <div class=\"slick-gallery-wrapper gallery-no-padding\" data-number-of-slides=\"1\">\n    <div class=\"slick-gallery should-lightbox \" id=\"slick_gallery_81hqhMfjMU2E3JtIqXSq\">\n              <figure>\n  <div class=\"img-small-container\">\n    <div class=\"img-small-hover-background\"><\/div>\n    <picture>\n                                <source srcset=\"https:\/\/www.otto.de\/updated\/app\/uploads-webp\/uploads\/2025\/07\/Luftqualitaet-4-1080x615.jpg.webp?theia_smart_thumbnails_file_version=2\" media=\"(max-width: 360px) and (-webkit-min-device-pixel-ratio: 2.5)\" type=\"image\/webp\">\n                  <source srcset=\"https:\/\/www.otto.de\/updated\/app\/uploads\/2025\/07\/Luftqualitaet-4-1080x615.jpg?theia_smart_thumbnails_file_version=2\" media=\"(max-width: 360px) and (-webkit-min-device-pixel-ratio: 2.5)\">\n                  <source srcset=\"https:\/\/www.otto.de\/updated\/app\/uploads-webp\/uploads\/2025\/07\/Luftqualitaet-4-720x410.jpg.webp?theia_smart_thumbnails_file_version=2\" media=\"(max-width: 360px) and (-webkit-min-device-pixel-ratio: 1.5)\" type=\"image\/webp\">\n                  <source srcset=\"https:\/\/www.otto.de\/updated\/app\/uploads\/2025\/07\/Luftqualitaet-4-720x410.jpg?theia_smart_thumbnails_file_version=2\" media=\"(max-width: 360px) and (-webkit-min-device-pixel-ratio: 1.5)\">\n                  <source srcset=\"https:\/\/www.otto.de\/updated\/app\/uploads-webp\/uploads\/2025\/07\/Luftqualitaet-4-360x205.jpg.webp?theia_smart_thumbnails_file_version=2\" media=\"(max-width: 360px)\" type=\"image\/webp\">\n                  <source srcset=\"https:\/\/www.otto.de\/updated\/app\/uploads\/2025\/07\/Luftqualitaet-4-360x205.jpg?theia_smart_thumbnails_file_version=2\" media=\"(max-width: 360px)\">\n                    <source srcset=\"https:\/\/www.otto.de\/updated\/app\/uploads-webp\/uploads\/2025\/07\/Luftqualitaet-4-1680x945.jpg.webp?theia_smart_thumbnails_file_version=2\" media=\"(max-width: 560px) and (-webkit-min-device-pixel-ratio: 2.5)\" type=\"image\/webp\">\n                  <source srcset=\"https:\/\/www.otto.de\/updated\/app\/uploads\/2025\/07\/Luftqualitaet-4-1680x945.jpg?theia_smart_thumbnails_file_version=2\" media=\"(max-width: 560px) and (-webkit-min-device-pixel-ratio: 2.5)\">\n                  <source srcset=\"https:\/\/www.otto.de\/updated\/app\/uploads-webp\/uploads\/2025\/07\/Luftqualitaet-4-1120x630.jpg.webp?theia_smart_thumbnails_file_version=2\" media=\"(max-width: 560px) and (-webkit-min-device-pixel-ratio: 1.5)\" type=\"image\/webp\">\n                  <source srcset=\"https:\/\/www.otto.de\/updated\/app\/uploads\/2025\/07\/Luftqualitaet-4-1120x630.jpg?theia_smart_thumbnails_file_version=2\" media=\"(max-width: 560px) and (-webkit-min-device-pixel-ratio: 1.5)\">\n                  <source srcset=\"https:\/\/www.otto.de\/updated\/app\/uploads-webp\/uploads\/2025\/07\/Luftqualitaet-4-560x315.jpg.webp?theia_smart_thumbnails_file_version=2\" media=\"(max-width: 560px)\" type=\"image\/webp\">\n                  <source srcset=\"https:\/\/www.otto.de\/updated\/app\/uploads\/2025\/07\/Luftqualitaet-4-560x315.jpg?theia_smart_thumbnails_file_version=2\" media=\"(max-width: 560px)\">\n                    <source srcset=\"https:\/\/www.otto.de\/updated\/app\/uploads-webp\/uploads\/2025\/07\/Luftqualitaet-4-2304x1296.jpg.webp?theia_smart_thumbnails_file_version=2\" media=\"(max-width: 767px) and (-webkit-min-device-pixel-ratio: 2.5)\" type=\"image\/webp\">\n                  <source srcset=\"https:\/\/www.otto.de\/updated\/app\/uploads\/2025\/07\/Luftqualitaet-4-2304x1296.jpg?theia_smart_thumbnails_file_version=2\" media=\"(max-width: 767px) and (-webkit-min-device-pixel-ratio: 2.5)\">\n                  <source srcset=\"https:\/\/www.otto.de\/updated\/app\/uploads-webp\/uploads\/2025\/07\/Luftqualitaet-4-1536x864.jpg.webp?theia_smart_thumbnails_file_version=2\" media=\"(max-width: 767px) and (-webkit-min-device-pixel-ratio: 1.5)\" type=\"image\/webp\">\n                  <source srcset=\"https:\/\/www.otto.de\/updated\/app\/uploads\/2025\/07\/Luftqualitaet-4-1536x864.jpg?theia_smart_thumbnails_file_version=2\" media=\"(max-width: 767px) and (-webkit-min-device-pixel-ratio: 1.5)\">\n                  <source srcset=\"https:\/\/www.otto.de\/updated\/app\/uploads-webp\/uploads\/2025\/07\/Luftqualitaet-4-768x432.jpg.webp?theia_smart_thumbnails_file_version=2\" media=\"(max-width: 767px)\" type=\"image\/webp\">\n                  <source srcset=\"https:\/\/www.otto.de\/updated\/app\/uploads\/2025\/07\/Luftqualitaet-4-768x432.jpg?theia_smart_thumbnails_file_version=2\" media=\"(max-width: 767px)\">\n                    <source srcset=\"https:\/\/www.otto.de\/updated\/app\/uploads-webp\/uploads\/2025\/07\/Luftqualitaet-4-1680x945.jpg.webp?theia_smart_thumbnails_file_version=2\" media=\"(max-width: 991px) and (-webkit-min-device-pixel-ratio: 2.5)\" type=\"image\/webp\">\n                  <source srcset=\"https:\/\/www.otto.de\/updated\/app\/uploads\/2025\/07\/Luftqualitaet-4-1680x945.jpg?theia_smart_thumbnails_file_version=2\" media=\"(max-width: 991px) and (-webkit-min-device-pixel-ratio: 2.5)\">\n                  <source srcset=\"https:\/\/www.otto.de\/updated\/app\/uploads-webp\/uploads\/2025\/07\/Luftqualitaet-4-1120x630.jpg.webp?theia_smart_thumbnails_file_version=2\" media=\"(max-width: 991px) and (-webkit-min-device-pixel-ratio: 1.5)\" type=\"image\/webp\">\n                  <source srcset=\"https:\/\/www.otto.de\/updated\/app\/uploads\/2025\/07\/Luftqualitaet-4-1120x630.jpg?theia_smart_thumbnails_file_version=2\" media=\"(max-width: 991px) and (-webkit-min-device-pixel-ratio: 1.5)\">\n                  <source srcset=\"https:\/\/www.otto.de\/updated\/app\/uploads-webp\/uploads\/2025\/07\/Luftqualitaet-4-560x315.jpg.webp?theia_smart_thumbnails_file_version=2\" media=\"(max-width: 991px)\" type=\"image\/webp\">\n                  <source srcset=\"https:\/\/www.otto.de\/updated\/app\/uploads\/2025\/07\/Luftqualitaet-4-560x315.jpg?theia_smart_thumbnails_file_version=2\" media=\"(max-width: 991px)\">\n        <source srcset=\"https:\/\/www.otto.de\/updated\/app\/uploads-webp\/uploads\/2025\/07\/Luftqualitaet-4-2304x1296.jpg.webp?theia_smart_thumbnails_file_version=2\" media=\"(-webkit-min-device-pixel-ratio: 2.5)\" type=\"image\/webp\">\n  <source srcset=\"https:\/\/www.otto.de\/updated\/app\/uploads\/2025\/07\/Luftqualitaet-4-2304x1296.jpg?theia_smart_thumbnails_file_version=2\" media=\"(-webkit-min-device-pixel-ratio: 2.5)\">\n  <source srcset=\"https:\/\/www.otto.de\/updated\/app\/uploads-webp\/uploads\/2025\/07\/Luftqualitaet-4-1536x864.jpg.webp?theia_smart_thumbnails_file_version=2\" media=\"(-webkit-min-device-pixel-ratio: 1.5)\" type=\"image\/webp\">\n  <source srcset=\"https:\/\/www.otto.de\/updated\/app\/uploads\/2025\/07\/Luftqualitaet-4-1536x864.jpg?theia_smart_thumbnails_file_version=2\" media=\"(-webkit-min-device-pixel-ratio: 1.5)\">\n  <source srcset=\"https:\/\/www.otto.de\/updated\/app\/uploads-webp\/uploads\/2025\/07\/Luftqualitaet-4-768x432.jpg.webp?theia_smart_thumbnails_file_version=2\" type=\"image\/webp\">\n  <img loading=\"lazy\" decoding=\"async\" src=\"https:\/\/www.otto.de\/updated\/app\/uploads\/2025\/07\/Luftqualitaet-4-768x432.jpg?theia_smart_thumbnails_file_version=2\" width=\"768\" height=\"432\" title=\"LuftqualiLuftqualit\u00e4t verbessern, Durchatmen f\u00fcr Allergiker*innen taet-5\" alt=\"Vor einem Kinderbett steht ein Luftreiniger auf dem Holzboden. Im Hintergrund ist eine Gr\u00fcnpflanze zu sehen.\" class=\"img-responsive img-small\" data-copyright=\"\u00a9 2025 Getty Images\" data-post-excerpt=\"Kontinuierlich saubere Luft: Luftreiniger mit HEPA-Filter sind unverzichtbar f\u00fcr Allergiker*innen, besonders im Schlaf- und Kinderzimmer. \" data-light-value=\"dark\" data-zoom-width=\"2560\" data-zoom-height=\"1707\" data-zoom-src=\"https:\/\/www.otto.de\/updated\/app\/uploads\/2025\/07\/Luftqualitaet-4.jpg\">\n                    <div class=\"caption dark\">\n          <small>\n            \u00a9 2025 Get\u00adty Images&nbsp;<\/small>\n        <\/div>\n          <\/picture>\n  <\/div>\n      <figcaption class=\"post-excerpt\">\n      Kon\u00adti\u00adnu\u00adier\u00adlich sau\u00adbe\u00adre Luft: Luft\u00adrei\u00adni\u00adger mit HEPA-Fil\u00adter sind unver\u00adzicht\u00adbar f\u00fcr Allergiker*innen, beson\u00adders im Schlaf- und Kinderzimmer.&nbsp;<\/figcaption>\n  <\/figure>\n          <\/div>\n    <div class=\"progress-bars\"><\/div>\n    <div class=\"zoom-icon-wrapper\">\n      <div class=\"zoom-icon\"><\/div>\n    <\/div>\n  <\/div>\n<\/div><\/div><\/div><\/div><div class=\"vc_row wpb_row vc_row-fluid\"><div class=\"wpb_column vc_column_container vc_col-sm-12\"><div class=\"vc_column-inner\"><div class=\"wpb_wrapper\"><div class=\"headline toc--item\"><a name=\"worauf-du-beim-kauf-achten-solltest\"><\/a><h2>Wor\u00adauf du beim Kauf ach\u00adten solltest:<\/h2><\/div><\/div><\/div><\/div><\/div><div class=\"vc_row wpb_row vc_row-fluid\"><div class=\"wpb_column vc_column_container vc_col-sm-12\"><div class=\"vc_column-inner\"><div class=\"wpb_wrapper\">\n\t<div class=\"wpb_text_column wpb_content_element\">\n\t\t<div class=\"wpb_wrapper\">\n\t\t\t<ul>\n<li data-leveltext=\"\uf0b7\" data-font=\"Symbol\" data-listid=\"4\" data-list-defn-props=\"{&quot;335552541&quot;:1,&quot;335559685&quot;:720,&quot;335559991&quot;:360,&quot;469769226&quot;:&quot;Symbol&quot;,&quot;469769242&quot;:[8226],&quot;469777803&quot;:&quot;left&quot;,&quot;469777804&quot;:&quot;\uf0b7&quot;,&quot;469777815&quot;:&quot;hybridMultilevel&quot;}\" data-aria-posinset=\"1\" data-aria-level=\"1\"><span data-contrast=\"auto\">HEPA-Fil\u00adter H13 oder H14 f\u00fcr h\u00f6chs\u00adte Fil\u00adter\u00adleis\u00adtung<\/span><span data-ccp-props=\"{&quot;134233117&quot;:false,&quot;134233118&quot;:false,&quot;335559738&quot;:240,&quot;335559739&quot;:240}\">&nbsp;<\/span><\/li>\n<li data-leveltext=\"\uf0b7\" data-font=\"Symbol\" data-listid=\"4\" data-list-defn-props=\"{&quot;335552541&quot;:1,&quot;335559685&quot;:720,&quot;335559991&quot;:360,&quot;469769226&quot;:&quot;Symbol&quot;,&quot;469769242&quot;:[8226],&quot;469777803&quot;:&quot;left&quot;,&quot;469777804&quot;:&quot;\uf0b7&quot;,&quot;469777815&quot;:&quot;hybridMultilevel&quot;}\" data-aria-posinset=\"1\" data-aria-level=\"1\"><span data-contrast=\"auto\">CADR-Wert pas\u00adsend zur Raum\u00adgr\u00f6\u00ad\u00dfe \u2013 je h\u00f6her, des\u00adto schnel\u00adler die Rei\u00adni\u00adgung<\/span><span data-ccp-props=\"{&quot;134233117&quot;:false,&quot;134233118&quot;:false,&quot;335559738&quot;:240,&quot;335559739&quot;:240}\">&nbsp;<\/span><\/li>\n<li data-leveltext=\"\uf0b7\" data-font=\"Symbol\" data-listid=\"4\" data-list-defn-props=\"{&quot;335552541&quot;:1,&quot;335559685&quot;:720,&quot;335559991&quot;:360,&quot;469769226&quot;:&quot;Symbol&quot;,&quot;469769242&quot;:[8226],&quot;469777803&quot;:&quot;left&quot;,&quot;469777804&quot;:&quot;\uf0b7&quot;,&quot;469777815&quot;:&quot;hybridMultilevel&quot;}\" data-aria-posinset=\"1\" data-aria-level=\"1\"><span data-contrast=\"auto\">Lei\u00adser Betrieb, ide\u00adal unter 30 dB f\u00fcr den Ein\u00adsatz in der Nacht<\/span><span data-ccp-props=\"{&quot;134233117&quot;:false,&quot;134233118&quot;:false,&quot;335559738&quot;:240,&quot;335559739&quot;:240}\">&nbsp;<\/span><\/li>\n<li data-leveltext=\"\uf0b7\" data-font=\"Symbol\" data-listid=\"4\" data-list-defn-props=\"{&quot;335552541&quot;:1,&quot;335559685&quot;:720,&quot;335559991&quot;:360,&quot;469769226&quot;:&quot;Symbol&quot;,&quot;469769242&quot;:[8226],&quot;469777803&quot;:&quot;left&quot;,&quot;469777804&quot;:&quot;\uf0b7&quot;,&quot;469777815&quot;:&quot;hybridMultilevel&quot;}\" data-aria-posinset=\"1\" data-aria-level=\"1\"><span data-contrast=\"auto\">Gerin\u00adger Strom\u00adver\u00adbrauch f\u00fcr den Dau\u00ader\u00adbe\u00adtrieb<\/span><span data-ccp-props=\"{&quot;134233117&quot;:false,&quot;134233118&quot;:false,&quot;335559738&quot;:240,&quot;335559739&quot;:240}\">&nbsp;<\/span><\/li>\n<li data-leveltext=\"\uf0b7\" data-font=\"Symbol\" data-listid=\"4\" data-list-defn-props=\"{&quot;335552541&quot;:1,&quot;335559685&quot;:720,&quot;335559991&quot;:360,&quot;469769226&quot;:&quot;Symbol&quot;,&quot;469769242&quot;:[8226],&quot;469777803&quot;:&quot;left&quot;,&quot;469777804&quot;:&quot;\uf0b7&quot;,&quot;469777815&quot;:&quot;hybridMultilevel&quot;}\" data-aria-posinset=\"1\" data-aria-level=\"1\"><span data-contrast=\"auto\">Smart-Home-Funk\u00adtio\u00adnen, z.&nbsp;B. A<\/span><span data-contrast=\"auto\">pp-Steue\u00adrung, Timer oder Luft\u00adqua\u00adli\u00adt\u00e4ts\u00adsen\u00adso\u00adren<\/span><span data-ccp-props=\"{&quot;134233117&quot;:false,&quot;134233118&quot;:false,&quot;335559738&quot;:240,&quot;335559739&quot;:240}\">&nbsp;<\/span><\/li>\n<\/ul>\n<p><span data-contrast=\"auto\">Ein gutes Ger\u00e4t arbei\u00adtet lei\u00adse, effi\u00adzi\u00adent und passt sich auto\u00adma\u00adtisch an die Luft\u00adbe\u00addin\u00adgun\u00adgen an. Schau auch ger\u00adne mal hier vor\u00adbei: <\/span><span data-contrast=\"none\">Luft\u00adrei\u00adni\u00adger f\u00fcr Allergiker*innen: <\/span><a href=\"https:\/\/www.otto.de\/updated\/luftreiniger-fuer-allergikerinnen-erleichterung-in-der-pollen-saison-100861\/\"><span data-contrast=\"none\">Erleich\u00adte\u00adrung in der Pol\u00adlen-Sai\u00adson<\/span><\/a><span data-contrast=\"none\">, um mehr \u00fcber Luft\u00adrei\u00adni\u00adger und aktu\u00adel\u00adle Model\u00adle zu erfah\u00adren.<\/span><span data-ccp-props=\"{&quot;134233117&quot;:false,&quot;134233118&quot;:false,&quot;335559685&quot;:0,&quot;335559738&quot;:240,&quot;335559739&quot;:240}\">&nbsp;<\/span><\/p>\n\n\t\t<\/div>\n\t<\/div>\n<\/div><\/div><\/div><\/div><div class=\"vc_row wpb_row vc_row-fluid\"><div class=\"wpb_column vc_column_container vc_col-sm-12\"><div class=\"vc_column-inner\"><div class=\"wpb_wrapper\"><div class=\"product-integration_slider\" data-snippet=\"108709\">\n    <div class=\"slider\" id=\"slider_108709\" data-slick=\"{&quot;autoplay&quot;:false,&quot;arrows&quot;:true,&quot;dots&quot;:false,&quot;infinite&quot;:true,&quot;slidesToShow&quot;:3,&quot;slidesToScroll&quot;:1,&quot;centerMode&quot;:true,&quot;centerPadding&quot;:&quot;0px&quot;}\">\n    <div class=\"slider__slide\">\n      <div class=\"teaser-headline-block\">\n        <div class=\"teaser-headline\">\n          Pas\u00adsend&nbsp;dazu&nbsp;<\/div>\n      <\/div>\n      <a class=\"link\" target=\"_blank\">\n        <div class=\"product-image-container\">\n          <img class=\"product-image\">\n        <\/div>\n        <div class=\"brand\"><\/div>\n        <div class=\"title\"><\/div>\n        <div class=\"rating\">\n          <div class=\"rating-stars\">\n                          <div class=\"rating-star\">\n                <i class=\"fa fa-star background\"><\/i>\n                <i class=\"fa fa-star foreground\"><\/i>\n              <\/div>\n                                      <div class=\"rating-star\">\n                <i class=\"fa fa-star background\"><\/i>\n                <i class=\"fa fa-star foreground\"><\/i>\n              <\/div>\n                                      <div class=\"rating-star\">\n                <i class=\"fa fa-star background\"><\/i>\n                <i class=\"fa fa-star foreground\"><\/i>\n              <\/div>\n                                      <div class=\"rating-star\">\n                <i class=\"fa fa-star background\"><\/i>\n                <i class=\"fa fa-star foreground\"><\/i>\n              <\/div>\n                                      <div class=\"rating-star\">\n                <i class=\"fa fa-star background\"><\/i>\n                <i class=\"fa fa-star foreground\"><\/i>\n              <\/div>\n                                  <\/div>\n        <\/div>\n        <div class=\"price-and-button-container\">\n          <div class=\"price\">\n            <div class=\"price-container\">\n              <div class=\"discount\"><\/div>\n              <div class=\"current-price thousand-seperators\"><\/div>\n            <\/div>\n            <div class=\"old-price thousand-seperators\"><\/div>\n          <\/div>\n          <div class=\"bottom\">\n            <div class=\"call-to-action\">\n              <div class=\"button\">\n                Jetzt kaufen&nbsp;<\/div>\n            <\/div>\n          <\/div>\n        <\/div>\n      <\/a>\n    <\/div>\n  <\/div>\n<\/div>\n<\/div><\/div><\/div><\/div><div class=\"vc_row wpb_row vc_row-fluid\"><div class=\"wpb_column vc_column_container vc_col-sm-12\"><div class=\"vc_column-inner\"><div class=\"wpb_wrapper\"><div class=\"headline\"><a name=\"3-raumklima-verbessern-mit-zimmerpflanzen\"><\/a><h3>3. Raum\u00adkli\u00adma ver\u00adbes\u00adsern mit Zimmerpflanzen<\/h3><\/div><\/div><\/div><\/div><\/div><div class=\"vc_row wpb_row vc_row-fluid\"><div class=\"wpb_column vc_column_container vc_col-sm-12\"><div class=\"vc_column-inner\"><div class=\"wpb_wrapper\">\n\t<div class=\"wpb_text_column wpb_content_element\">\n\t\t<div class=\"wpb_wrapper\">\n\t\t\t<p><span data-contrast=\"auto\">Zim\u00admer\u00adpflan\u00adzen k\u00f6n\u00adnen weit mehr als nur deko\u00adra\u00adtiv aus\u00adse\u00adhen. Eini\u00adge von ihnen wir\u00adken wie nat\u00fcr\u00adli\u00adche Luft\u00adrei\u00adni\u00adger. Sie neh\u00admen Schad\u00adstof\u00adfe \u00fcber ihre Bl\u00e4t\u00adter auf, bin\u00adden Staub\u00adpar\u00adti\u00adkel und geben gleich\u00adzei\u00adtig Feuch\u00adtig\u00adkeit an die Raum\u00adluft ab. Dadurch wird das Raum\u00adkli\u00adma sp\u00fcr\u00adbar ange\u00adneh\u00admer \u2013 beson\u00adders in der Heiz\u00adsai\u00adson, wenn die Luft oft zu tro\u00adcken ist.<\/span><span data-ccp-props=\"{&quot;134233117&quot;:false,&quot;134233118&quot;:false,&quot;335559738&quot;:240,&quot;335559739&quot;:240}\">&nbsp;<\/span><\/p>\n<p><span data-contrast=\"auto\">Emp\u00adfeh\u00adlens\u00adwer\u00adte Pflan\u00adzen:<\/span><span data-ccp-props=\"{}\">&nbsp;<\/span><\/p>\n<ul>\n<li data-leveltext=\"\uf0b7\" data-font=\"Symbol\" data-listid=\"14\" data-list-defn-props=\"{&quot;335552541&quot;:1,&quot;335559685&quot;:720,&quot;335559991&quot;:360,&quot;469769226&quot;:&quot;Symbol&quot;,&quot;469769242&quot;:[8226],&quot;469777803&quot;:&quot;left&quot;,&quot;469777804&quot;:&quot;\uf0b7&quot;,&quot;469777815&quot;:&quot;hybridMultilevel&quot;}\" data-aria-posinset=\"1\" data-aria-level=\"1\"><b><span data-contrast=\"auto\">Gr\u00fcn\u00adli\u00adlie:<\/span><\/b><span data-contrast=\"auto\"> Pfle\u00adge\u00adleicht, robust und ide\u00adal f\u00fcr Einsteiger*innen<\/span><span data-ccp-props=\"{&quot;134233117&quot;:false,&quot;134233118&quot;:false,&quot;335559738&quot;:240,&quot;335559739&quot;:240}\">&nbsp;<\/span><\/li>\n<li data-leveltext=\"\uf0b7\" data-font=\"Symbol\" data-listid=\"14\" data-list-defn-props=\"{&quot;335552541&quot;:1,&quot;335559685&quot;:720,&quot;335559991&quot;:360,&quot;469769226&quot;:&quot;Symbol&quot;,&quot;469769242&quot;:[8226],&quot;469777803&quot;:&quot;left&quot;,&quot;469777804&quot;:&quot;\uf0b7&quot;,&quot;469777815&quot;:&quot;hybridMultilevel&quot;}\" data-aria-posinset=\"1\" data-aria-level=\"1\"><b><span data-contrast=\"auto\">Bogen\u00adhanf:<\/span><\/b><span data-contrast=\"auto\"> Wan\u00addelt auch nachts CO\u2082 in Sau\u00ader\u00adstoff um und ist somit per\u00adfekt f\u00fcrs Schlaf\u00adzim\u00admer<\/span><span data-ccp-props=\"{&quot;134233117&quot;:false,&quot;134233118&quot;:false,&quot;335559738&quot;:240,&quot;335559739&quot;:240}\">&nbsp;<\/span><\/li>\n<li data-leveltext=\"\uf0b7\" data-font=\"Symbol\" data-listid=\"14\" data-list-defn-props=\"{&quot;335552541&quot;:1,&quot;335559685&quot;:720,&quot;335559991&quot;:360,&quot;469769226&quot;:&quot;Symbol&quot;,&quot;469769242&quot;:[8226],&quot;469777803&quot;:&quot;left&quot;,&quot;469777804&quot;:&quot;\uf0b7&quot;,&quot;469777815&quot;:&quot;hybridMultilevel&quot;}\" data-aria-posinset=\"1\" data-aria-level=\"1\"><b><span data-contrast=\"auto\">Ein\u00adblatt \/ Frie\u00addens\u00adli\u00adlie:<\/span><\/b><span data-contrast=\"auto\"> Fil\u00adtert Form\u00adalde\u00adhyd und VOCs aus M\u00f6beln oder Wand\u00adfar\u00adben<\/span><span data-ccp-props=\"{&quot;134233117&quot;:false,&quot;134233118&quot;:false,&quot;335559738&quot;:240,&quot;335559739&quot;:240}\">&nbsp;<\/span><\/li>\n<li data-leveltext=\"\uf0b7\" data-font=\"Symbol\" data-listid=\"14\" data-list-defn-props=\"{&quot;335552541&quot;:1,&quot;335559685&quot;:720,&quot;335559991&quot;:360,&quot;469769226&quot;:&quot;Symbol&quot;,&quot;469769242&quot;:[8226],&quot;469777803&quot;:&quot;left&quot;,&quot;469777804&quot;:&quot;\uf0b7&quot;,&quot;469777815&quot;:&quot;hybridMultilevel&quot;}\" data-aria-posinset=\"1\" data-aria-level=\"1\"><b><span data-contrast=\"auto\">Are\u00adca-Pal\u00adme:<\/span><\/b><span data-contrast=\"auto\"> Erh\u00f6ht effek\u00adtiv die Luft\u00adfeuch\u00adtig\u00adkeit in tro\u00adcke\u00adnen R\u00e4u\u00admen<\/span><span data-ccp-props=\"{&quot;134233117&quot;:false,&quot;134233118&quot;:false,&quot;335559738&quot;:240,&quot;335559739&quot;:240}\">&nbsp;<\/span><\/li>\n<\/ul>\n<p><span data-contrast=\"auto\">Wich\u00adtig f\u00fcr Allergiker*innen: Ac<\/span><span data-contrast=\"auto\">hte auf Pflan\u00adzen ohne Bl\u00fc\u00adten\u00adstaub oder inten\u00adsi\u00adve D\u00fcf\u00adte. Orchi\u00addeen, Duft\u00adge\u00adra\u00adni\u00aden oder stark bl\u00fc\u00adhen\u00adde Arten k\u00f6n\u00adnen eher kon\u00adtra\u00adpro\u00adduk\u00adtiv sein. Bes\u00adser sind gr\u00fc\u00adne, nicht-bl\u00fc\u00adhen\u00adde Pflan\u00adzen mit glat\u00adten Bl\u00e4t\u00adtern \u2013 sie sam\u00admeln weni\u00adger Staub und sind leich\u00adter zu rei\u00adni\u00adgen. Damit dei\u00adne Pflan\u00adzen auch w\u00e4h\u00adrend dei\u00adner Abwe\u00adsen\u00adheit gr\u00fcn und gesund blei\u00adben, fin\u00addest du <\/span><a href=\"https:\/\/www.otto.de\/updated\/pflanzenpflege-im-urlaub-so-ueberleben-sie-deine-abwesenheit-103337\/\"><span data-contrast=\"none\">hier<\/span><\/a><span data-contrast=\"auto\"> wich\u00adti\u00adge Tipps und Tricks zur Pflan\u00adzen\u00adpfle\u00adge in der Urlaubs\u00adzeit.<\/span><span data-ccp-props=\"{&quot;134233117&quot;:false,&quot;134233118&quot;:false,&quot;335559738&quot;:240,&quot;335559739&quot;:240}\">&nbsp;<\/span><\/p>\n\n\t\t<\/div>\n\t<\/div>\n<\/div><\/div><\/div><\/div><div class=\"vc_row wpb_row vc_row-fluid\"><div class=\"wpb_column vc_column_container vc_col-sm-12\"><div class=\"vc_column-inner\"><div class=\"wpb_wrapper\"><div class=\"product-integration_slider\" data-snippet=\"108708\">\n    <div class=\"slider\" id=\"slider_108708\" data-slick=\"{&quot;autoplay&quot;:false,&quot;arrows&quot;:true,&quot;dots&quot;:false,&quot;infinite&quot;:true,&quot;slidesToShow&quot;:3,&quot;slidesToScroll&quot;:1,&quot;centerMode&quot;:true,&quot;centerPadding&quot;:&quot;0px&quot;}\">\n    <div class=\"slider__slide\">\n      <div class=\"teaser-headline-block\">\n        <div class=\"teaser-headline\">\n          Pas\u00adsend&nbsp;dazu&nbsp;<\/div>\n      <\/div>\n      <a class=\"link\" target=\"_blank\">\n        <div class=\"product-image-container\">\n          <img class=\"product-image\">\n        <\/div>\n        <div class=\"brand\"><\/div>\n        <div class=\"title\"><\/div>\n        <div class=\"rating\">\n          <div class=\"rating-stars\">\n                          <div class=\"rating-star\">\n                <i class=\"fa fa-star background\"><\/i>\n                <i class=\"fa fa-star foreground\"><\/i>\n              <\/div>\n                                      <div class=\"rating-star\">\n                <i class=\"fa fa-star background\"><\/i>\n                <i class=\"fa fa-star foreground\"><\/i>\n              <\/div>\n                                      <div class=\"rating-star\">\n                <i class=\"fa fa-star background\"><\/i>\n                <i class=\"fa fa-star foreground\"><\/i>\n              <\/div>\n                                      <div class=\"rating-star\">\n                <i class=\"fa fa-star background\"><\/i>\n                <i class=\"fa fa-star foreground\"><\/i>\n              <\/div>\n                                      <div class=\"rating-star\">\n                <i class=\"fa fa-star background\"><\/i>\n                <i class=\"fa fa-star foreground\"><\/i>\n              <\/div>\n                                  <\/div>\n        <\/div>\n        <div class=\"price-and-button-container\">\n          <div class=\"price\">\n            <div class=\"price-container\">\n              <div class=\"discount\"><\/div>\n              <div class=\"current-price thousand-seperators\"><\/div>\n            <\/div>\n            <div class=\"old-price thousand-seperators\"><\/div>\n          <\/div>\n          <div class=\"bottom\">\n            <div class=\"call-to-action\">\n              <div class=\"button\">\n                Jetzt kaufen&nbsp;<\/div>\n            <\/div>\n          <\/div>\n        <\/div>\n      <\/a>\n    <\/div>\n  <\/div>\n<\/div>\n<\/div><\/div><\/div><\/div><div class=\"vc_row wpb_row vc_row-fluid\"><div class=\"wpb_column vc_column_container vc_col-sm-12\"><div class=\"vc_column-inner\"><div class=\"wpb_wrapper\"><div class=\"headline\"><a name=\"4-hausstaub-allergene-reduzieren\"><\/a><h3>4. Haus\u00adstaub &amp; All\u00ader\u00adge\u00adne reduzieren<\/h3><\/div><\/div><\/div><\/div><\/div><div class=\"vc_row wpb_row vc_row-fluid\"><div class=\"wpb_column vc_column_container vc_col-sm-12\"><div class=\"vc_column-inner\"><div class=\"wpb_wrapper\">\n\t<div class=\"wpb_text_column wpb_content_element\">\n\t\t<div class=\"wpb_wrapper\">\n\t\t\t<p><span data-contrast=\"auto\">Ein sau\u00adbe\u00adrer Wohn\u00adraum ist beson\u00adders f\u00fcr Allergiker*innen mit Haus\u00adstaub\u00adall\u00ader\u00adgie essen\u00adzi\u00adell. Haus\u00adstaub ent\u00adh\u00e4lt nicht nur Staub\u00adpar\u00adti\u00adkel, son\u00addern auch Mil\u00adben\u00adkot, Pol\u00adlen, Tier\u00adhaa\u00adre und ande\u00adre All\u00ader\u00adge\u00adne, also alles Stof\u00adfe, die Rei\u00adzun\u00adgen aus\u00adl\u00f6\u00adsen k\u00f6n\u00adnen.<\/span><span data-ccp-props=\"{&quot;134233117&quot;:false,&quot;134233118&quot;:false,&quot;335559738&quot;:240,&quot;335559739&quot;:240}\">&nbsp;<\/span><\/p>\n<p><span data-contrast=\"auto\">So h\u00e4ltst du Staub und Mil\u00adben in Schach:<\/span><span data-ccp-props=\"{}\">&nbsp;<\/span><\/p>\n<ul>\n<li data-leveltext=\"\uf0b7\" data-font=\"Symbol\" data-listid=\"15\" data-list-defn-props=\"{&quot;335552541&quot;:1,&quot;335559685&quot;:720,&quot;335559991&quot;:360,&quot;469769226&quot;:&quot;Symbol&quot;,&quot;469769242&quot;:[8226],&quot;469777803&quot;:&quot;left&quot;,&quot;469777804&quot;:&quot;\uf0b7&quot;,&quot;469777815&quot;:&quot;hybridMultilevel&quot;}\" data-aria-posinset=\"1\" data-aria-level=\"1\"><span data-contrast=\"auto\">Regel\u00adm\u00e4\u00ad\u00dfig staub\u00adsaugen: idea\u00adler\u00adwei\u00adse mit einem Staub\u00adsauger mit HEPA-Fil\u00adter, der auch fei\u00adne Par\u00adti\u00adkel auf\u00adnimmt<\/span><span data-ccp-props=\"{&quot;134233117&quot;:false,&quot;134233118&quot;:false,&quot;335559738&quot;:240,&quot;335559739&quot;:240}\">&nbsp;<\/span><\/li>\n<li data-leveltext=\"\uf0b7\" data-font=\"Symbol\" data-listid=\"15\" data-list-defn-props=\"{&quot;335552541&quot;:1,&quot;335559685&quot;:720,&quot;335559991&quot;:360,&quot;469769226&quot;:&quot;Symbol&quot;,&quot;469769242&quot;:[8226],&quot;469777803&quot;:&quot;left&quot;,&quot;469777804&quot;:&quot;\uf0b7&quot;,&quot;469777815&quot;:&quot;hybridMultilevel&quot;}\" data-aria-posinset=\"1\" data-aria-level=\"1\"><span data-contrast=\"auto\">M\u00f6bel und Ober\u00adfl\u00e4\u00adchen feucht abwi\u00adschen, damit Staub nicht auf\u00adge\u00adwir\u00adbelt wird<\/span><span data-ccp-props=\"{&quot;134233117&quot;:false,&quot;134233118&quot;:false,&quot;335559738&quot;:240,&quot;335559739&quot;:240}\">&nbsp;<\/span><\/li>\n<li data-leveltext=\"\uf0b7\" data-font=\"Symbol\" data-listid=\"15\" data-list-defn-props=\"{&quot;335552541&quot;:1,&quot;335559685&quot;:720,&quot;335559991&quot;:360,&quot;469769226&quot;:&quot;Symbol&quot;,&quot;469769242&quot;:[8226],&quot;469777803&quot;:&quot;left&quot;,&quot;469777804&quot;:&quot;\uf0b7&quot;,&quot;469777815&quot;:&quot;hybridMultilevel&quot;}\" data-aria-posinset=\"1\" data-aria-level=\"1\"><span data-contrast=\"auto\">Bett\u00adw\u00e4\u00adsche w\u00f6chent\u00adlich waschen, bei min\u00addes\u00adtens 60&nbsp;\u00b0C, um Mil\u00adben abzu\u00adt\u00f6\u00adten<\/span><span data-ccp-props=\"{&quot;134233117&quot;:false,&quot;134233118&quot;:false,&quot;335559738&quot;:240,&quot;335559739&quot;:240}\">&nbsp;<\/span><\/li>\n<li data-leveltext=\"\uf0b7\" data-font=\"Symbol\" data-listid=\"15\" data-list-defn-props=\"{&quot;335552541&quot;:1,&quot;335559685&quot;:720,&quot;335559991&quot;:360,&quot;469769226&quot;:&quot;Symbol&quot;,&quot;469769242&quot;:[8226],&quot;469777803&quot;:&quot;left&quot;,&quot;469777804&quot;:&quot;\uf0b7&quot;,&quot;469777815&quot;:&quot;hybridMultilevel&quot;}\" data-aria-posinset=\"1\" data-aria-level=\"1\"><span data-contrast=\"auto\">Mil\u00adben\u00adbe\u00adz\u00fc\u00adge (Enca\u00adsings) f\u00fcr Matrat\u00adzen, Kis\u00adsen und Decken ver\u00adwen\u00adden<\/span><span data-ccp-props=\"{&quot;134233117&quot;:false,&quot;134233118&quot;:false,&quot;335559738&quot;:240,&quot;335559739&quot;:240}\">&nbsp;<\/span><\/li>\n<li data-leveltext=\"\uf0b7\" data-font=\"Symbol\" data-listid=\"15\" data-list-defn-props=\"{&quot;335552541&quot;:1,&quot;335559685&quot;:720,&quot;335559991&quot;:360,&quot;469769226&quot;:&quot;Symbol&quot;,&quot;469769242&quot;:[8226],&quot;469777803&quot;:&quot;left&quot;,&quot;469777804&quot;:&quot;\uf0b7&quot;,&quot;469777815&quot;:&quot;hybridMultilevel&quot;}\" data-aria-posinset=\"1\" data-aria-level=\"1\"><span data-contrast=\"auto\">Tep\u00adpi\u00adche redu\u00adzie\u00adren oder regel\u00adm\u00e4\u00ad\u00dfig pro\u00adfes\u00adsio\u00adnell rei\u00adni\u00adgen las\u00adsen<\/span><span data-ccp-props=\"{&quot;134233117&quot;:false,&quot;134233118&quot;:false,&quot;335559738&quot;:240,&quot;335559739&quot;:240}\">&nbsp;<\/span><\/li>\n<\/ul>\n<p><span data-contrast=\"auto\">Tipp:<\/span><span data-contrast=\"auto\"> Saug\u00adro\u00adbo\u00adter mit HEPA-Fil\u00adter \u00fcber\u00adneh\u00admen die t\u00e4g\u00adli\u00adche Grund\u00adrei\u00adni\u00adgung \u2013 beson\u00adders prak\u00adtisch bei Haus\u00adtie\u00adren oder in gro\u00ad\u00dfen Woh\u00adnun\u00adgen. Auch tex\u00adti\u00adle Deko wie Vor\u00adh\u00e4n\u00adge oder Kis\u00adsen\u00adbe\u00adz\u00fc\u00adge regel\u00adm\u00e4\u00ad\u00dfig rei\u00adni\u00adgen, um Aller\u00adgen\u00adquel\u00adlen zu mini\u00admie\u00adren.<\/span><span data-ccp-props=\"{&quot;134233117&quot;:false,&quot;134233118&quot;:false,&quot;335559738&quot;:240,&quot;335559739&quot;:240}\">&nbsp;<\/span><\/p>\n\n\t\t<\/div>\n\t<\/div>\n<\/div><\/div><\/div><\/div><div class=\"vc_row wpb_row vc_row-fluid\"><div class=\"wpb_column vc_column_container vc_col-sm-12\"><div class=\"vc_column-inner\"><div class=\"wpb_wrapper\">  <div class=\"slick-gallery-wrapper gallery-no-padding\" data-number-of-slides=\"1\">\n    <div class=\"slick-gallery should-lightbox \" id=\"slick_gallery_yiyLZJ04KUsz5b51XpZ1\">\n              <figure>\n  <div class=\"img-small-container\">\n    <div class=\"img-small-hover-background\"><\/div>\n    <picture>\n                                <source srcset=\"https:\/\/www.otto.de\/updated\/app\/uploads-webp\/uploads\/2025\/07\/Luftqualitaet-5-1080x615.jpg.webp?theia_smart_thumbnails_file_version=2\" media=\"(max-width: 360px) and (-webkit-min-device-pixel-ratio: 2.5)\" type=\"image\/webp\">\n                  <source srcset=\"https:\/\/www.otto.de\/updated\/app\/uploads\/2025\/07\/Luftqualitaet-5-1080x615.jpg?theia_smart_thumbnails_file_version=2\" media=\"(max-width: 360px) and (-webkit-min-device-pixel-ratio: 2.5)\">\n                  <source srcset=\"https:\/\/www.otto.de\/updated\/app\/uploads-webp\/uploads\/2025\/07\/Luftqualitaet-5-720x410.jpg.webp?theia_smart_thumbnails_file_version=2\" media=\"(max-width: 360px) and (-webkit-min-device-pixel-ratio: 1.5)\" type=\"image\/webp\">\n                  <source srcset=\"https:\/\/www.otto.de\/updated\/app\/uploads\/2025\/07\/Luftqualitaet-5-720x410.jpg?theia_smart_thumbnails_file_version=2\" media=\"(max-width: 360px) and (-webkit-min-device-pixel-ratio: 1.5)\">\n                  <source srcset=\"https:\/\/www.otto.de\/updated\/app\/uploads-webp\/uploads\/2025\/07\/Luftqualitaet-5-360x205.jpg.webp?theia_smart_thumbnails_file_version=2\" media=\"(max-width: 360px)\" type=\"image\/webp\">\n                  <source srcset=\"https:\/\/www.otto.de\/updated\/app\/uploads\/2025\/07\/Luftqualitaet-5-360x205.jpg?theia_smart_thumbnails_file_version=2\" media=\"(max-width: 360px)\">\n                    <source srcset=\"https:\/\/www.otto.de\/updated\/app\/uploads-webp\/uploads\/2025\/07\/Luftqualitaet-5-1680x945.jpg.webp?theia_smart_thumbnails_file_version=2\" media=\"(max-width: 560px) and (-webkit-min-device-pixel-ratio: 2.5)\" type=\"image\/webp\">\n                  <source srcset=\"https:\/\/www.otto.de\/updated\/app\/uploads\/2025\/07\/Luftqualitaet-5-1680x945.jpg?theia_smart_thumbnails_file_version=2\" media=\"(max-width: 560px) and (-webkit-min-device-pixel-ratio: 2.5)\">\n                  <source srcset=\"https:\/\/www.otto.de\/updated\/app\/uploads-webp\/uploads\/2025\/07\/Luftqualitaet-5-1120x630.jpg.webp?theia_smart_thumbnails_file_version=2\" media=\"(max-width: 560px) and (-webkit-min-device-pixel-ratio: 1.5)\" type=\"image\/webp\">\n                  <source srcset=\"https:\/\/www.otto.de\/updated\/app\/uploads\/2025\/07\/Luftqualitaet-5-1120x630.jpg?theia_smart_thumbnails_file_version=2\" media=\"(max-width: 560px) and (-webkit-min-device-pixel-ratio: 1.5)\">\n                  <source srcset=\"https:\/\/www.otto.de\/updated\/app\/uploads-webp\/uploads\/2025\/07\/Luftqualitaet-5-560x315.jpg.webp?theia_smart_thumbnails_file_version=2\" media=\"(max-width: 560px)\" type=\"image\/webp\">\n                  <source srcset=\"https:\/\/www.otto.de\/updated\/app\/uploads\/2025\/07\/Luftqualitaet-5-560x315.jpg?theia_smart_thumbnails_file_version=2\" media=\"(max-width: 560px)\">\n                    <source srcset=\"https:\/\/www.otto.de\/updated\/app\/uploads-webp\/uploads\/2025\/07\/Luftqualitaet-5-2304x1296.jpg.webp?theia_smart_thumbnails_file_version=2\" media=\"(max-width: 767px) and (-webkit-min-device-pixel-ratio: 2.5)\" type=\"image\/webp\">\n                  <source srcset=\"https:\/\/www.otto.de\/updated\/app\/uploads\/2025\/07\/Luftqualitaet-5-2304x1296.jpg?theia_smart_thumbnails_file_version=2\" media=\"(max-width: 767px) and (-webkit-min-device-pixel-ratio: 2.5)\">\n                  <source srcset=\"https:\/\/www.otto.de\/updated\/app\/uploads-webp\/uploads\/2025\/07\/Luftqualitaet-5-1536x864.jpg.webp?theia_smart_thumbnails_file_version=2\" media=\"(max-width: 767px) and (-webkit-min-device-pixel-ratio: 1.5)\" type=\"image\/webp\">\n                  <source srcset=\"https:\/\/www.otto.de\/updated\/app\/uploads\/2025\/07\/Luftqualitaet-5-1536x864.jpg?theia_smart_thumbnails_file_version=2\" media=\"(max-width: 767px) and (-webkit-min-device-pixel-ratio: 1.5)\">\n                  <source srcset=\"https:\/\/www.otto.de\/updated\/app\/uploads-webp\/uploads\/2025\/07\/Luftqualitaet-5-768x432.jpg.webp?theia_smart_thumbnails_file_version=2\" media=\"(max-width: 767px)\" type=\"image\/webp\">\n                  <source srcset=\"https:\/\/www.otto.de\/updated\/app\/uploads\/2025\/07\/Luftqualitaet-5-768x432.jpg?theia_smart_thumbnails_file_version=2\" media=\"(max-width: 767px)\">\n                    <source srcset=\"https:\/\/www.otto.de\/updated\/app\/uploads-webp\/uploads\/2025\/07\/Luftqualitaet-5-1680x945.jpg.webp?theia_smart_thumbnails_file_version=2\" media=\"(max-width: 991px) and (-webkit-min-device-pixel-ratio: 2.5)\" type=\"image\/webp\">\n                  <source srcset=\"https:\/\/www.otto.de\/updated\/app\/uploads\/2025\/07\/Luftqualitaet-5-1680x945.jpg?theia_smart_thumbnails_file_version=2\" media=\"(max-width: 991px) and (-webkit-min-device-pixel-ratio: 2.5)\">\n                  <source srcset=\"https:\/\/www.otto.de\/updated\/app\/uploads-webp\/uploads\/2025\/07\/Luftqualitaet-5-1120x630.jpg.webp?theia_smart_thumbnails_file_version=2\" media=\"(max-width: 991px) and (-webkit-min-device-pixel-ratio: 1.5)\" type=\"image\/webp\">\n                  <source srcset=\"https:\/\/www.otto.de\/updated\/app\/uploads\/2025\/07\/Luftqualitaet-5-1120x630.jpg?theia_smart_thumbnails_file_version=2\" media=\"(max-width: 991px) and (-webkit-min-device-pixel-ratio: 1.5)\">\n                  <source srcset=\"https:\/\/www.otto.de\/updated\/app\/uploads-webp\/uploads\/2025\/07\/Luftqualitaet-5-560x315.jpg.webp?theia_smart_thumbnails_file_version=2\" media=\"(max-width: 991px)\" type=\"image\/webp\">\n                  <source srcset=\"https:\/\/www.otto.de\/updated\/app\/uploads\/2025\/07\/Luftqualitaet-5-560x315.jpg?theia_smart_thumbnails_file_version=2\" media=\"(max-width: 991px)\">\n        <source srcset=\"https:\/\/www.otto.de\/updated\/app\/uploads-webp\/uploads\/2025\/07\/Luftqualitaet-5-2304x1296.jpg.webp?theia_smart_thumbnails_file_version=2\" media=\"(-webkit-min-device-pixel-ratio: 2.5)\" type=\"image\/webp\">\n  <source srcset=\"https:\/\/www.otto.de\/updated\/app\/uploads\/2025\/07\/Luftqualitaet-5-2304x1296.jpg?theia_smart_thumbnails_file_version=2\" media=\"(-webkit-min-device-pixel-ratio: 2.5)\">\n  <source srcset=\"https:\/\/www.otto.de\/updated\/app\/uploads-webp\/uploads\/2025\/07\/Luftqualitaet-5-1536x864.jpg.webp?theia_smart_thumbnails_file_version=2\" media=\"(-webkit-min-device-pixel-ratio: 1.5)\" type=\"image\/webp\">\n  <source srcset=\"https:\/\/www.otto.de\/updated\/app\/uploads\/2025\/07\/Luftqualitaet-5-1536x864.jpg?theia_smart_thumbnails_file_version=2\" media=\"(-webkit-min-device-pixel-ratio: 1.5)\">\n  <source srcset=\"https:\/\/www.otto.de\/updated\/app\/uploads-webp\/uploads\/2025\/07\/Luftqualitaet-5-768x432.jpg.webp?theia_smart_thumbnails_file_version=2\" type=\"image\/webp\">\n  <img loading=\"lazy\" decoding=\"async\" src=\"https:\/\/www.otto.de\/updated\/app\/uploads\/2025\/07\/Luftqualitaet-5-768x432.jpg?theia_smart_thumbnails_file_version=2\" width=\"768\" height=\"432\" title=\"LuftqualiLuftqualit\u00e4t verbessern, Durchatmen f\u00fcr Allergiker*innen taet-5\" alt=\"Nahaufnahme einer Hand, die mit einem orangenen Tuch eine dunkle Schreibtischplatte wischt. Im Hintergrund ist ein Mac zu sehen.\" class=\"img-responsive img-small\" data-copyright=\"\u00a9 2025 Getty Images\" data-post-excerpt=\"Durch Wischen, Waschen und Schutzbez\u00fcge lassen sich Milbenkot, Staub und Allergene in Schach halten.\" data-light-value=\"dark\" data-zoom-width=\"2560\" data-zoom-height=\"1707\" data-zoom-src=\"https:\/\/www.otto.de\/updated\/app\/uploads\/2025\/07\/Luftqualitaet-5.jpg\">\n                    <div class=\"caption dark\">\n          <small>\n            \u00a9 2025 Get\u00adty Images&nbsp;<\/small>\n        <\/div>\n          <\/picture>\n  <\/div>\n      <figcaption class=\"post-excerpt\">\n      Durch Wischen, Waschen und Schutz\u00adbe\u00adz\u00fc\u00adge las\u00adsen sich Mil\u00adben\u00adkot, Staub und All\u00ader\u00adge\u00adne in Schach halten.&nbsp;<\/figcaption>\n  <\/figure>\n          <\/div>\n    <div class=\"progress-bars\"><\/div>\n    <div class=\"zoom-icon-wrapper\">\n      <div class=\"zoom-icon\"><\/div>\n    <\/div>\n  <\/div>\n<\/div><\/div><\/div><\/div><div class=\"vc_row wpb_row vc_row-fluid\"><div class=\"wpb_column vc_column_container vc_col-sm-12\"><div class=\"vc_column-inner\"><div class=\"wpb_wrapper\">\n\t<div class=\"wpb_text_column wpb_content_element\">\n\t\t<div class=\"wpb_wrapper\">\n\t\t\t\n\t\t<\/div>\n\t<\/div>\n<\/div><\/div><\/div><\/div><div class=\"vc_row wpb_row vc_row-fluid\"><div class=\"wpb_column vc_column_container vc_col-sm-12\"><div class=\"vc_column-inner\"><div class=\"wpb_wrapper\"><div class=\"headline\"><a name=\"5-luftfeuchtigkeit-im-optimalen-bereich-halten\"><\/a><h3>5. Luft\u00adfeuch\u00adtig\u00adkeit im opti\u00adma\u00adlen Bereich halten<\/h3><\/div><\/div><\/div><\/div><\/div><div class=\"vc_row wpb_row vc_row-fluid\"><div class=\"wpb_column vc_column_container vc_col-sm-12\"><div class=\"vc_column-inner\"><div class=\"wpb_wrapper\">\n\t<div class=\"wpb_text_column wpb_content_element\">\n\t\t<div class=\"wpb_wrapper\">\n\t\t\t<p><span data-contrast=\"auto\">Ein gesun\u00addes Raum\u00adkli\u00adma h\u00e4ngt stark von der rich\u00adti\u00adgen Luft\u00adfeuch\u00adtig\u00adkeit ab. Ide\u00adal sind 40&nbsp;% bis 60&nbsp;%. Liegt der Wert dar\u00adun\u00adter, trock\u00adnen Schleim\u00adh\u00e4u\u00adte aus, was Infek\u00adtio\u00adnen und All\u00ader\u00adgien beg\u00fcns\u00adti\u00adgen kann. Ist die Luft hin\u00adge\u00adgen dau\u00ader\u00adhaft zu feucht, steigt das Risi\u00adko f\u00fcr Schim\u00admel\u00adbil\u00addung und damit f\u00fcr gesund\u00adheit\u00adli\u00adche Beschwer\u00adden.<\/span><span data-ccp-props=\"{&quot;134233117&quot;:false,&quot;134233118&quot;:false,&quot;335559738&quot;:240,&quot;335559739&quot;:240}\">&nbsp;<\/span><\/p>\n<p><span data-contrast=\"auto\">Das hilft:<\/span><span data-ccp-props=\"{}\">&nbsp;<\/span><\/p>\n<ul>\n<li data-leveltext=\"\uf0b7\" data-font=\"Symbol\" data-listid=\"16\" data-list-defn-props=\"{&quot;335552541&quot;:1,&quot;335559685&quot;:720,&quot;335559991&quot;:360,&quot;469769226&quot;:&quot;Symbol&quot;,&quot;469769242&quot;:[8226],&quot;469777803&quot;:&quot;left&quot;,&quot;469777804&quot;:&quot;\uf0b7&quot;,&quot;469777815&quot;:&quot;hybridMultilevel&quot;}\" data-aria-posinset=\"1\" data-aria-level=\"1\"><span data-contrast=\"auto\">Hygro\u00adme\u00adter zur zuver\u00adl\u00e4s\u00adsi\u00adgen Mes\u00adsung der Luft\u00adfeuch\u00adtig\u00adkeit<\/span><span data-ccp-props=\"{&quot;134233117&quot;:false,&quot;134233118&quot;:false,&quot;335559738&quot;:240,&quot;335559739&quot;:240}\">&nbsp;<\/span><\/li>\n<li data-leveltext=\"\uf0b7\" data-font=\"Symbol\" data-listid=\"16\" data-list-defn-props=\"{&quot;335552541&quot;:1,&quot;335559685&quot;:720,&quot;335559991&quot;:360,&quot;469769226&quot;:&quot;Symbol&quot;,&quot;469769242&quot;:[8226],&quot;469777803&quot;:&quot;left&quot;,&quot;469777804&quot;:&quot;\uf0b7&quot;,&quot;469777815&quot;:&quot;hybridMultilevel&quot;}\" data-aria-posinset=\"1\" data-aria-level=\"1\"><span data-contrast=\"auto\">Luft\u00adbe\u00adfeuch\u00adter im Win\u00adter, z.&nbsp;B. mit Ultra\u00adschall- oder Ver\u00addamp\u00adfer-Tech\u00adnik<\/span><span data-ccp-props=\"{&quot;134233117&quot;:false,&quot;134233118&quot;:false,&quot;335559738&quot;:240,&quot;335559739&quot;:240}\">&nbsp;<\/span><\/li>\n<li data-leveltext=\"\uf0b7\" data-font=\"Symbol\" data-listid=\"16\" data-list-defn-props=\"{&quot;335552541&quot;:1,&quot;335559685&quot;:720,&quot;335559991&quot;:360,&quot;469769226&quot;:&quot;Symbol&quot;,&quot;469769242&quot;:[8226],&quot;469777803&quot;:&quot;left&quot;,&quot;469777804&quot;:&quot;\uf0b7&quot;,&quot;469777815&quot;:&quot;hybridMultilevel&quot;}\" data-aria-posinset=\"1\" data-aria-level=\"1\"><span data-contrast=\"auto\">Luft\u00adent\u00adfeuch\u00adter im Som\u00admer oder in feuch\u00adten R\u00e4u\u00admen wie Bad oder Kel\u00adler<\/span><span data-ccp-props=\"{&quot;134233117&quot;:false,&quot;134233118&quot;:false,&quot;335559738&quot;:240,&quot;335559739&quot;:240}\">&nbsp;<\/span><\/li>\n<li data-leveltext=\"\uf0b7\" data-font=\"Symbol\" data-listid=\"16\" data-list-defn-props=\"{&quot;335552541&quot;:1,&quot;335559685&quot;:720,&quot;335559991&quot;:360,&quot;469769226&quot;:&quot;Symbol&quot;,&quot;469769242&quot;:[8226],&quot;469777803&quot;:&quot;left&quot;,&quot;469777804&quot;:&quot;\uf0b7&quot;,&quot;469777815&quot;:&quot;hybridMultilevel&quot;}\" data-aria-posinset=\"1\" data-aria-level=\"1\"><span data-contrast=\"auto\">W\u00e4sche m\u00f6g\u00adlichst drau\u00ad\u00dfen oder mit Abluft trock\u00adnen, um Feuch\u00adtig\u00adkeit im Raum zu vermeiden<\/span><\/li>\n<li data-leveltext=\"\uf0b7\" data-font=\"Symbol\" data-listid=\"16\" data-list-defn-props=\"{&quot;335552541&quot;:1,&quot;335559685&quot;:720,&quot;335559991&quot;:360,&quot;469769226&quot;:&quot;Symbol&quot;,&quot;469769242&quot;:[8226],&quot;469777803&quot;:&quot;left&quot;,&quot;469777804&quot;:&quot;\uf0b7&quot;,&quot;469777815&quot;:&quot;hybridMultilevel&quot;}\" data-aria-posinset=\"1\" data-aria-level=\"1\"><span data-contrast=\"auto\">Smart-Home-L\u00f6sun\u00adgen, die L<\/span><span data-contrast=\"auto\">\u00fcftung oder Befeuch\u00adtung auto\u00adma\u00adtisch steu\u00adern<\/span><span data-ccp-props=\"{&quot;134233117&quot;:false,&quot;134233118&quot;:false,&quot;335559738&quot;:240,&quot;335559739&quot;:240}\">&nbsp;<\/span><\/li>\n<\/ul>\n<p><span data-contrast=\"auto\">In die\u00adsen bei\u00adden Arti\u00adkeln fin\u00addest du wei\u00adte\u00adre n\u00fctz\u00adli\u00adche Infos zu Luft\u00adbe- und \u2011ent\u00adfeuch\u00adtern:<\/span><\/p>\n\n\t\t<\/div>\n\t<\/div>\n      <a href=\"https:\/\/www.otto.de\/updated\/luftentfeuchter-geraete-gegen-zu-feuchte-luft-in-den-raeumen-102379\/\" target=\"_blank\" data-tracking-category=\"Content Interaction\" data-tracking-action=\"Teaserkachel\" data-tracking-label=\"Luftentfeuchter: Ger\u00e4te gegen feuchte Luft in R\u00e4umen\">\n  <div class=\"readable-button-container live-relax\">\n    <div class=\"readable-button-outer\">\n      <div class=\"readable-button-inner\">\n        <div class=\"readable-button-text\">\n          <div class=\"readable-button-small-headline-container\">\n            <div class=\"readable-button-small-headline\">\n              <span>\n                Auch lesenswert&nbsp;<\/span>\n            <\/div>\n          <\/div>\n        <\/div>\n        <img loading=\"lazy\" decoding=\"async\" class=\"readable-button-icon live-relax\" src=\"https:\/\/www.otto.de\/updated\/app\/themes\/main\/assets\/images\/relaunch\/icons\/buttonIcons\/link-box-arrow-dark.svg\" width=\"31\" height=\"31\">\n      <\/div>\n      <div class=\"readable-button-headline live-relax\">\n        <span>\n          Luft\u00adent\u00adfeuch\u00adter: Ger\u00e4\u00adte gegen feuch\u00adte Luft in R\u00e4umen&nbsp;<\/span>\n      <\/div>\n    <\/div>\n  <\/div>\n<\/a>\n      <a href=\"https:\/\/www.otto.de\/updated\/luftbefeuchter-besseres-klima-per-geraet-102008\/\" target=\"_blank\" data-tracking-category=\"Content Interaction\" data-tracking-action=\"Teaserkachel\" data-tracking-label=\"Luftbefeuchter: Optimale Luftqualit\u00e4t f\u00fcr dein Zuhause\">\n  <div class=\"readable-button-container live-relax\">\n    <div class=\"readable-button-outer\">\n      <div class=\"readable-button-inner\">\n        <div class=\"readable-button-text\">\n          <div class=\"readable-button-small-headline-container\">\n            <div class=\"readable-button-small-headline\">\n              <span>\n                Auch lesenswert&nbsp;<\/span>\n            <\/div>\n          <\/div>\n        <\/div>\n        <img loading=\"lazy\" decoding=\"async\" class=\"readable-button-icon live-relax\" src=\"https:\/\/www.otto.de\/updated\/app\/themes\/main\/assets\/images\/relaunch\/icons\/buttonIcons\/link-box-arrow-dark.svg\" width=\"31\" height=\"31\">\n      <\/div>\n      <div class=\"readable-button-headline live-relax\">\n        <span>\n          Luft\u00adbe\u00adfeuch\u00adter: Opti\u00adma\u00adle Luft\u00adqua\u00adli\u00adt\u00e4t f\u00fcr dein Zuhause&nbsp;<\/span>\n      <\/div>\n    <\/div>\n  <\/div>\n<\/a>\n<\/div><\/div><\/div><\/div><div class=\"vc_row wpb_row vc_row-fluid\"><div class=\"wpb_column vc_column_container vc_col-sm-12\"><div class=\"vc_column-inner\"><div class=\"wpb_wrapper\"><div class=\"headline toc--item\"><a name=\"technik-die-hilft-smart-home-fuer-saubere-luft\"><\/a><h2>Tech\u00adnik, die hilft: Smart-Home f\u00fcr sau\u00adbe\u00adre&nbsp;Luft<\/h2><\/div><\/div><\/div><\/div><\/div><div class=\"vc_row wpb_row vc_row-fluid\"><div class=\"wpb_column vc_column_container vc_col-sm-12\"><div class=\"vc_column-inner\"><div class=\"wpb_wrapper\">\n\t<div class=\"wpb_text_column wpb_content_element\">\n\t\t<div class=\"wpb_wrapper\">\n\t\t\t<p><span data-contrast=\"auto\">Moder\u00adne Smart-Home-Tech\u00adnik macht es ein\u00adfa\u00adcher denn je, die Luft\u00adqua\u00adli\u00adt\u00e4t im Blick zu behal\u00adten und gezielt zu ver\u00adbes\u00adsern. Immer mehr Ger\u00e4\u00adte las\u00adsen sich mit\u00adein\u00adan\u00adder ver\u00adnet\u00adzen und reagie\u00adren auto\u00adma\u00adtisch auf ver\u00ad\u00e4n\u00adder\u00adte Bedin\u00adgun\u00adgen \u2013 ganz ohne manu\u00adel\u00adles Ein\u00adgrei\u00adfen.<\/span><span data-ccp-props=\"{&quot;134233117&quot;:false,&quot;134233118&quot;:false,&quot;335559738&quot;:240,&quot;335559739&quot;:240}\">&nbsp;<\/span><\/p>\n<p><span data-contrast=\"auto\">Die\u00adse Funk\u00adtio\u00adnen sind beson\u00adders hilf\u00adreich:<\/span><span data-ccp-props=\"{}\">&nbsp;<\/span><\/p>\n<ul>\n<li data-leveltext=\"\uf0b7\" data-font=\"Symbol\" data-listid=\"17\" data-list-defn-props=\"{&quot;335552541&quot;:1,&quot;335559685&quot;:720,&quot;335559991&quot;:360,&quot;469769226&quot;:&quot;Symbol&quot;,&quot;469769242&quot;:[8226],&quot;469777803&quot;:&quot;left&quot;,&quot;469777804&quot;:&quot;\uf0b7&quot;,&quot;469777815&quot;:&quot;hybridMultilevel&quot;}\" data-aria-posinset=\"1\" data-aria-level=\"1\"><span data-contrast=\"auto\">Sen\u00adso\u00adren \u00fcber\u00adwa\u00adchen in Echt\u00adzeit Wer\u00adte wie Fein\u00adstaub, CO\u2082, VOCs und Luft\u00adfeuch\u00adtig\u00adkeit<\/span><span data-ccp-props=\"{&quot;134233117&quot;:false,&quot;134233118&quot;:false,&quot;335559738&quot;:240,&quot;335559739&quot;:240}\">&nbsp;<\/span><\/li>\n<li data-leveltext=\"\uf0b7\" data-font=\"Symbol\" data-listid=\"17\" data-list-defn-props=\"{&quot;335552541&quot;:1,&quot;335559685&quot;:720,&quot;335559991&quot;:360,&quot;469769226&quot;:&quot;Symbol&quot;,&quot;469769242&quot;:[8226],&quot;469777803&quot;:&quot;left&quot;,&quot;469777804&quot;:&quot;\uf0b7&quot;,&quot;469777815&quot;:&quot;hybridMultilevel&quot;}\" data-aria-posinset=\"1\" data-aria-level=\"1\"><span data-contrast=\"auto\">Luft\u00adrei\u00adni\u00adger star\u00adten auto\u00adma\u00adtisch, wenn Schad\u00adstoff\u00adwer\u00adte stei\u00adgen<\/span><span data-ccp-props=\"{&quot;134233117&quot;:false,&quot;134233118&quot;:false,&quot;335559738&quot;:240,&quot;335559739&quot;:240}\">&nbsp;<\/span><\/li>\n<li data-leveltext=\"\uf0b7\" data-font=\"Symbol\" data-listid=\"17\" data-list-defn-props=\"{&quot;335552541&quot;:1,&quot;335559685&quot;:720,&quot;335559991&quot;:360,&quot;469769226&quot;:&quot;Symbol&quot;,&quot;469769242&quot;:[8226],&quot;469777803&quot;:&quot;left&quot;,&quot;469777804&quot;:&quot;\uf0b7&quot;,&quot;469777815&quot;:&quot;hybridMultilevel&quot;}\" data-aria-posinset=\"1\" data-aria-level=\"1\"><span data-contrast=\"auto\">App-Benach\u00adrich\u00adti\u00adgun\u00adgen erin\u00adnern ans L\u00fcf\u00adten oder war\u00adnen bei schlech\u00adter Luft<\/span><span data-ccp-props=\"{&quot;134233117&quot;:false,&quot;134233118&quot;:false,&quot;335559738&quot;:240,&quot;335559739&quot;:240}\">&nbsp;<\/span><\/li>\n<li data-leveltext=\"\uf0b7\" data-font=\"Symbol\" data-listid=\"17\" data-list-defn-props=\"{&quot;335552541&quot;:1,&quot;335559685&quot;:720,&quot;335559991&quot;:360,&quot;469769226&quot;:&quot;Symbol&quot;,&quot;469769242&quot;:[8226],&quot;469777803&quot;:&quot;left&quot;,&quot;469777804&quot;:&quot;\uf0b7&quot;,&quot;469777815&quot;:&quot;hybridMultilevel&quot;}\" data-aria-posinset=\"1\" data-aria-level=\"1\"><span data-contrast=\"auto\">Auto\u00adma\u00adti\u00adsche Rou\u00adti\u00adnen, z.&nbsp;B.: \u201cWenn Luft\u00adfeuch\u00adtig\u00adkeit \u00fcber 60&nbsp;%, dann Luft\u00adent\u00adfeuch\u00adter ein\u00adschal\u00adten\u201d<\/span><span data-ccp-props=\"{&quot;134233117&quot;:false,&quot;134233118&quot;:false,&quot;335559738&quot;:240,&quot;335559739&quot;:240}\">&nbsp;<\/span><\/li>\n<li data-leveltext=\"\uf0b7\" data-font=\"Symbol\" data-listid=\"17\" data-list-defn-props=\"{&quot;335552541&quot;:1,&quot;335559685&quot;:720,&quot;335559991&quot;:360,&quot;469769226&quot;:&quot;Symbol&quot;,&quot;469769242&quot;:[8226],&quot;469777803&quot;:&quot;left&quot;,&quot;469777804&quot;:&quot;\uf0b7&quot;,&quot;469777815&quot;:&quot;hybridMultilevel&quot;}\" data-aria-posinset=\"1\" data-aria-level=\"1\"><span data-contrast=\"auto\">Smar\u00adte Luft\u00adqua\u00adli\u00adt\u00e4ts\u00admes\u00adser lie\u00adfern detail\u00adlier\u00adte Daten und geben kla\u00adre Emp\u00adfeh\u00adlun\u00adgen \u2013 etwa f\u00fcrs Schlaf\u00adzim\u00admer, Kin\u00adder\u00adzim\u00admer oder das Home\u00adof\u00adfice.&nbsp;<\/span><span data-ccp-props=\"{&quot;134233117&quot;:false,&quot;134233118&quot;:false,&quot;335559738&quot;:240,&quot;335559739&quot;:240}\">&nbsp;<\/span><\/li>\n<\/ul>\n<p><span data-contrast=\"auto\">So kannst du gezielt auf Pro\u00adble\u00adme reagie\u00adren und dein Raum\u00adkli\u00adma dau\u00ader\u00adhaft opti\u00admie\u00adren \u2013 kom\u00adfor\u00adta\u00adbel und effi\u00adzi\u00adent.<\/span><span data-ccp-props=\"{&quot;134233117&quot;:false,&quot;134233118&quot;:false,&quot;335559685&quot;:0,&quot;335559738&quot;:240,&quot;335559739&quot;:240}\">&nbsp;<\/span><\/p>\n\n\t\t<\/div>\n\t<\/div>\n<\/div><\/div><\/div><\/div><div class=\"vc_row wpb_row vc_row-fluid\"><div class=\"wpb_column vc_column_container vc_col-sm-12\"><div class=\"vc_column-inner\"><div class=\"wpb_wrapper\"><div class=\"product-integration_slider\" data-snippet=\"108710\">\n    <div class=\"slider\" id=\"slider_108710\" data-slick=\"{&quot;autoplay&quot;:false,&quot;arrows&quot;:true,&quot;dots&quot;:false,&quot;infinite&quot;:true,&quot;slidesToShow&quot;:3,&quot;slidesToScroll&quot;:1,&quot;centerMode&quot;:true,&quot;centerPadding&quot;:&quot;0px&quot;}\">\n    <div class=\"slider__slide\">\n      <div class=\"teaser-headline-block\">\n        <div class=\"teaser-headline\">\n          Pas\u00adsend&nbsp;dazu&nbsp;<\/div>\n      <\/div>\n      <a class=\"link\" target=\"_blank\">\n        <div class=\"product-image-container\">\n          <img class=\"product-image\">\n        <\/div>\n        <div class=\"brand\"><\/div>\n        <div class=\"title\"><\/div>\n        <div class=\"rating\">\n          <div class=\"rating-stars\">\n                          <div class=\"rating-star\">\n                <i class=\"fa fa-star background\"><\/i>\n                <i class=\"fa fa-star foreground\"><\/i>\n              <\/div>\n                                      <div class=\"rating-star\">\n                <i class=\"fa fa-star background\"><\/i>\n                <i class=\"fa fa-star foreground\"><\/i>\n              <\/div>\n                                      <div class=\"rating-star\">\n                <i class=\"fa fa-star background\"><\/i>\n                <i class=\"fa fa-star foreground\"><\/i>\n              <\/div>\n                                      <div class=\"rating-star\">\n                <i class=\"fa fa-star background\"><\/i>\n                <i class=\"fa fa-star foreground\"><\/i>\n              <\/div>\n                                      <div class=\"rating-star\">\n                <i class=\"fa fa-star background\"><\/i>\n                <i class=\"fa fa-star foreground\"><\/i>\n              <\/div>\n                                  <\/div>\n        <\/div>\n        <div class=\"price-and-button-container\">\n          <div class=\"price\">\n            <div class=\"price-container\">\n              <div class=\"discount\"><\/div>\n              <div class=\"current-price thousand-seperators\"><\/div>\n            <\/div>\n            <div class=\"old-price thousand-seperators\"><\/div>\n          <\/div>\n          <div class=\"bottom\">\n            <div class=\"call-to-action\">\n              <div class=\"button\">\n                Jetzt kaufen&nbsp;<\/div>\n            <\/div>\n          <\/div>\n        <\/div>\n      <\/a>\n    <\/div>\n  <\/div>\n<\/div>\n<\/div><\/div><\/div><\/div><div class=\"vc_row wpb_row vc_row-fluid\"><div class=\"wpb_column vc_column_container vc_col-sm-12\"><div class=\"vc_column-inner\"><div class=\"wpb_wrapper\"><div class=\"headline toc--item\"><a name=\"alltagstipps-fuer-bessere-luftqualitaet\"><\/a><h2>All\u00adtags\u00adtipps f\u00fcr bes\u00adse\u00adre Luftqualit\u00e4t<\/h2><\/div><\/div><\/div><\/div><\/div><div class=\"vc_row wpb_row vc_row-fluid\"><div class=\"wpb_column vc_column_container vc_col-sm-12\"><div class=\"vc_column-inner\"><div class=\"wpb_wrapper\">\n\t<div class=\"wpb_text_column wpb_content_element\">\n\t\t<div class=\"wpb_wrapper\">\n\t\t\t<p><span data-contrast=\"auto\">Nicht nur gro\u00ad\u00dfe Ma\u00df\u00adnah\u00admen wie Luft\u00adrei\u00adni\u00adger oder Smart-Home-Tech\u00adnik ver\u00adbes\u00adsern das Raum\u00adkli\u00adma, auch im All\u00adtag kannst du viel tun, um Schad\u00adstof\u00adfe zu redu\u00adzie\u00adren und die Luft\u00adqua\u00adli\u00adt\u00e4t sp\u00fcr\u00adbar zu ver\u00adbes\u00adsern.<\/span><span data-ccp-props=\"{&quot;134233117&quot;:false,&quot;134233118&quot;:false,&quot;335559685&quot;:0,&quot;335559738&quot;:240,&quot;335559739&quot;:240}\">&nbsp;<\/span><\/p>\n<p><span data-contrast=\"auto\">Die\u00adse klei\u00adnen Ver\u00ad\u00e4n\u00adde\u00adrun\u00adgen wir\u00adken nach\u00adhal\u00adtig:<\/span><span data-ccp-props=\"{}\">&nbsp;<\/span><\/p>\n<ul>\n<li data-leveltext=\"\uf0b7\" data-font=\"Symbol\" data-listid=\"9\" data-list-defn-props=\"{&quot;335552541&quot;:1,&quot;335559685&quot;:720,&quot;335559991&quot;:360,&quot;469769226&quot;:&quot;Symbol&quot;,&quot;469769242&quot;:[8226],&quot;469777803&quot;:&quot;left&quot;,&quot;469777804&quot;:&quot;\uf0b7&quot;,&quot;469777815&quot;:&quot;hybridMultilevel&quot;}\" data-aria-posinset=\"1\" data-aria-level=\"1\"><span data-contrast=\"auto\">Schu\u00adhe aus\u00adzie\u00adhen beim Betre\u00adten der Woh\u00adnung, damit weni\u00adger Pol\u00adlen, Fein\u00adstaub und Stra\u00ad\u00dfen\u00adschmutz ins Haus gelan\u00adgen<\/span><span data-ccp-props=\"{&quot;134233117&quot;:false,&quot;134233118&quot;:false,&quot;335559738&quot;:240,&quot;335559739&quot;:240}\">&nbsp;<\/span><\/li>\n<li data-leveltext=\"\uf0b7\" data-font=\"Symbol\" data-listid=\"9\" data-list-defn-props=\"{&quot;335552541&quot;:1,&quot;335559685&quot;:720,&quot;335559991&quot;:360,&quot;469769226&quot;:&quot;Symbol&quot;,&quot;469769242&quot;:[8226],&quot;469777803&quot;:&quot;left&quot;,&quot;469777804&quot;:&quot;\uf0b7&quot;,&quot;469777815&quot;:&quot;hybridMultilevel&quot;}\" data-aria-posinset=\"1\" data-aria-level=\"1\"><span data-contrast=\"auto\">M\u00f6bel, Vor\u00adh\u00e4n\u00adge und Tex\u00adti\u00adli\u00aden regel\u00adm\u00e4\u00ad\u00dfig rei\u00adni\u00adgen, da sie Staub und All\u00ader\u00adge\u00adne spei\u00adchern<\/span><span data-ccp-props=\"{&quot;134233117&quot;:false,&quot;134233118&quot;:false,&quot;335559738&quot;:240,&quot;335559739&quot;:240}\">&nbsp;<\/span><\/li>\n<li data-leveltext=\"\uf0b7\" data-font=\"Symbol\" data-listid=\"9\" data-list-defn-props=\"{&quot;335552541&quot;:1,&quot;335559685&quot;:720,&quot;335559991&quot;:360,&quot;469769226&quot;:&quot;Symbol&quot;,&quot;469769242&quot;:[8226],&quot;469777803&quot;:&quot;left&quot;,&quot;469777804&quot;:&quot;\uf0b7&quot;,&quot;469777815&quot;:&quot;hybridMultilevel&quot;}\" data-aria-posinset=\"1\" data-aria-level=\"1\"><span data-contrast=\"auto\">Auf Duft\u00adker\u00adzen, Raum\u00adsprays und aggres\u00adsi\u00adve Rei\u00adni\u00adger ver\u00adzich\u00adten, da sie VOCs frei\u00adset\u00adzen<\/span><span data-ccp-props=\"{&quot;134233117&quot;:false,&quot;134233118&quot;:false,&quot;335559738&quot;:240,&quot;335559739&quot;:240}\">&nbsp;<\/span><\/li>\n<li data-leveltext=\"\uf0b7\" data-font=\"Symbol\" data-listid=\"9\" data-list-defn-props=\"{&quot;335552541&quot;:1,&quot;335559685&quot;:720,&quot;335559991&quot;:360,&quot;469769226&quot;:&quot;Symbol&quot;,&quot;469769242&quot;:[8226],&quot;469777803&quot;:&quot;left&quot;,&quot;469777804&quot;:&quot;\uf0b7&quot;,&quot;469777815&quot;:&quot;hybridMultilevel&quot;}\" data-aria-posinset=\"1\" data-aria-level=\"1\"><span data-contrast=\"auto\">Bei Reno\u00advie\u00adrun\u00adgen schad\u00adstoff\u00adar\u00adme Far\u00adben, Lacke und M\u00f6bel w\u00e4h\u00adlen (z.&nbsp;B. mit Umwelt\u00adzei\u00adchen)<\/span><span data-ccp-props=\"{&quot;134233117&quot;:false,&quot;134233118&quot;:false,&quot;335559738&quot;:240,&quot;335559739&quot;:240}\">&nbsp;<\/span><\/li>\n<li data-leveltext=\"\uf0b7\" data-font=\"Symbol\" data-listid=\"9\" data-list-defn-props=\"{&quot;335552541&quot;:1,&quot;335559685&quot;:720,&quot;335559991&quot;:360,&quot;469769226&quot;:&quot;Symbol&quot;,&quot;469769242&quot;:[8226],&quot;469777803&quot;:&quot;left&quot;,&quot;469777804&quot;:&quot;\uf0b7&quot;,&quot;469777815&quot;:&quot;hybridMultilevel&quot;}\" data-aria-posinset=\"1\" data-aria-level=\"1\"><span data-contrast=\"auto\">Luft\u00adfil\u00adter im Auto regel\u00adm\u00e4\u00ad\u00dfig wech\u00adseln, beson\u00adders in der Pol\u00adlen\u00adsai\u00adson<\/span><span data-ccp-props=\"{&quot;134233117&quot;:false,&quot;134233118&quot;:false,&quot;335559738&quot;:240,&quot;335559739&quot;:240}\">&nbsp;<\/span><\/li>\n<li data-leveltext=\"\uf0b7\" data-font=\"Symbol\" data-listid=\"9\" data-list-defn-props=\"{&quot;335552541&quot;:1,&quot;335559685&quot;:720,&quot;335559991&quot;:360,&quot;469769226&quot;:&quot;Symbol&quot;,&quot;469769242&quot;:[8226],&quot;469777803&quot;:&quot;left&quot;,&quot;469777804&quot;:&quot;\uf0b7&quot;,&quot;469777815&quot;:&quot;hybridMultilevel&quot;}\" data-aria-posinset=\"1\" data-aria-level=\"1\"><span data-contrast=\"auto\">Kei\u00adne Ziga\u00adret\u00adten oder E\u2011Zigaretten in Innen\u00adr\u00e4u\u00admen, da sie die Luft lang\u00adfris\u00adtig belas\u00adten<\/span><span data-ccp-props=\"{&quot;134233117&quot;:false,&quot;134233118&quot;:false,&quot;335559738&quot;:240,&quot;335559739&quot;:240}\">&nbsp;<\/span><\/li>\n<\/ul>\n<p><span data-contrast=\"auto\">Schon mit ein\u00adfa\u00adchen Gewohn\u00adhei\u00adten schaffst du also ein ges\u00fcn\u00adde\u00adres Raum\u00adkli\u00adma und das ganz ohne gro\u00ad\u00dfen Auf\u00adwand.<\/span><span data-ccp-props=\"{&quot;134233117&quot;:false,&quot;134233118&quot;:false,&quot;335559685&quot;:0,&quot;335559738&quot;:240,&quot;335559739&quot;:240}\">&nbsp;<\/span><\/p>\n\n\t\t<\/div>\n\t<\/div>\n<\/div><\/div><\/div><\/div><div class=\"vc_row wpb_row vc_row-fluid\"><div class=\"wpb_column vc_column_container vc_col-sm-12\"><div class=\"vc_column-inner\"><div class=\"wpb_wrapper\">  <div class=\"slick-gallery-wrapper gallery-no-padding\" data-number-of-slides=\"1\">\n    <div class=\"slick-gallery should-lightbox \" id=\"slick_gallery_Ydaf1eJPZDSkdpEsjYj2\">\n              <figure>\n  <div class=\"img-small-container\">\n    <div class=\"img-small-hover-background\"><\/div>\n    <picture>\n                                <source srcset=\"https:\/\/www.otto.de\/updated\/app\/uploads-webp\/uploads\/2025\/07\/Luftqualitaet-1-1080x615.jpg.webp?theia_smart_thumbnails_file_version=2\" media=\"(max-width: 360px) and (-webkit-min-device-pixel-ratio: 2.5)\" type=\"image\/webp\">\n                  <source srcset=\"https:\/\/www.otto.de\/updated\/app\/uploads\/2025\/07\/Luftqualitaet-1-1080x615.jpg?theia_smart_thumbnails_file_version=2\" media=\"(max-width: 360px) and (-webkit-min-device-pixel-ratio: 2.5)\">\n                  <source srcset=\"https:\/\/www.otto.de\/updated\/app\/uploads-webp\/uploads\/2025\/07\/Luftqualitaet-1-720x410.jpg.webp?theia_smart_thumbnails_file_version=2\" media=\"(max-width: 360px) and (-webkit-min-device-pixel-ratio: 1.5)\" type=\"image\/webp\">\n                  <source srcset=\"https:\/\/www.otto.de\/updated\/app\/uploads\/2025\/07\/Luftqualitaet-1-720x410.jpg?theia_smart_thumbnails_file_version=2\" media=\"(max-width: 360px) and (-webkit-min-device-pixel-ratio: 1.5)\">\n                  <source srcset=\"https:\/\/www.otto.de\/updated\/app\/uploads-webp\/uploads\/2025\/07\/Luftqualitaet-1-360x205.jpg.webp?theia_smart_thumbnails_file_version=2\" media=\"(max-width: 360px)\" type=\"image\/webp\">\n                  <source srcset=\"https:\/\/www.otto.de\/updated\/app\/uploads\/2025\/07\/Luftqualitaet-1-360x205.jpg?theia_smart_thumbnails_file_version=2\" media=\"(max-width: 360px)\">\n                    <source srcset=\"https:\/\/www.otto.de\/updated\/app\/uploads-webp\/uploads\/2025\/07\/Luftqualitaet-1-1680x945.jpg.webp?theia_smart_thumbnails_file_version=2\" media=\"(max-width: 560px) and (-webkit-min-device-pixel-ratio: 2.5)\" type=\"image\/webp\">\n                  <source srcset=\"https:\/\/www.otto.de\/updated\/app\/uploads\/2025\/07\/Luftqualitaet-1-1680x945.jpg?theia_smart_thumbnails_file_version=2\" media=\"(max-width: 560px) and (-webkit-min-device-pixel-ratio: 2.5)\">\n                  <source srcset=\"https:\/\/www.otto.de\/updated\/app\/uploads-webp\/uploads\/2025\/07\/Luftqualitaet-1-1120x630.jpg.webp?theia_smart_thumbnails_file_version=2\" media=\"(max-width: 560px) and (-webkit-min-device-pixel-ratio: 1.5)\" type=\"image\/webp\">\n                  <source srcset=\"https:\/\/www.otto.de\/updated\/app\/uploads\/2025\/07\/Luftqualitaet-1-1120x630.jpg?theia_smart_thumbnails_file_version=2\" media=\"(max-width: 560px) and (-webkit-min-device-pixel-ratio: 1.5)\">\n                  <source srcset=\"https:\/\/www.otto.de\/updated\/app\/uploads-webp\/uploads\/2025\/07\/Luftqualitaet-1-560x315.jpg.webp?theia_smart_thumbnails_file_version=2\" media=\"(max-width: 560px)\" type=\"image\/webp\">\n                  <source srcset=\"https:\/\/www.otto.de\/updated\/app\/uploads\/2025\/07\/Luftqualitaet-1-560x315.jpg?theia_smart_thumbnails_file_version=2\" media=\"(max-width: 560px)\">\n                    <source srcset=\"https:\/\/www.otto.de\/updated\/app\/uploads-webp\/uploads\/2025\/07\/Luftqualitaet-1-2304x1296.jpg.webp?theia_smart_thumbnails_file_version=2\" media=\"(max-width: 767px) and (-webkit-min-device-pixel-ratio: 2.5)\" type=\"image\/webp\">\n                  <source srcset=\"https:\/\/www.otto.de\/updated\/app\/uploads\/2025\/07\/Luftqualitaet-1-2304x1296.jpg?theia_smart_thumbnails_file_version=2\" media=\"(max-width: 767px) and (-webkit-min-device-pixel-ratio: 2.5)\">\n                  <source srcset=\"https:\/\/www.otto.de\/updated\/app\/uploads-webp\/uploads\/2025\/07\/Luftqualitaet-1-1536x864.jpg.webp?theia_smart_thumbnails_file_version=2\" media=\"(max-width: 767px) and (-webkit-min-device-pixel-ratio: 1.5)\" type=\"image\/webp\">\n                  <source srcset=\"https:\/\/www.otto.de\/updated\/app\/uploads\/2025\/07\/Luftqualitaet-1-1536x864.jpg?theia_smart_thumbnails_file_version=2\" media=\"(max-width: 767px) and (-webkit-min-device-pixel-ratio: 1.5)\">\n                  <source srcset=\"https:\/\/www.otto.de\/updated\/app\/uploads-webp\/uploads\/2025\/07\/Luftqualitaet-1-768x432.jpg.webp?theia_smart_thumbnails_file_version=2\" media=\"(max-width: 767px)\" type=\"image\/webp\">\n                  <source srcset=\"https:\/\/www.otto.de\/updated\/app\/uploads\/2025\/07\/Luftqualitaet-1-768x432.jpg?theia_smart_thumbnails_file_version=2\" media=\"(max-width: 767px)\">\n                    <source srcset=\"https:\/\/www.otto.de\/updated\/app\/uploads-webp\/uploads\/2025\/07\/Luftqualitaet-1-1680x945.jpg.webp?theia_smart_thumbnails_file_version=2\" media=\"(max-width: 991px) and (-webkit-min-device-pixel-ratio: 2.5)\" type=\"image\/webp\">\n                  <source srcset=\"https:\/\/www.otto.de\/updated\/app\/uploads\/2025\/07\/Luftqualitaet-1-1680x945.jpg?theia_smart_thumbnails_file_version=2\" media=\"(max-width: 991px) and (-webkit-min-device-pixel-ratio: 2.5)\">\n                  <source srcset=\"https:\/\/www.otto.de\/updated\/app\/uploads-webp\/uploads\/2025\/07\/Luftqualitaet-1-1120x630.jpg.webp?theia_smart_thumbnails_file_version=2\" media=\"(max-width: 991px) and (-webkit-min-device-pixel-ratio: 1.5)\" type=\"image\/webp\">\n                  <source srcset=\"https:\/\/www.otto.de\/updated\/app\/uploads\/2025\/07\/Luftqualitaet-1-1120x630.jpg?theia_smart_thumbnails_file_version=2\" media=\"(max-width: 991px) and (-webkit-min-device-pixel-ratio: 1.5)\">\n                  <source srcset=\"https:\/\/www.otto.de\/updated\/app\/uploads-webp\/uploads\/2025\/07\/Luftqualitaet-1-560x315.jpg.webp?theia_smart_thumbnails_file_version=2\" media=\"(max-width: 991px)\" type=\"image\/webp\">\n                  <source srcset=\"https:\/\/www.otto.de\/updated\/app\/uploads\/2025\/07\/Luftqualitaet-1-560x315.jpg?theia_smart_thumbnails_file_version=2\" media=\"(max-width: 991px)\">\n        <source srcset=\"https:\/\/www.otto.de\/updated\/app\/uploads-webp\/uploads\/2025\/07\/Luftqualitaet-1-2304x1296.jpg.webp?theia_smart_thumbnails_file_version=2\" media=\"(-webkit-min-device-pixel-ratio: 2.5)\" type=\"image\/webp\">\n  <source srcset=\"https:\/\/www.otto.de\/updated\/app\/uploads\/2025\/07\/Luftqualitaet-1-2304x1296.jpg?theia_smart_thumbnails_file_version=2\" media=\"(-webkit-min-device-pixel-ratio: 2.5)\">\n  <source srcset=\"https:\/\/www.otto.de\/updated\/app\/uploads-webp\/uploads\/2025\/07\/Luftqualitaet-1-1536x864.jpg.webp?theia_smart_thumbnails_file_version=2\" media=\"(-webkit-min-device-pixel-ratio: 1.5)\" type=\"image\/webp\">\n  <source srcset=\"https:\/\/www.otto.de\/updated\/app\/uploads\/2025\/07\/Luftqualitaet-1-1536x864.jpg?theia_smart_thumbnails_file_version=2\" media=\"(-webkit-min-device-pixel-ratio: 1.5)\">\n  <source srcset=\"https:\/\/www.otto.de\/updated\/app\/uploads-webp\/uploads\/2025\/07\/Luftqualitaet-1-768x432.jpg.webp?theia_smart_thumbnails_file_version=2\" type=\"image\/webp\">\n  <img loading=\"lazy\" decoding=\"async\" src=\"https:\/\/www.otto.de\/updated\/app\/uploads\/2025\/07\/Luftqualitaet-1-768x432.jpg?theia_smart_thumbnails_file_version=2\" width=\"768\" height=\"432\" title=\"LuftqualiLuftqualit\u00e4t verbessern, Durchatmen f\u00fcr Allergiker*innen taet-5\" alt=\"Im Vordergrund steht ein herzf\u00f6rmiges Tablett mit drei Dekokerzen; im Hintergrund ist eine Person mit einem Buch auf dem Scho\u00df zu sehen, die auf einem Bett\" class=\"img-responsive img-small\" data-copyright=\"\u00a9 2025 Getty Images\" data-post-excerpt=\"Textile Deko kann eine Allergenquelle sein: Reinige und wasche deine Vorh\u00e4nge, Kissenbez\u00fcge &amp;amp; Co. regelm\u00e4\u00dfig, um Hausstaubmilben zu reduzieren.\" data-light-value=\"dark\" data-zoom-width=\"2560\" data-zoom-height=\"1707\" data-zoom-src=\"https:\/\/www.otto.de\/updated\/app\/uploads\/2025\/07\/Luftqualitaet-1.jpg\">\n                    <div class=\"caption dark\">\n          <small>\n            \u00a9 2025 Get\u00adty Images&nbsp;<\/small>\n        <\/div>\n          <\/picture>\n  <\/div>\n      <figcaption class=\"post-excerpt\">\n      Tex\u00adti\u00adle Deko kann eine Aller\u00adgen\u00adquel\u00adle sein: Rei\u00adni\u00adge und wasche dei\u00adne Vor\u00adh\u00e4n\u00adge, Kis\u00adsen\u00adbe\u00adz\u00fc\u00adge &amp; Co. regel\u00adm\u00e4\u00ad\u00dfig, um Haus\u00adstaub\u00admil\u00adben zu reduzieren.&nbsp;<\/figcaption>\n  <\/figure>\n          <\/div>\n    <div class=\"progress-bars\"><\/div>\n    <div class=\"zoom-icon-wrapper\">\n      <div class=\"zoom-icon\"><\/div>\n    <\/div>\n  <\/div>\n<\/div><\/div><\/div><\/div><div class=\"vc_row wpb_row vc_row-fluid\"><div class=\"wpb_column vc_column_container vc_col-sm-12\"><div class=\"vc_column-inner\"><div class=\"wpb_wrapper\"><div class=\"headline toc--item\"><a name=\"bessere-luft-fuer-mehr-lebensqualitaet\"><\/a><h2>Bes\u00adse\u00adre Luft f\u00fcr mehr Lebensqualit\u00e4t<\/h2><\/div><\/div><\/div><\/div><\/div><div class=\"vc_row wpb_row vc_row-fluid\"><div class=\"wpb_column vc_column_container vc_col-sm-12\"><div class=\"vc_column-inner\"><div class=\"wpb_wrapper\">\n\t<div class=\"wpb_text_column wpb_content_element\">\n\t\t<div class=\"wpb_wrapper\">\n\t\t\t<p><span class=\"TextRun SCXW158194435 BCX0\" lang=\"EN-US\" xml:lang=\"EN-US\" data-contrast=\"auto\"><span class=\"NormalTextRun SpellingErrorV2Themed SCXW158194435 BCX0\">Sau\u00adbe\u00adre<\/span><span class=\"NormalTextRun SCXW158194435 BCX0\"> Luft <\/span><span class=\"NormalTextRun SpellingErrorV2Themed SCXW158194435 BCX0\">ist<\/span> <span class=\"NormalTextRun SpellingErrorV2Themed SCXW158194435 BCX0\">ein<\/span> <span class=\"NormalTextRun SpellingErrorV2Themed SCXW158194435 BCX0\">ent\u00adschei\u00adden\u00adder<\/span><span class=\"NormalTextRun SCXW158194435 BCX0\">, <\/span><span class=\"NormalTextRun SpellingErrorV2Themed SCXW158194435 BCX0\">aber<\/span><span class=\"NormalTextRun SCXW158194435 BCX0\"> oft <\/span><span class=\"NormalTextRun SpellingErrorV2Themed SCXW158194435 BCX0\">unter\u00adsch\u00e4tz\u00adter<\/span><span class=\"NormalTextRun SCXW158194435 BCX0\"> Fak\u00adtor f\u00fcr Gesund\u00adheit, <\/span><span class=\"NormalTextRun SpellingErrorV2Themed SCXW158194435 BCX0\">Wohl\u00adbe\u00adfin\u00adden<\/span><span class=\"NormalTextRun SCXW158194435 BCX0\"> und <\/span><span class=\"NormalTextRun SpellingErrorV2Themed SCXW158194435 BCX0\">erhol\u00adsa\u00admen<\/span><span class=\"NormalTextRun SCXW158194435 BCX0\"> Schlaf. <\/span><span class=\"NormalTextRun SpellingErrorV2Themed SCXW158194435 BCX0\">Beson\u00adders<\/span><span class=\"NormalTextRun SCXW158194435 BCX0\"> f\u00fcr <\/span><span class=\"NormalTextRun SpellingErrorV2Themed SCXW158194435 BCX0\">All\u00ader\u00adgi\u00adker<\/span><span class=\"NormalTextRun SCXW158194435 BCX0\">*<\/span><span class=\"NormalTextRun SpellingErrorV2Themed SCXW158194435 BCX0\">innen<\/span> <span class=\"NormalTextRun SpellingErrorV2Themed SCXW158194435 BCX0\">oder<\/span><span class=\"NormalTextRun SCXW158194435 BCX0\"> Men\u00adschen <\/span><span class=\"NormalTextRun SpellingErrorV2Themed SCXW158194435 BCX0\">mit<\/span> <span class=\"NormalTextRun SpellingErrorV2Themed SCXW158194435 BCX0\">emp\u00adfind\u00adli\u00adchen<\/span> <span class=\"NormalTextRun SpellingErrorV2Themed SCXW158194435 BCX0\">Atem\u00adwe\u00adgen<\/span> <span class=\"NormalTextRun SpellingErrorV2Themed SCXW158194435 BCX0\">lohnt<\/span><span class=\"NormalTextRun SCXW158194435 BCX0\"> es <\/span><span class=\"NormalTextRun SpellingErrorV2Themed SCXW158194435 BCX0\">sich<\/span><span class=\"NormalTextRun SCXW158194435 BCX0\">, <\/span><span class=\"NormalTextRun SpellingErrorV2Themed SCXW158194435 BCX0\">aktiv<\/span><span class=\"NormalTextRun SCXW158194435 BCX0\"> in die <\/span><span class=\"NormalTextRun SpellingErrorV2Themed SCXW158194435 BCX0\">Luft\u00adqua\u00adli\u00adt\u00e4t<\/span> <span class=\"NormalTextRun SpellingErrorV2Themed SCXW158194435 BCX0\">zu<\/span> <span class=\"NormalTextRun SpellingErrorV2Themed SCXW158194435 BCX0\">inves\u00adtie\u00adren<\/span><span class=\"NormalTextRun SCXW158194435 BCX0\"> \u2013 und das muss <\/span><span class=\"NormalTextRun SpellingErrorV2Themed SCXW158194435 BCX0\">weder<\/span> <span class=\"NormalTextRun SpellingErrorV2Themed SCXW158194435 BCX0\">kom\u00adpli\u00adziert<\/span> <span class=\"NormalTextRun SpellingErrorV2Themed SCXW158194435 BCX0\">noch<\/span> <span class=\"NormalTextRun SpellingErrorV2Themed SCXW158194435 BCX0\">teu\u00ader<\/span><span class=\"NormalTextRun SCXW158194435 BCX0\"> sein.<\/span> <span class=\"NormalTextRun SCXW158194435 BCX0\">Mit <\/span><span class=\"NormalTextRun SpellingErrorV2Themed SCXW158194435 BCX0\">geziel\u00adtem<\/span> <span class=\"NormalTextRun SpellingErrorV2Themed SCXW158194435 BCX0\">L\u00fcf\u00adten<\/span><span class=\"NormalTextRun SCXW158194435 BCX0\">, <\/span><span class=\"NormalTextRun SpellingErrorV2Themed SCXW158194435 BCX0\">Luft\u00adrei\u00adni\u00adgern<\/span><span class=\"NormalTextRun SCXW158194435 BCX0\">, <\/span><span class=\"NormalTextRun SpellingErrorV2Themed SCXW158194435 BCX0\">Zim\u00admer\u00adpflan\u00adzen<\/span><span class=\"NormalTextRun SCXW158194435 BCX0\"> und smar\u00adten <\/span><span class=\"NormalTextRun SpellingErrorV2Themed SCXW158194435 BCX0\">Ger\u00e4\u00adten<\/span> <span class=\"NormalTextRun SpellingErrorV2Themed SCXW158194435 BCX0\">kannst<\/span><span class=\"NormalTextRun SCXW158194435 BCX0\"> du <\/span><span class=\"NormalTextRun SpellingErrorV2Themed SCXW158194435 BCX0\">Schad\u00adstof\u00adfe<\/span> <span class=\"NormalTextRun SpellingErrorV2Themed SCXW158194435 BCX0\">redu\u00adzie\u00adren<\/span><span class=\"NormalTextRun SCXW158194435 BCX0\"> und <\/span><span class=\"NormalTextRun SpellingErrorV2Themed SCXW158194435 BCX0\">ein<\/span> <span class=\"NormalTextRun SpellingErrorV2Themed SCXW158194435 BCX0\">gesun\u00addes<\/span> <span class=\"NormalTextRun SpellingErrorV2Themed SCXW158194435 BCX0\">Raum\u00adkli\u00adma<\/span> <span class=\"NormalTextRun SpellingErrorV2Themed SCXW158194435 BCX0\">schaf\u00adfen<\/span><span class=\"NormalTextRun SCXW158194435 BCX0\">. Auch <\/span><span class=\"NormalTextRun SpellingErrorV2Themed SCXW158194435 BCX0\">klei\u00adne<\/span> <span class=\"NormalTextRun SpellingErrorV2Themed SCXW158194435 BCX0\">All\u00adtags\u00adge\u00adwohn\u00adhei\u00adten<\/span> <span class=\"NormalTextRun SpellingErrorV2Themed SCXW158194435 BCX0\">tra\u00adgen<\/span> <span class=\"NormalTextRun SpellingErrorV2Themed SCXW158194435 BCX0\">dazu<\/span> <span class=\"NormalTextRun SpellingErrorV2Themed SCXW158194435 BCX0\">bei<\/span><span class=\"NormalTextRun SCXW158194435 BCX0\">, die Luft <\/span><span class=\"NormalTextRun SpellingErrorV2Themed SCXW158194435 BCX0\">lang\u00adfris\u00adtig<\/span> <span class=\"NormalTextRun SpellingErrorV2Themed SCXW158194435 BCX0\">sau\u00adber<\/span> <span class=\"NormalTextRun SpellingErrorV2Themed SCXW158194435 BCX0\">zu<\/span> <span class=\"NormalTextRun SpellingErrorV2Themed SCXW158194435 BCX0\">hal\u00adten<\/span><span class=\"NormalTextRun SCXW158194435 BCX0\">.<\/span> <span class=\"NormalTextRun SCXW158194435 BCX0\">Star\u00adte <\/span><span class=\"NormalTextRun SpellingErrorV2Themed SCXW158194435 BCX0\">noch<\/span> <span class=\"NormalTextRun SpellingErrorV2Themed SCXW158194435 BCX0\">heu\u00adte<\/span> <span class=\"NormalTextRun SpellingErrorV2Themed SCXW158194435 BCX0\">mit<\/span> <span class=\"NormalTextRun SpellingErrorV2Themed SCXW158194435 BCX0\">ein\u00adfa\u00adchen<\/span> <span class=\"NormalTextRun SpellingErrorV2Themed SCXW158194435 BCX0\">Ma\u00df\u00adnah\u00admen<\/span><span class=\"NormalTextRun SCXW158194435 BCX0\"> und <\/span><span class=\"NormalTextRun SpellingErrorV2Themed SCXW158194435 BCX0\">genie\u00ad\u00dfe<\/span><span class=\"NormalTextRun SCXW158194435 BCX0\"> das <\/span><span class=\"NormalTextRun SpellingErrorV2Themed SCXW158194435 BCX0\">gute<\/span> <span class=\"NormalTextRun SpellingErrorV2Themed SCXW158194435 BCX0\">Gef\u00fchl<\/span><span class=\"NormalTextRun SCXW158194435 BCX0\">, in <\/span><span class=\"NormalTextRun SpellingErrorV2Themed SCXW158194435 BCX0\">einem<\/span> <span class=\"NormalTextRun SpellingErrorV2Themed SCXW158194435 BCX0\">Zuhau\u00adse<\/span> <span class=\"NormalTextRun SpellingErrorV2Themed SCXW158194435 BCX0\">zu<\/span><span class=\"NormalTextRun SCXW158194435 BCX0\"> leben, in dem du <\/span><span class=\"NormalTextRun SpellingErrorV2Themed SCXW158194435 BCX0\">wie\u00adder<\/span> <span class=\"NormalTextRun SpellingErrorV2Themed SCXW158194435 BCX0\">frei<\/span> <span class=\"NormalTextRun SpellingErrorV2Themed SCXW158194435 BCX0\">durch\u00adat\u00admen<\/span> <span class=\"NormalTextRun SpellingErrorV2Themed SCXW158194435 BCX0\">kannst<\/span><span class=\"NormalTextRun SCXW158194435 BCX0\">.<\/span><\/span><\/p>\n\n\t\t<\/div>\n\t<\/div>\n<\/div><\/div><\/div><\/div>\n<\/div>","protected":false},"excerpt":{"rendered":"Nies\u00adreiz, jucken\u00adde Augen, tro\u00adcke\u00adne Schleim\u00adh\u00e4u\u00adte \u2013 all das kann an der Luft lie\u00adgen, die du zu Hau\u00adse atmest. Gera\u00adde f\u00fcr Allergiker*innen wird schlech\u00adte Raum\u00adluft schnell zur ech\u00adten Belas\u00adtung: Pol\u00adlen, Haus\u00adstaub, Tier\u00adhaa\u00adre oder Schim\u00admel\u00adspo\u00adren ver\u00adschlech\u00adtern nicht nur das Wohl\u00adbe\u00adfin\u00adden, son\u00addern k\u00f6n\u00adnen auch die Gesund\u00adheit lang\u00adfris\u00adtig beein\u00adtr\u00e4ch\u00adti\u00adgen. Die gute Nach\u00adricht: Du bist dem nicht hilf\u00adlos aus\u00adge\u00adlie\u00adfert.&nbsp;Mit&nbsp;[\u2026]","protected":false},"author":140,"featured_media":104943,"comment_status":"closed","ping_status":"open","sticky":false,"template":"","format":"standard","meta":{"_acf_changed":false,"wp_typography_post_enhancements_disabled":false,"footnotes":""},"categories":[35449,35450,35448],"tags":[149,259],"class_list":["post-105054","post","type-post","status-publish","format-standard","has-post-thumbnail","hentry","category-haus-garten","category-haushalt","category-live-relax","tag-gesundheit","tag-reinigung-pflege"],"acf":[],"yoast_head":"<!-- This site is optimized with the Yoast SEO Premium plugin v28.2 (Yoast SEO v28.3) - https:\/\/yoast.com\/product\/yoast-seo-premium-wordpress\/ -->\n<title>Luftqualit\u00e4t verbessern: Tipps f\u00fcr Allergiker*innen | OTTO<\/title>\n<meta name=\"description\" content=\"Leidest du unter Pollen, Staub oder trockener Luft? Erfahre, wie du mit Luftreinigern, Pflanzen &amp; smarten Tipps dein Raumklima sp\u00fcrbar verbessern kannst.\" \/>\n<meta name=\"robots\" content=\"index, follow, max-snippet:-1, max-image-preview:large, max-video-preview:-1\" \/>\n<link rel=\"canonical\" href=\"https:\/\/www.otto.de\/updated\/luftqualitaet-verbessern-durchatmen-fuer-allergikerinnen-105054\/\" \/>\n<meta property=\"og:locale\" content=\"de_DE\" \/>\n<meta property=\"og:type\" content=\"article\" \/>\n<meta property=\"og:title\" content=\"Luftqualit\u00e4t verbessern: Durchatmen f\u00fcr Allergiker*innen\" \/>\n<meta property=\"og:description\" content=\"Leidest du unter Pollen, Staub oder trockener Luft? Erfahre, wie du mit Luftreinigern, Pflanzen &amp; smarten Tipps dein Raumklima sp\u00fcrbar verbessern kannst.\" \/>\n<meta property=\"og:url\" content=\"https:\/\/www.otto.de\/updated\/luftqualitaet-verbessern-durchatmen-fuer-allergikerinnen-105054\/\" \/>\n<meta property=\"og:site_name\" content=\"UPDATED\" \/>\n<meta property=\"article:publisher\" content=\"https:\/\/www.facebook.com\/updated.de\/\" \/>\n<meta property=\"article:published_time\" content=\"2025-08-13T13:40:34+00:00\" \/>\n<meta property=\"article:modified_time\" content=\"2026-07-08T11:23:30+00:00\" \/>\n<meta property=\"og:image\" content=\"https:\/\/www.otto.de\/updated\/app\/uploads\/2025\/07\/Luftqualitaet-2.jpg\" \/>\n\t<meta property=\"og:image:width\" content=\"2560\" \/>\n\t<meta property=\"og:image:height\" content=\"1707\" \/>\n\t<meta property=\"og:image:type\" content=\"image\/jpeg\" \/>\n<meta name=\"author\" content=\"Stephanie Weckel\" \/>\n<meta name=\"twitter:card\" content=\"summary_large_image\" \/>\n<meta name=\"twitter:creator\" content=\"@updated_de\" \/>\n<meta name=\"twitter:site\" content=\"@updated_de\" \/>\n<meta name=\"twitter:label1\" content=\"Written by\" \/>\n\t<meta name=\"twitter:data1\" content=\"Stephanie Weckel\" \/>\n\t<meta name=\"twitter:label2\" content=\"Est. reading time\" \/>\n\t<meta name=\"twitter:data2\" content=\"10\u00a0Minuten\" \/>\n<script type=\"application\/ld+json\" class=\"yoast-schema-graph\">{\"@context\":\"https:\\\/\\\/schema.org\",\"@graph\":[{\"@type\":\"WebPage\",\"@id\":\"https:\\\/\\\/www.otto.de\\\/updated\\\/luftqualitaet-verbessern-durchatmen-fuer-allergikerinnen-105054\\\/\",\"url\":\"https:\\\/\\\/www.otto.de\\\/updated\\\/luftqualitaet-verbessern-durchatmen-fuer-allergikerinnen-105054\\\/\",\"name\":\"Luftqualit\u00e4t verbessern: Tipps f\u00fcr Allergiker*innen | OTTO\",\"isPartOf\":{\"@id\":\"https:\\\/\\\/www.otto.de\\\/updated\\\/#website\"},\"primaryImageOfPage\":{\"@id\":\"https:\\\/\\\/www.otto.de\\\/updated\\\/luftqualitaet-verbessern-durchatmen-fuer-allergikerinnen-105054\\\/#primaryimage\"},\"image\":{\"@id\":\"https:\\\/\\\/www.otto.de\\\/updated\\\/luftqualitaet-verbessern-durchatmen-fuer-allergikerinnen-105054\\\/#primaryimage\"},\"thumbnailUrl\":\"https:\\\/\\\/www.otto.de\\\/updated\\\/app\\\/uploads\\\/2025\\\/07\\\/Luftqualitaet-2.jpg\",\"datePublished\":\"2025-08-13T13:40:34+00:00\",\"dateModified\":\"2026-07-08T11:23:30+00:00\",\"author\":{\"@id\":\"https:\\\/\\\/www.otto.de\\\/updated\\\/#\\\/schema\\\/person\\\/b0b604c367edcde96c582db5dcaf7d33\"},\"description\":\"Leidest du unter Pollen, Staub oder trockener Luft? Erfahre, wie du mit Luftreinigern, Pflanzen & smarten Tipps dein Raumklima sp\u00fcrbar verbessern kannst.\",\"breadcrumb\":{\"@id\":\"https:\\\/\\\/www.otto.de\\\/updated\\\/luftqualitaet-verbessern-durchatmen-fuer-allergikerinnen-105054\\\/#breadcrumb\"},\"inLanguage\":\"de\",\"potentialAction\":[{\"@type\":\"ReadAction\",\"target\":[\"https:\\\/\\\/www.otto.de\\\/updated\\\/luftqualitaet-verbessern-durchatmen-fuer-allergikerinnen-105054\\\/\"]}]},{\"@type\":\"ImageObject\",\"inLanguage\":\"de\",\"@id\":\"https:\\\/\\\/www.otto.de\\\/updated\\\/luftqualitaet-verbessern-durchatmen-fuer-allergikerinnen-105054\\\/#primaryimage\",\"url\":\"https:\\\/\\\/www.otto.de\\\/updated\\\/app\\\/uploads\\\/2025\\\/07\\\/Luftqualitaet-2.jpg\",\"contentUrl\":\"https:\\\/\\\/www.otto.de\\\/updated\\\/app\\\/uploads\\\/2025\\\/07\\\/Luftqualitaet-2.jpg\",\"width\":2560,\"height\":1707,\"caption\":\"Wenn Allergene zur Belastung werden: Verbessere mit smarten L\u00f6sungen und bewusstem Verhalten die Raumluft nachhaltig.\"},{\"@type\":\"BreadcrumbList\",\"@id\":\"https:\\\/\\\/www.otto.de\\\/updated\\\/luftqualitaet-verbessern-durchatmen-fuer-allergikerinnen-105054\\\/#breadcrumb\",\"itemListElement\":[{\"@type\":\"ListItem\",\"position\":1,\"name\":\"Startseite\",\"item\":\"\\\/updated\\\/\"},{\"@type\":\"ListItem\",\"position\":2,\"name\":\"Live &amp; Relax\",\"item\":\"https:\\\/\\\/www.otto.de\\\/updated\\\/live-relax\\\/\"},{\"@type\":\"ListItem\",\"position\":3,\"name\":\"Haus und Garten\",\"item\":\"https:\\\/\\\/www.otto.de\\\/updated\\\/haus-garten\\\/\"},{\"@type\":\"ListItem\",\"position\":4,\"name\":\"Haushalt\",\"item\":\"https:\\\/\\\/www.otto.de\\\/updated\\\/haushalt\\\/\"},{\"@type\":\"ListItem\",\"position\":5,\"name\":\"Luftqualit\u00e4t verbessern: Durchatmen f\u00fcr Allergiker*innen\"}]},{\"@type\":\"WebSite\",\"@id\":\"https:\\\/\\\/www.otto.de\\\/updated\\\/#website\",\"url\":\"https:\\\/\\\/www.otto.de\\\/updated\\\/\",\"name\":\"UPDATED\",\"description\":\"\",\"potentialAction\":[{\"@type\":\"SearchAction\",\"target\":{\"@type\":\"EntryPoint\",\"urlTemplate\":\"https:\\\/\\\/www.otto.de\\\/updated\\\/?s={search_term_string}\"},\"query-input\":{\"@type\":\"PropertyValueSpecification\",\"valueRequired\":true,\"valueName\":\"search_term_string\"}}],\"inLanguage\":\"de\"},{\"@type\":\"Person\",\"@id\":\"https:\\\/\\\/www.otto.de\\\/updated\\\/#\\\/schema\\\/person\\\/b0b604c367edcde96c582db5dcaf7d33\",\"name\":\"Stephanie Weckel\",\"description\":\"Von A wie Aquastop bis Z wie Zeitmanagement-Apps: Stephi liebt Technik, die ihr und anderen das Leben leichter macht. Bevor sie \u00fcber diese f\u00fcr UPDATED schreibt, pr\u00fcft sie diese am liebsten selbst auf Herz und Nieren.\",\"url\":\"https:\\\/\\\/www.otto.de\\\/updated\\\/redaktion\\\/\",\"colleague\":[\"https:\\\/\\\/www.otto.de\\\/updated\\\/redaktion\\\/alexander-kraft\\\/\",\"https:\\\/\\\/www.otto.de\\\/updated\\\/redaktion\\\/anne-beyer\\\/\",\"https:\\\/\\\/www.otto.de\\\/updated\\\/redaktion\\\/arne-schaetzle\\\/\",\"https:\\\/\\\/www.otto.de\\\/updated\\\/redaktion\\\/jana-janssen\\\/\",\"https:\\\/\\\/www.otto.de\\\/updated\\\/redaktion\\\/pascal-wuttke\\\/\",\"https:\\\/\\\/www.otto.de\\\/updated\\\/redaktion\\\/thomas-bott\\\/\"],\"worksFor\":[{\"@type\":\"Organization\",\"@id\":\"https:\\\/\\\/www.otto.de\\\/updated\\\/#organization\",\"name\":\"UPDATED\"}]}]}<\/script>\n<!-- \/ Yoast SEO Premium plugin. -->","yoast_head_json":{"title":"Luftqualit\u00e4t verbessern: Tipps f\u00fcr Allergiker*innen | OTTO","description":"Leidest du unter Pollen, Staub oder trockener Luft? Erfahre, wie du mit Luftreinigern, Pflanzen & smarten Tipps dein Raumklima sp\u00fcrbar verbessern kannst.","robots":{"index":"index","follow":"follow","max-snippet":"max-snippet:-1","max-image-preview":"max-image-preview:large","max-video-preview":"max-video-preview:-1"},"canonical":"https:\/\/www.otto.de\/updated\/luftqualitaet-verbessern-durchatmen-fuer-allergikerinnen-105054\/","og_locale":"de_DE","og_type":"article","og_title":"Luftqualit\u00e4t verbessern: Durchatmen f\u00fcr Allergiker*innen","og_description":"Leidest du unter Pollen, Staub oder trockener Luft? Erfahre, wie du mit Luftreinigern, Pflanzen & smarten Tipps dein Raumklima sp\u00fcrbar verbessern kannst.","og_url":"https:\/\/www.otto.de\/updated\/luftqualitaet-verbessern-durchatmen-fuer-allergikerinnen-105054\/","og_site_name":"UPDATED","article_publisher":"https:\/\/www.facebook.com\/updated.de\/","article_published_time":"2025-08-13T13:40:34+00:00","article_modified_time":"2026-07-08T11:23:30+00:00","og_image":[{"width":2560,"height":1707,"url":"https:\/\/www.otto.de\/updated\/app\/uploads\/2025\/07\/Luftqualitaet-2.jpg","type":"image\/jpeg"}],"author":"Stephanie Weckel","twitter_card":"summary_large_image","twitter_creator":"@updated_de","twitter_site":"@updated_de","twitter_misc":{"Written by":"Stephanie Weckel","Est. reading time":"10\u00a0Minuten"},"schema":{"@context":"https:\/\/schema.org","@graph":[{"@type":"WebPage","@id":"https:\/\/www.otto.de\/updated\/luftqualitaet-verbessern-durchatmen-fuer-allergikerinnen-105054\/","url":"https:\/\/www.otto.de\/updated\/luftqualitaet-verbessern-durchatmen-fuer-allergikerinnen-105054\/","name":"Luftqualit\u00e4t verbessern: Tipps f\u00fcr Allergiker*innen | OTTO","isPartOf":{"@id":"https:\/\/www.otto.de\/updated\/#website"},"primaryImageOfPage":{"@id":"https:\/\/www.otto.de\/updated\/luftqualitaet-verbessern-durchatmen-fuer-allergikerinnen-105054\/#primaryimage"},"image":{"@id":"https:\/\/www.otto.de\/updated\/luftqualitaet-verbessern-durchatmen-fuer-allergikerinnen-105054\/#primaryimage"},"thumbnailUrl":"https:\/\/www.otto.de\/updated\/app\/uploads\/2025\/07\/Luftqualitaet-2.jpg","datePublished":"2025-08-13T13:40:34+00:00","dateModified":"2026-07-08T11:23:30+00:00","author":{"@id":"https:\/\/www.otto.de\/updated\/#\/schema\/person\/b0b604c367edcde96c582db5dcaf7d33"},"description":"Leidest du unter Pollen, Staub oder trockener Luft? Erfahre, wie du mit Luftreinigern, Pflanzen & smarten Tipps dein Raumklima sp\u00fcrbar verbessern kannst.","breadcrumb":{"@id":"https:\/\/www.otto.de\/updated\/luftqualitaet-verbessern-durchatmen-fuer-allergikerinnen-105054\/#breadcrumb"},"inLanguage":"de","potentialAction":[{"@type":"ReadAction","target":["https:\/\/www.otto.de\/updated\/luftqualitaet-verbessern-durchatmen-fuer-allergikerinnen-105054\/"]}]},{"@type":"ImageObject","inLanguage":"de","@id":"https:\/\/www.otto.de\/updated\/luftqualitaet-verbessern-durchatmen-fuer-allergikerinnen-105054\/#primaryimage","url":"https:\/\/www.otto.de\/updated\/app\/uploads\/2025\/07\/Luftqualitaet-2.jpg","contentUrl":"https:\/\/www.otto.de\/updated\/app\/uploads\/2025\/07\/Luftqualitaet-2.jpg","width":2560,"height":1707,"caption":"Wenn Allergene zur Belastung werden: Verbessere mit smarten L\u00f6sungen und bewusstem Verhalten die Raumluft nachhaltig."},{"@type":"BreadcrumbList","@id":"https:\/\/www.otto.de\/updated\/luftqualitaet-verbessern-durchatmen-fuer-allergikerinnen-105054\/#breadcrumb","itemListElement":[{"@type":"ListItem","position":1,"name":"Startseite","item":"\/updated\/"},{"@type":"ListItem","position":2,"name":"Live &amp; Relax","item":"https:\/\/www.otto.de\/updated\/live-relax\/"},{"@type":"ListItem","position":3,"name":"Haus und Garten","item":"https:\/\/www.otto.de\/updated\/haus-garten\/"},{"@type":"ListItem","position":4,"name":"Haushalt","item":"https:\/\/www.otto.de\/updated\/haushalt\/"},{"@type":"ListItem","position":5,"name":"Luftqualit\u00e4t verbessern: Durchatmen f\u00fcr Allergiker*innen"}]},{"@type":"WebSite","@id":"https:\/\/www.otto.de\/updated\/#website","url":"https:\/\/www.otto.de\/updated\/","name":"UPDATED","description":"","potentialAction":[{"@type":"SearchAction","target":{"@type":"EntryPoint","urlTemplate":"https:\/\/www.otto.de\/updated\/?s={search_term_string}"},"query-input":{"@type":"PropertyValueSpecification","valueRequired":true,"valueName":"search_term_string"}}],"inLanguage":"de"},{"@type":"Person","@id":"https:\/\/www.otto.de\/updated\/#\/schema\/person\/b0b604c367edcde96c582db5dcaf7d33","name":"Stephanie Weckel","description":"Von A wie Aquastop bis Z wie Zeitmanagement-Apps: Stephi liebt Technik, die ihr und anderen das Leben leichter macht. Bevor sie \u00fcber diese f\u00fcr UPDATED schreibt, pr\u00fcft sie diese am liebsten selbst auf Herz und Nieren.","url":"https:\/\/www.otto.de\/updated\/redaktion\/","colleague":["https:\/\/www.otto.de\/updated\/redaktion\/alexander-kraft\/","https:\/\/www.otto.de\/updated\/redaktion\/anne-beyer\/","https:\/\/www.otto.de\/updated\/redaktion\/arne-schaetzle\/","https:\/\/www.otto.de\/updated\/redaktion\/jana-janssen\/","https:\/\/www.otto.de\/updated\/redaktion\/pascal-wuttke\/","https:\/\/www.otto.de\/updated\/redaktion\/thomas-bott\/"],"worksFor":[{"@type":"Organization","@id":"https:\/\/www.otto.de\/updated\/#organization","name":"UPDATED"}]}]}},"_links":{"self":[{"href":"https:\/\/www.otto.de\/updated\/wp-json\/wp\/v2\/posts\/105054","targetHints":{"allow":["GET"]}}],"collection":[{"href":"https:\/\/www.otto.de\/updated\/wp-json\/wp\/v2\/posts"}],"about":[{"href":"https:\/\/www.otto.de\/updated\/wp-json\/wp\/v2\/types\/post"}],"author":[{"embeddable":true,"href":"https:\/\/www.otto.de\/updated\/wp-json\/wp\/v2\/users\/140"}],"replies":[{"embeddable":true,"href":"https:\/\/www.otto.de\/updated\/wp-json\/wp\/v2\/comments?post=105054"}],"version-history":[{"count":7,"href":"https:\/\/www.otto.de\/updated\/wp-json\/wp\/v2\/posts\/105054\/revisions"}],"predecessor-version":[{"id":109450,"href":"https:\/\/www.otto.de\/updated\/wp-json\/wp\/v2\/posts\/105054\/revisions\/109450"}],"wp:featuredmedia":[{"embeddable":true,"href":"https:\/\/www.otto.de\/updated\/wp-json\/wp\/v2\/media\/104943"}],"wp:attachment":[{"href":"https:\/\/www.otto.de\/updated\/wp-json\/wp\/v2\/media?parent=105054"}],"wp:term":[{"taxonomy":"category","embeddable":true,"href":"https:\/\/www.otto.de\/updated\/wp-json\/wp\/v2\/categories?post=105054"},{"taxonomy":"post_tag","embeddable":true,"href":"https:\/\/www.otto.de\/updated\/wp-json\/wp\/v2\/tags?post=105054"}],"curies":[{"name":"wp","href":"https:\/\/api.w.org\/{rel}","templated":true}]}}